{"id":16334,"date":"2025-11-10T00:01:51","date_gmt":"2025-11-09T23:01:51","guid":{"rendered":"https:\/\/womenhouse.cz\/?p=16334"},"modified":"2025-12-18T00:21:25","modified_gmt":"2025-12-17T23:21:25","slug":"od-nacrtku-k-modelu-zara-predstavuje-novou-kolekci-pro-muze","status":"publish","type":"post","link":"https:\/\/womenhouse.cz\/index.php\/2025\/11\/10\/od-nacrtku-k-modelu-zara-predstavuje-novou-kolekci-pro-muze\/","title":{"rendered":"Od n\u00e1\u010drtku k modelu. Zara p\u0159edstavuje novou kolekci pro mu\u017ee"},"content":{"rendered":"\n<div style=\"height:40px\" aria-hidden=\"true\" class=\"wp-block-spacer\"><\/div>\n\n\n\n<figure class=\"wp-block-image size-full\"><img loading=\"lazy\" decoding=\"async\" width=\"898\" height=\"666\" src=\"https:\/\/womenhouse.cz\/wp-content\/uploads\/2025\/10\/540991179_1299471212213040_8314490850754156889_n-e1756874584835.jpeg\" alt=\"Od n\u00e1\u010drtku k modelu. Zara p\u0159edstavuje novou kolekci pro mu\u017ee\" class=\"wp-image-16337\" srcset=\"https:\/\/womenhouse.cz\/wp-content\/uploads\/2025\/10\/540991179_1299471212213040_8314490850754156889_n-e1756874584835.jpeg 898w, https:\/\/womenhouse.cz\/wp-content\/uploads\/2025\/10\/540991179_1299471212213040_8314490850754156889_n-e1756874584835-300x222.jpeg 300w, https:\/\/womenhouse.cz\/wp-content\/uploads\/2025\/10\/540991179_1299471212213040_8314490850754156889_n-e1756874584835-768x570.jpeg 768w\" sizes=\"(max-width: 898px) 100vw, 898px\" \/><\/figure>\n\n\n\n<p class=\"has-medium-font-size\"><strong>Na prvn\u00ed pohled jde \u201ejen\u201c o stylov\u00e9 ko\u0161ile, saka nebo kalhoty pov\u011b\u0161en\u00e9 na ram\u00ednku v prodejn\u011b. Ve skute\u010dnosti se ale za ka\u017ed\u00fdm takov\u00fdm kouskem skr\u00fdv\u00e1 fascinuj\u00edc\u00ed p\u0159\u00edb\u011bh pln\u00fd kreativity. M\u00edsto z\u00e1\u0159iv\u00fdch sv\u011btel prodejen vid\u00edme stoly pokryt\u00e9 n\u00e1\u010drtky, metry l\u00e1tek, krej\u010dovsk\u00e9 metry a \u0161pendl\u00edky. A pr\u00e1v\u011b tam se rozhoduje, jestli se jeden n\u00e1pad prom\u011bn\u00ed ve skute\u010dn\u00fd kus, kter\u00fd jednou oble\u010deme. Dlouh\u00fd proces, ve kter\u00e9m hraj\u00ed hlavn\u00ed roli inspirace, intuice i nekompromisn\u00ed smysl pro detail. Nov\u00e1 kolekce <a href=\"https:\/\/www.zara.com\/cz\/cs\/into-the-process-editorial-mkt7869.html?v1=2546554\">Zara Man<\/a> je toho d\u016fkazem.<\/strong><\/p>\n\n\n\n<div style=\"height:15px\" aria-hidden=\"true\" class=\"wp-block-spacer\"><\/div>\n\n\n\n<p class=\"has-medium-font-size\">Kdy\u017e stoj\u00edme v obchod\u011b p\u0159ed reg\u00e1lem pln\u00fdm ko\u0161il, sak nebo kalhot, v\u011bt\u0161inou vn\u00edm\u00e1me jen fin\u00e1ln\u00ed produkt. Vid\u00edme barvu, st\u0159ih, cenu. Ale co v\u0161echno se odehr\u00e1v\u00e1 p\u0159edt\u00edm, ne\u017e se kousek dostane na ram\u00ednko? Nov\u00e1 p\u00e1nsk\u00e1 kolekce Zara Man n\u00e1s zve nahl\u00e9dnout do backstage m\u00f3dn\u00ed tvorby \u2013 k okam\u017eik\u016fm, kdy se rod\u00ed prvn\u00ed n\u00e1pady, vyb\u00edraj\u00ed l\u00e1tky a na pap\u00edr se kresl\u00ed n\u00e1\u010drtky. Ka\u017ed\u00fd detail, od prvn\u00edho doteku materi\u00e1lu a\u017e po posledn\u00ed p\u0159e\u017eehlen\u00ed prototypu, je sou\u010d\u00e1st\u00ed dlouh\u00e9ho procesu, kter\u00fd si b\u011b\u017en\u011b v\u016fbec neuv\u011bdomujeme.<\/p>\n\n\n\n<div style=\"height:40px\" aria-hidden=\"true\" class=\"wp-block-spacer\"><\/div>\n\n\n\n<figure class=\"wp-block-gallery aligncenter has-nested-images columns-default is-cropped wp-block-gallery-1 is-layout-flex wp-block-gallery-is-layout-flex\">\n<figure class=\"wp-block-image size-large\"><img decoding=\"async\" data-id=\"16936\" src=\"https:\/\/prazskeprikopy.cz\/wp-content\/uploads\/2025\/09\/540963792_1299471288879699_7151241044181405613_n-819x1024.jpeg\" alt=\"Od n\u00e1\u010drtku k modelu. Zara p\u0159edstavuje novou kolekci pro mu\u017ee\" class=\"wp-image-16936\" \/><\/figure>\n\n\n\n<figure class=\"wp-block-image size-large\"><img decoding=\"async\" data-id=\"16938\" src=\"https:\/\/prazskeprikopy.cz\/wp-content\/uploads\/2025\/09\/540900226_1299471208879707_5515168525714418211_n-819x1024.jpeg\" alt=\"Od n\u00e1\u010drtku k modelu. Zara p\u0159edstavuje novou kolekci pro mu\u017ee\" class=\"wp-image-16938\" \/><\/figure>\n<\/figure>\n\n\n\n<div style=\"height:40px\" aria-hidden=\"true\" class=\"wp-block-spacer\"><\/div>\n\n\n\n<p class=\"has-medium-font-size\">V\u00fdsledkem je od\u011bv, kter\u00fd p\u016fsob\u00ed naprosto p\u0159irozen\u011b, ale p\u0159itom m\u00e1 za sebou nespo\u010det hodin pr\u00e1ce, m\u011b\u0159en\u00ed a precizn\u00edho \u0159emesla. A mo\u017en\u00e1 pr\u00e1v\u011b to n\u00e1m ZARA chce sd\u011blit ve sv\u00e9m nejnov\u011bj\u0161\u00edm poselstv\u00ed. <\/p>\n\n\n\n<p class=\"has-medium-font-size\">V dob\u011b, kdy si v\u011bt\u0161ina z n\u00e1s vezme ko\u0161ili do kabinky, rozhodne se b\u011bhem p\u00e1r minut a odch\u00e1z\u00ed dom\u016f, m\u00e1lokdo p\u0159em\u00fd\u0161l\u00ed o t\u00fddnech a m\u011bs\u00edc\u00edch, kter\u00e9 vedly k tomu, aby ten kus oble\u010den\u00ed v\u016fbec vznikl. Ka\u017ed\u00fd detail je promy\u0161len\u00fd a ka\u017ed\u00fd \u0161ev m\u00e1 sv\u00e9 m\u00edsto. <\/p>\n\n\n\n<div style=\"height:40px\" aria-hidden=\"true\" class=\"wp-block-spacer\"><\/div>\n\n\n\n<h2 class=\"wp-block-heading has-medium-font-size\">Nejlep\u0161\u00ed m\u00f3dn\u00ed tipy najdete na <a href=\"https:\/\/onlyfashion.cz\/\">ONLYFASHION.CZ<\/a><\/h2>\n\n\n\n<div style=\"height:41px\" aria-hidden=\"true\" class=\"wp-block-spacer\"><\/div>\n\n\n\n<h2 class=\"wp-block-heading\">George Barnett jako tv\u00e1\u0159 kolekce<\/h2>\n\n\n\n<div style=\"height:40px\" aria-hidden=\"true\" class=\"wp-block-spacer\"><\/div>\n\n\n\n<p class=\"has-medium-font-size\">Novou kolekci Zara Man doprov\u00e1z\u00ed i v\u00fdrazn\u00e1 osobnost <strong>George Barnett<\/strong> &#8211; hudebn\u00edk a m\u00f3dn\u00ed ikona z Lond\u00fdna. Jeho charisma a osobit\u00fd styl podtrhuj\u00ed, \u017ee tato kolekce nen\u00ed jen o oble\u010den\u00ed, ale o postoji k \u017eivotu: propojuje kreativitu, modern\u00ed eleganci a lehkost m\u011bstsk\u00e9ho rytmu.<\/p>\n\n\n\n<div style=\"height:41px\" aria-hidden=\"true\" class=\"wp-block-spacer\"><\/div>\n\n\n\n<figure class=\"wp-block-gallery has-nested-images columns-default is-cropped wp-block-gallery-2 is-layout-flex wp-block-gallery-is-layout-flex\">\n<figure class=\"wp-block-image size-large\"><img decoding=\"async\" data-id=\"16937\" src=\"https:\/\/prazskeprikopy.cz\/wp-content\/uploads\/2025\/09\/540895980_1299471255546369_5444395826505951318_n-820x1024.jpeg\" alt=\"Od n\u00e1\u010drtku k modelu. Zara p\u0159edstavuje novou kolekci pro mu\u017ee\" class=\"wp-image-16937\" \/><\/figure>\n\n\n\n<figure class=\"wp-block-image size-large\"><img decoding=\"async\" data-id=\"16935\" src=\"https:\/\/prazskeprikopy.cz\/wp-content\/uploads\/2025\/09\/541515173_1299471238879704_2707684927333684509_n-819x1024.jpeg\" alt=\"Od n\u00e1\u010drtku k modelu. Zara p\u0159edstavuje novou kolekci pro mu\u017ee\" class=\"wp-image-16935\" \/><\/figure>\n<\/figure>\n\n\n\n<div style=\"height:40px\" aria-hidden=\"true\" class=\"wp-block-spacer\"><\/div>\n\n\n\n<h2 class=\"wp-block-heading\">Styl, kter\u00fd m\u00e1 p\u0159\u00edb\u011bh<\/h2>\n\n\n\n<div style=\"height:40px\" aria-hidden=\"true\" class=\"wp-block-spacer\"><\/div>\n\n\n\n<p class=\"has-medium-font-size\">Zara tak p\u0159ipom\u00edn\u00e1, \u017ee m\u00f3da nen\u00ed jen o rychl\u00e9m n\u00e1kupu. Je to proces, kter\u00fd vych\u00e1z\u00ed z intuice, \u0159emesla i neust\u00e1l\u00e9ho hled\u00e1n\u00ed. Ka\u017ed\u00fd kus od\u011bvu v nov\u00e9 kolekci Zara Man vypr\u00e1v\u00ed p\u0159\u00edb\u011bh o kreativit\u011b a cest\u011b, kter\u00e1 za\u010d\u00edn\u00e1 na pr\u00e1zdn\u00e9m pap\u00ed\u0159e a kon\u010d\u00ed u v\u00e1s ve sk\u0159\u00edni.<\/p>\n\n\n\n<p class=\"has-medium-font-size\">Objevte novou kolekci v prodejn\u011b <strong>ZARA<\/strong> na Pra\u017esk\u00fdch P\u0159\u00edkopech. <\/p>\n\n\n\n<div style=\"height:39px\" aria-hidden=\"true\" class=\"wp-block-spacer\"><\/div>\n\n\n\n<figure class=\"wp-block-embed is-type-video is-provider-youtube wp-block-embed-youtube wp-embed-aspect-9-16 wp-has-aspect-ratio\"><div class=\"wp-block-embed__wrapper\">\n<iframe loading=\"lazy\" title=\"Into The Process #zara #zaraman\" width=\"540\" height=\"960\" src=\"https:\/\/www.youtube.com\/embed\/CWdzr4I399c?feature=oembed\" frameborder=\"0\" allow=\"accelerometer; autoplay; clipboard-write; encrypted-media; gyroscope; picture-in-picture; web-share\" referrerpolicy=\"strict-origin-when-cross-origin\" allowfullscreen><\/iframe>\n<\/div><\/figure>\n\n\n\n<div style=\"height:40px\" aria-hidden=\"true\" class=\"wp-block-spacer\"><\/div>\n\n\n\n<figure class=\"wp-block-gallery has-nested-images columns-default is-cropped wp-block-gallery-3 is-layout-flex wp-block-gallery-is-layout-flex\">\n<figure class=\"wp-block-image size-large\"><img decoding=\"async\" data-id=\"16934\" src=\"https:\/\/prazskeprikopy.cz\/wp-content\/uploads\/2025\/09\/540991179_1299471212213040_8314490850754156889_n-820x1024.jpeg\" alt=\"Od n\u00e1\u010drtku k modelu. Zara p\u0159edstavuje novou kolekci pro mu\u017ee\" class=\"wp-image-16934\" \/><\/figure>\n\n\n\n<figure class=\"wp-block-image size-large\"><img decoding=\"async\" data-id=\"16935\" src=\"https:\/\/prazskeprikopy.cz\/wp-content\/uploads\/2025\/09\/541515173_1299471238879704_2707684927333684509_n-819x1024.jpeg\" alt=\"Od n\u00e1\u010drtku k modelu. Zara p\u0159edstavuje novou kolekci pro mu\u017ee\" class=\"wp-image-16935\" \/><\/figure>\n\n\n\n<figure class=\"wp-block-image size-large\"><img decoding=\"async\" data-id=\"16936\" src=\"https:\/\/prazskeprikopy.cz\/wp-content\/uploads\/2025\/09\/540963792_1299471288879699_7151241044181405613_n-819x1024.jpeg\" alt=\"Od n\u00e1\u010drtku k modelu. Zara p\u0159edstavuje novou kolekci pro mu\u017ee\" class=\"wp-image-16936\" \/><\/figure>\n\n\n\n<figure class=\"wp-block-image size-large\"><img decoding=\"async\" data-id=\"16937\" src=\"https:\/\/prazskeprikopy.cz\/wp-content\/uploads\/2025\/09\/540895980_1299471255546369_5444395826505951318_n-820x1024.jpeg\" alt=\"Od n\u00e1\u010drtku k modelu. Zara p\u0159edstavuje novou kolekci pro mu\u017ee\" class=\"wp-image-16937\" \/><\/figure>\n\n\n\n<figure class=\"wp-block-image size-large\"><img decoding=\"async\" data-id=\"16938\" src=\"https:\/\/prazskeprikopy.cz\/wp-content\/uploads\/2025\/09\/540900226_1299471208879707_5515168525714418211_n-819x1024.jpeg\" alt=\"Od n\u00e1\u010drtku k modelu. Zara p\u0159edstavuje novou kolekci pro mu\u017ee\" class=\"wp-image-16938\" \/><\/figure>\n<\/figure>\n\n\n\n<div style=\"height:100px\" aria-hidden=\"true\" class=\"wp-block-spacer\"><\/div>\n\n\n\n<p class=\"has-medium-font-size\"><strong>Zdroj foto<\/strong>: ZARA FB <\/p>\n\n\n\n<div style=\"height:100px\" aria-hidden=\"true\" class=\"wp-block-spacer\"><\/div>\n","protected":false},"excerpt":{"rendered":"<p>Na prvn\u00ed pohled jde \u201ejen\u201c o stylov\u00e9 ko\u0161ile, saka nebo kalhoty pov\u011b\u0161en\u00e9 na ram\u00ednku v prodejn\u011b. Ve skute\u010dnosti se ale za ka\u017ed\u00fdm takov\u00fdm kouskem skr\u00fdv\u00e1 fascinuj\u00edc\u00ed p\u0159\u00edb\u011bh pln\u00fd kreativity. M\u00edsto z\u00e1\u0159iv\u00fdch sv\u011btel prodejen vid\u00edme stoly pokryt\u00e9 n\u00e1\u010drtky, metry l\u00e1tek, krej\u010dovsk\u00e9 metry a \u0161pendl\u00edky. A pr\u00e1v\u011b tam se rozhoduje, jestli se jeden n\u00e1pad prom\u011bn\u00ed ve skute\u010dn\u00fd [&hellip;]<\/p>\n","protected":false},"author":13,"featured_media":16337,"comment_status":"closed","ping_status":"closed","sticky":false,"template":"","format":"standard","meta":{"_mi_skip_tracking":false,"_monsterinsights_sitenote_active":false,"_monsterinsights_sitenote_note":"","_monsterinsights_sitenote_category":0,"footnotes":""},"categories":[25,4,2],"tags":[30,29,51,42,150,237],"yoast_head":"<!-- This site is optimized with the Yoast SEO plugin v21.5 - https:\/\/yoast.com\/wordpress\/plugins\/seo\/ -->\n<title>Od n\u00e1\u010drtku k modelu. Zara p\u0159edstavuje novou kolekci pro mu\u017ee - WOMENHOUSE.cz<\/title>\n<meta name=\"description\" content=\"Objevte novou kolekci Zara Man, kter\u00e1 spojujeObjevte novou kolekci Zara Man, kter\u00e1 spojuje modern\u00ed styl, kvalitn\u00ed l\u00e1tky a precizn\u00ed st\u0159ihy.\" \/>\n<meta name=\"robots\" content=\"index, follow, max-snippet:-1, max-image-preview:large, max-video-preview:-1\" \/>\n<link rel=\"canonical\" href=\"https:\/\/womenhouse.cz\/index.php\/2025\/11\/10\/od-nacrtku-k-modelu-zara-predstavuje-novou-kolekci-pro-muze\/\" \/>\n<meta property=\"og:locale\" content=\"cs_CZ\" \/>\n<meta property=\"og:type\" content=\"article\" \/>\n<meta property=\"og:title\" content=\"Od n\u00e1\u010drtku k modelu. Zara p\u0159edstavuje novou kolekci pro mu\u017ee - WOMENHOUSE.cz\" \/>\n<meta property=\"og:description\" content=\"Objevte novou kolekci Zara Man, kter\u00e1 spojujeObjevte novou kolekci Zara Man, kter\u00e1 spojuje modern\u00ed styl, kvalitn\u00ed l\u00e1tky a precizn\u00ed st\u0159ihy.\" \/>\n<meta property=\"og:url\" content=\"https:\/\/womenhouse.cz\/index.php\/2025\/11\/10\/od-nacrtku-k-modelu-zara-predstavuje-novou-kolekci-pro-muze\/\" \/>\n<meta property=\"og:site_name\" content=\"WOMENHOUSE.cz\" \/>\n<meta property=\"article:publisher\" content=\"https:\/\/www.facebook.com\/womenhousecz\" \/>\n<meta property=\"article:published_time\" content=\"2025-11-09T23:01:51+00:00\" \/>\n<meta property=\"article:modified_time\" content=\"2025-12-17T23:21:25+00:00\" \/>\n<meta property=\"og:image\" content=\"https:\/\/womenhouse.cz\/wp-content\/uploads\/2025\/10\/540991179_1299471212213040_8314490850754156889_n-e1756874584835.jpeg\" \/>\n\t<meta property=\"og:image:width\" content=\"898\" \/>\n\t<meta property=\"og:image:height\" content=\"666\" \/>\n\t<meta property=\"og:image:type\" content=\"image\/jpeg\" \/>\n<meta name=\"author\" content=\"Nela Slivkov\u00e1\" \/>\n<meta name=\"twitter:card\" content=\"summary_large_image\" \/>\n<meta name=\"twitter:label1\" content=\"Napsal(a)\" \/>\n\t<meta name=\"twitter:data1\" content=\"Nela Slivkov\u00e1\" \/>\n\t<meta name=\"twitter:label2\" content=\"Odhadovan\u00e1 doba \u010dten\u00ed\" \/>\n\t<meta name=\"twitter:data2\" content=\"4 minuty\" \/>\n<script type=\"application\/ld+json\" class=\"yoast-schema-graph\">{\"@context\":\"https:\/\/schema.org\",\"@graph\":[{\"@type\":\"Article\",\"@id\":\"https:\/\/womenhouse.cz\/index.php\/2025\/11\/10\/od-nacrtku-k-modelu-zara-predstavuje-novou-kolekci-pro-muze\/#article\",\"isPartOf\":{\"@id\":\"https:\/\/womenhouse.cz\/index.php\/2025\/11\/10\/od-nacrtku-k-modelu-zara-predstavuje-novou-kolekci-pro-muze\/\"},\"author\":{\"name\":\"Nela Slivkov\u00e1\",\"@id\":\"https:\/\/womenhouse.cz\/#\/schema\/person\/326f89815d7d3bcd94dbc1ff49da2ab0\"},\"headline\":\"Od n\u00e1\u010drtku k modelu. Zara p\u0159edstavuje novou kolekci pro mu\u017ee\",\"datePublished\":\"2025-11-09T23:01:51+00:00\",\"dateModified\":\"2025-12-17T23:21:25+00:00\",\"mainEntityOfPage\":{\"@id\":\"https:\/\/womenhouse.cz\/index.php\/2025\/11\/10\/od-nacrtku-k-modelu-zara-predstavuje-novou-kolekci-pro-muze\/\"},\"wordCount\":512,\"publisher\":{\"@id\":\"https:\/\/womenhouse.cz\/#organization\"},\"keywords\":[\"fashion\",\"m\u00f3da\",\"Praha\",\"Pra\u017esk\u00e9 P\u0159\u00edkopy\",\"V centru Prahy\",\"ZARA\"],\"articleSection\":[\"FASHION\",\"M\u00f3DA\",\"NEWS\"],\"inLanguage\":\"cs\"},{\"@type\":\"WebPage\",\"@id\":\"https:\/\/womenhouse.cz\/index.php\/2025\/11\/10\/od-nacrtku-k-modelu-zara-predstavuje-novou-kolekci-pro-muze\/\",\"url\":\"https:\/\/womenhouse.cz\/index.php\/2025\/11\/10\/od-nacrtku-k-modelu-zara-predstavuje-novou-kolekci-pro-muze\/\",\"name\":\"Od n\u00e1\u010drtku k modelu. Zara p\u0159edstavuje novou kolekci pro mu\u017ee - WOMENHOUSE.cz\",\"isPartOf\":{\"@id\":\"https:\/\/womenhouse.cz\/#website\"},\"datePublished\":\"2025-11-09T23:01:51+00:00\",\"dateModified\":\"2025-12-17T23:21:25+00:00\",\"description\":\"Objevte novou kolekci Zara Man, kter\u00e1 spojujeObjevte novou kolekci Zara Man, kter\u00e1 spojuje modern\u00ed styl, kvalitn\u00ed l\u00e1tky a precizn\u00ed st\u0159ihy.\",\"breadcrumb\":{\"@id\":\"https:\/\/womenhouse.cz\/index.php\/2025\/11\/10\/od-nacrtku-k-modelu-zara-predstavuje-novou-kolekci-pro-muze\/#breadcrumb\"},\"inLanguage\":\"cs\",\"potentialAction\":[{\"@type\":\"ReadAction\",\"target\":[\"https:\/\/womenhouse.cz\/index.php\/2025\/11\/10\/od-nacrtku-k-modelu-zara-predstavuje-novou-kolekci-pro-muze\/\"]}]},{\"@type\":\"BreadcrumbList\",\"@id\":\"https:\/\/womenhouse.cz\/index.php\/2025\/11\/10\/od-nacrtku-k-modelu-zara-predstavuje-novou-kolekci-pro-muze\/#breadcrumb\",\"itemListElement\":[{\"@type\":\"ListItem\",\"position\":1,\"name\":\"Dom\u016f\",\"item\":\"https:\/\/womenhouse.cz\/\"},{\"@type\":\"ListItem\",\"position\":2,\"name\":\"Od n\u00e1\u010drtku k modelu. Zara p\u0159edstavuje novou kolekci pro mu\u017ee\"}]},{\"@type\":\"WebSite\",\"@id\":\"https:\/\/womenhouse.cz\/#website\",\"url\":\"https:\/\/womenhouse.cz\/\",\"name\":\"WOMENHOUSE.cz\",\"description\":\"Port\u00e1l v\u00fdhradn\u011b jen pro \u017eeny...\",\"publisher\":{\"@id\":\"https:\/\/womenhouse.cz\/#organization\"},\"potentialAction\":[{\"@type\":\"SearchAction\",\"target\":{\"@type\":\"EntryPoint\",\"urlTemplate\":\"https:\/\/womenhouse.cz\/?s={search_term_string}\"},\"query-input\":\"required name=search_term_string\"}],\"inLanguage\":\"cs\"},{\"@type\":\"Organization\",\"@id\":\"https:\/\/womenhouse.cz\/#organization\",\"name\":\"WOMENHOUSE.cz\",\"url\":\"https:\/\/womenhouse.cz\/\",\"logo\":{\"@type\":\"ImageObject\",\"inLanguage\":\"cs\",\"@id\":\"https:\/\/womenhouse.cz\/#\/schema\/logo\/image\/\",\"url\":\"https:\/\/womenhouse.cz\/wp-content\/uploads\/2020\/06\/cropped-logo_Womenhouse_RGB-02-removebg-preview-1.png\",\"contentUrl\":\"https:\/\/womenhouse.cz\/wp-content\/uploads\/2020\/06\/cropped-logo_Womenhouse_RGB-02-removebg-preview-1.png\",\"width\":561,\"height\":375,\"caption\":\"WOMENHOUSE.cz\"},\"image\":{\"@id\":\"https:\/\/womenhouse.cz\/#\/schema\/logo\/image\/\"},\"sameAs\":[\"https:\/\/www.facebook.com\/womenhousecz\",\"https:\/\/www.instagram.com\/womenhousecz\/\"]},{\"@type\":\"Person\",\"@id\":\"https:\/\/womenhouse.cz\/#\/schema\/person\/326f89815d7d3bcd94dbc1ff49da2ab0\",\"name\":\"Nela Slivkov\u00e1\",\"sameAs\":[\"http:\/\/WOMENHOUSE.cz\"],\"url\":\"https:\/\/womenhouse.cz\/index.php\/author\/nelasliv\/\"}]}<\/script>\n<!-- \/ Yoast SEO plugin. -->","yoast_head_json":{"title":"Od n\u00e1\u010drtku k modelu. Zara p\u0159edstavuje novou kolekci pro mu\u017ee - WOMENHOUSE.cz","description":"Objevte novou kolekci Zara Man, kter\u00e1 spojujeObjevte novou kolekci Zara Man, kter\u00e1 spojuje modern\u00ed styl, kvalitn\u00ed l\u00e1tky a precizn\u00ed st\u0159ihy.","robots":{"index":"index","follow":"follow","max-snippet":"max-snippet:-1","max-image-preview":"max-image-preview:large","max-video-preview":"max-video-preview:-1"},"canonical":"https:\/\/womenhouse.cz\/index.php\/2025\/11\/10\/od-nacrtku-k-modelu-zara-predstavuje-novou-kolekci-pro-muze\/","og_locale":"cs_CZ","og_type":"article","og_title":"Od n\u00e1\u010drtku k modelu. Zara p\u0159edstavuje novou kolekci pro mu\u017ee - WOMENHOUSE.cz","og_description":"Objevte novou kolekci Zara Man, kter\u00e1 spojujeObjevte novou kolekci Zara Man, kter\u00e1 spojuje modern\u00ed styl, kvalitn\u00ed l\u00e1tky a precizn\u00ed st\u0159ihy.","og_url":"https:\/\/womenhouse.cz\/index.php\/2025\/11\/10\/od-nacrtku-k-modelu-zara-predstavuje-novou-kolekci-pro-muze\/","og_site_name":"WOMENHOUSE.cz","article_publisher":"https:\/\/www.facebook.com\/womenhousecz","article_published_time":"2025-11-09T23:01:51+00:00","article_modified_time":"2025-12-17T23:21:25+00:00","og_image":[{"width":898,"height":666,"url":"https:\/\/womenhouse.cz\/wp-content\/uploads\/2025\/10\/540991179_1299471212213040_8314490850754156889_n-e1756874584835.jpeg","type":"image\/jpeg"}],"author":"Nela Slivkov\u00e1","twitter_card":"summary_large_image","twitter_misc":{"Napsal(a)":"Nela Slivkov\u00e1","Odhadovan\u00e1 doba \u010dten\u00ed":"4 minuty"},"schema":{"@context":"https:\/\/schema.org","@graph":[{"@type":"Article","@id":"https:\/\/womenhouse.cz\/index.php\/2025\/11\/10\/od-nacrtku-k-modelu-zara-predstavuje-novou-kolekci-pro-muze\/#article","isPartOf":{"@id":"https:\/\/womenhouse.cz\/index.php\/2025\/11\/10\/od-nacrtku-k-modelu-zara-predstavuje-novou-kolekci-pro-muze\/"},"author":{"name":"Nela Slivkov\u00e1","@id":"https:\/\/womenhouse.cz\/#\/schema\/person\/326f89815d7d3bcd94dbc1ff49da2ab0"},"headline":"Od n\u00e1\u010drtku k modelu. Zara p\u0159edstavuje novou kolekci pro mu\u017ee","datePublished":"2025-11-09T23:01:51+00:00","dateModified":"2025-12-17T23:21:25+00:00","mainEntityOfPage":{"@id":"https:\/\/womenhouse.cz\/index.php\/2025\/11\/10\/od-nacrtku-k-modelu-zara-predstavuje-novou-kolekci-pro-muze\/"},"wordCount":512,"publisher":{"@id":"https:\/\/womenhouse.cz\/#organization"},"keywords":["fashion","m\u00f3da","Praha","Pra\u017esk\u00e9 P\u0159\u00edkopy","V centru Prahy","ZARA"],"articleSection":["FASHION","M\u00f3DA","NEWS"],"inLanguage":"cs"},{"@type":"WebPage","@id":"https:\/\/womenhouse.cz\/index.php\/2025\/11\/10\/od-nacrtku-k-modelu-zara-predstavuje-novou-kolekci-pro-muze\/","url":"https:\/\/womenhouse.cz\/index.php\/2025\/11\/10\/od-nacrtku-k-modelu-zara-predstavuje-novou-kolekci-pro-muze\/","name":"Od n\u00e1\u010drtku k modelu. Zara p\u0159edstavuje novou kolekci pro mu\u017ee - WOMENHOUSE.cz","isPartOf":{"@id":"https:\/\/womenhouse.cz\/#website"},"datePublished":"2025-11-09T23:01:51+00:00","dateModified":"2025-12-17T23:21:25+00:00","description":"Objevte novou kolekci Zara Man, kter\u00e1 spojujeObjevte novou kolekci Zara Man, kter\u00e1 spojuje modern\u00ed styl, kvalitn\u00ed l\u00e1tky a precizn\u00ed st\u0159ihy.","breadcrumb":{"@id":"https:\/\/womenhouse.cz\/index.php\/2025\/11\/10\/od-nacrtku-k-modelu-zara-predstavuje-novou-kolekci-pro-muze\/#breadcrumb"},"inLanguage":"cs","potentialAction":[{"@type":"ReadAction","target":["https:\/\/womenhouse.cz\/index.php\/2025\/11\/10\/od-nacrtku-k-modelu-zara-predstavuje-novou-kolekci-pro-muze\/"]}]},{"@type":"BreadcrumbList","@id":"https:\/\/womenhouse.cz\/index.php\/2025\/11\/10\/od-nacrtku-k-modelu-zara-predstavuje-novou-kolekci-pro-muze\/#breadcrumb","itemListElement":[{"@type":"ListItem","position":1,"name":"Dom\u016f","item":"https:\/\/womenhouse.cz\/"},{"@type":"ListItem","position":2,"name":"Od n\u00e1\u010drtku k modelu. Zara p\u0159edstavuje novou kolekci pro mu\u017ee"}]},{"@type":"WebSite","@id":"https:\/\/womenhouse.cz\/#website","url":"https:\/\/womenhouse.cz\/","name":"WOMENHOUSE.cz","description":"Port\u00e1l v\u00fdhradn\u011b jen pro \u017eeny...","publisher":{"@id":"https:\/\/womenhouse.cz\/#organization"},"potentialAction":[{"@type":"SearchAction","target":{"@type":"EntryPoint","urlTemplate":"https:\/\/womenhouse.cz\/?s={search_term_string}"},"query-input":"required name=search_term_string"}],"inLanguage":"cs"},{"@type":"Organization","@id":"https:\/\/womenhouse.cz\/#organization","name":"WOMENHOUSE.cz","url":"https:\/\/womenhouse.cz\/","logo":{"@type":"ImageObject","inLanguage":"cs","@id":"https:\/\/womenhouse.cz\/#\/schema\/logo\/image\/","url":"https:\/\/womenhouse.cz\/wp-content\/uploads\/2020\/06\/cropped-logo_Womenhouse_RGB-02-removebg-preview-1.png","contentUrl":"https:\/\/womenhouse.cz\/wp-content\/uploads\/2020\/06\/cropped-logo_Womenhouse_RGB-02-removebg-preview-1.png","width":561,"height":375,"caption":"WOMENHOUSE.cz"},"image":{"@id":"https:\/\/womenhouse.cz\/#\/schema\/logo\/image\/"},"sameAs":["https:\/\/www.facebook.com\/womenhousecz","https:\/\/www.instagram.com\/womenhousecz\/"]},{"@type":"Person","@id":"https:\/\/womenhouse.cz\/#\/schema\/person\/326f89815d7d3bcd94dbc1ff49da2ab0","name":"Nela Slivkov\u00e1","sameAs":["http:\/\/WOMENHOUSE.cz"],"url":"https:\/\/womenhouse.cz\/index.php\/author\/nelasliv\/"}]}},"_links":{"self":[{"href":"https:\/\/womenhouse.cz\/index.php\/wp-json\/wp\/v2\/posts\/16334"}],"collection":[{"href":"https:\/\/womenhouse.cz\/index.php\/wp-json\/wp\/v2\/posts"}],"about":[{"href":"https:\/\/womenhouse.cz\/index.php\/wp-json\/wp\/v2\/types\/post"}],"author":[{"embeddable":true,"href":"https:\/\/womenhouse.cz\/index.php\/wp-json\/wp\/v2\/users\/13"}],"replies":[{"embeddable":true,"href":"https:\/\/womenhouse.cz\/index.php\/wp-json\/wp\/v2\/comments?post=16334"}],"version-history":[{"count":0,"href":"https:\/\/womenhouse.cz\/index.php\/wp-json\/wp\/v2\/posts\/16334\/revisions"}],"wp:featuredmedia":[{"embeddable":true,"href":"https:\/\/womenhouse.cz\/index.php\/wp-json\/wp\/v2\/media\/16337"}],"wp:attachment":[{"href":"https:\/\/womenhouse.cz\/index.php\/wp-json\/wp\/v2\/media?parent=16334"}],"wp:term":[{"taxonomy":"category","embeddable":true,"href":"https:\/\/womenhouse.cz\/index.php\/wp-json\/wp\/v2\/categories?post=16334"},{"taxonomy":"post_tag","embeddable":true,"href":"https:\/\/womenhouse.cz\/index.php\/wp-json\/wp\/v2\/tags?post=16334"}],"curies":[{"name":"wp","href":"https:\/\/api.w.org\/{rel}","templated":true}]}}