{"id":16042,"date":"2025-08-28T00:01:00","date_gmt":"2025-08-27T22:01:00","guid":{"rendered":"https:\/\/womenhouse.cz\/?p=16042"},"modified":"2025-10-25T03:23:13","modified_gmt":"2025-10-25T01:23:13","slug":"omoda-9-nova-vlajkova-lod-na-ceskem-trhu","status":"publish","type":"post","link":"https:\/\/womenhouse.cz\/index.php\/2025\/08\/28\/omoda-9-nova-vlajkova-lod-na-ceskem-trhu\/","title":{"rendered":"OMODA 9: Nov\u00e1 vlajkov\u00e1 lo\u010f na \u010desk\u00e9m trhu"},"content":{"rendered":"\n<div style=\"height:45px\" aria-hidden=\"true\" class=\"wp-block-spacer\"><\/div>\n\n\n\n<p class=\"has-medium-font-size\"><strong>Pr\u00e9miov\u00e1 novinka s plug-in hybridn\u00edm pohonem, t\u0159emi elektromotory a \u0161pi\u010dkovou v\u00fdbavou nab\u00eddne v\u00fdkon i komfort pro nejn\u00e1ro\u010dn\u011bj\u0161\u00ed \u0159idi\u010de.<\/strong><\/p>\n\n\n\n<div style=\"height:45px\" aria-hidden=\"true\" class=\"wp-block-spacer\"><\/div>\n\n\n<div class=\"wp-block-image\">\n<figure class=\"aligncenter size-large\"><img decoding=\"async\" src=\"https:\/\/luxurymagazine.cz\/wp-content\/uploads\/2025\/08\/Omoda-9-black_TTL-1024x669.jpg\" alt=\"OMODA 9: Nov\u00e1 vlajkov\u00e1 lo\u010f na \u010desk\u00e9m trhu\" class=\"wp-image-7198\"\/><\/figure><\/div>\n\n\n<div style=\"height:45px\" aria-hidden=\"true\" class=\"wp-block-spacer\"><\/div>\n\n\n\n<h2 class=\"wp-block-heading\">OMODA 9 \u2013 Nov\u00e1 \u00e9ra luxusn\u00edch SUV s ob\u0159\u00edm dojezdem a v\u00fdkonem<\/h2>\n\n\n\n<div style=\"height:45px\" aria-hidden=\"true\" class=\"wp-block-spacer\"><\/div>\n\n\n\n<p>Na \u010desk\u00fd trh vstupuje&nbsp;<strong>OMODA 9 SHS (Super Hybrid System)<\/strong>&nbsp;\u2013 vlajkov\u00e1 lo\u010f zna\u010dky OMODA, kter\u00e1 kombinuje modern\u00ed design, \u0161pi\u010dkovou technologii a dechberouc\u00ed parametry.<\/p>\n\n\n\n<p>Pod kapotou se skr\u00fdv\u00e1&nbsp;<strong>1,5litrov\u00fd p\u0159epl\u0148ovan\u00fd benzinov\u00fd motor<\/strong>&nbsp;a&nbsp;<strong>t\u0159i elektromotory<\/strong>, kter\u00e9 spole\u010dn\u011b umo\u017e\u0148uj\u00ed j\u00edzdu v n\u011bkolika re\u017eimech \u2013 od \u010dist\u011b elektrick\u00e9ho, p\u0159es hybridn\u00ed a\u017e po re\u017eim rekuperace energie.<\/p>\n\n\n\n<div style=\"height:45px\" aria-hidden=\"true\" class=\"wp-block-spacer\"><\/div>\n\n\n\n<figure class=\"wp-block-gallery has-nested-images columns-default is-cropped wp-block-gallery-1 is-layout-flex wp-block-gallery-is-layout-flex\">\n<figure class=\"wp-block-image size-large\"><img decoding=\"async\" data-id=\"7195\" src=\"https:\/\/luxurymagazine.cz\/wp-content\/uploads\/2025\/08\/Omoda-9-black-819x1024.jpg\" alt=\"OMODA 9: Nov\u00e1 vlajkov\u00e1 lo\u010f na \u010desk\u00e9m trhu\" class=\"wp-image-7195\"\/><\/figure>\n\n\n\n<figure class=\"wp-block-image size-large\"><img decoding=\"async\" data-id=\"7199\" src=\"https:\/\/luxurymagazine.cz\/wp-content\/uploads\/2025\/08\/Omoda-9-street-819x1024.jpg\" alt=\"OMODA 9: Nov\u00e1 vlajkov\u00e1 lo\u010f na \u010desk\u00e9m trhu\" class=\"wp-image-7199\"\/><\/figure>\n<\/figure>\n\n\n\n<div style=\"height:45px\" aria-hidden=\"true\" class=\"wp-block-spacer\"><\/div>\n\n\n\n<p>V \u010dist\u011b elektrick\u00e9m m\u00f3du zvl\u00e1dne a\u017e&nbsp;<strong>169 km<\/strong>&nbsp;(NEDC) a v kombinaci s benzinov\u00fdm pohonem ujede p\u0159es&nbsp;<strong>1 100 km<\/strong>&nbsp;bez nutnosti tankov\u00e1n\u00ed. Celkov\u00fd v\u00fdkon soustavy \u010din\u00ed&nbsp;<strong>395 kW<\/strong>, co\u017e umo\u017e\u0148uje zrychlen\u00ed z&nbsp;<strong>0\u2013100 km\/h za p\u0159ibli\u017en\u011b 4,9 sekundy<\/strong>&nbsp;\u2013 parametry, kter\u00e9 jsou v t\u00e9to t\u0159\u00edd\u011b v\u00fdjime\u010dn\u00e9.<\/p>\n\n\n\n<p>Uvnit\u0159 vozu najdete&nbsp;<strong>prostorn\u00fd a luxusn\u00ed interi\u00e9r<\/strong>&nbsp;s panoramatickou st\u0159echou o d\u00e9lce 1,3 metru, ambientn\u00edm osv\u011btlen\u00edm a dvojic\u00ed zak\u0159iven\u00fdch displej\u016f o \u00fahlop\u0159\u00ed\u010dce 24,6 palce, kter\u00e9 integruj\u00ed digit\u00e1ln\u00ed p\u0159\u00edstrojov\u00fd \u0161t\u00edt i infotainment. Komfort dopl\u0148uje&nbsp;<strong>14-reproduktorov\u00fd audiosyst\u00e9m Sony<\/strong>, bezdr\u00e1tov\u00e1 rychlonab\u00edje\u010dka pro telefon, 540\u00b0 kamera, head-up displej, vyh\u0159\u00edvan\u00e1 a ventilovan\u00e1 sedadla vp\u0159edu i vzadu a pr\u00e9miov\u00e9 materi\u00e1ly.<\/p>\n\n\n\n<div style=\"height:45px\" aria-hidden=\"true\" class=\"wp-block-spacer\"><\/div>\n\n\n\n<figure class=\"wp-block-gallery has-nested-images columns-default is-cropped wp-block-gallery-2 is-layout-flex wp-block-gallery-is-layout-flex\">\n<figure class=\"wp-block-image size-large\"><img decoding=\"async\" data-id=\"7196\" src=\"https:\/\/luxurymagazine.cz\/wp-content\/uploads\/2025\/08\/Omoda-9-interier-detail-1024x576.jpg\" alt=\"OMODA 9: Nov\u00e1 vlajkov\u00e1 lo\u010f na \u010desk\u00e9m trhu\" class=\"wp-image-7196\"\/><\/figure>\n\n\n\n<figure class=\"wp-block-image size-large\"><img decoding=\"async\" data-id=\"7197\" src=\"https:\/\/luxurymagazine.cz\/wp-content\/uploads\/2025\/08\/Omoda-9-interier-red-1024x544.jpg\" alt=\"OMODA 9: Nov\u00e1 vlajkov\u00e1 lo\u010f na \u010desk\u00e9m trhu\" class=\"wp-image-7197\"\/><\/figure>\n<\/figure>\n\n\n\n<div style=\"height:45px\" aria-hidden=\"true\" class=\"wp-block-spacer\"><\/div>\n\n\n\n<h2 class=\"wp-block-heading\">OMODA 9 p\u0159ijde na \u010desk\u00fd trh ji\u017e v z\u00e1\u0159\u00ed<\/h2>\n\n\n\n<div style=\"height:45px\" aria-hidden=\"true\" class=\"wp-block-spacer\"><\/div>\n\n\n\n<p>OMODA 9 bude v prodeji od z\u00e1\u0159\u00ed 2025 u v\u0161ech autorizovan\u00fdch dealer\u016f za ak\u010dn\u00ed cenu od&nbsp;<strong>1 199 000 K\u010d v\u010detn\u011b DPH<\/strong>.<\/p>\n\n\n\n<p><strong>8. z\u00e1\u0159\u00ed 2025<\/strong>&nbsp;prob\u011bhne slavnostn\u00ed&nbsp;<strong>launch event<\/strong>&nbsp;v Praze v prostoru&nbsp;<strong>Pragovka Art District<\/strong>, kde si novinku budou moci vyzkou\u0161et novin\u00e1\u0159i, influence\u0159i i VIP host\u00e9. Sou\u010d\u00e1st\u00ed akce budou DJs, m\u00f3dn\u00ed performance a prezentace dvou voz\u016f OMODA 9.<\/p>\n\n\n\n<div style=\"height:45px\" aria-hidden=\"true\" class=\"wp-block-spacer\"><\/div>\n\n\n<div class=\"wp-block-image\">\n<figure class=\"aligncenter size-full\"><img decoding=\"async\" src=\"https:\/\/luxurymagazine.cz\/wp-content\/uploads\/2025\/08\/getthumbnail.jpg\" alt=\"OMODA 9: Nov\u00e1 vlajkov\u00e1 lo\u010f na \u010desk\u00e9m trhu\" class=\"wp-image-7203\"\/><\/figure><\/div>\n\n\n<div style=\"height:45px\" aria-hidden=\"true\" class=\"wp-block-spacer\"><\/div>\n\n\n\n<p>D\u00edky sv\u00e9 kombinaci&nbsp;<strong>luxusu, v\u00fdkonu, technologi\u00ed a atraktivn\u00ed ceny<\/strong>&nbsp;m\u00e1 OMODA 9 potenci\u00e1l st\u00e1t se jedn\u00edm z nejzaj\u00edmav\u011bj\u0161\u00edch SUV na \u010desk\u00e9m trhu.<\/p>\n\n\n\n<div style=\"height:100px\" aria-hidden=\"true\" class=\"wp-block-spacer\"><\/div>\n\n\n\n<figure class=\"wp-block-gallery has-nested-images columns-2 is-cropped wp-block-gallery-3 is-layout-flex wp-block-gallery-is-layout-flex\">\n<figure class=\"wp-block-image size-large\"><img decoding=\"async\" data-id=\"7198\" src=\"https:\/\/luxurymagazine.cz\/wp-content\/uploads\/2025\/08\/Omoda-9-black_TTL-1024x669.jpg\" alt=\"OMODA 9: Nov\u00e1 vlajkov\u00e1 lo\u010f na \u010desk\u00e9m trhu\" class=\"wp-image-7198\"\/><\/figure>\n\n\n\n<figure class=\"wp-block-image size-large\"><img decoding=\"async\" data-id=\"7200\" src=\"https:\/\/luxurymagazine.cz\/wp-content\/uploads\/2025\/08\/Omoda-9-street_V-1024x631.jpg\" alt=\"OMODA 9: Nov\u00e1 vlajkov\u00e1 lo\u010f na \u010desk\u00e9m trhu\" class=\"wp-image-7200\"\/><\/figure>\n\n\n\n<figure class=\"wp-block-image size-large\"><img decoding=\"async\" data-id=\"7199\" src=\"https:\/\/luxurymagazine.cz\/wp-content\/uploads\/2025\/08\/Omoda-9-street-819x1024.jpg\" alt=\"OMODA 9: Nov\u00e1 vlajkov\u00e1 lo\u010f na \u010desk\u00e9m trhu\" class=\"wp-image-7199\"\/><\/figure>\n\n\n\n<figure class=\"wp-block-image size-large\"><img decoding=\"async\" data-id=\"7195\" src=\"https:\/\/luxurymagazine.cz\/wp-content\/uploads\/2025\/08\/Omoda-9-black-819x1024.jpg\" alt=\"OMODA 9: Nov\u00e1 vlajkov\u00e1 lo\u010f na \u010desk\u00e9m trhu\" class=\"wp-image-7195\"\/><\/figure>\n\n\n\n<figure class=\"wp-block-image size-large\"><img decoding=\"async\" data-id=\"7203\" src=\"https:\/\/luxurymagazine.cz\/wp-content\/uploads\/2025\/08\/getthumbnail.jpg\" alt=\"OMODA 9: Nov\u00e1 vlajkov\u00e1 lo\u010f na \u010desk\u00e9m trhu\" class=\"wp-image-7203\"\/><\/figure>\n\n\n\n<figure class=\"wp-block-image size-large\"><img decoding=\"async\" data-id=\"7202\" src=\"https:\/\/luxurymagazine.cz\/wp-content\/uploads\/2025\/08\/getthumbnail-2.jpg\" alt=\"OMODA 9: Nov\u00e1 vlajkov\u00e1 lo\u010f na \u010desk\u00e9m trhu\" class=\"wp-image-7202\"\/><\/figure>\n\n\n\n<figure class=\"wp-block-image size-large\"><img decoding=\"async\" data-id=\"7196\" src=\"https:\/\/luxurymagazine.cz\/wp-content\/uploads\/2025\/08\/Omoda-9-interier-detail-1024x576.jpg\" alt=\"OMODA 9: Nov\u00e1 vlajkov\u00e1 lo\u010f na \u010desk\u00e9m trhu\" class=\"wp-image-7196\"\/><\/figure>\n\n\n\n<figure class=\"wp-block-image size-large\"><img decoding=\"async\" data-id=\"7197\" src=\"https:\/\/luxurymagazine.cz\/wp-content\/uploads\/2025\/08\/Omoda-9-interier-red-1024x544.jpg\" alt=\"OMODA 9: Nov\u00e1 vlajkov\u00e1 lo\u010f na \u010desk\u00e9m trhu\" class=\"wp-image-7197\"\/><\/figure>\n\n\n\n<figure class=\"wp-block-image size-large\"><img decoding=\"async\" data-id=\"7201\" src=\"https:\/\/luxurymagazine.cz\/wp-content\/uploads\/2025\/08\/getthumbnail-1.jpg\" alt=\"OMODA 9: Nov\u00e1 vlajkov\u00e1 lo\u010f na \u010desk\u00e9m trhu\" class=\"wp-image-7201\"\/><\/figure>\n<\/figure>\n\n\n\n<div style=\"height:42px\" aria-hidden=\"true\" class=\"wp-block-spacer\"><\/div>\n\n\n\n<p><strong>Zdroj foto: <\/strong>OMODA<\/p>\n\n\n\n<div style=\"height:100px\" aria-hidden=\"true\" class=\"wp-block-spacer\"><\/div>\n","protected":false},"excerpt":{"rendered":"<p>Pr\u00e9miov\u00e1 novinka s plug-in hybridn\u00edm pohonem, t\u0159emi elektromotory a \u0161pi\u010dkovou v\u00fdbavou nab\u00eddne v\u00fdkon i komfort pro nejn\u00e1ro\u010dn\u011bj\u0161\u00ed \u0159idi\u010de. OMODA 9 \u2013 Nov\u00e1 \u00e9ra luxusn\u00edch SUV s ob\u0159\u00edm dojezdem a v\u00fdkonem Na \u010desk\u00fd trh vstupuje&nbsp;OMODA 9 SHS (Super Hybrid System)&nbsp;\u2013 vlajkov\u00e1 lo\u010f zna\u010dky OMODA, kter\u00e1 kombinuje modern\u00ed design, \u0161pi\u010dkovou technologii a dechberouc\u00ed parametry. Pod kapotou se [&hellip;]<\/p>\n","protected":false},"author":1,"featured_media":16043,"comment_status":"closed","ping_status":"closed","sticky":false,"template":"","format":"standard","meta":{"_mi_skip_tracking":false,"_monsterinsights_sitenote_active":false,"_monsterinsights_sitenote_note":"","_monsterinsights_sitenote_category":0,"footnotes":""},"categories":[20,2,12],"tags":[],"yoast_head":"<!-- This site is optimized with the Yoast SEO plugin v21.5 - https:\/\/yoast.com\/wordpress\/plugins\/seo\/ -->\n<title>OMODA 9: Nov\u00e1 vlajkov\u00e1 lo\u010f na \u010desk\u00e9m trhu - WOMENHOUSE.cz<\/title>\n<meta name=\"description\" content=\"Pr\u00e9miov\u00e1 novinka s plug-in hybridn\u00edm pohonem, t\u0159emi elektromotory a \u0161pi\u010dkovou v\u00fdbavou nab\u00eddne v\u00fdkon i komfort pro nejn\u00e1ro\u010dn\u011bj\u0161\u00ed \u0159idi\u010de.\" \/>\n<meta name=\"robots\" content=\"index, follow, max-snippet:-1, max-image-preview:large, max-video-preview:-1\" \/>\n<link rel=\"canonical\" href=\"https:\/\/womenhouse.cz\/index.php\/2025\/08\/28\/omoda-9-nova-vlajkova-lod-na-ceskem-trhu\/\" \/>\n<meta property=\"og:locale\" content=\"cs_CZ\" \/>\n<meta property=\"og:type\" content=\"article\" \/>\n<meta property=\"og:title\" content=\"OMODA 9: Nov\u00e1 vlajkov\u00e1 lo\u010f na \u010desk\u00e9m trhu - WOMENHOUSE.cz\" \/>\n<meta property=\"og:description\" content=\"Pr\u00e9miov\u00e1 novinka s plug-in hybridn\u00edm pohonem, t\u0159emi elektromotory a \u0161pi\u010dkovou v\u00fdbavou nab\u00eddne v\u00fdkon i komfort pro nejn\u00e1ro\u010dn\u011bj\u0161\u00ed \u0159idi\u010de.\" \/>\n<meta property=\"og:url\" content=\"https:\/\/womenhouse.cz\/index.php\/2025\/08\/28\/omoda-9-nova-vlajkova-lod-na-ceskem-trhu\/\" \/>\n<meta property=\"og:site_name\" content=\"WOMENHOUSE.cz\" \/>\n<meta property=\"article:publisher\" content=\"https:\/\/www.facebook.com\/womenhousecz\" \/>\n<meta property=\"article:published_time\" content=\"2025-08-27T22:01:00+00:00\" \/>\n<meta property=\"article:modified_time\" content=\"2025-10-25T01:23:13+00:00\" \/>\n<meta property=\"og:image\" content=\"https:\/\/womenhouse.cz\/wp-content\/uploads\/2025\/08\/Omoda-9-black_TTL.jpg\" \/>\n\t<meta property=\"og:image:width\" content=\"1450\" \/>\n\t<meta property=\"og:image:height\" content=\"948\" \/>\n\t<meta property=\"og:image:type\" content=\"image\/jpeg\" \/>\n<meta name=\"author\" content=\"Ivomik\" \/>\n<meta name=\"twitter:card\" content=\"summary_large_image\" \/>\n<meta name=\"twitter:label1\" content=\"Napsal(a)\" \/>\n\t<meta name=\"twitter:data1\" content=\"Ivomik\" \/>\n\t<meta name=\"twitter:label2\" content=\"Odhadovan\u00e1 doba \u010dten\u00ed\" \/>\n\t<meta name=\"twitter:data2\" content=\"5 minut\" \/>\n<script type=\"application\/ld+json\" class=\"yoast-schema-graph\">{\"@context\":\"https:\/\/schema.org\",\"@graph\":[{\"@type\":\"Article\",\"@id\":\"https:\/\/womenhouse.cz\/index.php\/2025\/08\/28\/omoda-9-nova-vlajkova-lod-na-ceskem-trhu\/#article\",\"isPartOf\":{\"@id\":\"https:\/\/womenhouse.cz\/index.php\/2025\/08\/28\/omoda-9-nova-vlajkova-lod-na-ceskem-trhu\/\"},\"author\":{\"name\":\"Ivomik\",\"@id\":\"https:\/\/womenhouse.cz\/#\/schema\/person\/b307df8d81e61893cd451a29106d7498\"},\"headline\":\"OMODA 9: Nov\u00e1 vlajkov\u00e1 lo\u010f na \u010desk\u00e9m trhu\",\"datePublished\":\"2025-08-27T22:01:00+00:00\",\"dateModified\":\"2025-10-25T01:23:13+00:00\",\"mainEntityOfPage\":{\"@id\":\"https:\/\/womenhouse.cz\/index.php\/2025\/08\/28\/omoda-9-nova-vlajkova-lod-na-ceskem-trhu\/\"},\"wordCount\":366,\"publisher\":{\"@id\":\"https:\/\/womenhouse.cz\/#organization\"},\"articleSection\":[\"AUTA &amp; \u017dENY\",\"NEWS\",\"TIPY &amp; TRENDY\"],\"inLanguage\":\"cs\"},{\"@type\":\"WebPage\",\"@id\":\"https:\/\/womenhouse.cz\/index.php\/2025\/08\/28\/omoda-9-nova-vlajkova-lod-na-ceskem-trhu\/\",\"url\":\"https:\/\/womenhouse.cz\/index.php\/2025\/08\/28\/omoda-9-nova-vlajkova-lod-na-ceskem-trhu\/\",\"name\":\"OMODA 9: Nov\u00e1 vlajkov\u00e1 lo\u010f na \u010desk\u00e9m trhu - WOMENHOUSE.cz\",\"isPartOf\":{\"@id\":\"https:\/\/womenhouse.cz\/#website\"},\"datePublished\":\"2025-08-27T22:01:00+00:00\",\"dateModified\":\"2025-10-25T01:23:13+00:00\",\"description\":\"Pr\u00e9miov\u00e1 novinka s plug-in hybridn\u00edm pohonem, t\u0159emi elektromotory a \u0161pi\u010dkovou v\u00fdbavou nab\u00eddne v\u00fdkon i komfort pro nejn\u00e1ro\u010dn\u011bj\u0161\u00ed \u0159idi\u010de.\",\"breadcrumb\":{\"@id\":\"https:\/\/womenhouse.cz\/index.php\/2025\/08\/28\/omoda-9-nova-vlajkova-lod-na-ceskem-trhu\/#breadcrumb\"},\"inLanguage\":\"cs\",\"potentialAction\":[{\"@type\":\"ReadAction\",\"target\":[\"https:\/\/womenhouse.cz\/index.php\/2025\/08\/28\/omoda-9-nova-vlajkova-lod-na-ceskem-trhu\/\"]}]},{\"@type\":\"BreadcrumbList\",\"@id\":\"https:\/\/womenhouse.cz\/index.php\/2025\/08\/28\/omoda-9-nova-vlajkova-lod-na-ceskem-trhu\/#breadcrumb\",\"itemListElement\":[{\"@type\":\"ListItem\",\"position\":1,\"name\":\"Dom\u016f\",\"item\":\"https:\/\/womenhouse.cz\/\"},{\"@type\":\"ListItem\",\"position\":2,\"name\":\"OMODA 9: Nov\u00e1 vlajkov\u00e1 lo\u010f na \u010desk\u00e9m trhu\"}]},{\"@type\":\"WebSite\",\"@id\":\"https:\/\/womenhouse.cz\/#website\",\"url\":\"https:\/\/womenhouse.cz\/\",\"name\":\"WOMENHOUSE.cz\",\"description\":\"Port\u00e1l v\u00fdhradn\u011b jen pro \u017eeny...\",\"publisher\":{\"@id\":\"https:\/\/womenhouse.cz\/#organization\"},\"potentialAction\":[{\"@type\":\"SearchAction\",\"target\":{\"@type\":\"EntryPoint\",\"urlTemplate\":\"https:\/\/womenhouse.cz\/?s={search_term_string}\"},\"query-input\":\"required name=search_term_string\"}],\"inLanguage\":\"cs\"},{\"@type\":\"Organization\",\"@id\":\"https:\/\/womenhouse.cz\/#organization\",\"name\":\"WOMENHOUSE.cz\",\"url\":\"https:\/\/womenhouse.cz\/\",\"logo\":{\"@type\":\"ImageObject\",\"inLanguage\":\"cs\",\"@id\":\"https:\/\/womenhouse.cz\/#\/schema\/logo\/image\/\",\"url\":\"https:\/\/womenhouse.cz\/wp-content\/uploads\/2020\/06\/cropped-logo_Womenhouse_RGB-02-removebg-preview-1.png\",\"contentUrl\":\"https:\/\/womenhouse.cz\/wp-content\/uploads\/2020\/06\/cropped-logo_Womenhouse_RGB-02-removebg-preview-1.png\",\"width\":561,\"height\":375,\"caption\":\"WOMENHOUSE.cz\"},\"image\":{\"@id\":\"https:\/\/womenhouse.cz\/#\/schema\/logo\/image\/\"},\"sameAs\":[\"https:\/\/www.facebook.com\/womenhousecz\",\"https:\/\/www.instagram.com\/womenhousecz\/\"]},{\"@type\":\"Person\",\"@id\":\"https:\/\/womenhouse.cz\/#\/schema\/person\/b307df8d81e61893cd451a29106d7498\",\"name\":\"Ivomik\",\"url\":\"https:\/\/womenhouse.cz\/index.php\/author\/ivomik\/\"}]}<\/script>\n<!-- \/ Yoast SEO plugin. -->","yoast_head_json":{"title":"OMODA 9: Nov\u00e1 vlajkov\u00e1 lo\u010f na \u010desk\u00e9m trhu - WOMENHOUSE.cz","description":"Pr\u00e9miov\u00e1 novinka s plug-in hybridn\u00edm pohonem, t\u0159emi elektromotory a \u0161pi\u010dkovou v\u00fdbavou nab\u00eddne v\u00fdkon i komfort pro nejn\u00e1ro\u010dn\u011bj\u0161\u00ed \u0159idi\u010de.","robots":{"index":"index","follow":"follow","max-snippet":"max-snippet:-1","max-image-preview":"max-image-preview:large","max-video-preview":"max-video-preview:-1"},"canonical":"https:\/\/womenhouse.cz\/index.php\/2025\/08\/28\/omoda-9-nova-vlajkova-lod-na-ceskem-trhu\/","og_locale":"cs_CZ","og_type":"article","og_title":"OMODA 9: Nov\u00e1 vlajkov\u00e1 lo\u010f na \u010desk\u00e9m trhu - WOMENHOUSE.cz","og_description":"Pr\u00e9miov\u00e1 novinka s plug-in hybridn\u00edm pohonem, t\u0159emi elektromotory a \u0161pi\u010dkovou v\u00fdbavou nab\u00eddne v\u00fdkon i komfort pro nejn\u00e1ro\u010dn\u011bj\u0161\u00ed \u0159idi\u010de.","og_url":"https:\/\/womenhouse.cz\/index.php\/2025\/08\/28\/omoda-9-nova-vlajkova-lod-na-ceskem-trhu\/","og_site_name":"WOMENHOUSE.cz","article_publisher":"https:\/\/www.facebook.com\/womenhousecz","article_published_time":"2025-08-27T22:01:00+00:00","article_modified_time":"2025-10-25T01:23:13+00:00","og_image":[{"width":1450,"height":948,"url":"https:\/\/womenhouse.cz\/wp-content\/uploads\/2025\/08\/Omoda-9-black_TTL.jpg","type":"image\/jpeg"}],"author":"Ivomik","twitter_card":"summary_large_image","twitter_misc":{"Napsal(a)":"Ivomik","Odhadovan\u00e1 doba \u010dten\u00ed":"5 minut"},"schema":{"@context":"https:\/\/schema.org","@graph":[{"@type":"Article","@id":"https:\/\/womenhouse.cz\/index.php\/2025\/08\/28\/omoda-9-nova-vlajkova-lod-na-ceskem-trhu\/#article","isPartOf":{"@id":"https:\/\/womenhouse.cz\/index.php\/2025\/08\/28\/omoda-9-nova-vlajkova-lod-na-ceskem-trhu\/"},"author":{"name":"Ivomik","@id":"https:\/\/womenhouse.cz\/#\/schema\/person\/b307df8d81e61893cd451a29106d7498"},"headline":"OMODA 9: Nov\u00e1 vlajkov\u00e1 lo\u010f na \u010desk\u00e9m trhu","datePublished":"2025-08-27T22:01:00+00:00","dateModified":"2025-10-25T01:23:13+00:00","mainEntityOfPage":{"@id":"https:\/\/womenhouse.cz\/index.php\/2025\/08\/28\/omoda-9-nova-vlajkova-lod-na-ceskem-trhu\/"},"wordCount":366,"publisher":{"@id":"https:\/\/womenhouse.cz\/#organization"},"articleSection":["AUTA &amp; \u017dENY","NEWS","TIPY &amp; TRENDY"],"inLanguage":"cs"},{"@type":"WebPage","@id":"https:\/\/womenhouse.cz\/index.php\/2025\/08\/28\/omoda-9-nova-vlajkova-lod-na-ceskem-trhu\/","url":"https:\/\/womenhouse.cz\/index.php\/2025\/08\/28\/omoda-9-nova-vlajkova-lod-na-ceskem-trhu\/","name":"OMODA 9: Nov\u00e1 vlajkov\u00e1 lo\u010f na \u010desk\u00e9m trhu - WOMENHOUSE.cz","isPartOf":{"@id":"https:\/\/womenhouse.cz\/#website"},"datePublished":"2025-08-27T22:01:00+00:00","dateModified":"2025-10-25T01:23:13+00:00","description":"Pr\u00e9miov\u00e1 novinka s plug-in hybridn\u00edm pohonem, t\u0159emi elektromotory a \u0161pi\u010dkovou v\u00fdbavou nab\u00eddne v\u00fdkon i komfort pro nejn\u00e1ro\u010dn\u011bj\u0161\u00ed \u0159idi\u010de.","breadcrumb":{"@id":"https:\/\/womenhouse.cz\/index.php\/2025\/08\/28\/omoda-9-nova-vlajkova-lod-na-ceskem-trhu\/#breadcrumb"},"inLanguage":"cs","potentialAction":[{"@type":"ReadAction","target":["https:\/\/womenhouse.cz\/index.php\/2025\/08\/28\/omoda-9-nova-vlajkova-lod-na-ceskem-trhu\/"]}]},{"@type":"BreadcrumbList","@id":"https:\/\/womenhouse.cz\/index.php\/2025\/08\/28\/omoda-9-nova-vlajkova-lod-na-ceskem-trhu\/#breadcrumb","itemListElement":[{"@type":"ListItem","position":1,"name":"Dom\u016f","item":"https:\/\/womenhouse.cz\/"},{"@type":"ListItem","position":2,"name":"OMODA 9: Nov\u00e1 vlajkov\u00e1 lo\u010f na \u010desk\u00e9m trhu"}]},{"@type":"WebSite","@id":"https:\/\/womenhouse.cz\/#website","url":"https:\/\/womenhouse.cz\/","name":"WOMENHOUSE.cz","description":"Port\u00e1l v\u00fdhradn\u011b jen pro \u017eeny...","publisher":{"@id":"https:\/\/womenhouse.cz\/#organization"},"potentialAction":[{"@type":"SearchAction","target":{"@type":"EntryPoint","urlTemplate":"https:\/\/womenhouse.cz\/?s={search_term_string}"},"query-input":"required name=search_term_string"}],"inLanguage":"cs"},{"@type":"Organization","@id":"https:\/\/womenhouse.cz\/#organization","name":"WOMENHOUSE.cz","url":"https:\/\/womenhouse.cz\/","logo":{"@type":"ImageObject","inLanguage":"cs","@id":"https:\/\/womenhouse.cz\/#\/schema\/logo\/image\/","url":"https:\/\/womenhouse.cz\/wp-content\/uploads\/2020\/06\/cropped-logo_Womenhouse_RGB-02-removebg-preview-1.png","contentUrl":"https:\/\/womenhouse.cz\/wp-content\/uploads\/2020\/06\/cropped-logo_Womenhouse_RGB-02-removebg-preview-1.png","width":561,"height":375,"caption":"WOMENHOUSE.cz"},"image":{"@id":"https:\/\/womenhouse.cz\/#\/schema\/logo\/image\/"},"sameAs":["https:\/\/www.facebook.com\/womenhousecz","https:\/\/www.instagram.com\/womenhousecz\/"]},{"@type":"Person","@id":"https:\/\/womenhouse.cz\/#\/schema\/person\/b307df8d81e61893cd451a29106d7498","name":"Ivomik","url":"https:\/\/womenhouse.cz\/index.php\/author\/ivomik\/"}]}},"_links":{"self":[{"href":"https:\/\/womenhouse.cz\/index.php\/wp-json\/wp\/v2\/posts\/16042"}],"collection":[{"href":"https:\/\/womenhouse.cz\/index.php\/wp-json\/wp\/v2\/posts"}],"about":[{"href":"https:\/\/womenhouse.cz\/index.php\/wp-json\/wp\/v2\/types\/post"}],"author":[{"embeddable":true,"href":"https:\/\/womenhouse.cz\/index.php\/wp-json\/wp\/v2\/users\/1"}],"replies":[{"embeddable":true,"href":"https:\/\/womenhouse.cz\/index.php\/wp-json\/wp\/v2\/comments?post=16042"}],"version-history":[{"count":-4,"href":"https:\/\/womenhouse.cz\/index.php\/wp-json\/wp\/v2\/posts\/16042\/revisions"}],"wp:featuredmedia":[{"embeddable":true,"href":"https:\/\/womenhouse.cz\/index.php\/wp-json\/wp\/v2\/media\/16043"}],"wp:attachment":[{"href":"https:\/\/womenhouse.cz\/index.php\/wp-json\/wp\/v2\/media?parent=16042"}],"wp:term":[{"taxonomy":"category","embeddable":true,"href":"https:\/\/womenhouse.cz\/index.php\/wp-json\/wp\/v2\/categories?post=16042"},{"taxonomy":"post_tag","embeddable":true,"href":"https:\/\/womenhouse.cz\/index.php\/wp-json\/wp\/v2\/tags?post=16042"}],"curies":[{"name":"wp","href":"https:\/\/api.w.org\/{rel}","templated":true}]}}