{"id":15957,"date":"2025-08-16T17:41:09","date_gmt":"2025-08-16T15:41:09","guid":{"rendered":"https:\/\/womenhouse.cz\/?p=15957"},"modified":"2025-10-14T01:13:02","modified_gmt":"2025-10-13T23:13:02","slug":"dar-ktery-ma-vahu-pribehu-stribrne-grose-se-jmenem","status":"publish","type":"post","link":"https:\/\/womenhouse.cz\/index.php\/2025\/08\/16\/dar-ktery-ma-vahu-pribehu-stribrne-grose-se-jmenem\/","title":{"rendered":"Dar, kter\u00fd m\u00e1 v\u00e1hu p\u0159\u00edb\u011bhu: St\u0159\u00edbrn\u00e9 gro\u0161e se jm\u00e9nem"},"content":{"rendered":"\n<div style=\"height:44px\" aria-hidden=\"true\" class=\"wp-block-spacer\"><\/div>\n\n\n\n<p class=\"has-medium-font-size\"><strong>Mezi d\u00e1rky existuj\u00ed takov\u00e9, kter\u00e9 pot\u011b\u0161\u00ed na chv\u00edli a pot\u00e9 se na n\u011b zapomene. A pak jsou tu ty, kter\u00e9 se st\u00e1vaj\u00ed sou\u010d\u00e1st\u00ed rodinn\u00e9ho pokladu, p\u0159ed\u00e1van\u00e9ho z generace na generaci. Jsou to d\u00e1rky s p\u0159\u00edb\u011bhem, s du\u0161\u00ed a s hlubok\u00fdm osobn\u00edm v\u00fdznamem. Jedn\u00edm z takov\u00fdch unik\u00e1tn\u00edch dar\u016f je st\u0159\u00edbrn\u00fd \u201egro\u0161\u201c s \u010desk\u00fdm jm\u00e9nem, kter\u00fd spojuje staletou tradici s osobn\u00edm vzkazem pro va\u0161e bl\u00edzk\u00e9.<\/strong><\/p>\n\n\n\n<div style=\"height:44px\" aria-hidden=\"true\" class=\"wp-block-spacer\"><\/div>\n\n\n<div class=\"wp-block-image\">\n<figure class=\"aligncenter size-full\"><img loading=\"lazy\" decoding=\"async\" width=\"500\" height=\"500\" src=\"https:\/\/womenhouse.cz\/wp-content\/uploads\/2025\/08\/Denisa_Ag_3B.jpg\" alt=\"Dar, kter\u00fd m\u00e1 v\u00e1hu p\u0159\u00edb\u011bhu: St\u0159\u00edbrn\u00e9 gro\u0161e se jm\u00e9nem\" class=\"wp-image-15966\" srcset=\"https:\/\/womenhouse.cz\/wp-content\/uploads\/2025\/08\/Denisa_Ag_3B.jpg 500w, https:\/\/womenhouse.cz\/wp-content\/uploads\/2025\/08\/Denisa_Ag_3B-300x300.jpg 300w, https:\/\/womenhouse.cz\/wp-content\/uploads\/2025\/08\/Denisa_Ag_3B-150x150.jpg 150w\" sizes=\"(max-width: 500px) 100vw, 500px\" \/><\/figure><\/div>\n\n\n<div style=\"height:44px\" aria-hidden=\"true\" class=\"wp-block-spacer\"><\/div>\n\n\n\n<h2 class=\"wp-block-heading\">O\u017eivte tradici pra\u017esk\u00fdch gro\u0161\u016f<\/h2>\n\n\n\n<div style=\"height:44px\" aria-hidden=\"true\" class=\"wp-block-spacer\"><\/div>\n\n\n\n<p class=\"has-medium-font-size\">Historie ra\u017een\u00ed gro\u0161\u016f v \u010desk\u00fdch zem\u00edch sah\u00e1 hluboko do minulosti. Byly symbolem bohatstv\u00ed, prosperity a st\u00e1tnosti, ale tak\u00e9 sou\u010d\u00e1st\u00ed lidov\u00fdch zvyk\u016f. Od st\u0159edov\u011bku se \u201egro\u0161e\u201c d\u00e1valy jako dar p\u0159i narozen\u00ed d\u00edt\u011bte, jako svatebn\u00ed dar pro novoman\u017eele, nebo jako talisman pro \u0161t\u011bst\u00ed. T\u00edm, \u017ee do dlan\u011b n\u011bkoho vlo\u017e\u00edte st\u0159\u00edbrn\u00fd \u201egro\u0161\u201c se jm\u00e9nem, navazujete na tuto prastarou tradici a d\u00e1v\u00e1te j\u00ed modern\u00ed, osobn\u00ed podobu.<\/p>\n\n\n\n<p class=\"has-medium-font-size\">Zat\u00edmco pra\u017esk\u00e9 gro\u0161e v minulosti slou\u017eily jako ob\u011b\u017eivo, dne\u0161n\u00ed st\u0159\u00edbrn\u00e9 gro\u0161e se jm\u00e9nem maj\u00ed p\u0159edev\u0161\u00edm symbolickou a um\u011bleckou hodnotu. U\u017e nejsou platidlem, ale nositelem p\u0159\u00edb\u011bhu. Je to gesto, kter\u00e9 vyjad\u0159uje \u00factu k historii a z\u00e1rove\u0148 ukazuje, jak moc v\u00e1m na obdarovan\u00e9m z\u00e1le\u017e\u00ed.<\/p>\n\n\n\n<p class=\"has-medium-font-size\">V\u00edte, jak\u00fd je <strong><a href=\"https:\/\/zlatemince.cz\/svatekdnes\">sv\u00e1tek dnes<\/a><\/strong> a \u017ee m\u016f\u017eete tento historick\u00fd artefakt darovat n\u011bkomu, kdo slav\u00ed jmeniny? Je to ide\u00e1ln\u00ed p\u0159\u00edle\u017eitost, jak oby\u010dejn\u00fd den prom\u011bnit ve v\u00fdjime\u010dnou ud\u00e1lost, a to darov\u00e1n\u00edm d\u00e1rku, kter\u00fd se stane rodinn\u00fdm klenotem. <strong>Sv\u00e1tek dnes<\/strong> u\u017e nemus\u00ed b\u00fdt jen o kv\u011btin\u00e1ch a \u010dokol\u00e1d\u011b, m\u016f\u017ee b\u00fdt o vzpom\u00ednce na cel\u00fd \u017eivot.<\/p>\n\n\n\n<div style=\"height:44px\" aria-hidden=\"true\" class=\"wp-block-spacer\"><\/div>\n\n\n<div class=\"wp-block-image\">\n<figure class=\"aligncenter size-full\"><img loading=\"lazy\" decoding=\"async\" width=\"780\" height=\"486\" src=\"https:\/\/womenhouse.cz\/wp-content\/uploads\/2025\/08\/baleni-jmena-ag-medaile.jpg\" alt=\"Dar, kter\u00fd m\u00e1 v\u00e1hu p\u0159\u00edb\u011bhu: St\u0159\u00edbrn\u00e9 gro\u0161e se jm\u00e9nem\" class=\"wp-image-15968\" srcset=\"https:\/\/womenhouse.cz\/wp-content\/uploads\/2025\/08\/baleni-jmena-ag-medaile.jpg 780w, https:\/\/womenhouse.cz\/wp-content\/uploads\/2025\/08\/baleni-jmena-ag-medaile-300x187.jpg 300w, https:\/\/womenhouse.cz\/wp-content\/uploads\/2025\/08\/baleni-jmena-ag-medaile-768x479.jpg 768w\" sizes=\"(max-width: 780px) 100vw, 780px\" \/><\/figure><\/div>\n\n\n<div style=\"height:44px\" aria-hidden=\"true\" class=\"wp-block-spacer\"><\/div>\n\n\n\n<h2 class=\"wp-block-heading\">Vyryjte do st\u0159\u00edbra jm\u00e9no a p\u0159\u00edb\u011bh<\/h2>\n\n\n\n<div style=\"height:44px\" aria-hidden=\"true\" class=\"wp-block-spacer\"><\/div>\n\n\n\n<p class=\"has-medium-font-size\">Ka\u017ed\u00fd st\u0159\u00edbrn\u00fd medailon nese jedno jm\u00e9no. A v tom je jeho s\u00edla. To jm\u00e9no transformuje kus kovu v osobn\u00ed pam\u00e1tku, kter\u00e1 nese otisk l\u00e1sky, p\u0159\u00e1telstv\u00ed a rodinn\u00fdch pout. Vyryt\u00e9 jm\u00e9no prom\u011bn\u00ed oby\u010dejn\u00fd dar v neoceniteln\u00fd poklad. M\u016f\u017ee b\u00fdt p\u0159ipom\u00ednkou k\u0159tin, symbolick\u00fdm d\u00e1rkem pro maturanta, nebo hmatateln\u00fdm vyj\u00e1d\u0159en\u00edm l\u00e1sky p\u0159i v\u00fdro\u010d\u00ed svatby.<\/p>\n\n\n\n<p class=\"has-medium-font-size\">P\u0159edstavte si radost, kdy\u017e ho darujete novope\u010den\u00e9 babi\u010dce s vyra\u017een\u00fdmi jm\u00e9ny jej\u00edch vnou\u010dat. Nebo kdy\u017e ho dostane v\u00e1\u0161 partner, aby mu p\u0159ipom\u00ednal va\u0161e spole\u010dn\u00e9 chv\u00edle. Je to dar, kter\u00fd nem\u00e1 \u017e\u00e1dn\u00e9 datum spot\u0159eby. Jeho hodnota roste s ka\u017edou uplynulou chvilkou a se vzpom\u00ednkami, kter\u00e9 se k n\u011bmu v\u00e1\u017eou.<\/p>\n\n\n\n<p class=\"has-medium-font-size\">St\u0159\u00edbro, drah\u00fd kov s dlouhou histori\u00ed, je symbolem \u010distoty a trvalosti. V kombinaci s osobn\u00edm jm\u00e9nem vytv\u00e1\u0159\u00ed neoby\u010dejn\u00fd artefakt, kter\u00fd je kr\u00e1sn\u00fd, osobn\u00ed a z\u00e1rove\u0148 si dr\u017e\u00ed svoji materi\u00e1ln\u00ed hodnotu. Je to investice do vzpom\u00ednek, do rodinn\u00e9ho odkazu, kter\u00fd se bude p\u0159ed\u00e1vat z generace na generaci.<\/p>\n\n\n\n<div style=\"height:44px\" aria-hidden=\"true\" class=\"wp-block-spacer\"><\/div>\n\n\n<div class=\"wp-block-image\">\n<figure class=\"aligncenter size-full\"><img loading=\"lazy\" decoding=\"async\" width=\"960\" height=\"610\" src=\"https:\/\/womenhouse.cz\/wp-content\/uploads\/2025\/08\/stribrnemince-V.jpg\" alt=\"Dar, kter\u00fd m\u00e1 v\u00e1hu p\u0159\u00edb\u011bhu: St\u0159\u00edbrn\u00e9 gro\u0161e se jm\u00e9nem\" class=\"wp-image-15970\" srcset=\"https:\/\/womenhouse.cz\/wp-content\/uploads\/2025\/08\/stribrnemince-V.jpg 960w, https:\/\/womenhouse.cz\/wp-content\/uploads\/2025\/08\/stribrnemince-V-300x191.jpg 300w, https:\/\/womenhouse.cz\/wp-content\/uploads\/2025\/08\/stribrnemince-V-768x488.jpg 768w\" sizes=\"(max-width: 960px) 100vw, 960px\" \/><\/figure><\/div>\n\n\n<div style=\"height:44px\" aria-hidden=\"true\" class=\"wp-block-spacer\"><\/div>\n\n\n\n<h2 class=\"wp-block-heading\">Odborn\u00e9 zpracov\u00e1n\u00ed a \u0161pi\u010dkov\u00e1 ryzost<\/h2>\n\n\n\n<div style=\"height:44px\" aria-hidden=\"true\" class=\"wp-block-spacer\"><\/div>\n\n\n\n<p class=\"has-medium-font-size\">Ka\u017ed\u00fd medailon se jm\u00e9nem je dnes v pra\u017esk\u00e9 ra\u017eebn\u011b precizn\u011b zpracov\u00e1n ze st\u0159\u00edbra o nejvy\u0161\u0161\u00ed ryzosti a ra\u017een z le\u0161t\u011bn\u00fdch razidel. Na jeho podob\u011b spolupracuj\u00ed zku\u0161en\u00ed medail\u00e9\u0159i a rytci, jejich\u017e podpisem je dokonal\u00fd detail. Sou\u010d\u00e1st\u00ed je i elegantn\u00ed balen\u00ed a certifik\u00e1t pravosti.<\/p>\n\n\n\n<p class=\"has-medium-font-size\">Kvalita zpracov\u00e1n\u00ed je kl\u00ed\u010dov\u00e1, aby se z oby\u010dejn\u00e9ho kousku st\u0159\u00edbra stal um\u011bleck\u00fd artefakt. Mistrovstv\u00ed \u0159emesln\u00edk\u016f se projevuje v ka\u017ed\u00e9 lince, v ka\u017ed\u00e9m detailu. Vytv\u00e1\u0159ej\u00ed p\u0159edm\u011bt, kter\u00fd je nejen kr\u00e1sn\u00fd na pohled, ale tak\u00e9 trvanliv\u00fd. Certifik\u00e1t pravosti je pak z\u00e1rukou, \u017ee dr\u017e\u00edte v ruce skute\u010dn\u00e9 st\u0159\u00edbro, a ne jenom imitaci. Tento dokument dod\u00e1v\u00e1 d\u00e1rku na d\u016fv\u011bryhodnosti a hodnot\u011b, a je d\u016fkazem, \u017ee se jedn\u00e1 o origin\u00e1ln\u00ed, kvalitn\u00ed v\u00fdrobek.<\/p>\n\n\n\n<p class=\"has-medium-font-size\">Takov\u00fd dar m\u00e1 trvalou hodnotu a stane se sou\u010d\u00e1st\u00ed rodinn\u00e9 historie. Je to nejen kr\u00e1sn\u00fd, ale i bezpe\u010dn\u00fd d\u00e1rek, kter\u00fd si svou ryzost a hodnotu udr\u017e\u00ed po stalet\u00ed.<\/p>\n\n\n\n<div style=\"height:44px\" aria-hidden=\"true\" class=\"wp-block-spacer\"><\/div>\n\n\n<div class=\"wp-block-image\">\n<figure class=\"aligncenter size-full\"><img loading=\"lazy\" decoding=\"async\" width=\"780\" height=\"580\" src=\"https:\/\/womenhouse.cz\/wp-content\/uploads\/2025\/08\/baleni-jmena-ag-krabicka.jpg\" alt=\"Dar, kter\u00fd m\u00e1 v\u00e1hu p\u0159\u00edb\u011bhu: St\u0159\u00edbrn\u00e9 gro\u0161e se jm\u00e9nem\" class=\"wp-image-15964\" srcset=\"https:\/\/womenhouse.cz\/wp-content\/uploads\/2025\/08\/baleni-jmena-ag-krabicka.jpg 780w, https:\/\/womenhouse.cz\/wp-content\/uploads\/2025\/08\/baleni-jmena-ag-krabicka-300x223.jpg 300w, https:\/\/womenhouse.cz\/wp-content\/uploads\/2025\/08\/baleni-jmena-ag-krabicka-768x571.jpg 768w\" sizes=\"(max-width: 780px) 100vw, 780px\" \/><\/figure><\/div>\n\n\n<div style=\"height:44px\" aria-hidden=\"true\" class=\"wp-block-spacer\"><\/div>\n\n\n\n<h2 class=\"wp-block-heading\">Dar, kter\u00fd p\u0159etrv\u00e1 v\u011bky<\/h2>\n\n\n\n<div style=\"height:44px\" aria-hidden=\"true\" class=\"wp-block-spacer\"><\/div>\n\n\n\n<p class=\"has-medium-font-size\">Narozen\u00ed, maturita, svatba, kulat\u00e9 narozeniny nebo odchod do d\u016fchodu \u2013 v\u0161echny tyto v\u00fdznamn\u00e9 \u017eivotn\u00ed miln\u00edky si zaslou\u017e\u00ed b\u00fdt p\u0159ipomenuty n\u011b\u010d\u00edm, co m\u00e1 hlub\u0161\u00ed smysl. Darov\u00e1n\u00ed st\u0159\u00edbrn\u00e9ho \u201egro\u0161e\u201c s vyra\u017een\u00fdm jm\u00e9nem je vyj\u00e1d\u0159en\u00edm l\u00e1sky, uzn\u00e1n\u00ed a \u00facty. Je to n\u011bco, co se neztrat\u00ed a co bude m\u00edt st\u00e1le vysokou hodnotu \u2013 a\u0165 u\u017e materi\u00e1ln\u00ed, nebo sentiment\u00e1ln\u00ed.<\/p>\n\n\n\n<p class=\"has-medium-font-size\">Je to dar, kter\u00fd mluv\u00ed za v\u00e1s, ani\u017e byste museli \u0159\u00edkat jedin\u00e9 slovo. A a\u0165 u\u017e je to d\u00e1rek pro d\u00edt\u011b, man\u017eela, nebo rodi\u010de, poka\u017ed\u00e9 vyvol\u00e1 \u00fasm\u011bv a dojet\u00ed. Proto\u017ee je to dar, kter\u00fd nese v sob\u011b kus du\u0161e a p\u0159\u00edb\u011bhu, a kter\u00fd bude p\u0159ipom\u00ednat d\u016fle\u017eit\u00e9 okam\u017eiky po cel\u00fd \u017eivot.<\/p>\n\n\n\n<div style=\"height:100px\" aria-hidden=\"true\" class=\"wp-block-spacer\"><\/div>\n\n\n\n<figure class=\"wp-block-gallery has-nested-images columns-default is-cropped wp-block-gallery-1 is-layout-flex wp-block-gallery-is-layout-flex\">\n<figure class=\"wp-block-image size-large\"><img loading=\"lazy\" decoding=\"async\" width=\"500\" height=\"500\" data-id=\"15958\" src=\"https:\/\/womenhouse.cz\/wp-content\/uploads\/2025\/08\/A_Ag_3B.jpg\" alt=\"Dar, kter\u00fd m\u00e1 v\u00e1hu p\u0159\u00edb\u011bhu: St\u0159\u00edbrn\u00e9 gro\u0161e se jm\u00e9nem\" class=\"wp-image-15958\" srcset=\"https:\/\/womenhouse.cz\/wp-content\/uploads\/2025\/08\/A_Ag_3B.jpg 500w, https:\/\/womenhouse.cz\/wp-content\/uploads\/2025\/08\/A_Ag_3B-300x300.jpg 300w, https:\/\/womenhouse.cz\/wp-content\/uploads\/2025\/08\/A_Ag_3B-150x150.jpg 150w\" sizes=\"(max-width: 500px) 100vw, 500px\" \/><\/figure>\n\n\n\n<figure class=\"wp-block-image size-large\"><img loading=\"lazy\" decoding=\"async\" width=\"780\" height=\"580\" data-id=\"15964\" src=\"https:\/\/womenhouse.cz\/wp-content\/uploads\/2025\/08\/baleni-jmena-ag-krabicka.jpg\" alt=\"Dar, kter\u00fd m\u00e1 v\u00e1hu p\u0159\u00edb\u011bhu: St\u0159\u00edbrn\u00e9 gro\u0161e se jm\u00e9nem\" class=\"wp-image-15964\" srcset=\"https:\/\/womenhouse.cz\/wp-content\/uploads\/2025\/08\/baleni-jmena-ag-krabicka.jpg 780w, https:\/\/womenhouse.cz\/wp-content\/uploads\/2025\/08\/baleni-jmena-ag-krabicka-300x223.jpg 300w, https:\/\/womenhouse.cz\/wp-content\/uploads\/2025\/08\/baleni-jmena-ag-krabicka-768x571.jpg 768w\" sizes=\"(max-width: 780px) 100vw, 780px\" \/><\/figure>\n\n\n\n<figure class=\"wp-block-image size-large\"><img loading=\"lazy\" decoding=\"async\" width=\"500\" height=\"500\" data-id=\"15960\" src=\"https:\/\/womenhouse.cz\/wp-content\/uploads\/2025\/08\/Adam_Ag_3B.jpg\" alt=\"Dar, kter\u00fd m\u00e1 v\u00e1hu p\u0159\u00edb\u011bhu: St\u0159\u00edbrn\u00e9 gro\u0161e se jm\u00e9nem\" class=\"wp-image-15960\" srcset=\"https:\/\/womenhouse.cz\/wp-content\/uploads\/2025\/08\/Adam_Ag_3B.jpg 500w, https:\/\/womenhouse.cz\/wp-content\/uploads\/2025\/08\/Adam_Ag_3B-300x300.jpg 300w, https:\/\/womenhouse.cz\/wp-content\/uploads\/2025\/08\/Adam_Ag_3B-150x150.jpg 150w\" sizes=\"(max-width: 500px) 100vw, 500px\" \/><\/figure>\n\n\n\n<figure class=\"wp-block-image size-large\"><img loading=\"lazy\" decoding=\"async\" width=\"500\" height=\"500\" data-id=\"15966\" src=\"https:\/\/womenhouse.cz\/wp-content\/uploads\/2025\/08\/Denisa_Ag_3B.jpg\" alt=\"Dar, kter\u00fd m\u00e1 v\u00e1hu p\u0159\u00edb\u011bhu: St\u0159\u00edbrn\u00e9 gro\u0161e se jm\u00e9nem\" class=\"wp-image-15966\" srcset=\"https:\/\/womenhouse.cz\/wp-content\/uploads\/2025\/08\/Denisa_Ag_3B.jpg 500w, https:\/\/womenhouse.cz\/wp-content\/uploads\/2025\/08\/Denisa_Ag_3B-300x300.jpg 300w, https:\/\/womenhouse.cz\/wp-content\/uploads\/2025\/08\/Denisa_Ag_3B-150x150.jpg 150w\" sizes=\"(max-width: 500px) 100vw, 500px\" \/><\/figure>\n\n\n\n<figure class=\"wp-block-image size-large\"><img loading=\"lazy\" decoding=\"async\" width=\"780\" height=\"780\" data-id=\"15961\" src=\"https:\/\/womenhouse.cz\/wp-content\/uploads\/2025\/08\/Baleni-jmena-ag-1B.jpg\" alt=\"Dar, kter\u00fd m\u00e1 v\u00e1hu p\u0159\u00edb\u011bhu: St\u0159\u00edbrn\u00e9 gro\u0161e se jm\u00e9nem\" class=\"wp-image-15961\" srcset=\"https:\/\/womenhouse.cz\/wp-content\/uploads\/2025\/08\/Baleni-jmena-ag-1B.jpg 780w, https:\/\/womenhouse.cz\/wp-content\/uploads\/2025\/08\/Baleni-jmena-ag-1B-300x300.jpg 300w, https:\/\/womenhouse.cz\/wp-content\/uploads\/2025\/08\/Baleni-jmena-ag-1B-150x150.jpg 150w, https:\/\/womenhouse.cz\/wp-content\/uploads\/2025\/08\/Baleni-jmena-ag-1B-768x768.jpg 768w\" sizes=\"(max-width: 780px) 100vw, 780px\" \/><\/figure>\n\n\n\n<figure class=\"wp-block-image size-large\"><img loading=\"lazy\" decoding=\"async\" width=\"500\" height=\"500\" data-id=\"15967\" src=\"https:\/\/womenhouse.cz\/wp-content\/uploads\/2025\/08\/Denisa_Ag_4B.jpg\" alt=\"Dar, kter\u00fd m\u00e1 v\u00e1hu p\u0159\u00edb\u011bhu: St\u0159\u00edbrn\u00e9 gro\u0161e se jm\u00e9nem\" class=\"wp-image-15967\" srcset=\"https:\/\/womenhouse.cz\/wp-content\/uploads\/2025\/08\/Denisa_Ag_4B.jpg 500w, https:\/\/womenhouse.cz\/wp-content\/uploads\/2025\/08\/Denisa_Ag_4B-300x300.jpg 300w, https:\/\/womenhouse.cz\/wp-content\/uploads\/2025\/08\/Denisa_Ag_4B-150x150.jpg 150w\" sizes=\"(max-width: 500px) 100vw, 500px\" \/><\/figure>\n\n\n\n<figure class=\"wp-block-image size-large\"><img loading=\"lazy\" decoding=\"async\" width=\"500\" height=\"500\" data-id=\"15963\" src=\"https:\/\/womenhouse.cz\/wp-content\/uploads\/2025\/08\/E_Ag_3B.jpg\" alt=\"Dar, kter\u00fd m\u00e1 v\u00e1hu p\u0159\u00edb\u011bhu: St\u0159\u00edbrn\u00e9 gro\u0161e se jm\u00e9nem\" class=\"wp-image-15963\" srcset=\"https:\/\/womenhouse.cz\/wp-content\/uploads\/2025\/08\/E_Ag_3B.jpg 500w, https:\/\/womenhouse.cz\/wp-content\/uploads\/2025\/08\/E_Ag_3B-300x300.jpg 300w, https:\/\/womenhouse.cz\/wp-content\/uploads\/2025\/08\/E_Ag_3B-150x150.jpg 150w\" sizes=\"(max-width: 500px) 100vw, 500px\" \/><\/figure>\n\n\n\n<figure class=\"wp-block-image size-large\"><img loading=\"lazy\" decoding=\"async\" width=\"960\" height=\"610\" data-id=\"15970\" src=\"https:\/\/womenhouse.cz\/wp-content\/uploads\/2025\/08\/stribrnemince-V.jpg\" alt=\"Dar, kter\u00fd m\u00e1 v\u00e1hu p\u0159\u00edb\u011bhu: St\u0159\u00edbrn\u00e9 gro\u0161e se jm\u00e9nem\" class=\"wp-image-15970\" srcset=\"https:\/\/womenhouse.cz\/wp-content\/uploads\/2025\/08\/stribrnemince-V.jpg 960w, https:\/\/womenhouse.cz\/wp-content\/uploads\/2025\/08\/stribrnemince-V-300x191.jpg 300w, https:\/\/womenhouse.cz\/wp-content\/uploads\/2025\/08\/stribrnemince-V-768x488.jpg 768w\" sizes=\"(max-width: 960px) 100vw, 960px\" \/><\/figure>\n\n\n\n<figure class=\"wp-block-image size-large\"><img loading=\"lazy\" decoding=\"async\" width=\"500\" height=\"500\" data-id=\"15965\" src=\"https:\/\/womenhouse.cz\/wp-content\/uploads\/2025\/08\/Eva_Ag_3B.jpg\" alt=\"Dar, kter\u00fd m\u00e1 v\u00e1hu p\u0159\u00edb\u011bhu: St\u0159\u00edbrn\u00e9 gro\u0161e se jm\u00e9nem\" class=\"wp-image-15965\" srcset=\"https:\/\/womenhouse.cz\/wp-content\/uploads\/2025\/08\/Eva_Ag_3B.jpg 500w, https:\/\/womenhouse.cz\/wp-content\/uploads\/2025\/08\/Eva_Ag_3B-300x300.jpg 300w, https:\/\/womenhouse.cz\/wp-content\/uploads\/2025\/08\/Eva_Ag_3B-150x150.jpg 150w\" sizes=\"(max-width: 500px) 100vw, 500px\" \/><\/figure>\n\n\n\n<figure class=\"wp-block-image size-large\"><img loading=\"lazy\" decoding=\"async\" width=\"480\" height=\"360\" data-id=\"15959\" src=\"https:\/\/womenhouse.cz\/wp-content\/uploads\/2025\/08\/Certifikat-1B.jpg\" alt=\"Dar, kter\u00fd m\u00e1 v\u00e1hu p\u0159\u00edb\u011bhu: St\u0159\u00edbrn\u00e9 gro\u0161e se jm\u00e9nem\" class=\"wp-image-15959\" srcset=\"https:\/\/womenhouse.cz\/wp-content\/uploads\/2025\/08\/Certifikat-1B.jpg 480w, https:\/\/womenhouse.cz\/wp-content\/uploads\/2025\/08\/Certifikat-1B-300x225.jpg 300w\" sizes=\"(max-width: 480px) 100vw, 480px\" \/><\/figure>\n\n\n\n<figure class=\"wp-block-image size-large\"><img loading=\"lazy\" decoding=\"async\" width=\"780\" height=\"494\" data-id=\"15969\" src=\"https:\/\/womenhouse.cz\/wp-content\/uploads\/2025\/08\/baleni-jmena-au-medaile.jpg\" alt=\"Dar, kter\u00fd m\u00e1 v\u00e1hu p\u0159\u00edb\u011bhu: St\u0159\u00edbrn\u00e9 gro\u0161e se jm\u00e9nem\" class=\"wp-image-15969\" srcset=\"https:\/\/womenhouse.cz\/wp-content\/uploads\/2025\/08\/baleni-jmena-au-medaile.jpg 780w, https:\/\/womenhouse.cz\/wp-content\/uploads\/2025\/08\/baleni-jmena-au-medaile-300x190.jpg 300w, https:\/\/womenhouse.cz\/wp-content\/uploads\/2025\/08\/baleni-jmena-au-medaile-768x486.jpg 768w\" sizes=\"(max-width: 780px) 100vw, 780px\" \/><\/figure>\n\n\n\n<figure class=\"wp-block-image size-large\"><img loading=\"lazy\" decoding=\"async\" width=\"771\" height=\"780\" data-id=\"15962\" src=\"https:\/\/womenhouse.cz\/wp-content\/uploads\/2025\/08\/Baleni-jmena-au-1B.jpg\" alt=\"Dar, kter\u00fd m\u00e1 v\u00e1hu p\u0159\u00edb\u011bhu: St\u0159\u00edbrn\u00e9 gro\u0161e se jm\u00e9nem\" class=\"wp-image-15962\" srcset=\"https:\/\/womenhouse.cz\/wp-content\/uploads\/2025\/08\/Baleni-jmena-au-1B.jpg 771w, https:\/\/womenhouse.cz\/wp-content\/uploads\/2025\/08\/Baleni-jmena-au-1B-297x300.jpg 297w, https:\/\/womenhouse.cz\/wp-content\/uploads\/2025\/08\/Baleni-jmena-au-1B-768x777.jpg 768w\" sizes=\"(max-width: 771px) 100vw, 771px\" \/><\/figure>\n\n\n\n<figure class=\"wp-block-image size-large\"><img loading=\"lazy\" decoding=\"async\" width=\"780\" height=\"486\" data-id=\"15968\" src=\"https:\/\/womenhouse.cz\/wp-content\/uploads\/2025\/08\/baleni-jmena-ag-medaile.jpg\" alt=\"Dar, kter\u00fd m\u00e1 v\u00e1hu p\u0159\u00edb\u011bhu: St\u0159\u00edbrn\u00e9 gro\u0161e se jm\u00e9nem\" class=\"wp-image-15968\" srcset=\"https:\/\/womenhouse.cz\/wp-content\/uploads\/2025\/08\/baleni-jmena-ag-medaile.jpg 780w, https:\/\/womenhouse.cz\/wp-content\/uploads\/2025\/08\/baleni-jmena-ag-medaile-300x187.jpg 300w, https:\/\/womenhouse.cz\/wp-content\/uploads\/2025\/08\/baleni-jmena-ag-medaile-768x479.jpg 768w\" sizes=\"(max-width: 780px) 100vw, 780px\" \/><\/figure>\n<\/figure>\n\n\n\n<div style=\"height:34px\" aria-hidden=\"true\" class=\"wp-block-spacer\"><\/div>\n\n\n\n<p><strong>Zdroj foto:<\/strong> Zlatemince.cz<\/p>\n\n\n\n<div style=\"height:100px\" aria-hidden=\"true\" class=\"wp-block-spacer\"><\/div>\n","protected":false},"excerpt":{"rendered":"<p>Mezi d\u00e1rky existuj\u00ed takov\u00e9, kter\u00e9 pot\u011b\u0161\u00ed na chv\u00edli a pot\u00e9 se na n\u011b zapomene. A pak jsou tu ty, kter\u00e9 se st\u00e1vaj\u00ed sou\u010d\u00e1st\u00ed rodinn\u00e9ho pokladu, p\u0159ed\u00e1van\u00e9ho z generace na generaci. Jsou to d\u00e1rky s p\u0159\u00edb\u011bhem, s du\u0161\u00ed a s hlubok\u00fdm osobn\u00edm v\u00fdznamem. Jedn\u00edm z takov\u00fdch unik\u00e1tn\u00edch dar\u016f je st\u0159\u00edbrn\u00fd \u201egro\u0161\u201c s \u010desk\u00fdm jm\u00e9nem, kter\u00fd spojuje [&hellip;]<\/p>\n","protected":false},"author":6,"featured_media":15966,"comment_status":"closed","ping_status":"closed","sticky":false,"template":"","format":"standard","meta":{"_mi_skip_tracking":false,"_monsterinsights_sitenote_active":false,"_monsterinsights_sitenote_note":"","_monsterinsights_sitenote_category":0,"footnotes":""},"categories":[2,12],"tags":[],"yoast_head":"<!-- This site is optimized with the Yoast SEO plugin v21.5 - https:\/\/yoast.com\/wordpress\/plugins\/seo\/ -->\n<title>Dar, kter\u00fd m\u00e1 v\u00e1hu p\u0159\u00edb\u011bhu: St\u0159\u00edbrn\u00e9 gro\u0161e se jm\u00e9nem - WOMENHOUSE.cz<\/title>\n<meta name=\"description\" content=\"Jedn\u00edm z takov\u00fdch unik\u00e1tn\u00edch dar\u016f je st\u0159\u00edbrn\u00fd \u201egro\u0161\u201c s \u010desk\u00fdm jm\u00e9nem, kter\u00fd spojuje staletou tradici s osobn\u00edm vzkazem pro va\u0161e bl\u00edzk\u00e9.\" \/>\n<meta name=\"robots\" content=\"index, follow, max-snippet:-1, max-image-preview:large, max-video-preview:-1\" \/>\n<link rel=\"canonical\" href=\"https:\/\/womenhouse.cz\/index.php\/2025\/08\/16\/dar-ktery-ma-vahu-pribehu-stribrne-grose-se-jmenem\/\" \/>\n<meta property=\"og:locale\" content=\"cs_CZ\" \/>\n<meta property=\"og:type\" content=\"article\" \/>\n<meta property=\"og:title\" content=\"Dar, kter\u00fd m\u00e1 v\u00e1hu p\u0159\u00edb\u011bhu: St\u0159\u00edbrn\u00e9 gro\u0161e se jm\u00e9nem - WOMENHOUSE.cz\" \/>\n<meta property=\"og:description\" content=\"Jedn\u00edm z takov\u00fdch unik\u00e1tn\u00edch dar\u016f je st\u0159\u00edbrn\u00fd \u201egro\u0161\u201c s \u010desk\u00fdm jm\u00e9nem, kter\u00fd spojuje staletou tradici s osobn\u00edm vzkazem pro va\u0161e bl\u00edzk\u00e9.\" \/>\n<meta property=\"og:url\" content=\"https:\/\/womenhouse.cz\/index.php\/2025\/08\/16\/dar-ktery-ma-vahu-pribehu-stribrne-grose-se-jmenem\/\" \/>\n<meta property=\"og:site_name\" content=\"WOMENHOUSE.cz\" \/>\n<meta property=\"article:publisher\" content=\"https:\/\/www.facebook.com\/womenhousecz\" \/>\n<meta property=\"article:published_time\" content=\"2025-08-16T15:41:09+00:00\" \/>\n<meta property=\"article:modified_time\" content=\"2025-10-13T23:13:02+00:00\" \/>\n<meta property=\"og:image\" content=\"https:\/\/womenhouse.cz\/wp-content\/uploads\/2025\/08\/Denisa_Ag_3B.jpg\" \/>\n\t<meta property=\"og:image:width\" content=\"500\" \/>\n\t<meta property=\"og:image:height\" content=\"500\" \/>\n\t<meta property=\"og:image:type\" content=\"image\/jpeg\" \/>\n<meta name=\"author\" content=\"Petra Kub\u00edkov\u00e1\" \/>\n<meta name=\"twitter:card\" content=\"summary_large_image\" \/>\n<meta name=\"twitter:label1\" content=\"Napsal(a)\" \/>\n\t<meta name=\"twitter:data1\" content=\"Petra Kub\u00edkov\u00e1\" \/>\n\t<meta name=\"twitter:label2\" content=\"Odhadovan\u00e1 doba \u010dten\u00ed\" \/>\n\t<meta name=\"twitter:data2\" content=\"7 minut\" \/>\n<script type=\"application\/ld+json\" class=\"yoast-schema-graph\">{\"@context\":\"https:\/\/schema.org\",\"@graph\":[{\"@type\":\"Article\",\"@id\":\"https:\/\/womenhouse.cz\/index.php\/2025\/08\/16\/dar-ktery-ma-vahu-pribehu-stribrne-grose-se-jmenem\/#article\",\"isPartOf\":{\"@id\":\"https:\/\/womenhouse.cz\/index.php\/2025\/08\/16\/dar-ktery-ma-vahu-pribehu-stribrne-grose-se-jmenem\/\"},\"author\":{\"name\":\"Petra Kub\u00edkov\u00e1\",\"@id\":\"https:\/\/womenhouse.cz\/#\/schema\/person\/4a1fde0be3f0c5dd5006ba6dc68c7656\"},\"headline\":\"Dar, kter\u00fd m\u00e1 v\u00e1hu p\u0159\u00edb\u011bhu: St\u0159\u00edbrn\u00e9 gro\u0161e se jm\u00e9nem\",\"datePublished\":\"2025-08-16T15:41:09+00:00\",\"dateModified\":\"2025-10-13T23:13:02+00:00\",\"mainEntityOfPage\":{\"@id\":\"https:\/\/womenhouse.cz\/index.php\/2025\/08\/16\/dar-ktery-ma-vahu-pribehu-stribrne-grose-se-jmenem\/\"},\"wordCount\":882,\"publisher\":{\"@id\":\"https:\/\/womenhouse.cz\/#organization\"},\"articleSection\":[\"NEWS\",\"TIPY &amp; TRENDY\"],\"inLanguage\":\"cs\"},{\"@type\":\"WebPage\",\"@id\":\"https:\/\/womenhouse.cz\/index.php\/2025\/08\/16\/dar-ktery-ma-vahu-pribehu-stribrne-grose-se-jmenem\/\",\"url\":\"https:\/\/womenhouse.cz\/index.php\/2025\/08\/16\/dar-ktery-ma-vahu-pribehu-stribrne-grose-se-jmenem\/\",\"name\":\"Dar, kter\u00fd m\u00e1 v\u00e1hu p\u0159\u00edb\u011bhu: St\u0159\u00edbrn\u00e9 gro\u0161e se jm\u00e9nem - WOMENHOUSE.cz\",\"isPartOf\":{\"@id\":\"https:\/\/womenhouse.cz\/#website\"},\"datePublished\":\"2025-08-16T15:41:09+00:00\",\"dateModified\":\"2025-10-13T23:13:02+00:00\",\"description\":\"Jedn\u00edm z takov\u00fdch unik\u00e1tn\u00edch dar\u016f je st\u0159\u00edbrn\u00fd \u201egro\u0161\u201c s \u010desk\u00fdm jm\u00e9nem, kter\u00fd spojuje staletou tradici s osobn\u00edm vzkazem pro va\u0161e bl\u00edzk\u00e9.\",\"breadcrumb\":{\"@id\":\"https:\/\/womenhouse.cz\/index.php\/2025\/08\/16\/dar-ktery-ma-vahu-pribehu-stribrne-grose-se-jmenem\/#breadcrumb\"},\"inLanguage\":\"cs\",\"potentialAction\":[{\"@type\":\"ReadAction\",\"target\":[\"https:\/\/womenhouse.cz\/index.php\/2025\/08\/16\/dar-ktery-ma-vahu-pribehu-stribrne-grose-se-jmenem\/\"]}]},{\"@type\":\"BreadcrumbList\",\"@id\":\"https:\/\/womenhouse.cz\/index.php\/2025\/08\/16\/dar-ktery-ma-vahu-pribehu-stribrne-grose-se-jmenem\/#breadcrumb\",\"itemListElement\":[{\"@type\":\"ListItem\",\"position\":1,\"name\":\"Dom\u016f\",\"item\":\"https:\/\/womenhouse.cz\/\"},{\"@type\":\"ListItem\",\"position\":2,\"name\":\"Dar, kter\u00fd m\u00e1 v\u00e1hu p\u0159\u00edb\u011bhu: St\u0159\u00edbrn\u00e9 gro\u0161e se jm\u00e9nem\"}]},{\"@type\":\"WebSite\",\"@id\":\"https:\/\/womenhouse.cz\/#website\",\"url\":\"https:\/\/womenhouse.cz\/\",\"name\":\"WOMENHOUSE.cz\",\"description\":\"Port\u00e1l v\u00fdhradn\u011b jen pro \u017eeny...\",\"publisher\":{\"@id\":\"https:\/\/womenhouse.cz\/#organization\"},\"potentialAction\":[{\"@type\":\"SearchAction\",\"target\":{\"@type\":\"EntryPoint\",\"urlTemplate\":\"https:\/\/womenhouse.cz\/?s={search_term_string}\"},\"query-input\":\"required name=search_term_string\"}],\"inLanguage\":\"cs\"},{\"@type\":\"Organization\",\"@id\":\"https:\/\/womenhouse.cz\/#organization\",\"name\":\"WOMENHOUSE.cz\",\"url\":\"https:\/\/womenhouse.cz\/\",\"logo\":{\"@type\":\"ImageObject\",\"inLanguage\":\"cs\",\"@id\":\"https:\/\/womenhouse.cz\/#\/schema\/logo\/image\/\",\"url\":\"https:\/\/womenhouse.cz\/wp-content\/uploads\/2020\/06\/cropped-logo_Womenhouse_RGB-02-removebg-preview-1.png\",\"contentUrl\":\"https:\/\/womenhouse.cz\/wp-content\/uploads\/2020\/06\/cropped-logo_Womenhouse_RGB-02-removebg-preview-1.png\",\"width\":561,\"height\":375,\"caption\":\"WOMENHOUSE.cz\"},\"image\":{\"@id\":\"https:\/\/womenhouse.cz\/#\/schema\/logo\/image\/\"},\"sameAs\":[\"https:\/\/www.facebook.com\/womenhousecz\",\"https:\/\/www.instagram.com\/womenhousecz\/\"]},{\"@type\":\"Person\",\"@id\":\"https:\/\/womenhouse.cz\/#\/schema\/person\/4a1fde0be3f0c5dd5006ba6dc68c7656\",\"name\":\"Petra Kub\u00edkov\u00e1\",\"sameAs\":[\"http:\/\/WOMENHOUSE.cz\"],\"url\":\"https:\/\/womenhouse.cz\/index.php\/author\/kubip\/\"}]}<\/script>\n<!-- \/ Yoast SEO plugin. -->","yoast_head_json":{"title":"Dar, kter\u00fd m\u00e1 v\u00e1hu p\u0159\u00edb\u011bhu: St\u0159\u00edbrn\u00e9 gro\u0161e se jm\u00e9nem - WOMENHOUSE.cz","description":"Jedn\u00edm z takov\u00fdch unik\u00e1tn\u00edch dar\u016f je st\u0159\u00edbrn\u00fd \u201egro\u0161\u201c s \u010desk\u00fdm jm\u00e9nem, kter\u00fd spojuje staletou tradici s osobn\u00edm vzkazem pro va\u0161e bl\u00edzk\u00e9.","robots":{"index":"index","follow":"follow","max-snippet":"max-snippet:-1","max-image-preview":"max-image-preview:large","max-video-preview":"max-video-preview:-1"},"canonical":"https:\/\/womenhouse.cz\/index.php\/2025\/08\/16\/dar-ktery-ma-vahu-pribehu-stribrne-grose-se-jmenem\/","og_locale":"cs_CZ","og_type":"article","og_title":"Dar, kter\u00fd m\u00e1 v\u00e1hu p\u0159\u00edb\u011bhu: St\u0159\u00edbrn\u00e9 gro\u0161e se jm\u00e9nem - WOMENHOUSE.cz","og_description":"Jedn\u00edm z takov\u00fdch unik\u00e1tn\u00edch dar\u016f je st\u0159\u00edbrn\u00fd \u201egro\u0161\u201c s \u010desk\u00fdm jm\u00e9nem, kter\u00fd spojuje staletou tradici s osobn\u00edm vzkazem pro va\u0161e bl\u00edzk\u00e9.","og_url":"https:\/\/womenhouse.cz\/index.php\/2025\/08\/16\/dar-ktery-ma-vahu-pribehu-stribrne-grose-se-jmenem\/","og_site_name":"WOMENHOUSE.cz","article_publisher":"https:\/\/www.facebook.com\/womenhousecz","article_published_time":"2025-08-16T15:41:09+00:00","article_modified_time":"2025-10-13T23:13:02+00:00","og_image":[{"width":500,"height":500,"url":"https:\/\/womenhouse.cz\/wp-content\/uploads\/2025\/08\/Denisa_Ag_3B.jpg","type":"image\/jpeg"}],"author":"Petra Kub\u00edkov\u00e1","twitter_card":"summary_large_image","twitter_misc":{"Napsal(a)":"Petra Kub\u00edkov\u00e1","Odhadovan\u00e1 doba \u010dten\u00ed":"7 minut"},"schema":{"@context":"https:\/\/schema.org","@graph":[{"@type":"Article","@id":"https:\/\/womenhouse.cz\/index.php\/2025\/08\/16\/dar-ktery-ma-vahu-pribehu-stribrne-grose-se-jmenem\/#article","isPartOf":{"@id":"https:\/\/womenhouse.cz\/index.php\/2025\/08\/16\/dar-ktery-ma-vahu-pribehu-stribrne-grose-se-jmenem\/"},"author":{"name":"Petra Kub\u00edkov\u00e1","@id":"https:\/\/womenhouse.cz\/#\/schema\/person\/4a1fde0be3f0c5dd5006ba6dc68c7656"},"headline":"Dar, kter\u00fd m\u00e1 v\u00e1hu p\u0159\u00edb\u011bhu: St\u0159\u00edbrn\u00e9 gro\u0161e se jm\u00e9nem","datePublished":"2025-08-16T15:41:09+00:00","dateModified":"2025-10-13T23:13:02+00:00","mainEntityOfPage":{"@id":"https:\/\/womenhouse.cz\/index.php\/2025\/08\/16\/dar-ktery-ma-vahu-pribehu-stribrne-grose-se-jmenem\/"},"wordCount":882,"publisher":{"@id":"https:\/\/womenhouse.cz\/#organization"},"articleSection":["NEWS","TIPY &amp; TRENDY"],"inLanguage":"cs"},{"@type":"WebPage","@id":"https:\/\/womenhouse.cz\/index.php\/2025\/08\/16\/dar-ktery-ma-vahu-pribehu-stribrne-grose-se-jmenem\/","url":"https:\/\/womenhouse.cz\/index.php\/2025\/08\/16\/dar-ktery-ma-vahu-pribehu-stribrne-grose-se-jmenem\/","name":"Dar, kter\u00fd m\u00e1 v\u00e1hu p\u0159\u00edb\u011bhu: St\u0159\u00edbrn\u00e9 gro\u0161e se jm\u00e9nem - WOMENHOUSE.cz","isPartOf":{"@id":"https:\/\/womenhouse.cz\/#website"},"datePublished":"2025-08-16T15:41:09+00:00","dateModified":"2025-10-13T23:13:02+00:00","description":"Jedn\u00edm z takov\u00fdch unik\u00e1tn\u00edch dar\u016f je st\u0159\u00edbrn\u00fd \u201egro\u0161\u201c s \u010desk\u00fdm jm\u00e9nem, kter\u00fd spojuje staletou tradici s osobn\u00edm vzkazem pro va\u0161e bl\u00edzk\u00e9.","breadcrumb":{"@id":"https:\/\/womenhouse.cz\/index.php\/2025\/08\/16\/dar-ktery-ma-vahu-pribehu-stribrne-grose-se-jmenem\/#breadcrumb"},"inLanguage":"cs","potentialAction":[{"@type":"ReadAction","target":["https:\/\/womenhouse.cz\/index.php\/2025\/08\/16\/dar-ktery-ma-vahu-pribehu-stribrne-grose-se-jmenem\/"]}]},{"@type":"BreadcrumbList","@id":"https:\/\/womenhouse.cz\/index.php\/2025\/08\/16\/dar-ktery-ma-vahu-pribehu-stribrne-grose-se-jmenem\/#breadcrumb","itemListElement":[{"@type":"ListItem","position":1,"name":"Dom\u016f","item":"https:\/\/womenhouse.cz\/"},{"@type":"ListItem","position":2,"name":"Dar, kter\u00fd m\u00e1 v\u00e1hu p\u0159\u00edb\u011bhu: St\u0159\u00edbrn\u00e9 gro\u0161e se jm\u00e9nem"}]},{"@type":"WebSite","@id":"https:\/\/womenhouse.cz\/#website","url":"https:\/\/womenhouse.cz\/","name":"WOMENHOUSE.cz","description":"Port\u00e1l v\u00fdhradn\u011b jen pro \u017eeny...","publisher":{"@id":"https:\/\/womenhouse.cz\/#organization"},"potentialAction":[{"@type":"SearchAction","target":{"@type":"EntryPoint","urlTemplate":"https:\/\/womenhouse.cz\/?s={search_term_string}"},"query-input":"required name=search_term_string"}],"inLanguage":"cs"},{"@type":"Organization","@id":"https:\/\/womenhouse.cz\/#organization","name":"WOMENHOUSE.cz","url":"https:\/\/womenhouse.cz\/","logo":{"@type":"ImageObject","inLanguage":"cs","@id":"https:\/\/womenhouse.cz\/#\/schema\/logo\/image\/","url":"https:\/\/womenhouse.cz\/wp-content\/uploads\/2020\/06\/cropped-logo_Womenhouse_RGB-02-removebg-preview-1.png","contentUrl":"https:\/\/womenhouse.cz\/wp-content\/uploads\/2020\/06\/cropped-logo_Womenhouse_RGB-02-removebg-preview-1.png","width":561,"height":375,"caption":"WOMENHOUSE.cz"},"image":{"@id":"https:\/\/womenhouse.cz\/#\/schema\/logo\/image\/"},"sameAs":["https:\/\/www.facebook.com\/womenhousecz","https:\/\/www.instagram.com\/womenhousecz\/"]},{"@type":"Person","@id":"https:\/\/womenhouse.cz\/#\/schema\/person\/4a1fde0be3f0c5dd5006ba6dc68c7656","name":"Petra Kub\u00edkov\u00e1","sameAs":["http:\/\/WOMENHOUSE.cz"],"url":"https:\/\/womenhouse.cz\/index.php\/author\/kubip\/"}]}},"_links":{"self":[{"href":"https:\/\/womenhouse.cz\/index.php\/wp-json\/wp\/v2\/posts\/15957"}],"collection":[{"href":"https:\/\/womenhouse.cz\/index.php\/wp-json\/wp\/v2\/posts"}],"about":[{"href":"https:\/\/womenhouse.cz\/index.php\/wp-json\/wp\/v2\/types\/post"}],"author":[{"embeddable":true,"href":"https:\/\/womenhouse.cz\/index.php\/wp-json\/wp\/v2\/users\/6"}],"replies":[{"embeddable":true,"href":"https:\/\/womenhouse.cz\/index.php\/wp-json\/wp\/v2\/comments?post=15957"}],"version-history":[{"count":-4,"href":"https:\/\/womenhouse.cz\/index.php\/wp-json\/wp\/v2\/posts\/15957\/revisions"}],"wp:featuredmedia":[{"embeddable":true,"href":"https:\/\/womenhouse.cz\/index.php\/wp-json\/wp\/v2\/media\/15966"}],"wp:attachment":[{"href":"https:\/\/womenhouse.cz\/index.php\/wp-json\/wp\/v2\/media?parent=15957"}],"wp:term":[{"taxonomy":"category","embeddable":true,"href":"https:\/\/womenhouse.cz\/index.php\/wp-json\/wp\/v2\/categories?post=15957"},{"taxonomy":"post_tag","embeddable":true,"href":"https:\/\/womenhouse.cz\/index.php\/wp-json\/wp\/v2\/tags?post=15957"}],"curies":[{"name":"wp","href":"https:\/\/api.w.org\/{rel}","templated":true}]}}