{"id":15941,"date":"2025-10-10T00:01:00","date_gmt":"2025-10-09T22:01:00","guid":{"rendered":"https:\/\/womenhouse.cz\/?p=15941"},"modified":"2025-11-26T03:16:49","modified_gmt":"2025-11-26T02:16:49","slug":"food-pecene-avokado-a-cervena-repa-s-tvaruzky","status":"publish","type":"post","link":"https:\/\/womenhouse.cz\/index.php\/2025\/10\/10\/food-pecene-avokado-a-cervena-repa-s-tvaruzky\/","title":{"rendered":"FOOD: Pe\u010den\u00e9 avok\u00e1do a \u010derven\u00e1 \u0159epa s tvar\u016f\u017eky"},"content":{"rendered":"\n<div style=\"height:45px\" aria-hidden=\"true\" class=\"wp-block-spacer\"><\/div>\n\n\n\n<p class=\"has-medium-font-size\"><strong>Letn\u00ed kuchyn\u011b m\u016f\u017ee b\u00fdt jednoduch\u00e1, pestr\u00e1 a p\u0159ekvapiv\u00e1 z\u00e1rove\u0148. V hlavn\u00ed roli se p\u0159edstavuj\u00ed Olomouck\u00e9 tvar\u016f\u017eky. D\u00edky n\u00edzk\u00e9mu obsahu tuku a vysok\u00e9mu pod\u00edlu b\u00edlkovin jsou ide\u00e1ln\u00ed volbou pro ka\u017ed\u00e9ho, kdo chce j\u00edst zdrav\u011b a z\u00e1rove\u0148 chutn\u011b. P\u0159ipravte si pe\u010den\u00e9 avok\u00e1do s vaj\u00ed\u010dkem nebo osv\u011b\u017euj\u00edc\u00ed sal\u00e1t z \u010derven\u00e9 \u0159epy a rukoly.<\/strong><\/p>\n\n\n\n<div style=\"height:45px\" aria-hidden=\"true\" class=\"wp-block-spacer\"><\/div>\n\n\n<div class=\"wp-block-image\">\n<figure class=\"aligncenter size-large\"><img decoding=\"async\" src=\"https:\/\/celebrityhouse.cz\/wp-content\/uploads\/2025\/08\/Foto_Olomoucke-tvaruzky_Salat-z-cervene-repy-s-tvaruzky-a-rukolou-1017x1024.jpg\" alt=\"Letn\u00ed inspirace z Lo\u0161tic\" class=\"wp-image-12386\" \/><\/figure><\/div>\n\n\n<div style=\"height:45px\" aria-hidden=\"true\" class=\"wp-block-spacer\"><\/div>\n\n\n\n<p class=\"has-medium-font-size\">Olomouck\u00e9 tvar\u016f\u017eky jsou p\u016fvodn\u00edm \u010desk\u00fdm zraj\u00edc\u00edm s\u00fdrem. Vyr\u00e1b\u011bj\u00ed se v Lo\u0161tic\u00edch z netu\u010dn\u00e9ho kysel\u00e9ho tvarohu bez pou\u017eit\u00ed sy\u0159idel, barviv, aromat \u010di stabiliz\u00e1tor\u016f. Obsahuj\u00ed plnohodnotn\u00e9 b\u00edlkoviny, v\u00e1pn\u00edk a d\u00edky n\u00edzk\u00e9mu obsahu tuku se hod\u00ed i do reduk\u010dn\u00edho j\u00eddeln\u00ed\u010dku. Tradi\u010dn\u00ed \u010desk\u00fd produkt tak m\u016f\u017ee b\u00fdt z\u00e1kladem modern\u00ed a lehk\u00e9 kuchyn\u011b. Ve spojen\u00ed se sezonn\u00ed zeleninou nebo ovocem vzniknou chutn\u00e1 a lehk\u00e1 j\u00eddla. <em>\u201eV letn\u00edch m\u011bs\u00edc\u00edch hled\u00e1me recepty, kter\u00e9 jsou rychl\u00e9, lehk\u00e9 a v\u00fd\u017eivn\u00e9. P\u0159esn\u011b to spl\u0148uj\u00ed j\u00eddla s Olomouck\u00fdmi tvar\u016f\u017eky. Nav\u00edc jsou bezlepkov\u00e9, bez chemick\u00fdch p\u0159\u00edsad a perfektn\u011b zapadaj\u00ed do modern\u00edho stravov\u00e1n\u00ed,\u201c<\/em> \u0159\u00edk\u00e1 <strong>Leo\u0161 Kalandra, vedouc\u00ed obchodu a marketingu spole\u010dnosti A. W., v\u00fdrobce tvar\u016f\u017ek\u016f pod zna\u010dkou Olomouck\u00e9 tvar\u016f\u017eky<\/strong>.<\/p>\n\n\n\n<div style=\"height:45px\" aria-hidden=\"true\" class=\"wp-block-spacer\"><\/div>\n\n\n<div class=\"wp-block-image\">\n<figure class=\"aligncenter size-large\"><img decoding=\"async\" src=\"https:\/\/celebrityhouse.cz\/wp-content\/uploads\/2025\/08\/Foto_Olomoucke-tvaruzky_Pecene-avokado-s-vajickem1-683x1024.jpg\" alt=\"Letn\u00ed inspirace z Lo\u0161tic\" class=\"wp-image-12387\" \/><\/figure><\/div>\n\n\n<div style=\"height:45px\" aria-hidden=\"true\" class=\"wp-block-spacer\"><\/div>\n\n\n\n<h2 class=\"wp-block-heading\">I. Pe\u010den\u00e9 avok\u00e1do s vaj\u00ed\u010dkem a tvar\u016f\u017eky<\/h2>\n\n\n\n<div style=\"height:21px\" aria-hidden=\"true\" class=\"wp-block-spacer\"><\/div>\n\n\n\n<p class=\"has-medium-font-size\">Suroviny: 1 vyzr\u00e1l\u00e9 avok\u00e1do, 2 vejce, 60 g Olomouck\u00fdch tvar\u016f\u017ek\u016f (druh V\u011bne\u010dky), 2 l\u017e\u00edce polosu\u0161en\u00fdch raj\u010dat<\/p>\n\n\n\n<p class=\"has-medium-font-size\">Postup: Avok\u00e1do rozkrojte a vyjm\u011bte pecku. L\u017e\u00edc\u00ed lehce roz\u0161i\u0159te d\u016flek. Vlijte do n\u011bj jedno vejce, p\u0159idejte raj\u010data, posypte nadrobno nakr\u00e1jen\u00fdmi tvar\u016f\u017eky a pe\u010dte 15 minut p\u0159i 200 \u00b0C.<\/p>\n\n\n\n<div style=\"height:45px\" aria-hidden=\"true\" class=\"wp-block-spacer\"><\/div>\n\n\n<div class=\"wp-block-image\">\n<figure class=\"aligncenter size-large\"><img decoding=\"async\" src=\"https:\/\/celebrityhouse.cz\/wp-content\/uploads\/2025\/08\/Foto_Olomoucke-tvaruzky_Salat-z-cervene-repy-s-tvaruzky-a-rukolou1-683x1024.jpg\" alt=\"Letn\u00ed inspirace z Lo\u0161tic\" class=\"wp-image-12388\" \/><\/figure><\/div>\n\n\n<div style=\"height:45px\" aria-hidden=\"true\" class=\"wp-block-spacer\"><\/div>\n\n\n\n<h2 class=\"wp-block-heading\">II. Sal\u00e1t z \u010derven\u00e9 \u0159epy s tvar\u016f\u017eky a rukolou<\/h2>\n\n\n\n<div style=\"height:21px\" aria-hidden=\"true\" class=\"wp-block-spacer\"><\/div>\n\n\n\n<p class=\"has-medium-font-size\">Suroviny: 300 g va\u0159en\u00e9 \u010derven\u00e9 \u0159epy, 125 g Olomouck\u00fdch tvar\u016f\u017ek\u016f (druh Kousky), 150 g rukoly, ? sal\u00e1tov\u00e9 okurky, 1 l\u017ei\u010dka koriandrov\u00fdch sem\u00ednek<\/p>\n\n\n\n<p class=\"has-medium-font-size\">Dresink: 3 l\u017e\u00edce olivov\u00e9ho oleje, 2 l\u017e\u00edce balzamikov\u00e9ho octa, 1 l\u017e\u00edce medu, 1 mal\u00e1 \u0161alotka, s\u016fl, pep\u0159<\/p>\n\n\n\n<p class=\"has-medium-font-size\">Postup: \u0158epu nakr\u00e1jejte, p\u0159idejte dresink z oleje, medu, octa a \u0161alotky. Vm\u00edchejte pl\u00e1tky okurky, rukolu a tvar\u016f\u017eky. Na z\u00e1v\u011br posypte koriandrem. Hotovo za p\u00e1r minut a s plnou chut\u00ed.<\/p>\n\n\n\n<p class=\"has-medium-font-size\">M\u00e1te ide\u00e1ln\u00ed ob\u011bd do hork\u00e9ho dne. Sv\u011b\u017e\u00ed, jednoduch\u00fd a v\u00fd\u017eivn\u00fd.<\/p>\n\n\n\n<div style=\"height:45px\" aria-hidden=\"true\" class=\"wp-block-spacer\"><\/div>\n\n\n\n<figure class=\"wp-block-gallery has-nested-images columns-2 is-cropped wp-block-gallery-1 is-layout-flex wp-block-gallery-is-layout-flex\">\n<figure class=\"wp-block-image size-large\"><img decoding=\"async\" data-id=\"12388\" src=\"https:\/\/celebrityhouse.cz\/wp-content\/uploads\/2025\/08\/Foto_Olomoucke-tvaruzky_Salat-z-cervene-repy-s-tvaruzky-a-rukolou1-683x1024.jpg\" alt=\"Letn\u00ed inspirace z Lo\u0161tic\" class=\"wp-image-12388\" \/><\/figure>\n\n\n\n<figure class=\"wp-block-image size-large\"><img decoding=\"async\" data-id=\"12387\" src=\"https:\/\/celebrityhouse.cz\/wp-content\/uploads\/2025\/08\/Foto_Olomoucke-tvaruzky_Pecene-avokado-s-vajickem1-683x1024.jpg\" alt=\"Letn\u00ed inspirace z Lo\u0161tic\" class=\"wp-image-12387\" \/><\/figure>\n\n\n\n<figure class=\"wp-block-image size-large\"><img decoding=\"async\" data-id=\"12386\" src=\"https:\/\/celebrityhouse.cz\/wp-content\/uploads\/2025\/08\/Foto_Olomoucke-tvaruzky_Salat-z-cervene-repy-s-tvaruzky-a-rukolou-1017x1024.jpg\" alt=\"Letn\u00ed inspirace z Lo\u0161tic\" class=\"wp-image-12386\" \/><\/figure>\n\n\n\n<figure class=\"wp-block-image size-large\"><img decoding=\"async\" data-id=\"12389\" src=\"https:\/\/celebrityhouse.cz\/wp-content\/uploads\/2025\/08\/Foto_Olomoucke-tvaruzky_Pecene-avokado-s-vajickem-945x1024.jpg\" alt=\"Letn\u00ed inspirace z Lo\u0161tic\" class=\"wp-image-12389\" \/><\/figure>\n<\/figure>\n\n\n\n<div style=\"height:45px\" aria-hidden=\"true\" class=\"wp-block-spacer\"><\/div>\n\n\n\n<p class=\"has-medium-font-size\"><strong>Zdroj foto:&nbsp;<\/strong>Tvaruzky.cz<\/p>\n\n\n\n<div style=\"height:45px\" aria-hidden=\"true\" class=\"wp-block-spacer\"><\/div>\n","protected":false},"excerpt":{"rendered":"<p>Letn\u00ed kuchyn\u011b m\u016f\u017ee b\u00fdt jednoduch\u00e1, pestr\u00e1 a p\u0159ekvapiv\u00e1 z\u00e1rove\u0148. V hlavn\u00ed roli se p\u0159edstavuj\u00ed Olomouck\u00e9 tvar\u016f\u017eky. D\u00edky n\u00edzk\u00e9mu obsahu tuku a vysok\u00e9mu pod\u00edlu b\u00edlkovin jsou ide\u00e1ln\u00ed volbou pro ka\u017ed\u00e9ho, kdo chce j\u00edst zdrav\u011b a z\u00e1rove\u0148 chutn\u011b. P\u0159ipravte si pe\u010den\u00e9 avok\u00e1do s vaj\u00ed\u010dkem nebo osv\u011b\u017euj\u00edc\u00ed sal\u00e1t z \u010derven\u00e9 \u0159epy a rukoly. Olomouck\u00e9 tvar\u016f\u017eky jsou p\u016fvodn\u00edm \u010desk\u00fdm [&hellip;]<\/p>\n","protected":false},"author":9,"featured_media":15945,"comment_status":"closed","ping_status":"closed","sticky":false,"template":"","format":"standard","meta":{"_mi_skip_tracking":false,"_monsterinsights_sitenote_active":false,"_monsterinsights_sitenote_note":"","_monsterinsights_sitenote_category":0,"footnotes":""},"categories":[15,2,12],"tags":[],"yoast_head":"<!-- This site is optimized with the Yoast SEO plugin v21.5 - https:\/\/yoast.com\/wordpress\/plugins\/seo\/ -->\n<title>FOOD: Pe\u010den\u00e9 avok\u00e1do a \u010derven\u00e1 \u0159epa s tvar\u016f\u017eky - WOMENHOUSE.cz<\/title>\n<meta name=\"description\" content=\"Letn\u00ed kuchyn\u011b m\u016f\u017ee b\u00fdt jednoduch\u00e1, pestr\u00e1 a p\u0159ekvapiv\u00e1 z\u00e1rove\u0148. V hlavn\u00ed roli se p\u0159edstavuj\u00ed Olomouck\u00e9 tvar\u016f\u017eky.\" \/>\n<meta name=\"robots\" content=\"index, follow, max-snippet:-1, max-image-preview:large, max-video-preview:-1\" \/>\n<link rel=\"canonical\" href=\"https:\/\/womenhouse.cz\/index.php\/2025\/10\/10\/food-pecene-avokado-a-cervena-repa-s-tvaruzky\/\" \/>\n<meta property=\"og:locale\" content=\"cs_CZ\" \/>\n<meta property=\"og:type\" content=\"article\" \/>\n<meta property=\"og:title\" content=\"FOOD: Pe\u010den\u00e9 avok\u00e1do a \u010derven\u00e1 \u0159epa s tvar\u016f\u017eky - WOMENHOUSE.cz\" \/>\n<meta property=\"og:description\" content=\"Letn\u00ed kuchyn\u011b m\u016f\u017ee b\u00fdt jednoduch\u00e1, pestr\u00e1 a p\u0159ekvapiv\u00e1 z\u00e1rove\u0148. V hlavn\u00ed roli se p\u0159edstavuj\u00ed Olomouck\u00e9 tvar\u016f\u017eky.\" \/>\n<meta property=\"og:url\" content=\"https:\/\/womenhouse.cz\/index.php\/2025\/10\/10\/food-pecene-avokado-a-cervena-repa-s-tvaruzky\/\" \/>\n<meta property=\"og:site_name\" content=\"WOMENHOUSE.cz\" \/>\n<meta property=\"article:publisher\" content=\"https:\/\/www.facebook.com\/womenhousecz\" \/>\n<meta property=\"article:published_time\" content=\"2025-10-09T22:01:00+00:00\" \/>\n<meta property=\"article:modified_time\" content=\"2025-11-26T02:16:49+00:00\" \/>\n<meta property=\"og:image\" content=\"https:\/\/womenhouse.cz\/wp-content\/uploads\/2025\/08\/Foto_Olomoucke-tvaruzky_Salat-z-cervene-repy-s-tvaruzky-a-rukolou1.jpg\" \/>\n\t<meta property=\"og:image:width\" content=\"1707\" \/>\n\t<meta property=\"og:image:height\" content=\"2560\" \/>\n\t<meta property=\"og:image:type\" content=\"image\/jpeg\" \/>\n<meta name=\"author\" content=\"Martina Pechov\u00e1\" \/>\n<meta name=\"twitter:card\" content=\"summary_large_image\" \/>\n<meta name=\"twitter:label1\" content=\"Napsal(a)\" \/>\n\t<meta name=\"twitter:data1\" content=\"Martina Pechov\u00e1\" \/>\n\t<meta name=\"twitter:label2\" content=\"Odhadovan\u00e1 doba \u010dten\u00ed\" \/>\n\t<meta name=\"twitter:data2\" content=\"4 minuty\" \/>\n<script type=\"application\/ld+json\" class=\"yoast-schema-graph\">{\"@context\":\"https:\/\/schema.org\",\"@graph\":[{\"@type\":\"Article\",\"@id\":\"https:\/\/womenhouse.cz\/index.php\/2025\/10\/10\/food-pecene-avokado-a-cervena-repa-s-tvaruzky\/#article\",\"isPartOf\":{\"@id\":\"https:\/\/womenhouse.cz\/index.php\/2025\/10\/10\/food-pecene-avokado-a-cervena-repa-s-tvaruzky\/\"},\"author\":{\"name\":\"Martina Pechov\u00e1\",\"@id\":\"https:\/\/womenhouse.cz\/#\/schema\/person\/09851c27907b92bbc8bcd7f3dfb2a802\"},\"headline\":\"FOOD: Pe\u010den\u00e9 avok\u00e1do a \u010derven\u00e1 \u0159epa s tvar\u016f\u017eky\",\"datePublished\":\"2025-10-09T22:01:00+00:00\",\"dateModified\":\"2025-11-26T02:16:49+00:00\",\"mainEntityOfPage\":{\"@id\":\"https:\/\/womenhouse.cz\/index.php\/2025\/10\/10\/food-pecene-avokado-a-cervena-repa-s-tvaruzky\/\"},\"wordCount\":429,\"publisher\":{\"@id\":\"https:\/\/womenhouse.cz\/#organization\"},\"articleSection\":[\"GASTRO &amp; RECEPTY\",\"NEWS\",\"TIPY &amp; TRENDY\"],\"inLanguage\":\"cs\"},{\"@type\":\"WebPage\",\"@id\":\"https:\/\/womenhouse.cz\/index.php\/2025\/10\/10\/food-pecene-avokado-a-cervena-repa-s-tvaruzky\/\",\"url\":\"https:\/\/womenhouse.cz\/index.php\/2025\/10\/10\/food-pecene-avokado-a-cervena-repa-s-tvaruzky\/\",\"name\":\"FOOD: Pe\u010den\u00e9 avok\u00e1do a \u010derven\u00e1 \u0159epa s tvar\u016f\u017eky - WOMENHOUSE.cz\",\"isPartOf\":{\"@id\":\"https:\/\/womenhouse.cz\/#website\"},\"datePublished\":\"2025-10-09T22:01:00+00:00\",\"dateModified\":\"2025-11-26T02:16:49+00:00\",\"description\":\"Letn\u00ed kuchyn\u011b m\u016f\u017ee b\u00fdt jednoduch\u00e1, pestr\u00e1 a p\u0159ekvapiv\u00e1 z\u00e1rove\u0148. V hlavn\u00ed roli se p\u0159edstavuj\u00ed Olomouck\u00e9 tvar\u016f\u017eky.\",\"breadcrumb\":{\"@id\":\"https:\/\/womenhouse.cz\/index.php\/2025\/10\/10\/food-pecene-avokado-a-cervena-repa-s-tvaruzky\/#breadcrumb\"},\"inLanguage\":\"cs\",\"potentialAction\":[{\"@type\":\"ReadAction\",\"target\":[\"https:\/\/womenhouse.cz\/index.php\/2025\/10\/10\/food-pecene-avokado-a-cervena-repa-s-tvaruzky\/\"]}]},{\"@type\":\"BreadcrumbList\",\"@id\":\"https:\/\/womenhouse.cz\/index.php\/2025\/10\/10\/food-pecene-avokado-a-cervena-repa-s-tvaruzky\/#breadcrumb\",\"itemListElement\":[{\"@type\":\"ListItem\",\"position\":1,\"name\":\"Dom\u016f\",\"item\":\"https:\/\/womenhouse.cz\/\"},{\"@type\":\"ListItem\",\"position\":2,\"name\":\"FOOD: Pe\u010den\u00e9 avok\u00e1do a \u010derven\u00e1 \u0159epa s tvar\u016f\u017eky\"}]},{\"@type\":\"WebSite\",\"@id\":\"https:\/\/womenhouse.cz\/#website\",\"url\":\"https:\/\/womenhouse.cz\/\",\"name\":\"WOMENHOUSE.cz\",\"description\":\"Port\u00e1l v\u00fdhradn\u011b jen pro \u017eeny...\",\"publisher\":{\"@id\":\"https:\/\/womenhouse.cz\/#organization\"},\"potentialAction\":[{\"@type\":\"SearchAction\",\"target\":{\"@type\":\"EntryPoint\",\"urlTemplate\":\"https:\/\/womenhouse.cz\/?s={search_term_string}\"},\"query-input\":\"required name=search_term_string\"}],\"inLanguage\":\"cs\"},{\"@type\":\"Organization\",\"@id\":\"https:\/\/womenhouse.cz\/#organization\",\"name\":\"WOMENHOUSE.cz\",\"url\":\"https:\/\/womenhouse.cz\/\",\"logo\":{\"@type\":\"ImageObject\",\"inLanguage\":\"cs\",\"@id\":\"https:\/\/womenhouse.cz\/#\/schema\/logo\/image\/\",\"url\":\"https:\/\/womenhouse.cz\/wp-content\/uploads\/2020\/06\/cropped-logo_Womenhouse_RGB-02-removebg-preview-1.png\",\"contentUrl\":\"https:\/\/womenhouse.cz\/wp-content\/uploads\/2020\/06\/cropped-logo_Womenhouse_RGB-02-removebg-preview-1.png\",\"width\":561,\"height\":375,\"caption\":\"WOMENHOUSE.cz\"},\"image\":{\"@id\":\"https:\/\/womenhouse.cz\/#\/schema\/logo\/image\/\"},\"sameAs\":[\"https:\/\/www.facebook.com\/womenhousecz\",\"https:\/\/www.instagram.com\/womenhousecz\/\"]},{\"@type\":\"Person\",\"@id\":\"https:\/\/womenhouse.cz\/#\/schema\/person\/09851c27907b92bbc8bcd7f3dfb2a802\",\"name\":\"Martina Pechov\u00e1\",\"sameAs\":[\"http:\/\/WOMENHOUSE.cz\"],\"url\":\"https:\/\/womenhouse.cz\/index.php\/author\/marpech\/\"}]}<\/script>\n<!-- \/ Yoast SEO plugin. -->","yoast_head_json":{"title":"FOOD: Pe\u010den\u00e9 avok\u00e1do a \u010derven\u00e1 \u0159epa s tvar\u016f\u017eky - WOMENHOUSE.cz","description":"Letn\u00ed kuchyn\u011b m\u016f\u017ee b\u00fdt jednoduch\u00e1, pestr\u00e1 a p\u0159ekvapiv\u00e1 z\u00e1rove\u0148. V hlavn\u00ed roli se p\u0159edstavuj\u00ed Olomouck\u00e9 tvar\u016f\u017eky.","robots":{"index":"index","follow":"follow","max-snippet":"max-snippet:-1","max-image-preview":"max-image-preview:large","max-video-preview":"max-video-preview:-1"},"canonical":"https:\/\/womenhouse.cz\/index.php\/2025\/10\/10\/food-pecene-avokado-a-cervena-repa-s-tvaruzky\/","og_locale":"cs_CZ","og_type":"article","og_title":"FOOD: Pe\u010den\u00e9 avok\u00e1do a \u010derven\u00e1 \u0159epa s tvar\u016f\u017eky - WOMENHOUSE.cz","og_description":"Letn\u00ed kuchyn\u011b m\u016f\u017ee b\u00fdt jednoduch\u00e1, pestr\u00e1 a p\u0159ekvapiv\u00e1 z\u00e1rove\u0148. V hlavn\u00ed roli se p\u0159edstavuj\u00ed Olomouck\u00e9 tvar\u016f\u017eky.","og_url":"https:\/\/womenhouse.cz\/index.php\/2025\/10\/10\/food-pecene-avokado-a-cervena-repa-s-tvaruzky\/","og_site_name":"WOMENHOUSE.cz","article_publisher":"https:\/\/www.facebook.com\/womenhousecz","article_published_time":"2025-10-09T22:01:00+00:00","article_modified_time":"2025-11-26T02:16:49+00:00","og_image":[{"width":1707,"height":2560,"url":"https:\/\/womenhouse.cz\/wp-content\/uploads\/2025\/08\/Foto_Olomoucke-tvaruzky_Salat-z-cervene-repy-s-tvaruzky-a-rukolou1.jpg","type":"image\/jpeg"}],"author":"Martina Pechov\u00e1","twitter_card":"summary_large_image","twitter_misc":{"Napsal(a)":"Martina Pechov\u00e1","Odhadovan\u00e1 doba \u010dten\u00ed":"4 minuty"},"schema":{"@context":"https:\/\/schema.org","@graph":[{"@type":"Article","@id":"https:\/\/womenhouse.cz\/index.php\/2025\/10\/10\/food-pecene-avokado-a-cervena-repa-s-tvaruzky\/#article","isPartOf":{"@id":"https:\/\/womenhouse.cz\/index.php\/2025\/10\/10\/food-pecene-avokado-a-cervena-repa-s-tvaruzky\/"},"author":{"name":"Martina Pechov\u00e1","@id":"https:\/\/womenhouse.cz\/#\/schema\/person\/09851c27907b92bbc8bcd7f3dfb2a802"},"headline":"FOOD: Pe\u010den\u00e9 avok\u00e1do a \u010derven\u00e1 \u0159epa s tvar\u016f\u017eky","datePublished":"2025-10-09T22:01:00+00:00","dateModified":"2025-11-26T02:16:49+00:00","mainEntityOfPage":{"@id":"https:\/\/womenhouse.cz\/index.php\/2025\/10\/10\/food-pecene-avokado-a-cervena-repa-s-tvaruzky\/"},"wordCount":429,"publisher":{"@id":"https:\/\/womenhouse.cz\/#organization"},"articleSection":["GASTRO &amp; RECEPTY","NEWS","TIPY &amp; TRENDY"],"inLanguage":"cs"},{"@type":"WebPage","@id":"https:\/\/womenhouse.cz\/index.php\/2025\/10\/10\/food-pecene-avokado-a-cervena-repa-s-tvaruzky\/","url":"https:\/\/womenhouse.cz\/index.php\/2025\/10\/10\/food-pecene-avokado-a-cervena-repa-s-tvaruzky\/","name":"FOOD: Pe\u010den\u00e9 avok\u00e1do a \u010derven\u00e1 \u0159epa s tvar\u016f\u017eky - WOMENHOUSE.cz","isPartOf":{"@id":"https:\/\/womenhouse.cz\/#website"},"datePublished":"2025-10-09T22:01:00+00:00","dateModified":"2025-11-26T02:16:49+00:00","description":"Letn\u00ed kuchyn\u011b m\u016f\u017ee b\u00fdt jednoduch\u00e1, pestr\u00e1 a p\u0159ekvapiv\u00e1 z\u00e1rove\u0148. V hlavn\u00ed roli se p\u0159edstavuj\u00ed Olomouck\u00e9 tvar\u016f\u017eky.","breadcrumb":{"@id":"https:\/\/womenhouse.cz\/index.php\/2025\/10\/10\/food-pecene-avokado-a-cervena-repa-s-tvaruzky\/#breadcrumb"},"inLanguage":"cs","potentialAction":[{"@type":"ReadAction","target":["https:\/\/womenhouse.cz\/index.php\/2025\/10\/10\/food-pecene-avokado-a-cervena-repa-s-tvaruzky\/"]}]},{"@type":"BreadcrumbList","@id":"https:\/\/womenhouse.cz\/index.php\/2025\/10\/10\/food-pecene-avokado-a-cervena-repa-s-tvaruzky\/#breadcrumb","itemListElement":[{"@type":"ListItem","position":1,"name":"Dom\u016f","item":"https:\/\/womenhouse.cz\/"},{"@type":"ListItem","position":2,"name":"FOOD: Pe\u010den\u00e9 avok\u00e1do a \u010derven\u00e1 \u0159epa s tvar\u016f\u017eky"}]},{"@type":"WebSite","@id":"https:\/\/womenhouse.cz\/#website","url":"https:\/\/womenhouse.cz\/","name":"WOMENHOUSE.cz","description":"Port\u00e1l v\u00fdhradn\u011b jen pro \u017eeny...","publisher":{"@id":"https:\/\/womenhouse.cz\/#organization"},"potentialAction":[{"@type":"SearchAction","target":{"@type":"EntryPoint","urlTemplate":"https:\/\/womenhouse.cz\/?s={search_term_string}"},"query-input":"required name=search_term_string"}],"inLanguage":"cs"},{"@type":"Organization","@id":"https:\/\/womenhouse.cz\/#organization","name":"WOMENHOUSE.cz","url":"https:\/\/womenhouse.cz\/","logo":{"@type":"ImageObject","inLanguage":"cs","@id":"https:\/\/womenhouse.cz\/#\/schema\/logo\/image\/","url":"https:\/\/womenhouse.cz\/wp-content\/uploads\/2020\/06\/cropped-logo_Womenhouse_RGB-02-removebg-preview-1.png","contentUrl":"https:\/\/womenhouse.cz\/wp-content\/uploads\/2020\/06\/cropped-logo_Womenhouse_RGB-02-removebg-preview-1.png","width":561,"height":375,"caption":"WOMENHOUSE.cz"},"image":{"@id":"https:\/\/womenhouse.cz\/#\/schema\/logo\/image\/"},"sameAs":["https:\/\/www.facebook.com\/womenhousecz","https:\/\/www.instagram.com\/womenhousecz\/"]},{"@type":"Person","@id":"https:\/\/womenhouse.cz\/#\/schema\/person\/09851c27907b92bbc8bcd7f3dfb2a802","name":"Martina Pechov\u00e1","sameAs":["http:\/\/WOMENHOUSE.cz"],"url":"https:\/\/womenhouse.cz\/index.php\/author\/marpech\/"}]}},"_links":{"self":[{"href":"https:\/\/womenhouse.cz\/index.php\/wp-json\/wp\/v2\/posts\/15941"}],"collection":[{"href":"https:\/\/womenhouse.cz\/index.php\/wp-json\/wp\/v2\/posts"}],"about":[{"href":"https:\/\/womenhouse.cz\/index.php\/wp-json\/wp\/v2\/types\/post"}],"author":[{"embeddable":true,"href":"https:\/\/womenhouse.cz\/index.php\/wp-json\/wp\/v2\/users\/9"}],"replies":[{"embeddable":true,"href":"https:\/\/womenhouse.cz\/index.php\/wp-json\/wp\/v2\/comments?post=15941"}],"version-history":[{"count":-2,"href":"https:\/\/womenhouse.cz\/index.php\/wp-json\/wp\/v2\/posts\/15941\/revisions"}],"wp:featuredmedia":[{"embeddable":true,"href":"https:\/\/womenhouse.cz\/index.php\/wp-json\/wp\/v2\/media\/15945"}],"wp:attachment":[{"href":"https:\/\/womenhouse.cz\/index.php\/wp-json\/wp\/v2\/media?parent=15941"}],"wp:term":[{"taxonomy":"category","embeddable":true,"href":"https:\/\/womenhouse.cz\/index.php\/wp-json\/wp\/v2\/categories?post=15941"},{"taxonomy":"post_tag","embeddable":true,"href":"https:\/\/womenhouse.cz\/index.php\/wp-json\/wp\/v2\/tags?post=15941"}],"curies":[{"name":"wp","href":"https:\/\/api.w.org\/{rel}","templated":true}]}}