{"id":15772,"date":"2025-07-21T00:01:00","date_gmt":"2025-07-20T22:01:00","guid":{"rendered":"https:\/\/womenhouse.cz\/?p=15772"},"modified":"2025-09-15T00:04:38","modified_gmt":"2025-09-14T22:04:38","slug":"marks-spencer-prinasi-novou-letni-kolekci","status":"publish","type":"post","link":"https:\/\/womenhouse.cz\/index.php\/2025\/07\/21\/marks-spencer-prinasi-novou-letni-kolekci\/","title":{"rendered":"Marks &amp; Spencer p\u0159in\u00e1\u0161\u00ed novou letn\u00ed kolekci"},"content":{"rendered":"\n<div style=\"height:35px\" aria-hidden=\"true\" class=\"wp-block-spacer\"><\/div>\n\n\n\n<p class=\"has-medium-font-size\"><strong>\u010cas slunce, dobrodru\u017estv\u00ed a nezapomenuteln\u00fdch moment\u016f \u2014 takov\u00e9 je l\u00e9to. A\u0165 u\u017e vyr\u00e1\u017e\u00edte na pl\u00e1\u017e, na piknik do p\u0159\u00edrody nebo si u\u017e\u00edv\u00e1te m\u011bstskou d\u017eungli, nov\u00e1 letn\u00ed kolekce Marks &amp; Spencer p\u0159in\u00e1\u0161\u00ed inspiraci pro ka\u017edou p\u0159\u00edle\u017eitost. V kolekci najdete kousky, ve kter\u00fdch se budete c\u00edtit sebev\u011bdom\u011b a pohodln\u011b od v\u00fdchodu a\u017e do z\u00e1padu slunce.<\/strong><\/p>\n\n\n\n<div style=\"height:35px\" aria-hidden=\"true\" class=\"wp-block-spacer\"><\/div>\n\n\n<div class=\"wp-block-image\">\n<figure class=\"aligncenter size-large is-resized\"><img decoding=\"async\" src=\"https:\/\/prazskeprikopy.cz\/wp-content\/uploads\/2025\/07\/Broderie_set_pro_divky_999Kc-788x1024.jpg\" alt=\"L\u00e9to u\u017e je v pln\u00e9m proudu a Marks &amp; Spencer p\u0159in\u00e1\u0161\u00ed novou kolekci\" class=\"wp-image-15611\" style=\"object-fit:cover;width:334px;height:512px\" \/><\/figure><\/div>\n\n\n<div style=\"height:35px\" aria-hidden=\"true\" class=\"wp-block-spacer\"><\/div>\n\n\n\n<h2 class=\"wp-block-heading\">M\u00f3da pro ka\u017ed\u00fd okam\u017eik<\/h2>\n\n\n\n<div style=\"height:35px\" aria-hidden=\"true\" class=\"wp-block-spacer\"><\/div>\n\n\n\n<p class=\"has-medium-font-size\">Letn\u00ed dny b\u00fdvaj\u00ed pln\u00e9 ne\u010dekan\u00fdch pl\u00e1n\u016f a kolekce M&amp;S v\u00e1m umo\u017en\u00ed b\u00fdt p\u0159ipraveni na v\u0161e. Le\u017e\u00e9rn\u00ed \u0161ortky, vzorovan\u00e9 plavky, h\u00e1\u010dkovan\u00e9 vesty v boho stylu nebo lehk\u00e9 topy z p\u0159\u00edjemn\u00fdch materi\u00e1l\u016f. V\u0161echny modely propojuje prakti\u010dnost a styl, d\u00edky nim\u017e se snadno stanete hlavn\u00edm hrdinou vlastn\u00edho letn\u00edho p\u0159\u00edb\u011bhu.<\/p>\n\n\n\n<div style=\"height:35px\" aria-hidden=\"true\" class=\"wp-block-spacer\"><\/div>\n\n\n\n<figure class=\"wp-block-gallery has-nested-images columns-default is-cropped wp-block-gallery-1 is-layout-flex wp-block-gallery-is-layout-flex\">\n<figure class=\"wp-block-image size-large\"><img decoding=\"async\" data-id=\"15616\" src=\"https:\/\/prazskeprikopy.cz\/wp-content\/uploads\/2025\/07\/Hackovane_tricko_1299Kc-788x1024.jpg\" alt=\"L\u00e9to u\u017e je v pln\u00e9m proudu a Marks &amp; Spencer p\u0159in\u00e1\u0161\u00ed novou kolekci\" class=\"wp-image-15616\" \/><\/figure>\n\n\n\n<figure class=\"wp-block-image size-large\"><img decoding=\"async\" data-id=\"15617\" src=\"https:\/\/prazskeprikopy.cz\/wp-content\/uploads\/2025\/07\/Hackovany_top_bily_1299Kc-788x1024.jpg\" alt=\"L\u00e9to u\u017e je v pln\u00e9m proudu a Marks &amp; Spencer p\u0159in\u00e1\u0161\u00ed novou kolekci\" class=\"wp-image-15617\" \/><\/figure>\n<\/figure>\n\n\n\n<div style=\"height:35px\" aria-hidden=\"true\" class=\"wp-block-spacer\"><\/div>\n\n\n\n<h2 class=\"wp-block-heading\">Boho \u0161ik: H\u00e1\u010dkovan\u00e9 vesty a mo\u0159sk\u00e9 detaily<\/h2>\n\n\n\n<div style=\"height:35px\" aria-hidden=\"true\" class=\"wp-block-spacer\"><\/div>\n\n\n\n<p class=\"has-medium-font-size\">Kousky v boho duchu letos nesm\u00ed chyb\u011bt. H\u00e1\u010dkovan\u00e9 vesty se daj\u00ed skv\u011ble vrstvit, a\u0165 u\u017e p\u0159es jednoduch\u00e9 \u0161aty nebo plavky. Jsou ide\u00e1ln\u00ed na proch\u00e1zku po pl\u00e1\u017ei, odpoledne na lodi nebo relax u baz\u00e9nu. Styl dolad\u00ed \u0161perky inspirovan\u00e9 mo\u0159sk\u00fdm sv\u011btem \u2014 mu\u0161le, perly a jemn\u00e9 struktury, kter\u00e9 evokuj\u00ed p\u0159\u00edmo\u0159skou atmosf\u00e9ru.<\/p>\n\n\n\n<div style=\"height:35px\" aria-hidden=\"true\" class=\"wp-block-spacer\"><\/div>\n\n\n\n<figure class=\"wp-block-gallery has-nested-images columns-default is-cropped wp-block-gallery-2 is-layout-flex wp-block-gallery-is-layout-flex\">\n<figure class=\"wp-block-image size-large\"><img decoding=\"async\" data-id=\"15607\" src=\"https:\/\/prazskeprikopy.cz\/wp-content\/uploads\/2025\/07\/Jednodilne_plavky_se_spadlymi_rameny_1199Kc-788x1024.jpg\" alt=\"L\u00e9to u\u017e je v pln\u00e9m proudu a Marks &amp; Spencer p\u0159in\u00e1\u0161\u00ed novou kolekci\" class=\"wp-image-15607\" \/><\/figure>\n\n\n\n<figure class=\"wp-block-image size-large\"><img decoding=\"async\" data-id=\"15619\" src=\"https:\/\/prazskeprikopy.cz\/wp-content\/uploads\/2025\/07\/Chlapecke_hackovane_tricko_599Kc-788x1024.jpg\" alt=\"L\u00e9to u\u017e je v pln\u00e9m proudu a Marks &amp; Spencer p\u0159in\u00e1\u0161\u00ed novou kolekci\" class=\"wp-image-15619\" \/><\/figure>\n<\/figure>\n\n\n\n<div style=\"height:35px\" aria-hidden=\"true\" class=\"wp-block-spacer\"><\/div>\n\n\n\n<h2 class=\"wp-block-heading\">Elegantn\u00ed i uvoln\u011bn\u00ed: Kolekce pro mu\u017ee<\/h2>\n\n\n\n<div style=\"height:35px\" aria-hidden=\"true\" class=\"wp-block-spacer\"><\/div>\n\n\n\n<p class=\"has-medium-font-size\">P\u00e1nsk\u00e1 \u010d\u00e1st kolekce nab\u00edz\u00ed pohodln\u00e9 ln\u011bn\u00e9 outfity, ide\u00e1ln\u00ed pro letn\u00ed oslavy pod \u0161ir\u00fdm nebem. D\u00edky lehk\u00e9mu materi\u00e1lu a nad\u010dasov\u00e9mu st\u0159ihu zvl\u00e1dnou i hork\u00e9 dny s lehkost\u00ed. Pro neform\u00e1ln\u011bj\u0161\u00ed p\u0159\u00edle\u017eitosti doporu\u010dujeme ko\u0161ile s potiskem nebo vzdu\u0161n\u00e1 tri\u010dka v zemit\u00fdch t\u00f3nech.<\/p>\n\n\n\n<div style=\"height:35px\" aria-hidden=\"true\" class=\"wp-block-spacer\"><\/div>\n\n\n\n<figure class=\"wp-block-gallery has-nested-images columns-default is-cropped wp-block-gallery-3 is-layout-flex wp-block-gallery-is-layout-flex\">\n<figure class=\"wp-block-image size-large\"><img decoding=\"async\" data-id=\"15620\" src=\"https:\/\/prazskeprikopy.cz\/wp-content\/uploads\/2025\/07\/Panska_kosile_999Kc-788x1024.jpg\" alt=\"L\u00e9to u\u017e je v pln\u00e9m proudu a Marks &amp; Spencer p\u0159in\u00e1\u0161\u00ed novou kolekci\" class=\"wp-image-15620\" \/><\/figure>\n\n\n\n<figure class=\"wp-block-image size-large\"><img decoding=\"async\" data-id=\"15612\" src=\"https:\/\/prazskeprikopy.cz\/wp-content\/uploads\/2025\/07\/Panske_chino_sortky_799Kc-788x1024.jpg\" alt=\"L\u00e9to u\u017e je v pln\u00e9m proudu a Marks &amp; Spencer p\u0159in\u00e1\u0161\u00ed novou kolekci\" class=\"wp-image-15612\" \/><\/figure>\n<\/figure>\n\n\n\n<div style=\"height:35px\" aria-hidden=\"true\" class=\"wp-block-spacer\"><\/div>\n\n\n\n<h2 class=\"wp-block-heading\">Mal\u00ed dobrodruzi ve velk\u00e9m stylu<\/h2>\n\n\n\n<div style=\"height:35px\" aria-hidden=\"true\" class=\"wp-block-spacer\"><\/div>\n\n\n\n<p class=\"has-medium-font-size\">Ani d\u011bti nep\u0159ijdou zkr\u00e1tka. Lehkost, volnost pohybu a vesel\u00e9 motivy d\u011blaj\u00ed z d\u011btsk\u00e9 kolekce perfektn\u00edho par\u0165\u00e1ka na ka\u017ed\u00e9 letn\u00ed dobrodru\u017estv\u00ed. A\u0165 u\u017e se chystaj\u00ed na t\u00e1bor, k mo\u0159i nebo na pr\u00e1zdniny u prarodi\u010d\u016f.<\/p>\n\n\n\n<div style=\"height:35px\" aria-hidden=\"true\" class=\"wp-block-spacer\"><\/div>\n\n\n<div class=\"wp-block-image\">\n<figure class=\"aligncenter size-full is-resized\"><img decoding=\"async\" src=\"https:\/\/prazskeprikopy.cz\/wp-content\/uploads\/2025\/07\/5.jpg\" alt=\"L\u00e9to u\u017e je v pln\u00e9m proudu a Marks &amp; Spencer p\u0159in\u00e1\u0161\u00ed novou kolekci\" class=\"wp-image-15622\" style=\"width:334px;height:453px\" \/><\/figure><\/div>\n\n\n<div style=\"height:35px\" aria-hidden=\"true\" class=\"wp-block-spacer\"><\/div>\n\n\n\n<h2 class=\"wp-block-heading\">Slune\u010dn\u00ed paprsky i v kosmetice<\/h2>\n\n\n\n<div style=\"height:35px\" aria-hidden=\"true\" class=\"wp-block-spacer\"><\/div>\n\n\n\n<p class=\"has-medium-font-size\">Letn\u00ed limitovan\u00e1 kolekce v\u016fn\u00ed prom\u011bn\u00ed ka\u017ed\u00fd den ve sv\u00e1te\u010dn\u00ed. Novinky jako Airport Arrival, After Sun Snooze, Cool Blast nebo Salty Skin p\u0159enesou va\u0161i mysl do tropick\u00e9ho r\u00e1je. Jsou jako instantn\u00ed pr\u00e1zdniny v praktick\u00e9m flakonu.<\/p>\n\n\n\n<div style=\"height:35px\" aria-hidden=\"true\" class=\"wp-block-spacer\"><\/div>\n\n\n<div class=\"wp-block-image\">\n<figure class=\"aligncenter size-full is-resized\"><img decoding=\"async\" src=\"https:\/\/prazskeprikopy.cz\/wp-content\/uploads\/2025\/07\/6.jpg\" alt=\"L\u00e9to u\u017e je v pln\u00e9m proudu a Marks &amp; Spencer p\u0159in\u00e1\u0161\u00ed novou kolekci\" class=\"wp-image-15623\" style=\"width:334px;height:undefinedpx\" \/><\/figure><\/div>\n\n\n<div style=\"height:35px\" aria-hidden=\"true\" class=\"wp-block-spacer\"><\/div>\n\n\n\n<p class=\"has-medium-font-size\"><strong>Produkty jsou k dispozici ve v\u0161ech prodejn\u00e1ch Marks &amp; Spencer a na <a href=\"https:\/\/go.sparkpostmail2.com\/f\/a\/L18TyqNxSx_mL57rl7aUeA~~\/AAA-fBA~\/s0uGBPI7StrtlrGiAH_CJOuwzYWrV7tYqcVuK7PbmSl0WAy44BgWkVaEaHZglvenhiQxIsukMRXSIJfkm3uiX_3pDHb2Yp5RaAnpH0rLphPgKpea_h3USWH-3WvrLfGU\" target=\"_blank\" rel=\"noreferrer noopener\">webu<\/a>.<\/strong><\/p>\n\n\n\n<div style=\"height:100px\" aria-hidden=\"true\" class=\"wp-block-spacer\"><\/div>\n\n\n\n<figure class=\"wp-block-gallery has-nested-images columns-2 is-cropped wp-block-gallery-4 is-layout-flex wp-block-gallery-is-layout-flex\">\n<figure class=\"wp-block-image size-large\"><img decoding=\"async\" data-id=\"15617\" src=\"https:\/\/prazskeprikopy.cz\/wp-content\/uploads\/2025\/07\/Hackovany_top_bily_1299Kc-788x1024.jpg\" alt=\"L\u00e9to u\u017e je v pln\u00e9m proudu a Marks &amp; Spencer p\u0159in\u00e1\u0161\u00ed novou kolekci\" class=\"wp-image-15617\" \/><\/figure>\n\n\n\n<figure class=\"wp-block-image size-large\"><img decoding=\"async\" data-id=\"15615\" src=\"https:\/\/prazskeprikopy.cz\/wp-content\/uploads\/2025\/07\/Bile_hackovane_kalhoty_1299Kc-788x1024.jpg\" alt=\"L\u00e9to u\u017e je v pln\u00e9m proudu a Marks &amp; Spencer p\u0159in\u00e1\u0161\u00ed novou kolekci\" class=\"wp-image-15615\" \/><\/figure>\n\n\n\n<figure class=\"wp-block-image size-large\"><img decoding=\"async\" data-id=\"15616\" src=\"https:\/\/prazskeprikopy.cz\/wp-content\/uploads\/2025\/07\/Hackovane_tricko_1299Kc-788x1024.jpg\" alt=\"L\u00e9to u\u017e je v pln\u00e9m proudu a Marks &amp; Spencer p\u0159in\u00e1\u0161\u00ed novou kolekci\" class=\"wp-image-15616\" \/><\/figure>\n\n\n\n<figure class=\"wp-block-image size-large\"><img decoding=\"async\" data-id=\"15613\" src=\"https:\/\/prazskeprikopy.cz\/wp-content\/uploads\/2025\/07\/Hackovane_kalhoty_1299Kc-788x1024.jpg\" alt=\"L\u00e9to u\u017e je v pln\u00e9m proudu a Marks &amp; Spencer p\u0159in\u00e1\u0161\u00ed novou kolekci\" class=\"wp-image-15613\" \/><\/figure>\n\n\n\n<figure class=\"wp-block-image size-large\"><img decoding=\"async\" data-id=\"15611\" src=\"https:\/\/prazskeprikopy.cz\/wp-content\/uploads\/2025\/07\/Broderie_set_pro_divky_999Kc-788x1024.jpg\" alt=\"L\u00e9to u\u017e je v pln\u00e9m proudu a Marks &amp; Spencer p\u0159in\u00e1\u0161\u00ed novou kolekci\" class=\"wp-image-15611\" \/><\/figure>\n\n\n\n<figure class=\"wp-block-image size-large\"><img decoding=\"async\" data-id=\"15619\" src=\"https:\/\/prazskeprikopy.cz\/wp-content\/uploads\/2025\/07\/Chlapecke_hackovane_tricko_599Kc-788x1024.jpg\" alt=\"L\u00e9to u\u017e je v pln\u00e9m proudu a Marks &amp; Spencer p\u0159in\u00e1\u0161\u00ed novou kolekci\" class=\"wp-image-15619\" \/><\/figure>\n\n\n\n<figure class=\"wp-block-image size-large\"><img decoding=\"async\" data-id=\"15608\" src=\"https:\/\/prazskeprikopy.cz\/wp-content\/uploads\/2025\/07\/Kabelka_pres_rameno-788x1024.jpg\" alt=\"L\u00e9to u\u017e je v pln\u00e9m proudu a Marks &amp; Spencer p\u0159in\u00e1\u0161\u00ed novou kolekci\" class=\"wp-image-15608\" \/><\/figure>\n\n\n\n<figure class=\"wp-block-image size-large\"><img decoding=\"async\" data-id=\"15610\" src=\"https:\/\/prazskeprikopy.cz\/wp-content\/uploads\/2025\/07\/Midaxi_saty_1599Kc-788x1024.jpg\" alt=\"L\u00e9to u\u017e je v pln\u00e9m proudu a Marks &amp; Spencer p\u0159in\u00e1\u0161\u00ed novou kolekci\" class=\"wp-image-15610\" \/><\/figure>\n\n\n\n<figure class=\"wp-block-image size-large\"><img decoding=\"async\" data-id=\"15618\" src=\"https:\/\/prazskeprikopy.cz\/wp-content\/uploads\/2025\/07\/Vysivany_top_1699Kc-708x1024.jpg\" alt=\"L\u00e9to u\u017e je v pln\u00e9m proudu a Marks &amp; Spencer p\u0159in\u00e1\u0161\u00ed novou kolekci\" class=\"wp-image-15618\" \/><\/figure>\n\n\n\n<figure class=\"wp-block-image size-large\"><img decoding=\"async\" data-id=\"15614\" src=\"https:\/\/prazskeprikopy.cz\/wp-content\/uploads\/2025\/07\/Vysivana_sukne_1499Kc-788x1024.jpg\" alt=\"L\u00e9to u\u017e je v pln\u00e9m proudu a Marks &amp; Spencer p\u0159in\u00e1\u0161\u00ed novou kolekci\" class=\"wp-image-15614\" \/><\/figure>\n\n\n\n<figure class=\"wp-block-image size-large\"><img decoding=\"async\" data-id=\"15607\" src=\"https:\/\/prazskeprikopy.cz\/wp-content\/uploads\/2025\/07\/Jednodilne_plavky_se_spadlymi_rameny_1199Kc-788x1024.jpg\" alt=\"L\u00e9to u\u017e je v pln\u00e9m proudu a Marks &amp; Spencer p\u0159in\u00e1\u0161\u00ed novou kolekci\" class=\"wp-image-15607\" \/><\/figure>\n\n\n\n<figure class=\"wp-block-image size-large\"><img decoding=\"async\" data-id=\"15609\" src=\"https:\/\/prazskeprikopy.cz\/wp-content\/uploads\/2025\/07\/Kvetinovy_top_Bandeau_1199Kc-788x1024.jpg\" alt=\"L\u00e9to u\u017e je v pln\u00e9m proudu a Marks &amp; Spencer p\u0159in\u00e1\u0161\u00ed novou kolekci\" class=\"wp-image-15609\" \/><\/figure>\n\n\n\n<figure class=\"wp-block-image size-large\"><img decoding=\"async\" data-id=\"15620\" src=\"https:\/\/prazskeprikopy.cz\/wp-content\/uploads\/2025\/07\/Panska_kosile_999Kc-788x1024.jpg\" alt=\"L\u00e9to u\u017e je v pln\u00e9m proudu a Marks &amp; Spencer p\u0159in\u00e1\u0161\u00ed novou kolekci\" class=\"wp-image-15620\" \/><\/figure>\n\n\n\n<figure class=\"wp-block-image size-large\"><img decoding=\"async\" data-id=\"15612\" src=\"https:\/\/prazskeprikopy.cz\/wp-content\/uploads\/2025\/07\/Panske_chino_sortky_799Kc-788x1024.jpg\" alt=\"L\u00e9to u\u017e je v pln\u00e9m proudu a Marks &amp; Spencer p\u0159in\u00e1\u0161\u00ed novou kolekci\" class=\"wp-image-15612\" \/><\/figure>\n\n\n\n<figure class=\"wp-block-image size-full\"><img decoding=\"async\" data-id=\"15633\" src=\"https:\/\/prazskeprikopy.cz\/wp-content\/uploads\/2025\/07\/Baleni_dvou_plazovych_kratasu_499Kc-1.jpg\" alt=\"L\u00e9to u\u017e je v pln\u00e9m proudu a Marks &amp; Spencer p\u0159in\u00e1\u0161\u00ed novou kolekci\" class=\"wp-image-15633\" \/><\/figure>\n<\/figure>\n\n\n\n<div style=\"height:35px\" aria-hidden=\"true\" class=\"wp-block-spacer\"><\/div>\n\n\n\n<p><strong>Zdroj foto: <\/strong>Marks &amp; Spencer<\/p>\n\n\n\n<div style=\"height:65px\" aria-hidden=\"true\" class=\"wp-block-spacer\"><\/div>\n","protected":false},"excerpt":{"rendered":"<p>\u010cas slunce, dobrodru\u017estv\u00ed a nezapomenuteln\u00fdch moment\u016f \u2014 takov\u00e9 je l\u00e9to. A\u0165 u\u017e vyr\u00e1\u017e\u00edte na pl\u00e1\u017e, na piknik do p\u0159\u00edrody nebo si u\u017e\u00edv\u00e1te m\u011bstskou d\u017eungli, nov\u00e1 letn\u00ed kolekce Marks &amp; Spencer p\u0159in\u00e1\u0161\u00ed inspiraci pro ka\u017edou p\u0159\u00edle\u017eitost. V kolekci najdete kousky, ve kter\u00fdch se budete c\u00edtit sebev\u011bdom\u011b a pohodln\u011b od v\u00fdchodu a\u017e do z\u00e1padu slunce. M\u00f3da pro [&hellip;]<\/p>\n","protected":false},"author":11,"featured_media":15773,"comment_status":"closed","ping_status":"closed","sticky":false,"template":"","format":"standard","meta":{"_mi_skip_tracking":false,"_monsterinsights_sitenote_active":false,"_monsterinsights_sitenote_note":"","_monsterinsights_sitenote_category":0,"footnotes":""},"categories":[25,2,12],"tags":[],"yoast_head":"<!-- This site is optimized with the Yoast SEO plugin v21.5 - https:\/\/yoast.com\/wordpress\/plugins\/seo\/ -->\n<title>Marks &amp; Spencer p\u0159in\u00e1\u0161\u00ed novou letn\u00ed kolekci - WOMENHOUSE.cz<\/title>\n<meta name=\"description\" content=\"\u010cas slunce, dobrodru\u017estv\u00ed a nezapomenuteln\u00fdch moment\u016f \u2014 takov\u00e9 je l\u00e9to. A\u0165 u\u017e vyr\u00e1\u017e\u00edte na pl\u00e1\u017e, na piknik do p\u0159\u00edrody.\" \/>\n<meta name=\"robots\" content=\"index, follow, max-snippet:-1, max-image-preview:large, max-video-preview:-1\" \/>\n<link rel=\"canonical\" href=\"https:\/\/womenhouse.cz\/index.php\/2025\/07\/21\/marks-spencer-prinasi-novou-letni-kolekci\/\" \/>\n<meta property=\"og:locale\" content=\"cs_CZ\" \/>\n<meta property=\"og:type\" content=\"article\" \/>\n<meta property=\"og:title\" content=\"Marks &amp; Spencer p\u0159in\u00e1\u0161\u00ed novou letn\u00ed kolekci - WOMENHOUSE.cz\" \/>\n<meta property=\"og:description\" content=\"\u010cas slunce, dobrodru\u017estv\u00ed a nezapomenuteln\u00fdch moment\u016f \u2014 takov\u00e9 je l\u00e9to. A\u0165 u\u017e vyr\u00e1\u017e\u00edte na pl\u00e1\u017e, na piknik do p\u0159\u00edrody.\" \/>\n<meta property=\"og:url\" content=\"https:\/\/womenhouse.cz\/index.php\/2025\/07\/21\/marks-spencer-prinasi-novou-letni-kolekci\/\" \/>\n<meta property=\"og:site_name\" content=\"WOMENHOUSE.cz\" \/>\n<meta property=\"article:publisher\" content=\"https:\/\/www.facebook.com\/womenhousecz\" \/>\n<meta property=\"article:published_time\" content=\"2025-07-20T22:01:00+00:00\" \/>\n<meta property=\"article:modified_time\" content=\"2025-09-14T22:04:38+00:00\" \/>\n<meta property=\"og:image\" content=\"https:\/\/womenhouse.cz\/wp-content\/uploads\/2025\/07\/MandS_Logo_Masterbrand_Primary_Blk_RGB.jpg\" \/>\n\t<meta property=\"og:image:width\" content=\"1450\" \/>\n\t<meta property=\"og:image:height\" content=\"441\" \/>\n\t<meta property=\"og:image:type\" content=\"image\/jpeg\" \/>\n<meta name=\"author\" content=\"Helen Guardian\" \/>\n<meta name=\"twitter:card\" content=\"summary_large_image\" \/>\n<meta name=\"twitter:label1\" content=\"Napsal(a)\" \/>\n\t<meta name=\"twitter:data1\" content=\"Helen Guardian\" \/>\n\t<meta name=\"twitter:label2\" content=\"Odhadovan\u00e1 doba \u010dten\u00ed\" \/>\n\t<meta name=\"twitter:data2\" content=\"7 minut\" \/>\n<script type=\"application\/ld+json\" class=\"yoast-schema-graph\">{\"@context\":\"https:\/\/schema.org\",\"@graph\":[{\"@type\":\"Article\",\"@id\":\"https:\/\/womenhouse.cz\/index.php\/2025\/07\/21\/marks-spencer-prinasi-novou-letni-kolekci\/#article\",\"isPartOf\":{\"@id\":\"https:\/\/womenhouse.cz\/index.php\/2025\/07\/21\/marks-spencer-prinasi-novou-letni-kolekci\/\"},\"author\":{\"name\":\"Helen Guardian\",\"@id\":\"https:\/\/womenhouse.cz\/#\/schema\/person\/18326d1373d86e3cd83d1a97f46796d2\"},\"headline\":\"Marks &amp; Spencer p\u0159in\u00e1\u0161\u00ed novou letn\u00ed kolekci\",\"datePublished\":\"2025-07-20T22:01:00+00:00\",\"dateModified\":\"2025-09-14T22:04:38+00:00\",\"mainEntityOfPage\":{\"@id\":\"https:\/\/womenhouse.cz\/index.php\/2025\/07\/21\/marks-spencer-prinasi-novou-letni-kolekci\/\"},\"wordCount\":418,\"publisher\":{\"@id\":\"https:\/\/womenhouse.cz\/#organization\"},\"articleSection\":[\"FASHION\",\"NEWS\",\"TIPY &amp; TRENDY\"],\"inLanguage\":\"cs\"},{\"@type\":\"WebPage\",\"@id\":\"https:\/\/womenhouse.cz\/index.php\/2025\/07\/21\/marks-spencer-prinasi-novou-letni-kolekci\/\",\"url\":\"https:\/\/womenhouse.cz\/index.php\/2025\/07\/21\/marks-spencer-prinasi-novou-letni-kolekci\/\",\"name\":\"Marks &amp; Spencer p\u0159in\u00e1\u0161\u00ed novou letn\u00ed kolekci - WOMENHOUSE.cz\",\"isPartOf\":{\"@id\":\"https:\/\/womenhouse.cz\/#website\"},\"datePublished\":\"2025-07-20T22:01:00+00:00\",\"dateModified\":\"2025-09-14T22:04:38+00:00\",\"description\":\"\u010cas slunce, dobrodru\u017estv\u00ed a nezapomenuteln\u00fdch moment\u016f \u2014 takov\u00e9 je l\u00e9to. A\u0165 u\u017e vyr\u00e1\u017e\u00edte na pl\u00e1\u017e, na piknik do p\u0159\u00edrody.\",\"breadcrumb\":{\"@id\":\"https:\/\/womenhouse.cz\/index.php\/2025\/07\/21\/marks-spencer-prinasi-novou-letni-kolekci\/#breadcrumb\"},\"inLanguage\":\"cs\",\"potentialAction\":[{\"@type\":\"ReadAction\",\"target\":[\"https:\/\/womenhouse.cz\/index.php\/2025\/07\/21\/marks-spencer-prinasi-novou-letni-kolekci\/\"]}]},{\"@type\":\"BreadcrumbList\",\"@id\":\"https:\/\/womenhouse.cz\/index.php\/2025\/07\/21\/marks-spencer-prinasi-novou-letni-kolekci\/#breadcrumb\",\"itemListElement\":[{\"@type\":\"ListItem\",\"position\":1,\"name\":\"Dom\u016f\",\"item\":\"https:\/\/womenhouse.cz\/\"},{\"@type\":\"ListItem\",\"position\":2,\"name\":\"Marks &amp; Spencer p\u0159in\u00e1\u0161\u00ed novou letn\u00ed kolekci\"}]},{\"@type\":\"WebSite\",\"@id\":\"https:\/\/womenhouse.cz\/#website\",\"url\":\"https:\/\/womenhouse.cz\/\",\"name\":\"WOMENHOUSE.cz\",\"description\":\"Port\u00e1l v\u00fdhradn\u011b jen pro \u017eeny...\",\"publisher\":{\"@id\":\"https:\/\/womenhouse.cz\/#organization\"},\"potentialAction\":[{\"@type\":\"SearchAction\",\"target\":{\"@type\":\"EntryPoint\",\"urlTemplate\":\"https:\/\/womenhouse.cz\/?s={search_term_string}\"},\"query-input\":\"required name=search_term_string\"}],\"inLanguage\":\"cs\"},{\"@type\":\"Organization\",\"@id\":\"https:\/\/womenhouse.cz\/#organization\",\"name\":\"WOMENHOUSE.cz\",\"url\":\"https:\/\/womenhouse.cz\/\",\"logo\":{\"@type\":\"ImageObject\",\"inLanguage\":\"cs\",\"@id\":\"https:\/\/womenhouse.cz\/#\/schema\/logo\/image\/\",\"url\":\"https:\/\/womenhouse.cz\/wp-content\/uploads\/2020\/06\/cropped-logo_Womenhouse_RGB-02-removebg-preview-1.png\",\"contentUrl\":\"https:\/\/womenhouse.cz\/wp-content\/uploads\/2020\/06\/cropped-logo_Womenhouse_RGB-02-removebg-preview-1.png\",\"width\":561,\"height\":375,\"caption\":\"WOMENHOUSE.cz\"},\"image\":{\"@id\":\"https:\/\/womenhouse.cz\/#\/schema\/logo\/image\/\"},\"sameAs\":[\"https:\/\/www.facebook.com\/womenhousecz\",\"https:\/\/www.instagram.com\/womenhousecz\/\"]},{\"@type\":\"Person\",\"@id\":\"https:\/\/womenhouse.cz\/#\/schema\/person\/18326d1373d86e3cd83d1a97f46796d2\",\"name\":\"Helen Guardian\",\"sameAs\":[\"http:\/\/WOMENHOUSE.cz\"],\"url\":\"https:\/\/womenhouse.cz\/index.php\/author\/helgu\/\"}]}<\/script>\n<!-- \/ Yoast SEO plugin. -->","yoast_head_json":{"title":"Marks &amp; Spencer p\u0159in\u00e1\u0161\u00ed novou letn\u00ed kolekci - WOMENHOUSE.cz","description":"\u010cas slunce, dobrodru\u017estv\u00ed a nezapomenuteln\u00fdch moment\u016f \u2014 takov\u00e9 je l\u00e9to. A\u0165 u\u017e vyr\u00e1\u017e\u00edte na pl\u00e1\u017e, na piknik do p\u0159\u00edrody.","robots":{"index":"index","follow":"follow","max-snippet":"max-snippet:-1","max-image-preview":"max-image-preview:large","max-video-preview":"max-video-preview:-1"},"canonical":"https:\/\/womenhouse.cz\/index.php\/2025\/07\/21\/marks-spencer-prinasi-novou-letni-kolekci\/","og_locale":"cs_CZ","og_type":"article","og_title":"Marks &amp; Spencer p\u0159in\u00e1\u0161\u00ed novou letn\u00ed kolekci - WOMENHOUSE.cz","og_description":"\u010cas slunce, dobrodru\u017estv\u00ed a nezapomenuteln\u00fdch moment\u016f \u2014 takov\u00e9 je l\u00e9to. A\u0165 u\u017e vyr\u00e1\u017e\u00edte na pl\u00e1\u017e, na piknik do p\u0159\u00edrody.","og_url":"https:\/\/womenhouse.cz\/index.php\/2025\/07\/21\/marks-spencer-prinasi-novou-letni-kolekci\/","og_site_name":"WOMENHOUSE.cz","article_publisher":"https:\/\/www.facebook.com\/womenhousecz","article_published_time":"2025-07-20T22:01:00+00:00","article_modified_time":"2025-09-14T22:04:38+00:00","og_image":[{"width":1450,"height":441,"url":"https:\/\/womenhouse.cz\/wp-content\/uploads\/2025\/07\/MandS_Logo_Masterbrand_Primary_Blk_RGB.jpg","type":"image\/jpeg"}],"author":"Helen Guardian","twitter_card":"summary_large_image","twitter_misc":{"Napsal(a)":"Helen Guardian","Odhadovan\u00e1 doba \u010dten\u00ed":"7 minut"},"schema":{"@context":"https:\/\/schema.org","@graph":[{"@type":"Article","@id":"https:\/\/womenhouse.cz\/index.php\/2025\/07\/21\/marks-spencer-prinasi-novou-letni-kolekci\/#article","isPartOf":{"@id":"https:\/\/womenhouse.cz\/index.php\/2025\/07\/21\/marks-spencer-prinasi-novou-letni-kolekci\/"},"author":{"name":"Helen Guardian","@id":"https:\/\/womenhouse.cz\/#\/schema\/person\/18326d1373d86e3cd83d1a97f46796d2"},"headline":"Marks &amp; Spencer p\u0159in\u00e1\u0161\u00ed novou letn\u00ed kolekci","datePublished":"2025-07-20T22:01:00+00:00","dateModified":"2025-09-14T22:04:38+00:00","mainEntityOfPage":{"@id":"https:\/\/womenhouse.cz\/index.php\/2025\/07\/21\/marks-spencer-prinasi-novou-letni-kolekci\/"},"wordCount":418,"publisher":{"@id":"https:\/\/womenhouse.cz\/#organization"},"articleSection":["FASHION","NEWS","TIPY &amp; TRENDY"],"inLanguage":"cs"},{"@type":"WebPage","@id":"https:\/\/womenhouse.cz\/index.php\/2025\/07\/21\/marks-spencer-prinasi-novou-letni-kolekci\/","url":"https:\/\/womenhouse.cz\/index.php\/2025\/07\/21\/marks-spencer-prinasi-novou-letni-kolekci\/","name":"Marks &amp; Spencer p\u0159in\u00e1\u0161\u00ed novou letn\u00ed kolekci - WOMENHOUSE.cz","isPartOf":{"@id":"https:\/\/womenhouse.cz\/#website"},"datePublished":"2025-07-20T22:01:00+00:00","dateModified":"2025-09-14T22:04:38+00:00","description":"\u010cas slunce, dobrodru\u017estv\u00ed a nezapomenuteln\u00fdch moment\u016f \u2014 takov\u00e9 je l\u00e9to. A\u0165 u\u017e vyr\u00e1\u017e\u00edte na pl\u00e1\u017e, na piknik do p\u0159\u00edrody.","breadcrumb":{"@id":"https:\/\/womenhouse.cz\/index.php\/2025\/07\/21\/marks-spencer-prinasi-novou-letni-kolekci\/#breadcrumb"},"inLanguage":"cs","potentialAction":[{"@type":"ReadAction","target":["https:\/\/womenhouse.cz\/index.php\/2025\/07\/21\/marks-spencer-prinasi-novou-letni-kolekci\/"]}]},{"@type":"BreadcrumbList","@id":"https:\/\/womenhouse.cz\/index.php\/2025\/07\/21\/marks-spencer-prinasi-novou-letni-kolekci\/#breadcrumb","itemListElement":[{"@type":"ListItem","position":1,"name":"Dom\u016f","item":"https:\/\/womenhouse.cz\/"},{"@type":"ListItem","position":2,"name":"Marks &amp; Spencer p\u0159in\u00e1\u0161\u00ed novou letn\u00ed kolekci"}]},{"@type":"WebSite","@id":"https:\/\/womenhouse.cz\/#website","url":"https:\/\/womenhouse.cz\/","name":"WOMENHOUSE.cz","description":"Port\u00e1l v\u00fdhradn\u011b jen pro \u017eeny...","publisher":{"@id":"https:\/\/womenhouse.cz\/#organization"},"potentialAction":[{"@type":"SearchAction","target":{"@type":"EntryPoint","urlTemplate":"https:\/\/womenhouse.cz\/?s={search_term_string}"},"query-input":"required name=search_term_string"}],"inLanguage":"cs"},{"@type":"Organization","@id":"https:\/\/womenhouse.cz\/#organization","name":"WOMENHOUSE.cz","url":"https:\/\/womenhouse.cz\/","logo":{"@type":"ImageObject","inLanguage":"cs","@id":"https:\/\/womenhouse.cz\/#\/schema\/logo\/image\/","url":"https:\/\/womenhouse.cz\/wp-content\/uploads\/2020\/06\/cropped-logo_Womenhouse_RGB-02-removebg-preview-1.png","contentUrl":"https:\/\/womenhouse.cz\/wp-content\/uploads\/2020\/06\/cropped-logo_Womenhouse_RGB-02-removebg-preview-1.png","width":561,"height":375,"caption":"WOMENHOUSE.cz"},"image":{"@id":"https:\/\/womenhouse.cz\/#\/schema\/logo\/image\/"},"sameAs":["https:\/\/www.facebook.com\/womenhousecz","https:\/\/www.instagram.com\/womenhousecz\/"]},{"@type":"Person","@id":"https:\/\/womenhouse.cz\/#\/schema\/person\/18326d1373d86e3cd83d1a97f46796d2","name":"Helen Guardian","sameAs":["http:\/\/WOMENHOUSE.cz"],"url":"https:\/\/womenhouse.cz\/index.php\/author\/helgu\/"}]}},"_links":{"self":[{"href":"https:\/\/womenhouse.cz\/index.php\/wp-json\/wp\/v2\/posts\/15772"}],"collection":[{"href":"https:\/\/womenhouse.cz\/index.php\/wp-json\/wp\/v2\/posts"}],"about":[{"href":"https:\/\/womenhouse.cz\/index.php\/wp-json\/wp\/v2\/types\/post"}],"author":[{"embeddable":true,"href":"https:\/\/womenhouse.cz\/index.php\/wp-json\/wp\/v2\/users\/11"}],"replies":[{"embeddable":true,"href":"https:\/\/womenhouse.cz\/index.php\/wp-json\/wp\/v2\/comments?post=15772"}],"version-history":[{"count":-4,"href":"https:\/\/womenhouse.cz\/index.php\/wp-json\/wp\/v2\/posts\/15772\/revisions"}],"wp:featuredmedia":[{"embeddable":true,"href":"https:\/\/womenhouse.cz\/index.php\/wp-json\/wp\/v2\/media\/15773"}],"wp:attachment":[{"href":"https:\/\/womenhouse.cz\/index.php\/wp-json\/wp\/v2\/media?parent=15772"}],"wp:term":[{"taxonomy":"category","embeddable":true,"href":"https:\/\/womenhouse.cz\/index.php\/wp-json\/wp\/v2\/categories?post=15772"},{"taxonomy":"post_tag","embeddable":true,"href":"https:\/\/womenhouse.cz\/index.php\/wp-json\/wp\/v2\/tags?post=15772"}],"curies":[{"name":"wp","href":"https:\/\/api.w.org\/{rel}","templated":true}]}}