{"id":15692,"date":"2025-06-17T00:01:00","date_gmt":"2025-06-16T22:01:00","guid":{"rendered":"https:\/\/womenhouse.cz\/?p=15692"},"modified":"2025-09-01T00:40:49","modified_gmt":"2025-08-31T22:40:49","slug":"leto-v-portu-1560-zamestna-vsechny-vase-smysly","status":"publish","type":"post","link":"https:\/\/womenhouse.cz\/index.php\/2025\/06\/17\/leto-v-portu-1560-zamestna-vsechny-vase-smysly\/","title":{"rendered":"L\u00e9to v Portu 1560 zam\u011bstn\u00e1 v\u0161echny va\u0161e smysly!"},"content":{"rendered":"\n<div style=\"height:45px\" aria-hidden=\"true\" class=\"wp-block-spacer\"><\/div>\n\n\n\n<p class=\"has-medium-font-size\"><strong>Prvn\u00edm \u010dervnov\u00fdm v\u00edkendem odstartovala letn\u00ed p\u0159ehl\u00eddka hudebn\u00edch, kulturn\u00edch i kulin\u00e1\u0159sk\u00fdch z\u00e1\u017eitk\u016f v&nbsp;srdci \u010cesk\u00e9ho Krumlova<\/strong>.<\/p>\n\n\n\n<p class=\"has-medium-font-size\"><strong>Objevte perlu Ji\u017en\u00edch \u010cech trochu jinak! Pono\u0159te se do centra d\u011bn\u00ed v Portu 1560, jeho are\u00e1l b\u011bhem l\u00e9ta o\u017e\u00edv\u00e1 naplno. Od \u010dervna do z\u00e1\u0159\u00ed je pro v\u00e1s p\u0159ipravena s\u00e9rie \u017eiv\u00fdch koncert\u016f, p\u0159ehl\u00eddka um\u011bn\u00ed v\u00fdtvarn\u00e9ho i kulin\u00e1\u0159sk\u00e9ho. Jedine\u010dnou atmosf\u00e9rou v\u00e1s okouzl\u00ed nov\u011b zrekonstruovan\u00e9 historick\u00e9 budovy, jejich expozice stejn\u011b jako p\u0159ilehl\u00e1 zahrada a n\u00e1plavka, kter\u00e1 l\u00e1k\u00e1 nejen k&nbsp;z\u00e1bav\u011b, ale i k&nbsp;odpo\u010dinku na b\u0159ehu Vltavy.<\/strong><\/p>\n\n\n\n<div style=\"height:45px\" aria-hidden=\"true\" class=\"wp-block-spacer\"><\/div>\n\n\n<div class=\"wp-block-image\">\n<figure class=\"aligncenter size-large\"><img decoding=\"async\" src=\"https:\/\/letniservis.cz\/wp-content\/uploads\/2025\/06\/Port1560_koncerty-1024x683.jpeg\" alt=\"L\u00e9to v Portu 1560\" class=\"wp-image-3594\" \/><\/figure><\/div>\n\n\n<div style=\"height:45px\" aria-hidden=\"true\" class=\"wp-block-spacer\"><\/div>\n\n\n\n<h2 class=\"wp-block-heading\"><strong>L\u00e9to, kter\u00e9<\/strong> <strong>zn\u00ed naplno<\/strong><\/h2>\n\n\n\n<div style=\"height:21px\" aria-hidden=\"true\" class=\"wp-block-spacer\"><\/div>\n\n\n\n<p class=\"has-medium-font-size\">S\u00e9rii koncert\u016f \u0161pi\u010dkov\u00fdch \u010desk\u00fdch kapel odstartovalo o v\u00edkendu vystoupen\u00ed <strong>Davida Kollera a Anny K.<\/strong> <em>\u201e\u00davodn\u00edm koncertem jsme si nastavili la\u0165ku hodn\u011b vysoko \u2013 schv\u00e1ln\u011b <\/em><em>?<\/em><em>! Chceme, aby si od n\u00e1s ka\u017ed\u00fd odn\u00e1\u0161el v\u00fdjime\u010dn\u00e9 z\u00e1\u017eitky, a tak pojedeme i d\u00e1l se stejn\u00fdm nasazen\u00edm. Na 4. \u010dervence jsme p\u0159ipravili koncert pro ty, kdo nestihli \u010dty\u0159ic\u00e1t\u00e9 narozeniny skupiny <\/em><em><strong>T\u0159i Sestry<\/strong><\/em><em> nebo se nechaj\u00ed zl\u00e1kat na trochu komorn\u011bj\u0161\u00ed repet\u00e9,\u201c<\/em> prozrazuje Miroslav B\u0159ezina, \u0159editel centra Port 1560.<\/p>\n\n\n\n<p class=\"has-medium-font-size\">Na co dal\u0161\u00edho se m\u016f\u017eete t\u011b\u0161it? U\u017e 27. \u010dervna p\u0159iv\u00edt\u00e1 are\u00e1l nap\u0159\u00edklad muzik\u00e1lov\u00fd program pro d\u011bti a cel\u00e9 rodiny. 5.&nbsp;\u010dervence pak zazn\u00ed mega hity v&nbsp;pod\u00e1n\u00ed <strong>Queenie<\/strong>, revival legend\u00e1rn\u00edch Queen.<\/p>\n\n\n\n<div style=\"height:45px\" aria-hidden=\"true\" class=\"wp-block-spacer\"><\/div>\n\n\n<div class=\"wp-block-image\">\n<figure class=\"aligncenter size-large\"><img decoding=\"async\" src=\"https:\/\/letniservis.cz\/wp-content\/uploads\/2025\/06\/Port1560_koncerty_2-1024x683.jpg\" alt=\"L\u00e9to v Portu 1560\" class=\"wp-image-3593\" \/><\/figure><\/div>\n\n\n<div style=\"height:45px\" aria-hidden=\"true\" class=\"wp-block-spacer\"><\/div>\n\n\n\n<h2 class=\"wp-block-heading\"><strong>Z\u00e1\u017eitek, kter\u00fd m\u00e1 potenci\u00e1l<\/strong><\/h2>\n\n\n\n<div style=\"height:21px\" aria-hidden=\"true\" class=\"wp-block-spacer\"><\/div>\n\n\n\n<p class=\"has-medium-font-size\">Port 1560, are\u00e1l b\u00fdval\u00e9ho krumlovsk\u00e9ho pivovaru, nem\u00e1 v&nbsp;r\u00e1mci t\u00e9to letn\u00ed p\u0159ehl\u00eddky ani zdaleka pouze \u00falohu kr\u00e1sn\u00fdch kulis \u2013 je to m\u00edsto pln\u00e9 taj\u016fpln\u00fdch z\u00e1kout\u00ed, architektonick\u00fdch skvost\u016f, um\u011bleck\u00fdch d\u011bl, grafick\u00fdch d\u00edlen veden\u00fdch renomovan\u00fdmi um\u011blci a sv\u011bdectv\u00ed o vlastn\u00ed historii. Jeho st\u00e1l\u00e9 expozice zvou na cestu \u010dasem i pivovarsk\u00fdm \u0159emeslem, a dovol\u00ed se v\u00e1m i zasn\u00edt. Ukazuj\u00ed, jak\u00fd byl \u017eivot m\u00edstn\u00edch v&nbsp;19. stolet\u00ed, popisuj\u00ed v\u00fdrobu piva krok za krokem. Chut\u011b, kter\u00e9 v\u00e1m zp\u016fsob\u00ed jejich n\u00e1v\u0161t\u011bva, m\u016f\u017eete uspokojit v m\u00edstn\u00ed Pivovarsk\u00e9 restauraci, kde krom\u011b tradi\u010dn\u00edch dobrot \u010desk\u00e9 kuchyn\u011b m\u016f\u017eete ochutnat v\u00fdborn\u00e9 krumlovsk\u00e9 pivo. Jeho Pivovar Krumlov je jedin\u00fdm krumlovsk\u00fdm pivovarem a py\u0161n\u00ed se cenami ov\u011bn\u010den\u00fdmi le\u017e\u00e1ky i pivn\u00edmi speci\u00e1ly. O m\u00edstn\u00ed pivo se s l\u00e1skou star\u00e1 pan\u00ed sl\u00e1dkov\u00e1 Dagmar Vlkov\u00e1.<\/p>\n\n\n\n<div style=\"height:45px\" aria-hidden=\"true\" class=\"wp-block-spacer\"><\/div>\n\n\n<div class=\"wp-block-image\">\n<figure class=\"aligncenter size-large\"><img decoding=\"async\" src=\"https:\/\/letniservis.cz\/wp-content\/uploads\/2025\/06\/port1560_exterier2-1024x819.jpeg\" alt=\"L\u00e9to v Portu 1560\" class=\"wp-image-3596\" \/><\/figure><\/div>\n\n\n<div style=\"height:45px\" aria-hidden=\"true\" class=\"wp-block-spacer\"><\/div>\n\n\n\n<h2 class=\"wp-block-heading\"><strong>Program koncert\u016f v&nbsp;Pivovarsk\u00e9 zahrad\u011b Port 1560:<\/strong><\/h2>\n\n\n\n<div style=\"height:21px\" aria-hidden=\"true\" class=\"wp-block-spacer\"><\/div>\n\n\n\n<p class=\"has-medium-font-size\">4. \u010dervence T\u0159i Sestry<\/p>\n\n\n\n<p class=\"has-medium-font-size\">19.\u010dervence \u0160pan\u011blsk\u00e1 noc: Pablo S\u00e1inz-Villegas \u2013 Festival Krumlov<\/p>\n\n\n\n<p class=\"has-medium-font-size\">26. \u010dervence Vok\u00e1ln\u00ed g\u00e9niov\u00e9: Take 6 \u2013 Festival Krumlov<\/p>\n\n\n\n<p class=\"has-medium-font-size\">2. srpna V\u00e1\u0161niv\u00e1 Carmen: opera, balet \u2013 zakon\u010den\u00ed Festivalu Krumlov<\/p>\n\n\n\n<p class=\"has-medium-font-size\">16. srpna Nezma\u0159i a Epydemye<\/p>\n\n\n\n<p class=\"has-medium-font-size\">22. srpna Muzik\u00e1l Naruby<\/p>\n\n\n\n<p class=\"has-medium-font-size\">23. srpna No Name<\/p>\n\n\n\n<p class=\"has-medium-font-size\">30. srpna Mig 21<\/p>\n\n\n\n<p class=\"has-medium-font-size\">19. z\u00e1\u0159\u00ed Hork\u00fd\u017ee Sl\u00ed\u017ee<\/p>\n\n\n\n<div style=\"height:45px\" aria-hidden=\"true\" class=\"wp-block-spacer\"><\/div>\n\n\n<div class=\"wp-block-image\">\n<figure class=\"aligncenter size-large\"><img decoding=\"async\" src=\"https:\/\/letniservis.cz\/wp-content\/uploads\/2025\/06\/Port1560_Pivovarska-zahrada-1024x819.jpeg\" alt=\"L\u00e9to v Portu 1560\" class=\"wp-image-3595\" \/><\/figure><\/div>\n\n\n<div style=\"height:45px\" aria-hidden=\"true\" class=\"wp-block-spacer\"><\/div>\n\n\n\n<p class=\"has-medium-font-size\"><strong>V\u00edce informac\u00ed naleznete na webov\u00fdch str\u00e1nk\u00e1ch <a href=\"http:\/\/www.port1560.cz\/\">www.port1560.cz<\/a>.<\/strong><\/p>\n\n\n\n<div style=\"height:45px\" aria-hidden=\"true\" class=\"wp-block-spacer\"><\/div>\n\n\n\n<figure class=\"wp-block-gallery has-nested-images columns-2 is-cropped wp-block-gallery-1 is-layout-flex wp-block-gallery-is-layout-flex\">\n<figure class=\"wp-block-image size-large\"><img decoding=\"async\" data-id=\"3596\" src=\"https:\/\/letniservis.cz\/wp-content\/uploads\/2025\/06\/port1560_exterier2-1024x819.jpeg\" alt=\"L\u00e9to v Portu 1560\" class=\"wp-image-3596\" \/><\/figure>\n\n\n\n<figure class=\"wp-block-image size-large\"><img decoding=\"async\" data-id=\"3595\" src=\"https:\/\/letniservis.cz\/wp-content\/uploads\/2025\/06\/Port1560_Pivovarska-zahrada-1024x819.jpeg\" alt=\"L\u00e9to v Portu 1560\" class=\"wp-image-3595\" \/><\/figure>\n\n\n\n<figure class=\"wp-block-image size-large\"><img decoding=\"async\" data-id=\"3594\" src=\"https:\/\/letniservis.cz\/wp-content\/uploads\/2025\/06\/Port1560_koncerty-1024x683.jpeg\" alt=\"L\u00e9to v Portu 1560\" class=\"wp-image-3594\" \/><\/figure>\n\n\n\n<figure class=\"wp-block-image size-large\"><img decoding=\"async\" data-id=\"3593\" src=\"https:\/\/letniservis.cz\/wp-content\/uploads\/2025\/06\/Port1560_koncerty_2-1024x683.jpg\" alt=\"L\u00e9to v Portu 1560\" class=\"wp-image-3593\" \/><\/figure>\n<\/figure>\n\n\n\n<div style=\"height:45px\" aria-hidden=\"true\" class=\"wp-block-spacer\"><\/div>\n\n\n\n<p class=\"has-medium-font-size\"><strong>Zdroj foto:<\/strong>&nbsp;Port 1560<\/p>\n\n\n\n<div style=\"height:45px\" aria-hidden=\"true\" class=\"wp-block-spacer\"><\/div>\n","protected":false},"excerpt":{"rendered":"<p>Prvn\u00edm \u010dervnov\u00fdm v\u00edkendem odstartovala letn\u00ed p\u0159ehl\u00eddka hudebn\u00edch, kulturn\u00edch i kulin\u00e1\u0159sk\u00fdch z\u00e1\u017eitk\u016f v&nbsp;srdci \u010cesk\u00e9ho Krumlova. Objevte perlu Ji\u017en\u00edch \u010cech trochu jinak! Pono\u0159te se do centra d\u011bn\u00ed v Portu 1560, jeho are\u00e1l b\u011bhem l\u00e9ta o\u017e\u00edv\u00e1 naplno. Od \u010dervna do z\u00e1\u0159\u00ed je pro v\u00e1s p\u0159ipravena s\u00e9rie \u017eiv\u00fdch koncert\u016f, p\u0159ehl\u00eddka um\u011bn\u00ed v\u00fdtvarn\u00e9ho i kulin\u00e1\u0159sk\u00e9ho. Jedine\u010dnou atmosf\u00e9rou v\u00e1s okouzl\u00ed nov\u011b [&hellip;]<\/p>\n","protected":false},"author":9,"featured_media":15694,"comment_status":"closed","ping_status":"closed","sticky":false,"template":"","format":"standard","meta":{"_mi_skip_tracking":false,"_monsterinsights_sitenote_active":false,"_monsterinsights_sitenote_note":"","_monsterinsights_sitenote_category":0,"footnotes":""},"categories":[21,23,2,12],"tags":[],"yoast_head":"<!-- This site is optimized with the Yoast SEO plugin v21.5 - https:\/\/yoast.com\/wordpress\/plugins\/seo\/ -->\n<title>L\u00e9to v Portu 1560 zam\u011bstn\u00e1 v\u0161echny va\u0161e smysly! - WOMENHOUSE.cz<\/title>\n<meta name=\"description\" content=\"Prvn\u00edm \u010dervnov\u00fdm v\u00edkendem odstartovala letn\u00ed p\u0159ehl\u00eddka hudebn\u00edch, kulturn\u00edch i kulin\u00e1\u0159sk\u00fdch z\u00e1\u017eitk\u016f v\u00a0srdci \u010cesk\u00e9ho Krumlova.\" \/>\n<meta name=\"robots\" content=\"index, follow, max-snippet:-1, max-image-preview:large, max-video-preview:-1\" \/>\n<link rel=\"canonical\" href=\"https:\/\/womenhouse.cz\/index.php\/2025\/06\/17\/leto-v-portu-1560-zamestna-vsechny-vase-smysly\/\" \/>\n<meta property=\"og:locale\" content=\"cs_CZ\" \/>\n<meta property=\"og:type\" content=\"article\" \/>\n<meta property=\"og:title\" content=\"L\u00e9to v Portu 1560 zam\u011bstn\u00e1 v\u0161echny va\u0161e smysly! - WOMENHOUSE.cz\" \/>\n<meta property=\"og:description\" content=\"Prvn\u00edm \u010dervnov\u00fdm v\u00edkendem odstartovala letn\u00ed p\u0159ehl\u00eddka hudebn\u00edch, kulturn\u00edch i kulin\u00e1\u0159sk\u00fdch z\u00e1\u017eitk\u016f v\u00a0srdci \u010cesk\u00e9ho Krumlova.\" \/>\n<meta property=\"og:url\" content=\"https:\/\/womenhouse.cz\/index.php\/2025\/06\/17\/leto-v-portu-1560-zamestna-vsechny-vase-smysly\/\" \/>\n<meta property=\"og:site_name\" content=\"WOMENHOUSE.cz\" \/>\n<meta property=\"article:publisher\" content=\"https:\/\/www.facebook.com\/womenhousecz\" \/>\n<meta property=\"article:published_time\" content=\"2025-06-16T22:01:00+00:00\" \/>\n<meta property=\"article:modified_time\" content=\"2025-08-31T22:40:49+00:00\" \/>\n<meta property=\"og:image\" content=\"https:\/\/womenhouse.cz\/wp-content\/uploads\/2025\/06\/Port1560_koncerty.jpeg\" \/>\n\t<meta property=\"og:image:width\" content=\"2048\" \/>\n\t<meta property=\"og:image:height\" content=\"1366\" \/>\n\t<meta property=\"og:image:type\" content=\"image\/jpeg\" \/>\n<meta name=\"author\" content=\"Martina Pechov\u00e1\" \/>\n<meta name=\"twitter:card\" content=\"summary_large_image\" \/>\n<meta name=\"twitter:label1\" content=\"Napsal(a)\" \/>\n\t<meta name=\"twitter:data1\" content=\"Martina Pechov\u00e1\" \/>\n\t<meta name=\"twitter:label2\" content=\"Odhadovan\u00e1 doba \u010dten\u00ed\" \/>\n\t<meta name=\"twitter:data2\" content=\"4 minuty\" \/>\n<script type=\"application\/ld+json\" class=\"yoast-schema-graph\">{\"@context\":\"https:\/\/schema.org\",\"@graph\":[{\"@type\":\"Article\",\"@id\":\"https:\/\/womenhouse.cz\/index.php\/2025\/06\/17\/leto-v-portu-1560-zamestna-vsechny-vase-smysly\/#article\",\"isPartOf\":{\"@id\":\"https:\/\/womenhouse.cz\/index.php\/2025\/06\/17\/leto-v-portu-1560-zamestna-vsechny-vase-smysly\/\"},\"author\":{\"name\":\"Martina Pechov\u00e1\",\"@id\":\"https:\/\/womenhouse.cz\/#\/schema\/person\/09851c27907b92bbc8bcd7f3dfb2a802\"},\"headline\":\"L\u00e9to v Portu 1560 zam\u011bstn\u00e1 v\u0161echny va\u0161e smysly!\",\"datePublished\":\"2025-06-16T22:01:00+00:00\",\"dateModified\":\"2025-08-31T22:40:49+00:00\",\"mainEntityOfPage\":{\"@id\":\"https:\/\/womenhouse.cz\/index.php\/2025\/06\/17\/leto-v-portu-1560-zamestna-vsechny-vase-smysly\/\"},\"wordCount\":523,\"publisher\":{\"@id\":\"https:\/\/womenhouse.cz\/#organization\"},\"articleSection\":[\"AKCE &amp; KULTURA\",\"CELEBRITY\",\"NEWS\",\"TIPY &amp; TRENDY\"],\"inLanguage\":\"cs\"},{\"@type\":\"WebPage\",\"@id\":\"https:\/\/womenhouse.cz\/index.php\/2025\/06\/17\/leto-v-portu-1560-zamestna-vsechny-vase-smysly\/\",\"url\":\"https:\/\/womenhouse.cz\/index.php\/2025\/06\/17\/leto-v-portu-1560-zamestna-vsechny-vase-smysly\/\",\"name\":\"L\u00e9to v Portu 1560 zam\u011bstn\u00e1 v\u0161echny va\u0161e smysly! - WOMENHOUSE.cz\",\"isPartOf\":{\"@id\":\"https:\/\/womenhouse.cz\/#website\"},\"datePublished\":\"2025-06-16T22:01:00+00:00\",\"dateModified\":\"2025-08-31T22:40:49+00:00\",\"description\":\"Prvn\u00edm \u010dervnov\u00fdm v\u00edkendem odstartovala letn\u00ed p\u0159ehl\u00eddka hudebn\u00edch, kulturn\u00edch i kulin\u00e1\u0159sk\u00fdch z\u00e1\u017eitk\u016f v\u00a0srdci \u010cesk\u00e9ho Krumlova.\",\"breadcrumb\":{\"@id\":\"https:\/\/womenhouse.cz\/index.php\/2025\/06\/17\/leto-v-portu-1560-zamestna-vsechny-vase-smysly\/#breadcrumb\"},\"inLanguage\":\"cs\",\"potentialAction\":[{\"@type\":\"ReadAction\",\"target\":[\"https:\/\/womenhouse.cz\/index.php\/2025\/06\/17\/leto-v-portu-1560-zamestna-vsechny-vase-smysly\/\"]}]},{\"@type\":\"BreadcrumbList\",\"@id\":\"https:\/\/womenhouse.cz\/index.php\/2025\/06\/17\/leto-v-portu-1560-zamestna-vsechny-vase-smysly\/#breadcrumb\",\"itemListElement\":[{\"@type\":\"ListItem\",\"position\":1,\"name\":\"Dom\u016f\",\"item\":\"https:\/\/womenhouse.cz\/\"},{\"@type\":\"ListItem\",\"position\":2,\"name\":\"L\u00e9to v Portu 1560 zam\u011bstn\u00e1 v\u0161echny va\u0161e smysly!\"}]},{\"@type\":\"WebSite\",\"@id\":\"https:\/\/womenhouse.cz\/#website\",\"url\":\"https:\/\/womenhouse.cz\/\",\"name\":\"WOMENHOUSE.cz\",\"description\":\"Port\u00e1l v\u00fdhradn\u011b jen pro \u017eeny...\",\"publisher\":{\"@id\":\"https:\/\/womenhouse.cz\/#organization\"},\"potentialAction\":[{\"@type\":\"SearchAction\",\"target\":{\"@type\":\"EntryPoint\",\"urlTemplate\":\"https:\/\/womenhouse.cz\/?s={search_term_string}\"},\"query-input\":\"required name=search_term_string\"}],\"inLanguage\":\"cs\"},{\"@type\":\"Organization\",\"@id\":\"https:\/\/womenhouse.cz\/#organization\",\"name\":\"WOMENHOUSE.cz\",\"url\":\"https:\/\/womenhouse.cz\/\",\"logo\":{\"@type\":\"ImageObject\",\"inLanguage\":\"cs\",\"@id\":\"https:\/\/womenhouse.cz\/#\/schema\/logo\/image\/\",\"url\":\"https:\/\/womenhouse.cz\/wp-content\/uploads\/2020\/06\/cropped-logo_Womenhouse_RGB-02-removebg-preview-1.png\",\"contentUrl\":\"https:\/\/womenhouse.cz\/wp-content\/uploads\/2020\/06\/cropped-logo_Womenhouse_RGB-02-removebg-preview-1.png\",\"width\":561,\"height\":375,\"caption\":\"WOMENHOUSE.cz\"},\"image\":{\"@id\":\"https:\/\/womenhouse.cz\/#\/schema\/logo\/image\/\"},\"sameAs\":[\"https:\/\/www.facebook.com\/womenhousecz\",\"https:\/\/www.instagram.com\/womenhousecz\/\"]},{\"@type\":\"Person\",\"@id\":\"https:\/\/womenhouse.cz\/#\/schema\/person\/09851c27907b92bbc8bcd7f3dfb2a802\",\"name\":\"Martina Pechov\u00e1\",\"sameAs\":[\"http:\/\/WOMENHOUSE.cz\"],\"url\":\"https:\/\/womenhouse.cz\/index.php\/author\/marpech\/\"}]}<\/script>\n<!-- \/ Yoast SEO plugin. -->","yoast_head_json":{"title":"L\u00e9to v Portu 1560 zam\u011bstn\u00e1 v\u0161echny va\u0161e smysly! - WOMENHOUSE.cz","description":"Prvn\u00edm \u010dervnov\u00fdm v\u00edkendem odstartovala letn\u00ed p\u0159ehl\u00eddka hudebn\u00edch, kulturn\u00edch i kulin\u00e1\u0159sk\u00fdch z\u00e1\u017eitk\u016f v\u00a0srdci \u010cesk\u00e9ho Krumlova.","robots":{"index":"index","follow":"follow","max-snippet":"max-snippet:-1","max-image-preview":"max-image-preview:large","max-video-preview":"max-video-preview:-1"},"canonical":"https:\/\/womenhouse.cz\/index.php\/2025\/06\/17\/leto-v-portu-1560-zamestna-vsechny-vase-smysly\/","og_locale":"cs_CZ","og_type":"article","og_title":"L\u00e9to v Portu 1560 zam\u011bstn\u00e1 v\u0161echny va\u0161e smysly! - WOMENHOUSE.cz","og_description":"Prvn\u00edm \u010dervnov\u00fdm v\u00edkendem odstartovala letn\u00ed p\u0159ehl\u00eddka hudebn\u00edch, kulturn\u00edch i kulin\u00e1\u0159sk\u00fdch z\u00e1\u017eitk\u016f v\u00a0srdci \u010cesk\u00e9ho Krumlova.","og_url":"https:\/\/womenhouse.cz\/index.php\/2025\/06\/17\/leto-v-portu-1560-zamestna-vsechny-vase-smysly\/","og_site_name":"WOMENHOUSE.cz","article_publisher":"https:\/\/www.facebook.com\/womenhousecz","article_published_time":"2025-06-16T22:01:00+00:00","article_modified_time":"2025-08-31T22:40:49+00:00","og_image":[{"width":2048,"height":1366,"url":"https:\/\/womenhouse.cz\/wp-content\/uploads\/2025\/06\/Port1560_koncerty.jpeg","type":"image\/jpeg"}],"author":"Martina Pechov\u00e1","twitter_card":"summary_large_image","twitter_misc":{"Napsal(a)":"Martina Pechov\u00e1","Odhadovan\u00e1 doba \u010dten\u00ed":"4 minuty"},"schema":{"@context":"https:\/\/schema.org","@graph":[{"@type":"Article","@id":"https:\/\/womenhouse.cz\/index.php\/2025\/06\/17\/leto-v-portu-1560-zamestna-vsechny-vase-smysly\/#article","isPartOf":{"@id":"https:\/\/womenhouse.cz\/index.php\/2025\/06\/17\/leto-v-portu-1560-zamestna-vsechny-vase-smysly\/"},"author":{"name":"Martina Pechov\u00e1","@id":"https:\/\/womenhouse.cz\/#\/schema\/person\/09851c27907b92bbc8bcd7f3dfb2a802"},"headline":"L\u00e9to v Portu 1560 zam\u011bstn\u00e1 v\u0161echny va\u0161e smysly!","datePublished":"2025-06-16T22:01:00+00:00","dateModified":"2025-08-31T22:40:49+00:00","mainEntityOfPage":{"@id":"https:\/\/womenhouse.cz\/index.php\/2025\/06\/17\/leto-v-portu-1560-zamestna-vsechny-vase-smysly\/"},"wordCount":523,"publisher":{"@id":"https:\/\/womenhouse.cz\/#organization"},"articleSection":["AKCE &amp; KULTURA","CELEBRITY","NEWS","TIPY &amp; TRENDY"],"inLanguage":"cs"},{"@type":"WebPage","@id":"https:\/\/womenhouse.cz\/index.php\/2025\/06\/17\/leto-v-portu-1560-zamestna-vsechny-vase-smysly\/","url":"https:\/\/womenhouse.cz\/index.php\/2025\/06\/17\/leto-v-portu-1560-zamestna-vsechny-vase-smysly\/","name":"L\u00e9to v Portu 1560 zam\u011bstn\u00e1 v\u0161echny va\u0161e smysly! - WOMENHOUSE.cz","isPartOf":{"@id":"https:\/\/womenhouse.cz\/#website"},"datePublished":"2025-06-16T22:01:00+00:00","dateModified":"2025-08-31T22:40:49+00:00","description":"Prvn\u00edm \u010dervnov\u00fdm v\u00edkendem odstartovala letn\u00ed p\u0159ehl\u00eddka hudebn\u00edch, kulturn\u00edch i kulin\u00e1\u0159sk\u00fdch z\u00e1\u017eitk\u016f v\u00a0srdci \u010cesk\u00e9ho Krumlova.","breadcrumb":{"@id":"https:\/\/womenhouse.cz\/index.php\/2025\/06\/17\/leto-v-portu-1560-zamestna-vsechny-vase-smysly\/#breadcrumb"},"inLanguage":"cs","potentialAction":[{"@type":"ReadAction","target":["https:\/\/womenhouse.cz\/index.php\/2025\/06\/17\/leto-v-portu-1560-zamestna-vsechny-vase-smysly\/"]}]},{"@type":"BreadcrumbList","@id":"https:\/\/womenhouse.cz\/index.php\/2025\/06\/17\/leto-v-portu-1560-zamestna-vsechny-vase-smysly\/#breadcrumb","itemListElement":[{"@type":"ListItem","position":1,"name":"Dom\u016f","item":"https:\/\/womenhouse.cz\/"},{"@type":"ListItem","position":2,"name":"L\u00e9to v Portu 1560 zam\u011bstn\u00e1 v\u0161echny va\u0161e smysly!"}]},{"@type":"WebSite","@id":"https:\/\/womenhouse.cz\/#website","url":"https:\/\/womenhouse.cz\/","name":"WOMENHOUSE.cz","description":"Port\u00e1l v\u00fdhradn\u011b jen pro \u017eeny...","publisher":{"@id":"https:\/\/womenhouse.cz\/#organization"},"potentialAction":[{"@type":"SearchAction","target":{"@type":"EntryPoint","urlTemplate":"https:\/\/womenhouse.cz\/?s={search_term_string}"},"query-input":"required name=search_term_string"}],"inLanguage":"cs"},{"@type":"Organization","@id":"https:\/\/womenhouse.cz\/#organization","name":"WOMENHOUSE.cz","url":"https:\/\/womenhouse.cz\/","logo":{"@type":"ImageObject","inLanguage":"cs","@id":"https:\/\/womenhouse.cz\/#\/schema\/logo\/image\/","url":"https:\/\/womenhouse.cz\/wp-content\/uploads\/2020\/06\/cropped-logo_Womenhouse_RGB-02-removebg-preview-1.png","contentUrl":"https:\/\/womenhouse.cz\/wp-content\/uploads\/2020\/06\/cropped-logo_Womenhouse_RGB-02-removebg-preview-1.png","width":561,"height":375,"caption":"WOMENHOUSE.cz"},"image":{"@id":"https:\/\/womenhouse.cz\/#\/schema\/logo\/image\/"},"sameAs":["https:\/\/www.facebook.com\/womenhousecz","https:\/\/www.instagram.com\/womenhousecz\/"]},{"@type":"Person","@id":"https:\/\/womenhouse.cz\/#\/schema\/person\/09851c27907b92bbc8bcd7f3dfb2a802","name":"Martina Pechov\u00e1","sameAs":["http:\/\/WOMENHOUSE.cz"],"url":"https:\/\/womenhouse.cz\/index.php\/author\/marpech\/"}]}},"_links":{"self":[{"href":"https:\/\/womenhouse.cz\/index.php\/wp-json\/wp\/v2\/posts\/15692"}],"collection":[{"href":"https:\/\/womenhouse.cz\/index.php\/wp-json\/wp\/v2\/posts"}],"about":[{"href":"https:\/\/womenhouse.cz\/index.php\/wp-json\/wp\/v2\/types\/post"}],"author":[{"embeddable":true,"href":"https:\/\/womenhouse.cz\/index.php\/wp-json\/wp\/v2\/users\/9"}],"replies":[{"embeddable":true,"href":"https:\/\/womenhouse.cz\/index.php\/wp-json\/wp\/v2\/comments?post=15692"}],"version-history":[{"count":-4,"href":"https:\/\/womenhouse.cz\/index.php\/wp-json\/wp\/v2\/posts\/15692\/revisions"}],"wp:featuredmedia":[{"embeddable":true,"href":"https:\/\/womenhouse.cz\/index.php\/wp-json\/wp\/v2\/media\/15694"}],"wp:attachment":[{"href":"https:\/\/womenhouse.cz\/index.php\/wp-json\/wp\/v2\/media?parent=15692"}],"wp:term":[{"taxonomy":"category","embeddable":true,"href":"https:\/\/womenhouse.cz\/index.php\/wp-json\/wp\/v2\/categories?post=15692"},{"taxonomy":"post_tag","embeddable":true,"href":"https:\/\/womenhouse.cz\/index.php\/wp-json\/wp\/v2\/tags?post=15692"}],"curies":[{"name":"wp","href":"https:\/\/api.w.org\/{rel}","templated":true}]}}