{"id":15678,"date":"2025-06-03T19:35:43","date_gmt":"2025-06-03T17:35:43","guid":{"rendered":"https:\/\/womenhouse.cz\/?p=15678"},"modified":"2025-09-01T00:40:40","modified_gmt":"2025-08-31T22:40:40","slug":"pece-o-ruce-a-nohy-styl-zacina-u-detailu","status":"publish","type":"post","link":"https:\/\/womenhouse.cz\/index.php\/2025\/06\/03\/pece-o-ruce-a-nohy-styl-zacina-u-detailu\/","title":{"rendered":"P\u00e9\u010de o ruce a nohy: styl za\u010d\u00edn\u00e1 u detail\u016f"},"content":{"rendered":"\n<div style=\"height:41px\" aria-hidden=\"true\" class=\"wp-block-spacer\"><\/div>\n\n\n\n<p class=\"has-medium-font-size\"><strong>Upraven\u00fd vzhled dnes nen\u00ed jen ot\u00e1zkou m\u00f3dy, ale p\u0159edev\u0161\u00edm z\u00e1kladn\u00ed sou\u010d\u00e1st\u00ed osobn\u00ed prezentace. A\u0165 u\u017e se chyst\u00e1te na pracovn\u00ed sch\u016fzku, prvn\u00ed rande nebo jen na b\u011b\u017en\u00e9 setk\u00e1n\u00ed s p\u0159\u00e1teli, pr\u00e1v\u011b ruce a nohy \u010dasto prozrad\u00ed v\u00edc, ne\u017e bychom si p\u0159\u00e1li. \u010cist\u00e9 nehty, hladk\u00e1 k\u016f\u017ee a celkov\u00e1 p\u00e9\u010de o tyto \u010d\u00e1sti t\u011bla jsou znakem vkusu a sebe\u00facty.<\/strong><\/p>\n\n\n\n<div style=\"height:41px\" aria-hidden=\"true\" class=\"wp-block-spacer\"><\/div>\n\n\n<div class=\"wp-block-image\">\n<figure class=\"aligncenter size-large\"><img loading=\"lazy\" decoding=\"async\" width=\"1024\" height=\"683\" src=\"https:\/\/womenhouse.cz\/wp-content\/uploads\/2025\/06\/lp5744_2-1024x683.jpg\" alt=\"P\u00e9\u010de o ruce a nohy: styl za\u010d\u00edn\u00e1 u detail\u016f\" class=\"wp-image-15679\" srcset=\"https:\/\/womenhouse.cz\/wp-content\/uploads\/2025\/06\/lp5744_2-1024x683.jpg 1024w, https:\/\/womenhouse.cz\/wp-content\/uploads\/2025\/06\/lp5744_2-300x200.jpg 300w, https:\/\/womenhouse.cz\/wp-content\/uploads\/2025\/06\/lp5744_2-768x512.jpg 768w, https:\/\/womenhouse.cz\/wp-content\/uploads\/2025\/06\/lp5744_2.jpg 1500w\" sizes=\"(max-width: 1024px) 100vw, 1024px\" \/><\/figure><\/div>\n\n\n<div style=\"height:41px\" aria-hidden=\"true\" class=\"wp-block-spacer\"><\/div>\n\n\n\n<h2 class=\"wp-block-heading\"><strong>P\u0159\u00edstrojov\u00e1&nbsp;<\/strong><strong>nebo klasick\u00e1&nbsp;<\/strong><strong>manik\u00fara?<\/strong><\/h2>\n\n\n\n<div style=\"height:41px\" aria-hidden=\"true\" class=\"wp-block-spacer\"><\/div>\n\n\n\n<p class=\"has-medium-font-size\">St\u00e1le popul\u00e1rn\u011bj\u0161\u00ed formou p\u00e9\u010de o nehty je&nbsp;<strong>p\u0159\u00edstrojov\u00e1 manik\u00fara<\/strong>. Na rozd\u00edl od klasick\u00e9 metody, kter\u00e1 pracuje s piln\u00edky a n\u016f\u017ekami, p\u0159\u00edstrojov\u00e1 manik\u00fara vyu\u017e\u00edv\u00e1 speci\u00e1ln\u00ed elektrick\u00e9 n\u00e1stroje pro velmi p\u0159esnou a z\u00e1rove\u0148 jemnou \u00fapravu neht\u016f i nehtov\u00e9 k\u016f\u017ei\u010dky.<\/p>\n\n\n\n<p class=\"has-medium-font-size\"><strong>Tento zp\u016fsob manik\u00fary je mimo\u0159\u00e1dn\u011b vhodn\u00fd nejen pro \u017eeny, kter\u00e9 si potrp\u00ed na detaily, ale i pro mu\u017ee a osoby s citlivou poko\u017ekou. P\u0159\u00edstrojov\u00e1 technika minimalizuje riziko poran\u011bn\u00ed a umo\u017e\u0148uje dos\u00e1hnout hladk\u00e9ho, zdrav\u00e9ho a profesion\u00e1ln\u00edho v\u00fdsledku. Nav\u00edc se jedn\u00e1 o velmi hygienick\u00fd zp\u016fsob \u00fapravy neht\u016f, kter\u00fd si z\u00edsk\u00e1v\u00e1 st\u00e1le v\u011bt\u0161\u00ed oblibu i v salonech v Praze.<\/strong><\/p>\n\n\n\n<p>Doby, kdy byla manik\u00fara v\u00fdhradn\u011b \u017eenskou z\u00e1le\u017eitost\u00ed, jsou d\u00e1vno pry\u010d. Dnes se&nbsp;<strong>p\u00e1nsk\u00e1 manik\u00fara<\/strong>&nbsp;st\u00e1v\u00e1 standardn\u00ed sou\u010d\u00e1st\u00ed p\u00e9\u010de o vzhled modern\u00edho mu\u017ee. Nen\u00ed to o leskl\u00fdch lac\u00edch nebo ozdob\u00e1ch \u2013 jde p\u0159edev\u0161\u00edm o zdrav\u00e9, \u010dist\u00e9 a \u00fahledn\u011b upraven\u00e9 nehty, kter\u00e9 vypov\u00eddaj\u00ed o osobn\u00ed hygien\u011b i sebev\u011bdom\u00ed.<\/p>\n\n\n\n<p class=\"has-medium-font-size\">Mu\u017ei si st\u00e1le \u010dast\u011bji uv\u011bdomuj\u00ed, \u017ee prvn\u00ed dojem vznik\u00e1 b\u011bhem vte\u0159iny \u2013 a pod\u00e1n\u00ed ruky s rozpraskanou k\u016f\u017e\u00ed a zanedban\u00fdmi nehty rozhodn\u011b nen\u00ed v\u00edtan\u00e9 entr\u00e9e. Profesion\u00e1ln\u00ed manik\u00e9rsk\u00e9 salony dnes nab\u00edzej\u00ed slu\u017eby zam\u011b\u0159en\u00e9 p\u0159\u00edmo na mu\u017ee, s d\u016frazem na p\u0159irozen\u00fd vzhled a rychlou, nen\u00e1padnou \u00fapravu.&nbsp;<a href=\"https:\/\/ladypraha.cz\/panska-manikura-praha\" target=\"_blank\" rel=\"noreferrer noopener\">P\u00e1nsk\u00e1 manik\u00fara<\/a>&nbsp;je diskr\u00e9tn\u00ed, efektivn\u00ed a v\u00fdsledky jsou viditeln\u00e9 okam\u017eit\u011b.<\/p>\n\n\n\n<div style=\"height:42px\" aria-hidden=\"true\" class=\"wp-block-spacer\"><\/div>\n\n\n<div class=\"wp-block-image\">\n<figure class=\"aligncenter size-large\"><img loading=\"lazy\" decoding=\"async\" width=\"1024\" height=\"683\" src=\"https:\/\/womenhouse.cz\/wp-content\/uploads\/2025\/06\/lp347228_1-1024x683.jpg\" alt=\"P\u00e9\u010de o ruce a nohy: styl za\u010d\u00edn\u00e1 u detail\u016f\" class=\"wp-image-15680\" srcset=\"https:\/\/womenhouse.cz\/wp-content\/uploads\/2025\/06\/lp347228_1-1024x683.jpg 1024w, https:\/\/womenhouse.cz\/wp-content\/uploads\/2025\/06\/lp347228_1-300x200.jpg 300w, https:\/\/womenhouse.cz\/wp-content\/uploads\/2025\/06\/lp347228_1-768x512.jpg 768w, https:\/\/womenhouse.cz\/wp-content\/uploads\/2025\/06\/lp347228_1.jpg 1500w\" sizes=\"(max-width: 1024px) 100vw, 1024px\" \/><\/figure><\/div>\n\n\n<div style=\"height:42px\" aria-hidden=\"true\" class=\"wp-block-spacer\"><\/div>\n\n\n\n<p class=\"has-medium-font-size\">Vedle p\u0159\u00edstrojov\u00e9 techniky si v\u0161ak sv\u00e9 pevn\u00e9 m\u00edsto v nab\u00eddce salon\u016f st\u00e1le dr\u017e\u00ed tak\u00e9&nbsp;<strong>klasick\u00e1 manik\u00fara<\/strong>. Jedn\u00e1 se o tradi\u010dn\u00ed zp\u016fsob \u00fapravy neht\u016f, p\u0159i kter\u00e9m se pou\u017e\u00edvaj\u00ed ru\u010dn\u00ed n\u00e1stroje jako n\u016f\u017eti\u010dky, kle\u0161ti\u010dky, piln\u00edky a d\u0159ev\u011bn\u00e9 ty\u010dinky na zatla\u010den\u00ed k\u016f\u017ei\u010dky. Klasick\u00e1 manik\u00fara zahrnuje tak\u00e9 zm\u011bk\u010den\u00ed poko\u017eky rukou, \u00fapravu nehtov\u00e9 k\u016f\u017ei\u010dky a \u010dasto i aplikaci v\u00fd\u017eivn\u00e9ho oleje \u010di laku.<\/p>\n\n\n\n<p class=\"has-medium-font-size\">Tato metoda je ide\u00e1ln\u00ed pro klienty, kte\u0159\u00ed d\u00e1vaj\u00ed p\u0159ednost jemn\u00e9mu doteku lidsk\u00e9 ruky a osv\u011bd\u010den\u00fdm technik\u00e1m, kter\u00e9 se pou\u017e\u00edvaj\u00ed po desetilet\u00ed. Je vhodn\u00e1 zejm\u00e9na v p\u0159\u00edpadech, kdy nejsou nehty ani k\u016f\u017ee v problematick\u00e9m stavu a nen\u00ed t\u0159eba \u0159e\u0161it nap\u0159\u00edklad ztvrdlou k\u016f\u017ei nebo zar\u016fstaj\u00edc\u00ed k\u016f\u017ei\u010dku.&nbsp;<strong>Klasick\u00e1 manik\u00fara<\/strong>&nbsp;je tak\u00e9 vhodn\u00e1 pro osoby, kter\u00e9 up\u0159ednost\u0148uj\u00ed p\u0159irozen\u00e9 tempo a ritu\u00e1ln\u00ed charakter p\u00e9\u010de.<\/p>\n\n\n\n<p class=\"has-medium-font-size\">Naopak&nbsp;<a href=\"https:\/\/ladypraha.cz\/pristrojova-manikura-praha\" target=\"_blank\" rel=\"noreferrer noopener\">p\u0159\u00edstrojov\u00e1 manik\u00fara<\/a>&nbsp;je \u010dast\u011bj\u0161\u00ed volbou pro ty, kte\u0159\u00ed hledaj\u00ed maxim\u00e1ln\u00ed p\u0159esnost, vy\u0161\u0161\u00ed hygienick\u00fd standard nebo maj\u00ed specifick\u00e9 po\u017eadavky \u2013 nap\u0159\u00edklad velmi citlivou poko\u017eku, sklon k zar\u016fst\u00e1n\u00ed nehtov\u00e9 k\u016f\u017ei\u010dky nebo pot\u0159ebu hlub\u0161\u00edho o\u0161et\u0159en\u00ed. Tak\u00e9 je \u010dasto vyu\u017e\u00edv\u00e1na profesion\u00e1ly v oblasti model\u00e1\u017ee neht\u016f jako kvalitn\u00ed z\u00e1klad p\u0159ed dal\u0161\u00edmi \u00fapravami.<\/p>\n\n\n\n<p class=\"has-medium-font-size\">Ob\u011b metody maj\u00ed sv\u00e9 m\u00edsto a v\u00fdb\u011br mezi nimi by m\u011bl z\u00e1viset p\u0159edev\u0161\u00edm na typu poko\u017eky, stavu neht\u016f a tak\u00e9 osobn\u00edch preferenc\u00edch klienta. Profesion\u00e1ln\u00ed salon v\u00e1m r\u00e1d doporu\u010d\u00ed vhodnou variantu podle va\u0161ich pot\u0159eb a o\u010dek\u00e1v\u00e1n\u00ed.<\/p>\n\n\n\n<div style=\"height:40px\" aria-hidden=\"true\" class=\"wp-block-spacer\"><\/div>\n\n\n<div class=\"wp-block-image\">\n<figure class=\"aligncenter size-large\"><img loading=\"lazy\" decoding=\"async\" width=\"1024\" height=\"683\" src=\"https:\/\/womenhouse.cz\/wp-content\/uploads\/2025\/06\/lp5744_2-1024x683.jpg\" alt=\"P\u00e9\u010de o ruce a nohy: styl za\u010d\u00edn\u00e1 u detail\u016f\" class=\"wp-image-15679\" srcset=\"https:\/\/womenhouse.cz\/wp-content\/uploads\/2025\/06\/lp5744_2-1024x683.jpg 1024w, https:\/\/womenhouse.cz\/wp-content\/uploads\/2025\/06\/lp5744_2-300x200.jpg 300w, https:\/\/womenhouse.cz\/wp-content\/uploads\/2025\/06\/lp5744_2-768x512.jpg 768w, https:\/\/womenhouse.cz\/wp-content\/uploads\/2025\/06\/lp5744_2.jpg 1500w\" sizes=\"(max-width: 1024px) 100vw, 1024px\" \/><\/figure><\/div>\n\n\n<div style=\"height:40px\" aria-hidden=\"true\" class=\"wp-block-spacer\"><\/div>\n\n\n\n<h2 class=\"wp-block-heading\"><strong>Manik\u00fara a pedik\u00fara z\u00e1rove\u0148: komfort a \u00faspora \u010dasu<\/strong><\/h2>\n\n\n\n<div style=\"height:42px\" aria-hidden=\"true\" class=\"wp-block-spacer\"><\/div>\n\n\n\n<p class=\"has-medium-font-size\">V hektick\u00e9m tempu dne\u0161n\u00ed doby je ka\u017ed\u00e1 u\u0161et\u0159en\u00e1 minuta k nezaplacen\u00ed. Pr\u00e1v\u011b proto si \u010d\u00edm d\u00e1l v\u00edce lid\u00ed vyb\u00edr\u00e1 slu\u017eby, kter\u00e9 umo\u017e\u0148uj\u00ed spojit&nbsp;<a href=\"https:\/\/ladypraha.cz\/manikura-a-pedikura-zaroven-praha\" target=\"_blank\" rel=\"noreferrer noopener\">manik\u00faru a pedik\u00faru z\u00e1rove\u0148<\/a>. Tento p\u0159\u00edstup nejen zefektiv\u0148uje \u010dasov\u00fd harmonogram, ale p\u0159in\u00e1\u0161\u00ed i pocit komfortu \u2013 b\u011bhem jedn\u00e9 n\u00e1v\u0161t\u011bvy se postar\u00e1te jak o ruce, tak i o chodidla.<\/p>\n\n\n\n<p class=\"has-medium-font-size\">Zejm\u00e9na v l\u00e9t\u011b, kdy nos\u00edme otev\u0159en\u00e9 boty a ruce jsou neust\u00e1le viditeln\u00e9, je d\u016fle\u017eit\u00e9, aby poko\u017eka i nehty p\u016fsobily upraven\u011b. Kombinace obou procedur poskytuje komplexn\u00ed osv\u011b\u017een\u00ed, p\u0159isp\u00edv\u00e1 k lep\u0161\u00edmu vzhledu i sebev\u011bdom\u00ed a je ide\u00e1ln\u00ed volbou pro ty, kdo si potrp\u00ed na pe\u010dlivou, ale praktickou p\u00e9\u010di.<\/p>\n\n\n\n<div style=\"height:41px\" aria-hidden=\"true\" class=\"wp-block-spacer\"><\/div>\n\n\n<div class=\"wp-block-image\">\n<figure class=\"aligncenter size-large\"><img loading=\"lazy\" decoding=\"async\" width=\"1024\" height=\"683\" src=\"https:\/\/womenhouse.cz\/wp-content\/uploads\/2025\/06\/lp9572942_3-1024x683.jpg\" alt=\"P\u00e9\u010de o ruce a nohy: styl za\u010d\u00edn\u00e1 u detail\u016f\" class=\"wp-image-15681\" srcset=\"https:\/\/womenhouse.cz\/wp-content\/uploads\/2025\/06\/lp9572942_3-1024x683.jpg 1024w, https:\/\/womenhouse.cz\/wp-content\/uploads\/2025\/06\/lp9572942_3-300x200.jpg 300w, https:\/\/womenhouse.cz\/wp-content\/uploads\/2025\/06\/lp9572942_3-768x512.jpg 768w, https:\/\/womenhouse.cz\/wp-content\/uploads\/2025\/06\/lp9572942_3.jpg 1500w\" sizes=\"(max-width: 1024px) 100vw, 1024px\" \/><\/figure><\/div>\n\n\n<div style=\"height:41px\" aria-hidden=\"true\" class=\"wp-block-spacer\"><\/div>\n\n\n\n<p class=\"has-medium-font-size\">Nen\u00ed divu, \u017ee tento typ slu\u017eby pat\u0159\u00ed mezi nej\u010dast\u011bji vyhled\u00e1van\u00e9 \u2013 zejm\u00e9na v Praze. Zat\u00edmco samotn\u00e1 manik\u00fara s lakov\u00e1n\u00edm zabere obvykle 60 a\u017e 90 minut a pedik\u00fara klidn\u011b i dv\u011b hodiny, absolvovat ob\u011b procedury odd\u011blen\u011b je pro mnoho klient\u016f \u010dasov\u011b neefektivn\u00ed. Ve sv\u011bt\u011b, kde se pracovn\u00ed a osobn\u00ed \u017eivot neust\u00e1le prol\u00ednaj\u00ed a ka\u017ed\u00fd den p\u0159in\u00e1\u0161\u00ed nov\u00e9 v\u00fdzvy, roste popt\u00e1vka po chytr\u00fdch \u0159e\u0161en\u00edch.&nbsp;<strong>Spojen\u00ed manik\u00fary a pedik\u00fary v jednom term\u00ednu<\/strong>&nbsp;\u0161et\u0159\u00ed nejen \u010das, ale i energii. Klientky odch\u00e1zej\u00ed nejen s perfektn\u011b upraven\u00fdmi nehty, ale i s pocitem vnit\u0159n\u00edho restartu \u2013 sv\u011b\u017e\u00ed, sebev\u011bdom\u00e9 a p\u0159ipraven\u00e9 \u010delit dal\u0161\u00edm povinnostem.<\/p>\n\n\n\n<p class=\"has-medium-font-size\">B\u00fdt upraven\u00fd neznamen\u00e1 b\u00fdt extravagantn\u00ed. Znamen\u00e1 to v\u011bnovat pozornost detail\u016fm, kter\u00e9 dohromady tvo\u0159\u00ed celek. Ruce a nohy jsou \u010dasto na o\u010d\u00edch a jejich stav je vizitkou ka\u017ed\u00e9ho z n\u00e1s. Profesion\u00e1ln\u00ed salony Prahy v\u00e1m nab\u00eddnou kvalitn\u00ed p\u00e9\u010di a upraven\u00fd vzhled, kter\u00fd pot\u011b\u0161\u00ed nejen v\u00e1s, ale i va\u0161e okol\u00ed.<\/p>\n\n\n\n<div style=\"height:100px\" aria-hidden=\"true\" class=\"wp-block-spacer\"><\/div>\n\n\n\n<figure class=\"wp-block-gallery has-nested-images columns-2 is-cropped wp-block-gallery-1 is-layout-flex wp-block-gallery-is-layout-flex\">\n<figure class=\"wp-block-image size-large\"><img loading=\"lazy\" decoding=\"async\" width=\"1024\" height=\"683\" data-id=\"15680\" src=\"https:\/\/womenhouse.cz\/wp-content\/uploads\/2025\/06\/lp347228_1-1024x683.jpg\" alt=\"P\u00e9\u010de o ruce a nohy: styl za\u010d\u00edn\u00e1 u detail\u016f\" class=\"wp-image-15680\" srcset=\"https:\/\/womenhouse.cz\/wp-content\/uploads\/2025\/06\/lp347228_1-1024x683.jpg 1024w, https:\/\/womenhouse.cz\/wp-content\/uploads\/2025\/06\/lp347228_1-300x200.jpg 300w, https:\/\/womenhouse.cz\/wp-content\/uploads\/2025\/06\/lp347228_1-768x512.jpg 768w, https:\/\/womenhouse.cz\/wp-content\/uploads\/2025\/06\/lp347228_1.jpg 1500w\" sizes=\"(max-width: 1024px) 100vw, 1024px\" \/><\/figure>\n\n\n\n<figure class=\"wp-block-image size-large\"><img loading=\"lazy\" decoding=\"async\" width=\"1024\" height=\"683\" data-id=\"15681\" src=\"https:\/\/womenhouse.cz\/wp-content\/uploads\/2025\/06\/lp9572942_3-1024x683.jpg\" alt=\"P\u00e9\u010de o ruce a nohy: styl za\u010d\u00edn\u00e1 u detail\u016f\" class=\"wp-image-15681\" srcset=\"https:\/\/womenhouse.cz\/wp-content\/uploads\/2025\/06\/lp9572942_3-1024x683.jpg 1024w, https:\/\/womenhouse.cz\/wp-content\/uploads\/2025\/06\/lp9572942_3-300x200.jpg 300w, https:\/\/womenhouse.cz\/wp-content\/uploads\/2025\/06\/lp9572942_3-768x512.jpg 768w, https:\/\/womenhouse.cz\/wp-content\/uploads\/2025\/06\/lp9572942_3.jpg 1500w\" sizes=\"(max-width: 1024px) 100vw, 1024px\" \/><\/figure>\n\n\n\n<figure class=\"wp-block-image size-large\"><img loading=\"lazy\" decoding=\"async\" width=\"1024\" height=\"683\" data-id=\"15679\" src=\"https:\/\/womenhouse.cz\/wp-content\/uploads\/2025\/06\/lp5744_2-1024x683.jpg\" alt=\"P\u00e9\u010de o ruce a nohy: styl za\u010d\u00edn\u00e1 u detail\u016f\" class=\"wp-image-15679\" srcset=\"https:\/\/womenhouse.cz\/wp-content\/uploads\/2025\/06\/lp5744_2-1024x683.jpg 1024w, https:\/\/womenhouse.cz\/wp-content\/uploads\/2025\/06\/lp5744_2-300x200.jpg 300w, https:\/\/womenhouse.cz\/wp-content\/uploads\/2025\/06\/lp5744_2-768x512.jpg 768w, https:\/\/womenhouse.cz\/wp-content\/uploads\/2025\/06\/lp5744_2.jpg 1500w\" sizes=\"(max-width: 1024px) 100vw, 1024px\" \/><\/figure>\n<\/figure>\n\n\n\n<div style=\"height:30px\" aria-hidden=\"true\" class=\"wp-block-spacer\"><\/div>\n\n\n\n<p><strong>Zdroj foto: <\/strong>Freepik.com, ladypraha.cz<\/p>\n\n\n\n<div style=\"height:47px\" aria-hidden=\"true\" class=\"wp-block-spacer\"><\/div>\n","protected":false},"excerpt":{"rendered":"<p>Upraven\u00fd vzhled dnes nen\u00ed jen ot\u00e1zkou m\u00f3dy, ale p\u0159edev\u0161\u00edm z\u00e1kladn\u00ed sou\u010d\u00e1st\u00ed osobn\u00ed prezentace. A\u0165 u\u017e se chyst\u00e1te na pracovn\u00ed sch\u016fzku, prvn\u00ed rande nebo jen na b\u011b\u017en\u00e9 setk\u00e1n\u00ed s p\u0159\u00e1teli, pr\u00e1v\u011b ruce a nohy \u010dasto prozrad\u00ed v\u00edc, ne\u017e bychom si p\u0159\u00e1li. \u010cist\u00e9 nehty, hladk\u00e1 k\u016f\u017ee a celkov\u00e1 p\u00e9\u010de o tyto \u010d\u00e1sti t\u011bla jsou znakem vkusu a [&hellip;]<\/p>\n","protected":false},"author":2,"featured_media":15679,"comment_status":"closed","ping_status":"closed","sticky":false,"template":"","format":"standard","meta":{"_mi_skip_tracking":false,"_monsterinsights_sitenote_active":false,"_monsterinsights_sitenote_note":"","_monsterinsights_sitenote_category":0,"footnotes":""},"categories":[23,9,2,12,10],"tags":[],"yoast_head":"<!-- This site is optimized with the Yoast SEO plugin v21.5 - https:\/\/yoast.com\/wordpress\/plugins\/seo\/ -->\n<title>P\u00e9\u010de o ruce a nohy: styl za\u010d\u00edn\u00e1 u detail\u016f - WOMENHOUSE.cz<\/title>\n<meta name=\"description\" content=\"P\u00e9\u010de o ruce a nohy: styl za\u010d\u00edn\u00e1 u detail\u016f. Upraven\u00fd vzhled dnes nen\u00ed jen ot\u00e1zkou m\u00f3dy, ale p\u0159edev\u0161\u00edm z\u00e1kladn\u00ed sou\u010d\u00e1st\u00ed osobn\u00ed prezentace.\" \/>\n<meta name=\"robots\" content=\"index, follow, max-snippet:-1, max-image-preview:large, max-video-preview:-1\" \/>\n<link rel=\"canonical\" href=\"https:\/\/womenhouse.cz\/index.php\/2025\/06\/03\/pece-o-ruce-a-nohy-styl-zacina-u-detailu\/\" \/>\n<meta property=\"og:locale\" content=\"cs_CZ\" \/>\n<meta property=\"og:type\" content=\"article\" \/>\n<meta property=\"og:title\" content=\"P\u00e9\u010de o ruce a nohy: styl za\u010d\u00edn\u00e1 u detail\u016f - WOMENHOUSE.cz\" \/>\n<meta property=\"og:description\" content=\"P\u00e9\u010de o ruce a nohy: styl za\u010d\u00edn\u00e1 u detail\u016f. Upraven\u00fd vzhled dnes nen\u00ed jen ot\u00e1zkou m\u00f3dy, ale p\u0159edev\u0161\u00edm z\u00e1kladn\u00ed sou\u010d\u00e1st\u00ed osobn\u00ed prezentace.\" \/>\n<meta property=\"og:url\" content=\"https:\/\/womenhouse.cz\/index.php\/2025\/06\/03\/pece-o-ruce-a-nohy-styl-zacina-u-detailu\/\" \/>\n<meta property=\"og:site_name\" content=\"WOMENHOUSE.cz\" \/>\n<meta property=\"article:publisher\" content=\"https:\/\/www.facebook.com\/womenhousecz\" \/>\n<meta property=\"article:published_time\" content=\"2025-06-03T17:35:43+00:00\" \/>\n<meta property=\"article:modified_time\" content=\"2025-08-31T22:40:40+00:00\" \/>\n<meta property=\"og:image\" content=\"https:\/\/womenhouse.cz\/wp-content\/uploads\/2025\/06\/lp5744_2.jpg\" \/>\n\t<meta property=\"og:image:width\" content=\"1500\" \/>\n\t<meta property=\"og:image:height\" content=\"1000\" \/>\n\t<meta property=\"og:image:type\" content=\"image\/jpeg\" \/>\n<meta name=\"author\" content=\"Jolana Hol\u00e1\u0148ov\u00e1\" \/>\n<meta name=\"twitter:card\" content=\"summary_large_image\" \/>\n<meta name=\"twitter:label1\" content=\"Napsal(a)\" \/>\n\t<meta name=\"twitter:data1\" content=\"Jolana Hol\u00e1\u0148ov\u00e1\" \/>\n\t<meta name=\"twitter:label2\" content=\"Odhadovan\u00e1 doba \u010dten\u00ed\" \/>\n\t<meta name=\"twitter:data2\" content=\"6 minut\" \/>\n<script type=\"application\/ld+json\" class=\"yoast-schema-graph\">{\"@context\":\"https:\/\/schema.org\",\"@graph\":[{\"@type\":\"Article\",\"@id\":\"https:\/\/womenhouse.cz\/index.php\/2025\/06\/03\/pece-o-ruce-a-nohy-styl-zacina-u-detailu\/#article\",\"isPartOf\":{\"@id\":\"https:\/\/womenhouse.cz\/index.php\/2025\/06\/03\/pece-o-ruce-a-nohy-styl-zacina-u-detailu\/\"},\"author\":{\"name\":\"Jolana Hol\u00e1\u0148ov\u00e1\",\"@id\":\"https:\/\/womenhouse.cz\/#\/schema\/person\/541326101f8d68c711e83e8fecc80738\"},\"headline\":\"P\u00e9\u010de o ruce a nohy: styl za\u010d\u00edn\u00e1 u detail\u016f\",\"datePublished\":\"2025-06-03T17:35:43+00:00\",\"dateModified\":\"2025-08-31T22:40:40+00:00\",\"mainEntityOfPage\":{\"@id\":\"https:\/\/womenhouse.cz\/index.php\/2025\/06\/03\/pece-o-ruce-a-nohy-styl-zacina-u-detailu\/\"},\"wordCount\":1013,\"publisher\":{\"@id\":\"https:\/\/womenhouse.cz\/#organization\"},\"articleSection\":[\"CELEBRITY\",\"KOSMETIKA\",\"NEWS\",\"TIPY &amp; TRENDY\",\"ZDRAV\u00cd\"],\"inLanguage\":\"cs\"},{\"@type\":\"WebPage\",\"@id\":\"https:\/\/womenhouse.cz\/index.php\/2025\/06\/03\/pece-o-ruce-a-nohy-styl-zacina-u-detailu\/\",\"url\":\"https:\/\/womenhouse.cz\/index.php\/2025\/06\/03\/pece-o-ruce-a-nohy-styl-zacina-u-detailu\/\",\"name\":\"P\u00e9\u010de o ruce a nohy: styl za\u010d\u00edn\u00e1 u detail\u016f - WOMENHOUSE.cz\",\"isPartOf\":{\"@id\":\"https:\/\/womenhouse.cz\/#website\"},\"datePublished\":\"2025-06-03T17:35:43+00:00\",\"dateModified\":\"2025-08-31T22:40:40+00:00\",\"description\":\"P\u00e9\u010de o ruce a nohy: styl za\u010d\u00edn\u00e1 u detail\u016f. Upraven\u00fd vzhled dnes nen\u00ed jen ot\u00e1zkou m\u00f3dy, ale p\u0159edev\u0161\u00edm z\u00e1kladn\u00ed sou\u010d\u00e1st\u00ed osobn\u00ed prezentace.\",\"breadcrumb\":{\"@id\":\"https:\/\/womenhouse.cz\/index.php\/2025\/06\/03\/pece-o-ruce-a-nohy-styl-zacina-u-detailu\/#breadcrumb\"},\"inLanguage\":\"cs\",\"potentialAction\":[{\"@type\":\"ReadAction\",\"target\":[\"https:\/\/womenhouse.cz\/index.php\/2025\/06\/03\/pece-o-ruce-a-nohy-styl-zacina-u-detailu\/\"]}]},{\"@type\":\"BreadcrumbList\",\"@id\":\"https:\/\/womenhouse.cz\/index.php\/2025\/06\/03\/pece-o-ruce-a-nohy-styl-zacina-u-detailu\/#breadcrumb\",\"itemListElement\":[{\"@type\":\"ListItem\",\"position\":1,\"name\":\"Dom\u016f\",\"item\":\"https:\/\/womenhouse.cz\/\"},{\"@type\":\"ListItem\",\"position\":2,\"name\":\"P\u00e9\u010de o ruce a nohy: styl za\u010d\u00edn\u00e1 u detail\u016f\"}]},{\"@type\":\"WebSite\",\"@id\":\"https:\/\/womenhouse.cz\/#website\",\"url\":\"https:\/\/womenhouse.cz\/\",\"name\":\"WOMENHOUSE.cz\",\"description\":\"Port\u00e1l v\u00fdhradn\u011b jen pro \u017eeny...\",\"publisher\":{\"@id\":\"https:\/\/womenhouse.cz\/#organization\"},\"potentialAction\":[{\"@type\":\"SearchAction\",\"target\":{\"@type\":\"EntryPoint\",\"urlTemplate\":\"https:\/\/womenhouse.cz\/?s={search_term_string}\"},\"query-input\":\"required name=search_term_string\"}],\"inLanguage\":\"cs\"},{\"@type\":\"Organization\",\"@id\":\"https:\/\/womenhouse.cz\/#organization\",\"name\":\"WOMENHOUSE.cz\",\"url\":\"https:\/\/womenhouse.cz\/\",\"logo\":{\"@type\":\"ImageObject\",\"inLanguage\":\"cs\",\"@id\":\"https:\/\/womenhouse.cz\/#\/schema\/logo\/image\/\",\"url\":\"https:\/\/womenhouse.cz\/wp-content\/uploads\/2020\/06\/cropped-logo_Womenhouse_RGB-02-removebg-preview-1.png\",\"contentUrl\":\"https:\/\/womenhouse.cz\/wp-content\/uploads\/2020\/06\/cropped-logo_Womenhouse_RGB-02-removebg-preview-1.png\",\"width\":561,\"height\":375,\"caption\":\"WOMENHOUSE.cz\"},\"image\":{\"@id\":\"https:\/\/womenhouse.cz\/#\/schema\/logo\/image\/\"},\"sameAs\":[\"https:\/\/www.facebook.com\/womenhousecz\",\"https:\/\/www.instagram.com\/womenhousecz\/\"]},{\"@type\":\"Person\",\"@id\":\"https:\/\/womenhouse.cz\/#\/schema\/person\/541326101f8d68c711e83e8fecc80738\",\"name\":\"Jolana Hol\u00e1\u0148ov\u00e1\",\"sameAs\":[\"http:\/\/www.womenhouse.cz\"],\"url\":\"https:\/\/womenhouse.cz\/index.php\/author\/jolhol\/\"}]}<\/script>\n<!-- \/ Yoast SEO plugin. -->","yoast_head_json":{"title":"P\u00e9\u010de o ruce a nohy: styl za\u010d\u00edn\u00e1 u detail\u016f - WOMENHOUSE.cz","description":"P\u00e9\u010de o ruce a nohy: styl za\u010d\u00edn\u00e1 u detail\u016f. Upraven\u00fd vzhled dnes nen\u00ed jen ot\u00e1zkou m\u00f3dy, ale p\u0159edev\u0161\u00edm z\u00e1kladn\u00ed sou\u010d\u00e1st\u00ed osobn\u00ed prezentace.","robots":{"index":"index","follow":"follow","max-snippet":"max-snippet:-1","max-image-preview":"max-image-preview:large","max-video-preview":"max-video-preview:-1"},"canonical":"https:\/\/womenhouse.cz\/index.php\/2025\/06\/03\/pece-o-ruce-a-nohy-styl-zacina-u-detailu\/","og_locale":"cs_CZ","og_type":"article","og_title":"P\u00e9\u010de o ruce a nohy: styl za\u010d\u00edn\u00e1 u detail\u016f - WOMENHOUSE.cz","og_description":"P\u00e9\u010de o ruce a nohy: styl za\u010d\u00edn\u00e1 u detail\u016f. Upraven\u00fd vzhled dnes nen\u00ed jen ot\u00e1zkou m\u00f3dy, ale p\u0159edev\u0161\u00edm z\u00e1kladn\u00ed sou\u010d\u00e1st\u00ed osobn\u00ed prezentace.","og_url":"https:\/\/womenhouse.cz\/index.php\/2025\/06\/03\/pece-o-ruce-a-nohy-styl-zacina-u-detailu\/","og_site_name":"WOMENHOUSE.cz","article_publisher":"https:\/\/www.facebook.com\/womenhousecz","article_published_time":"2025-06-03T17:35:43+00:00","article_modified_time":"2025-08-31T22:40:40+00:00","og_image":[{"width":1500,"height":1000,"url":"https:\/\/womenhouse.cz\/wp-content\/uploads\/2025\/06\/lp5744_2.jpg","type":"image\/jpeg"}],"author":"Jolana Hol\u00e1\u0148ov\u00e1","twitter_card":"summary_large_image","twitter_misc":{"Napsal(a)":"Jolana Hol\u00e1\u0148ov\u00e1","Odhadovan\u00e1 doba \u010dten\u00ed":"6 minut"},"schema":{"@context":"https:\/\/schema.org","@graph":[{"@type":"Article","@id":"https:\/\/womenhouse.cz\/index.php\/2025\/06\/03\/pece-o-ruce-a-nohy-styl-zacina-u-detailu\/#article","isPartOf":{"@id":"https:\/\/womenhouse.cz\/index.php\/2025\/06\/03\/pece-o-ruce-a-nohy-styl-zacina-u-detailu\/"},"author":{"name":"Jolana Hol\u00e1\u0148ov\u00e1","@id":"https:\/\/womenhouse.cz\/#\/schema\/person\/541326101f8d68c711e83e8fecc80738"},"headline":"P\u00e9\u010de o ruce a nohy: styl za\u010d\u00edn\u00e1 u detail\u016f","datePublished":"2025-06-03T17:35:43+00:00","dateModified":"2025-08-31T22:40:40+00:00","mainEntityOfPage":{"@id":"https:\/\/womenhouse.cz\/index.php\/2025\/06\/03\/pece-o-ruce-a-nohy-styl-zacina-u-detailu\/"},"wordCount":1013,"publisher":{"@id":"https:\/\/womenhouse.cz\/#organization"},"articleSection":["CELEBRITY","KOSMETIKA","NEWS","TIPY &amp; TRENDY","ZDRAV\u00cd"],"inLanguage":"cs"},{"@type":"WebPage","@id":"https:\/\/womenhouse.cz\/index.php\/2025\/06\/03\/pece-o-ruce-a-nohy-styl-zacina-u-detailu\/","url":"https:\/\/womenhouse.cz\/index.php\/2025\/06\/03\/pece-o-ruce-a-nohy-styl-zacina-u-detailu\/","name":"P\u00e9\u010de o ruce a nohy: styl za\u010d\u00edn\u00e1 u detail\u016f - WOMENHOUSE.cz","isPartOf":{"@id":"https:\/\/womenhouse.cz\/#website"},"datePublished":"2025-06-03T17:35:43+00:00","dateModified":"2025-08-31T22:40:40+00:00","description":"P\u00e9\u010de o ruce a nohy: styl za\u010d\u00edn\u00e1 u detail\u016f. Upraven\u00fd vzhled dnes nen\u00ed jen ot\u00e1zkou m\u00f3dy, ale p\u0159edev\u0161\u00edm z\u00e1kladn\u00ed sou\u010d\u00e1st\u00ed osobn\u00ed prezentace.","breadcrumb":{"@id":"https:\/\/womenhouse.cz\/index.php\/2025\/06\/03\/pece-o-ruce-a-nohy-styl-zacina-u-detailu\/#breadcrumb"},"inLanguage":"cs","potentialAction":[{"@type":"ReadAction","target":["https:\/\/womenhouse.cz\/index.php\/2025\/06\/03\/pece-o-ruce-a-nohy-styl-zacina-u-detailu\/"]}]},{"@type":"BreadcrumbList","@id":"https:\/\/womenhouse.cz\/index.php\/2025\/06\/03\/pece-o-ruce-a-nohy-styl-zacina-u-detailu\/#breadcrumb","itemListElement":[{"@type":"ListItem","position":1,"name":"Dom\u016f","item":"https:\/\/womenhouse.cz\/"},{"@type":"ListItem","position":2,"name":"P\u00e9\u010de o ruce a nohy: styl za\u010d\u00edn\u00e1 u detail\u016f"}]},{"@type":"WebSite","@id":"https:\/\/womenhouse.cz\/#website","url":"https:\/\/womenhouse.cz\/","name":"WOMENHOUSE.cz","description":"Port\u00e1l v\u00fdhradn\u011b jen pro \u017eeny...","publisher":{"@id":"https:\/\/womenhouse.cz\/#organization"},"potentialAction":[{"@type":"SearchAction","target":{"@type":"EntryPoint","urlTemplate":"https:\/\/womenhouse.cz\/?s={search_term_string}"},"query-input":"required name=search_term_string"}],"inLanguage":"cs"},{"@type":"Organization","@id":"https:\/\/womenhouse.cz\/#organization","name":"WOMENHOUSE.cz","url":"https:\/\/womenhouse.cz\/","logo":{"@type":"ImageObject","inLanguage":"cs","@id":"https:\/\/womenhouse.cz\/#\/schema\/logo\/image\/","url":"https:\/\/womenhouse.cz\/wp-content\/uploads\/2020\/06\/cropped-logo_Womenhouse_RGB-02-removebg-preview-1.png","contentUrl":"https:\/\/womenhouse.cz\/wp-content\/uploads\/2020\/06\/cropped-logo_Womenhouse_RGB-02-removebg-preview-1.png","width":561,"height":375,"caption":"WOMENHOUSE.cz"},"image":{"@id":"https:\/\/womenhouse.cz\/#\/schema\/logo\/image\/"},"sameAs":["https:\/\/www.facebook.com\/womenhousecz","https:\/\/www.instagram.com\/womenhousecz\/"]},{"@type":"Person","@id":"https:\/\/womenhouse.cz\/#\/schema\/person\/541326101f8d68c711e83e8fecc80738","name":"Jolana Hol\u00e1\u0148ov\u00e1","sameAs":["http:\/\/www.womenhouse.cz"],"url":"https:\/\/womenhouse.cz\/index.php\/author\/jolhol\/"}]}},"_links":{"self":[{"href":"https:\/\/womenhouse.cz\/index.php\/wp-json\/wp\/v2\/posts\/15678"}],"collection":[{"href":"https:\/\/womenhouse.cz\/index.php\/wp-json\/wp\/v2\/posts"}],"about":[{"href":"https:\/\/womenhouse.cz\/index.php\/wp-json\/wp\/v2\/types\/post"}],"author":[{"embeddable":true,"href":"https:\/\/womenhouse.cz\/index.php\/wp-json\/wp\/v2\/users\/2"}],"replies":[{"embeddable":true,"href":"https:\/\/womenhouse.cz\/index.php\/wp-json\/wp\/v2\/comments?post=15678"}],"version-history":[{"count":-4,"href":"https:\/\/womenhouse.cz\/index.php\/wp-json\/wp\/v2\/posts\/15678\/revisions"}],"wp:featuredmedia":[{"embeddable":true,"href":"https:\/\/womenhouse.cz\/index.php\/wp-json\/wp\/v2\/media\/15679"}],"wp:attachment":[{"href":"https:\/\/womenhouse.cz\/index.php\/wp-json\/wp\/v2\/media?parent=15678"}],"wp:term":[{"taxonomy":"category","embeddable":true,"href":"https:\/\/womenhouse.cz\/index.php\/wp-json\/wp\/v2\/categories?post=15678"},{"taxonomy":"post_tag","embeddable":true,"href":"https:\/\/womenhouse.cz\/index.php\/wp-json\/wp\/v2\/tags?post=15678"}],"curies":[{"name":"wp","href":"https:\/\/api.w.org\/{rel}","templated":true}]}}