{"id":15294,"date":"2025-04-29T00:01:00","date_gmt":"2025-04-28T22:01:00","guid":{"rendered":"https:\/\/womenhouse.cz\/?p=15294"},"modified":"2025-08-07T18:01:07","modified_gmt":"2025-08-07T16:01:07","slug":"jsem-zena-jsem-evropa-tip-na-knihu","status":"publish","type":"post","link":"https:\/\/womenhouse.cz\/index.php\/2025\/04\/29\/jsem-zena-jsem-evropa-tip-na-knihu\/","title":{"rendered":"Jsem \u017eena Jsem Evropa | Tip na knihu"},"content":{"rendered":"\n<div style=\"height:45px\" aria-hidden=\"true\" class=\"wp-block-spacer\"><\/div>\n\n\n\n<p class=\"has-medium-font-size\"> <strong> S t\u011bmito historick\u00fdmi postavami, kter\u00e9 d\u00edky sv\u00e9 odvaze p\u0159ekro\u010dily tradi\u010dn\u00ed hranice a staly se inspirac\u00ed pro \u017eeny dne\u0161ka, se v knize propoj\u00ed t\u0159in\u00e1ct slavn\u00fdch \u017een sou\u010dasnosti. Autorkami Jsem \u017eena Jsem Evropa jsou Lilia Khousnoutdinova, Michaela \u0160edo, Milada Kade\u0159\u00e1bkov\u00e1 a Kl\u00e1ra Ponczov\u00e1. Kniha vych\u00e1z\u00ed v nakladatelstv\u00ed <\/strong><a href=\"https:\/\/www.cosmopolis.cz\/\"><strong>Cosmopolis<\/strong><\/a><strong>, kter\u00e9 je sou\u010d\u00e1st\u00ed <\/strong><a href=\"https:\/\/www.grada.cz\/\"><strong>Nakladatelsk\u00e9ho domu GRADA<\/strong><\/a><strong>.<\/strong><\/p>\n\n\n\n<div style=\"height:45px\" aria-hidden=\"true\" class=\"wp-block-spacer\"><\/div>\n\n\n<div class=\"wp-block-image\">\n<figure class=\"aligncenter size-large\"><img decoding=\"async\" src=\"https:\/\/bookhouse.cz\/wp-content\/uploads\/2025\/04\/obalka_page-0001-1024x569.jpg\" alt=\"Jsem \u017eena Jsem Evropa\" class=\"wp-image-8598\" \/><\/figure><\/div>\n\n\n<div style=\"height:45px\" aria-hidden=\"true\" class=\"wp-block-spacer\"><\/div>\n\n\n\n<h2 class=\"wp-block-heading\"><strong>Modern\u00ed pojet\u00ed \u017eenskosti a s\u00edly vych\u00e1zej\u00edc\u00ed z minulosti<\/strong><\/h2>\n\n\n\n<div style=\"height:21px\" aria-hidden=\"true\" class=\"wp-block-spacer\"><\/div>\n\n\n\n<p class=\"has-medium-font-size\">P\u0159\u00edb\u011bhy o\u017eivuj\u00edc\u00ed osudy mimo\u0159\u00e1dn\u00fdch Evropanek od d\u00e1vn\u00e9 historie po sou\u010dasnost&#8230; Nejen to najdete v knize&nbsp;Jsem \u017eena Jsem Evropa, kterou zdob\u00ed poh\u00e1dkov\u00e9 ilustrace loty\u0161sk\u00e9 v\u00fdtvarnice Ievy Ozoly a v\u00fdpravn\u00e9 fotografie m\u00f3dn\u00ed fotografky Ivy Morwen. I tentokr\u00e1t&nbsp;ve voln\u00e9m pokra\u010dov\u00e1n\u00ed knihy&nbsp;Jsem \u017eena Jsem bohyn\u011b&nbsp;nebudou chyb\u011bt rozhovory se zn\u00e1m\u00fdmi \u017eenami, kter\u00e9 v\u00fdzna\u010dn\u00e9 \u017eeny z historie ztv\u00e1rnily.<\/p>\n\n\n\n<p class=\"has-medium-font-size\"><strong>Lilia Khousnoutdinova<\/strong> jako pr\u016fvodkyn\u011b cel\u00e9 knihy v roli b\u00e1jn\u00e9 \u0159eck\u00e9 mytologick\u00e9 postavy Eur\u00f3py, <strong>Gabriela Party\u0161ov\u00e1<\/strong> jako prvn\u00ed \u010desk\u00e1 i slovansk\u00e1 sv\u011btice Svat\u00e1 Ludmila, <strong>Sharlota<\/strong> jako tosk\u00e1nsk\u00e1 markrab\u011bnka Matylda z Canossy, <strong>Mariana Pracha\u0159ov\u00e1<\/strong> jako \u010desk\u00e1 sv\u011btice a abaty\u0161e Svat\u00e1 Ane\u017eka \u010cesk\u00e1, <strong>Kate\u0159ina Sokolov\u00e1<\/strong> jako ran\u011b barokn\u00ed italsk\u00e1 mal\u00ed\u0159ka Artemisia Gentileschi, <strong>Patricie Pag\u00e1\u010dov\u00e1<\/strong> jako ma\u010farsk\u00e1 \u0161lechti\u010dna se slovensk\u00fdmi ko\u0159eny Julianna G\u00e9czy, <strong>Lenny Tr\u010dkov\u00e1<\/strong> jako prvn\u00ed \u010desk\u00e1 l\u00e9ka\u0159ka Anna Honz\u00e1kov\u00e1, <strong>Vlastina Sv\u00e1tkov\u00e1<\/strong> jako p\u0159edstavitelka \u010desk\u00e9ho realismu a venkovsk\u00e9 pr\u00f3zy Ter\u00e9za Nov\u00e1kov\u00e1, <strong>B\u00e1ra Nesvadbov\u00e1<\/strong> jako britsk\u00e1 paleobotani\u010dka a propag\u00e1torka antikoncepce Marie Stopes, <strong>Olga Lounov\u00e1<\/strong> jako jedna z v\u016fd\u010d\u00edch osobnost\u00ed protinacistick\u00e9ho odboje Irena Sendlerowa, <strong>Ta\u0165\u00e1na Kucha\u0159ov\u00e1<\/strong> jako prvn\u00ed \u017eensk\u00e1 dr\u017eitelka Nobelovy ceny za m\u00edr Bertha von Suttner, <strong>Lucie van Koten<\/strong> jako polsk\u00e1 mal\u00ed\u0159ka art deco Tamara de Lempicka a <strong>Anna Pol\u00edvkov\u00e1<\/strong> jako legend\u00e1rn\u00ed \u010deskoslovensk\u00e1 gymnastka V\u011bra \u010c\u00e1slavsk\u00e1.<\/p>\n\n\n\n<p class=\"has-medium-font-size\">Pono\u0159te se do sv\u011bta p\u016fsobiv\u00fdch osud\u016f a obdivuhodn\u00fdch \u010din\u016f t\u011bchto Evropanek a zjist\u011bte, jak na n\u011b pohl\u00ed\u017eej\u00ed a do jak\u00e9 m\u00edry se s nimi ztoto\u017e\u0148uj\u00ed jejich p\u0159edstavitelky.<\/p>\n\n\n\n<div style=\"height:45px\" aria-hidden=\"true\" class=\"wp-block-spacer\"><\/div>\n\n\n<div class=\"wp-block-image\">\n<figure class=\"aligncenter size-large\"><img decoding=\"async\" src=\"https:\/\/bookhouse.cz\/wp-content\/uploads\/2025\/04\/obalka_page-0001-2-759x1024.jpg\" alt=\"Jsem \u017eena Jsem Evropa\" class=\"wp-image-8599\" \/><\/figure><\/div>\n\n\n<div style=\"height:45px\" aria-hidden=\"true\" class=\"wp-block-spacer\"><\/div>\n\n\n\n<h2 class=\"wp-block-heading\" id=\"block-d5099aaf-fc1f-4aea-9eb1-4e097e5ca5da\">N\u00e1zev knihy: Jsem \u017eena Jsem Evropa<a href=\"https:\/\/www.grada.cz\/knihkupectvi-s-vuni-kolacku-14284\/#gLogonRegister\"><\/a><\/h2>\n\n\n\n<div style=\"height:45px\" aria-hidden=\"true\" class=\"wp-block-spacer\"><\/div>\n\n\n\n<p class=\"has-medium-font-size\" id=\"block-f563f394-4ca1-47f0-b136-5ffe5b4f4d1c\"><strong>Autor:<\/strong>&nbsp;Lilia Khousnoutdinova,&nbsp;Kl\u00e1ra Ponczov\u00e1,&nbsp;Michaela \u0160edo&#8230;<\/p>\n\n\n\n<p class=\"has-medium-font-size\" id=\"block-30e75497-0af9-41c7-9cd2-0d7e7f286ca8\"><strong>Po\u010det stran \/ vazba:<\/strong>&nbsp;144 stran \/ Pevn\u00e1 \u0161it\u00e1 vazba<\/p>\n\n\n\n<p class=\"has-medium-font-size\" id=\"block-6061cabd-fa38-4434-b0be-477ed69294ec\"><strong>Doporu\u010den\u00e1<\/strong>&nbsp;<strong>cena:<\/strong>&nbsp;549 K\u010d<\/p>\n\n\n\n<p class=\"has-medium-font-size\" id=\"block-bf00762f-3f26-4bb9-9a78-6955ce7d639d\"><strong>Vydalo<\/strong>:&nbsp;Nakladatelstv\u00ed Grada<\/p>\n\n\n\n<p class=\"has-medium-font-size\"><strong>V\u00edce informac\u00ed na:&nbsp;<a href=\"http:\/\/www.grada.cz\/\">www.grada.cz<\/a><\/strong><\/p>\n\n\n\n<div style=\"height:45px\" aria-hidden=\"true\" class=\"wp-block-spacer\"><\/div>\n\n\n\n<p class=\"has-medium-font-size\"><strong>Zdroj foto:<\/strong>&nbsp;Grada<\/p>\n\n\n\n<div style=\"height:45px\" aria-hidden=\"true\" class=\"wp-block-spacer\"><\/div>\n","protected":false},"excerpt":{"rendered":"<p>S t\u011bmito historick\u00fdmi postavami, kter\u00e9 d\u00edky sv\u00e9 odvaze p\u0159ekro\u010dily tradi\u010dn\u00ed hranice a staly se inspirac\u00ed pro \u017eeny dne\u0161ka, se v knize propoj\u00ed t\u0159in\u00e1ct slavn\u00fdch \u017een sou\u010dasnosti. Autorkami Jsem \u017eena Jsem Evropa jsou Lilia Khousnoutdinova, Michaela \u0160edo, Milada Kade\u0159\u00e1bkov\u00e1 a Kl\u00e1ra Ponczov\u00e1. Kniha vych\u00e1z\u00ed v nakladatelstv\u00ed Cosmopolis, kter\u00e9 je sou\u010d\u00e1st\u00ed Nakladatelsk\u00e9ho domu GRADA. Modern\u00ed pojet\u00ed \u017eenskosti [&hellip;]<\/p>\n","protected":false},"author":9,"featured_media":15296,"comment_status":"closed","ping_status":"closed","sticky":false,"template":"","format":"standard","meta":{"_mi_skip_tracking":false,"_monsterinsights_sitenote_active":false,"_monsterinsights_sitenote_note":"","_monsterinsights_sitenote_category":0,"footnotes":""},"categories":[19,2,12],"tags":[],"yoast_head":"<!-- This site is optimized with the Yoast SEO plugin v21.5 - https:\/\/yoast.com\/wordpress\/plugins\/seo\/ -->\n<title>Jsem \u017eena Jsem Evropa | Tip na knihu - WOMENHOUSE.cz<\/title>\n<meta name=\"description\" content=\"V knize Jsem \u017eena Jsem Evropa se \u010dten\u00e1\u0159i sezn\u00e1m\u00ed s my\u0161lenkami a osudy slavn\u00fdch \u017een, kter\u00e9 se zapsaly do d\u011bjin Evropy.\" \/>\n<meta name=\"robots\" content=\"index, follow, max-snippet:-1, max-image-preview:large, max-video-preview:-1\" \/>\n<link rel=\"canonical\" href=\"https:\/\/womenhouse.cz\/index.php\/2025\/04\/29\/jsem-zena-jsem-evropa-tip-na-knihu\/\" \/>\n<meta property=\"og:locale\" content=\"cs_CZ\" \/>\n<meta property=\"og:type\" content=\"article\" \/>\n<meta property=\"og:title\" content=\"Jsem \u017eena Jsem Evropa | Tip na knihu - WOMENHOUSE.cz\" \/>\n<meta property=\"og:description\" content=\"V knize Jsem \u017eena Jsem Evropa se \u010dten\u00e1\u0159i sezn\u00e1m\u00ed s my\u0161lenkami a osudy slavn\u00fdch \u017een, kter\u00e9 se zapsaly do d\u011bjin Evropy.\" \/>\n<meta property=\"og:url\" content=\"https:\/\/womenhouse.cz\/index.php\/2025\/04\/29\/jsem-zena-jsem-evropa-tip-na-knihu\/\" \/>\n<meta property=\"og:site_name\" content=\"WOMENHOUSE.cz\" \/>\n<meta property=\"article:publisher\" content=\"https:\/\/www.facebook.com\/womenhousecz\" \/>\n<meta property=\"article:published_time\" content=\"2025-04-28T22:01:00+00:00\" \/>\n<meta property=\"article:modified_time\" content=\"2025-08-07T16:01:07+00:00\" \/>\n<meta property=\"og:image\" content=\"https:\/\/womenhouse.cz\/wp-content\/uploads\/2025\/04\/obalka_page-0001.jpg\" \/>\n\t<meta property=\"og:image:width\" content=\"1601\" \/>\n\t<meta property=\"og:image:height\" content=\"890\" \/>\n\t<meta property=\"og:image:type\" content=\"image\/jpeg\" \/>\n<meta name=\"author\" content=\"Martina Pechov\u00e1\" \/>\n<meta name=\"twitter:card\" content=\"summary_large_image\" \/>\n<meta name=\"twitter:label1\" content=\"Napsal(a)\" \/>\n\t<meta name=\"twitter:data1\" content=\"Martina Pechov\u00e1\" \/>\n\t<meta name=\"twitter:label2\" content=\"Odhadovan\u00e1 doba \u010dten\u00ed\" \/>\n\t<meta name=\"twitter:data2\" content=\"3 minuty\" \/>\n<script type=\"application\/ld+json\" class=\"yoast-schema-graph\">{\"@context\":\"https:\/\/schema.org\",\"@graph\":[{\"@type\":\"Article\",\"@id\":\"https:\/\/womenhouse.cz\/index.php\/2025\/04\/29\/jsem-zena-jsem-evropa-tip-na-knihu\/#article\",\"isPartOf\":{\"@id\":\"https:\/\/womenhouse.cz\/index.php\/2025\/04\/29\/jsem-zena-jsem-evropa-tip-na-knihu\/\"},\"author\":{\"name\":\"Martina Pechov\u00e1\",\"@id\":\"https:\/\/womenhouse.cz\/#\/schema\/person\/09851c27907b92bbc8bcd7f3dfb2a802\"},\"headline\":\"Jsem \u017eena Jsem Evropa | Tip na knihu\",\"datePublished\":\"2025-04-28T22:01:00+00:00\",\"dateModified\":\"2025-08-07T16:01:07+00:00\",\"mainEntityOfPage\":{\"@id\":\"https:\/\/womenhouse.cz\/index.php\/2025\/04\/29\/jsem-zena-jsem-evropa-tip-na-knihu\/\"},\"wordCount\":431,\"publisher\":{\"@id\":\"https:\/\/womenhouse.cz\/#organization\"},\"articleSection\":[\"KNIHY &amp; \u010cASOPISY\",\"NEWS\",\"TIPY &amp; TRENDY\"],\"inLanguage\":\"cs\"},{\"@type\":\"WebPage\",\"@id\":\"https:\/\/womenhouse.cz\/index.php\/2025\/04\/29\/jsem-zena-jsem-evropa-tip-na-knihu\/\",\"url\":\"https:\/\/womenhouse.cz\/index.php\/2025\/04\/29\/jsem-zena-jsem-evropa-tip-na-knihu\/\",\"name\":\"Jsem \u017eena Jsem Evropa | Tip na knihu - WOMENHOUSE.cz\",\"isPartOf\":{\"@id\":\"https:\/\/womenhouse.cz\/#website\"},\"datePublished\":\"2025-04-28T22:01:00+00:00\",\"dateModified\":\"2025-08-07T16:01:07+00:00\",\"description\":\"V knize Jsem \u017eena Jsem Evropa se \u010dten\u00e1\u0159i sezn\u00e1m\u00ed s my\u0161lenkami a osudy slavn\u00fdch \u017een, kter\u00e9 se zapsaly do d\u011bjin Evropy.\",\"breadcrumb\":{\"@id\":\"https:\/\/womenhouse.cz\/index.php\/2025\/04\/29\/jsem-zena-jsem-evropa-tip-na-knihu\/#breadcrumb\"},\"inLanguage\":\"cs\",\"potentialAction\":[{\"@type\":\"ReadAction\",\"target\":[\"https:\/\/womenhouse.cz\/index.php\/2025\/04\/29\/jsem-zena-jsem-evropa-tip-na-knihu\/\"]}]},{\"@type\":\"BreadcrumbList\",\"@id\":\"https:\/\/womenhouse.cz\/index.php\/2025\/04\/29\/jsem-zena-jsem-evropa-tip-na-knihu\/#breadcrumb\",\"itemListElement\":[{\"@type\":\"ListItem\",\"position\":1,\"name\":\"Dom\u016f\",\"item\":\"https:\/\/womenhouse.cz\/\"},{\"@type\":\"ListItem\",\"position\":2,\"name\":\"Jsem \u017eena Jsem Evropa | Tip na knihu\"}]},{\"@type\":\"WebSite\",\"@id\":\"https:\/\/womenhouse.cz\/#website\",\"url\":\"https:\/\/womenhouse.cz\/\",\"name\":\"WOMENHOUSE.cz\",\"description\":\"Port\u00e1l v\u00fdhradn\u011b jen pro \u017eeny...\",\"publisher\":{\"@id\":\"https:\/\/womenhouse.cz\/#organization\"},\"potentialAction\":[{\"@type\":\"SearchAction\",\"target\":{\"@type\":\"EntryPoint\",\"urlTemplate\":\"https:\/\/womenhouse.cz\/?s={search_term_string}\"},\"query-input\":\"required name=search_term_string\"}],\"inLanguage\":\"cs\"},{\"@type\":\"Organization\",\"@id\":\"https:\/\/womenhouse.cz\/#organization\",\"name\":\"WOMENHOUSE.cz\",\"url\":\"https:\/\/womenhouse.cz\/\",\"logo\":{\"@type\":\"ImageObject\",\"inLanguage\":\"cs\",\"@id\":\"https:\/\/womenhouse.cz\/#\/schema\/logo\/image\/\",\"url\":\"https:\/\/womenhouse.cz\/wp-content\/uploads\/2020\/06\/cropped-logo_Womenhouse_RGB-02-removebg-preview-1.png\",\"contentUrl\":\"https:\/\/womenhouse.cz\/wp-content\/uploads\/2020\/06\/cropped-logo_Womenhouse_RGB-02-removebg-preview-1.png\",\"width\":561,\"height\":375,\"caption\":\"WOMENHOUSE.cz\"},\"image\":{\"@id\":\"https:\/\/womenhouse.cz\/#\/schema\/logo\/image\/\"},\"sameAs\":[\"https:\/\/www.facebook.com\/womenhousecz\",\"https:\/\/www.instagram.com\/womenhousecz\/\"]},{\"@type\":\"Person\",\"@id\":\"https:\/\/womenhouse.cz\/#\/schema\/person\/09851c27907b92bbc8bcd7f3dfb2a802\",\"name\":\"Martina Pechov\u00e1\",\"sameAs\":[\"http:\/\/WOMENHOUSE.cz\"],\"url\":\"https:\/\/womenhouse.cz\/index.php\/author\/marpech\/\"}]}<\/script>\n<!-- \/ Yoast SEO plugin. -->","yoast_head_json":{"title":"Jsem \u017eena Jsem Evropa | Tip na knihu - WOMENHOUSE.cz","description":"V knize Jsem \u017eena Jsem Evropa se \u010dten\u00e1\u0159i sezn\u00e1m\u00ed s my\u0161lenkami a osudy slavn\u00fdch \u017een, kter\u00e9 se zapsaly do d\u011bjin Evropy.","robots":{"index":"index","follow":"follow","max-snippet":"max-snippet:-1","max-image-preview":"max-image-preview:large","max-video-preview":"max-video-preview:-1"},"canonical":"https:\/\/womenhouse.cz\/index.php\/2025\/04\/29\/jsem-zena-jsem-evropa-tip-na-knihu\/","og_locale":"cs_CZ","og_type":"article","og_title":"Jsem \u017eena Jsem Evropa | Tip na knihu - WOMENHOUSE.cz","og_description":"V knize Jsem \u017eena Jsem Evropa se \u010dten\u00e1\u0159i sezn\u00e1m\u00ed s my\u0161lenkami a osudy slavn\u00fdch \u017een, kter\u00e9 se zapsaly do d\u011bjin Evropy.","og_url":"https:\/\/womenhouse.cz\/index.php\/2025\/04\/29\/jsem-zena-jsem-evropa-tip-na-knihu\/","og_site_name":"WOMENHOUSE.cz","article_publisher":"https:\/\/www.facebook.com\/womenhousecz","article_published_time":"2025-04-28T22:01:00+00:00","article_modified_time":"2025-08-07T16:01:07+00:00","og_image":[{"width":1601,"height":890,"url":"https:\/\/womenhouse.cz\/wp-content\/uploads\/2025\/04\/obalka_page-0001.jpg","type":"image\/jpeg"}],"author":"Martina Pechov\u00e1","twitter_card":"summary_large_image","twitter_misc":{"Napsal(a)":"Martina Pechov\u00e1","Odhadovan\u00e1 doba \u010dten\u00ed":"3 minuty"},"schema":{"@context":"https:\/\/schema.org","@graph":[{"@type":"Article","@id":"https:\/\/womenhouse.cz\/index.php\/2025\/04\/29\/jsem-zena-jsem-evropa-tip-na-knihu\/#article","isPartOf":{"@id":"https:\/\/womenhouse.cz\/index.php\/2025\/04\/29\/jsem-zena-jsem-evropa-tip-na-knihu\/"},"author":{"name":"Martina Pechov\u00e1","@id":"https:\/\/womenhouse.cz\/#\/schema\/person\/09851c27907b92bbc8bcd7f3dfb2a802"},"headline":"Jsem \u017eena Jsem Evropa | Tip na knihu","datePublished":"2025-04-28T22:01:00+00:00","dateModified":"2025-08-07T16:01:07+00:00","mainEntityOfPage":{"@id":"https:\/\/womenhouse.cz\/index.php\/2025\/04\/29\/jsem-zena-jsem-evropa-tip-na-knihu\/"},"wordCount":431,"publisher":{"@id":"https:\/\/womenhouse.cz\/#organization"},"articleSection":["KNIHY &amp; \u010cASOPISY","NEWS","TIPY &amp; TRENDY"],"inLanguage":"cs"},{"@type":"WebPage","@id":"https:\/\/womenhouse.cz\/index.php\/2025\/04\/29\/jsem-zena-jsem-evropa-tip-na-knihu\/","url":"https:\/\/womenhouse.cz\/index.php\/2025\/04\/29\/jsem-zena-jsem-evropa-tip-na-knihu\/","name":"Jsem \u017eena Jsem Evropa | Tip na knihu - WOMENHOUSE.cz","isPartOf":{"@id":"https:\/\/womenhouse.cz\/#website"},"datePublished":"2025-04-28T22:01:00+00:00","dateModified":"2025-08-07T16:01:07+00:00","description":"V knize Jsem \u017eena Jsem Evropa se \u010dten\u00e1\u0159i sezn\u00e1m\u00ed s my\u0161lenkami a osudy slavn\u00fdch \u017een, kter\u00e9 se zapsaly do d\u011bjin Evropy.","breadcrumb":{"@id":"https:\/\/womenhouse.cz\/index.php\/2025\/04\/29\/jsem-zena-jsem-evropa-tip-na-knihu\/#breadcrumb"},"inLanguage":"cs","potentialAction":[{"@type":"ReadAction","target":["https:\/\/womenhouse.cz\/index.php\/2025\/04\/29\/jsem-zena-jsem-evropa-tip-na-knihu\/"]}]},{"@type":"BreadcrumbList","@id":"https:\/\/womenhouse.cz\/index.php\/2025\/04\/29\/jsem-zena-jsem-evropa-tip-na-knihu\/#breadcrumb","itemListElement":[{"@type":"ListItem","position":1,"name":"Dom\u016f","item":"https:\/\/womenhouse.cz\/"},{"@type":"ListItem","position":2,"name":"Jsem \u017eena Jsem Evropa | Tip na knihu"}]},{"@type":"WebSite","@id":"https:\/\/womenhouse.cz\/#website","url":"https:\/\/womenhouse.cz\/","name":"WOMENHOUSE.cz","description":"Port\u00e1l v\u00fdhradn\u011b jen pro \u017eeny...","publisher":{"@id":"https:\/\/womenhouse.cz\/#organization"},"potentialAction":[{"@type":"SearchAction","target":{"@type":"EntryPoint","urlTemplate":"https:\/\/womenhouse.cz\/?s={search_term_string}"},"query-input":"required name=search_term_string"}],"inLanguage":"cs"},{"@type":"Organization","@id":"https:\/\/womenhouse.cz\/#organization","name":"WOMENHOUSE.cz","url":"https:\/\/womenhouse.cz\/","logo":{"@type":"ImageObject","inLanguage":"cs","@id":"https:\/\/womenhouse.cz\/#\/schema\/logo\/image\/","url":"https:\/\/womenhouse.cz\/wp-content\/uploads\/2020\/06\/cropped-logo_Womenhouse_RGB-02-removebg-preview-1.png","contentUrl":"https:\/\/womenhouse.cz\/wp-content\/uploads\/2020\/06\/cropped-logo_Womenhouse_RGB-02-removebg-preview-1.png","width":561,"height":375,"caption":"WOMENHOUSE.cz"},"image":{"@id":"https:\/\/womenhouse.cz\/#\/schema\/logo\/image\/"},"sameAs":["https:\/\/www.facebook.com\/womenhousecz","https:\/\/www.instagram.com\/womenhousecz\/"]},{"@type":"Person","@id":"https:\/\/womenhouse.cz\/#\/schema\/person\/09851c27907b92bbc8bcd7f3dfb2a802","name":"Martina Pechov\u00e1","sameAs":["http:\/\/WOMENHOUSE.cz"],"url":"https:\/\/womenhouse.cz\/index.php\/author\/marpech\/"}]}},"_links":{"self":[{"href":"https:\/\/womenhouse.cz\/index.php\/wp-json\/wp\/v2\/posts\/15294"}],"collection":[{"href":"https:\/\/womenhouse.cz\/index.php\/wp-json\/wp\/v2\/posts"}],"about":[{"href":"https:\/\/womenhouse.cz\/index.php\/wp-json\/wp\/v2\/types\/post"}],"author":[{"embeddable":true,"href":"https:\/\/womenhouse.cz\/index.php\/wp-json\/wp\/v2\/users\/9"}],"replies":[{"embeddable":true,"href":"https:\/\/womenhouse.cz\/index.php\/wp-json\/wp\/v2\/comments?post=15294"}],"version-history":[{"count":-4,"href":"https:\/\/womenhouse.cz\/index.php\/wp-json\/wp\/v2\/posts\/15294\/revisions"}],"wp:featuredmedia":[{"embeddable":true,"href":"https:\/\/womenhouse.cz\/index.php\/wp-json\/wp\/v2\/media\/15296"}],"wp:attachment":[{"href":"https:\/\/womenhouse.cz\/index.php\/wp-json\/wp\/v2\/media?parent=15294"}],"wp:term":[{"taxonomy":"category","embeddable":true,"href":"https:\/\/womenhouse.cz\/index.php\/wp-json\/wp\/v2\/categories?post=15294"},{"taxonomy":"post_tag","embeddable":true,"href":"https:\/\/womenhouse.cz\/index.php\/wp-json\/wp\/v2\/tags?post=15294"}],"curies":[{"name":"wp","href":"https:\/\/api.w.org\/{rel}","templated":true}]}}