{"id":15201,"date":"2025-03-25T01:53:08","date_gmt":"2025-03-25T00:53:08","guid":{"rendered":"https:\/\/womenhouse.cz\/?p=15201"},"modified":"2025-05-23T00:07:30","modified_gmt":"2025-05-22T22:07:30","slug":"queens-otevira-vlajkovou-prodejnu-v-centru-prahy","status":"publish","type":"post","link":"https:\/\/womenhouse.cz\/index.php\/2025\/03\/25\/queens-otevira-vlajkovou-prodejnu-v-centru-prahy\/","title":{"rendered":"Queens otev\u00edr\u00e1 vlajkovou prodejnu v centru Prahy"},"content":{"rendered":"\n<div style=\"height:38px\" aria-hidden=\"true\" class=\"wp-block-spacer\"><\/div>\n\n\n\n<p class=\"has-medium-font-size\"><strong><a href=\"https:\/\/www.queens.cz\/cs\/\">M\u00f3dn\u00ed zna\u010dka Queens<\/a> otev\u00edr\u00e1 kamennou prodejnu <a href=\"https:\/\/vcentruprahy.cz\/\">v centru Prahy<\/a> <a href=\"https:\/\/28rijnaulice.cz\/\">v ulici 28. \u0159\u00edjna<\/a>. Na celkov\u00e9 prodejn\u00ed plo\u0161e 300 metr\u016f \u010dtvere\u010dn\u00edch ve dvou patrech najdou p\u0159\u00edznivci m\u00f3dy \u0161irokou nab\u00eddku trendov\u00fdch tenisek, oble\u010den\u00ed a dopl\u0148k\u016f od sv\u011btov\u00fdch zna\u010dek i z vlastn\u00ed produkce.<\/strong><\/p>\n\n\n\n<p class=\"has-medium-font-size\">\u010cesk\u00e1 zna\u010dka s v\u00edce ne\u017e dvacetiletou histori\u00ed pro\u0161la po akvizici skupinou Footshop v roce 2021 v\u00fdznamnou transformac\u00ed. Po obdob\u00ed optimalizace, kdy do\u0161lo k uzav\u0159en\u00ed p\u016fvodn\u00edch kamenn\u00fdch prodejen, rebrandingu a pos\u00edlen\u00ed integrity do portfolia Footshop, se nyn\u00ed Queens vrac\u00ed do fyzick\u00e9ho retailu s nov\u00fdm konceptem.<\/p>\n\n\n\n<div style=\"height:35px\" aria-hidden=\"true\" class=\"wp-block-spacer\"><\/div>\n\n\n\n<figure class=\"wp-block-embed aligncenter is-type-video is-provider-youtube wp-block-embed-youtube wp-embed-aspect-16-9 wp-has-aspect-ratio\"><div class=\"wp-block-embed__wrapper\">\n<iframe loading=\"lazy\" title=\"Queens otev\u00edr\u00e1 vlajkovou prodejnu v centru Prahy na Pra\u017esk\u00fdch P\u0159\u00edkopech\" width=\"640\" height=\"360\" src=\"https:\/\/www.youtube.com\/embed\/SL6rKsKFBj8?feature=oembed\" frameborder=\"0\" allow=\"accelerometer; autoplay; clipboard-write; encrypted-media; gyroscope; picture-in-picture; web-share\" referrerpolicy=\"strict-origin-when-cross-origin\" allowfullscreen><\/iframe>\n<\/div><\/figure>\n\n\n\n<div style=\"height:35px\" aria-hidden=\"true\" class=\"wp-block-spacer\"><\/div>\n\n\n\n<p class=\"has-medium-font-size\">Interi\u00e9r prodejny vznikl podle n\u00e1vrhu studia Edit a jeho unik\u00e1tn\u00edm prvkem je cel\u00e9 prvn\u00ed patro v\u011bnovan\u00e9 v\u00fdhradn\u011b \u017een\u00e1m. Krom\u011b d\u00e1msk\u00e9ho sortimentu je zde vytvo\u0159en speci\u00e1ln\u00ed prostor Women&#8217;s Lounge, kde budou v&nbsp;pr\u016fb\u011bhu roku prob\u00edhat komunitn\u00ed a marketingov\u00e9 akce a workshopy. <\/p>\n\n\n\n<div style=\"height:35px\" aria-hidden=\"true\" class=\"wp-block-spacer\"><\/div>\n\n\n<div class=\"wp-block-image\">\n<figure class=\"aligncenter size-large\"><img decoding=\"async\" src=\"https:\/\/prazskeprikopy.cz\/wp-content\/uploads\/2025\/03\/3_desktop-1024x768.jpg\" alt=\"Queens otev\u00edr\u00e1 vlajkovou prodejnu v centru Prahy s unik\u00e1tn\u00edm komunitn\u00edm prostorem pro \u017eeny\" class=\"wp-image-13138\"\/><\/figure><\/div>\n\n\n<div style=\"height:35px\" aria-hidden=\"true\" class=\"wp-block-spacer\"><\/div>\n\n\n\n<p class=\"has-medium-font-size\"><em>\u201eChceme, aby Queens byl vedle m\u00f3dn\u00ed inspirace i synonymem pro autenticitu a jedine\u010dn\u00fd styl ka\u017ed\u00e9ho z&nbsp;n\u00e1s a stal se m\u00edstem, kde se budou na\u0161e z\u00e1kaznice c\u00edtit sebev\u011bdom\u011b v&nbsp;tom, co nos\u00ed,\u201c<\/em> <strong>vysv\u011btluje Johana Ku\u010derov\u00e1, mana\u017eerka zna\u010dky Queens.<\/strong><\/p>\n\n\n\n<div style=\"height:35px\" aria-hidden=\"true\" class=\"wp-block-spacer\"><\/div>\n\n\n\n<figure class=\"wp-block-gallery has-nested-images columns-default is-cropped wp-block-gallery-1 is-layout-flex wp-block-gallery-is-layout-flex\">\n<figure class=\"wp-block-image size-large\"><img decoding=\"async\" data-id=\"13140\" src=\"https:\/\/prazskeprikopy.cz\/wp-content\/uploads\/2025\/03\/KOV04788-HDR-682x1024.jpg\" alt=\"Queens otev\u00edr\u00e1 vlajkovou prodejnu v centru Prahy s unik\u00e1tn\u00edm komunitn\u00edm prostorem pro \u017eeny\" class=\"wp-image-13140\"\/><\/figure>\n\n\n\n<figure class=\"wp-block-image size-large\"><img decoding=\"async\" data-id=\"13142\" src=\"https:\/\/prazskeprikopy.cz\/wp-content\/uploads\/2025\/03\/KOV05065-HDR-682x1024.jpg\" alt=\"Queens otev\u00edr\u00e1 vlajkovou prodejnu v centru Prahy s unik\u00e1tn\u00edm komunitn\u00edm prostorem pro \u017eeny\" class=\"wp-image-13142\"\/><\/figure>\n<\/figure>\n\n\n\n<div style=\"height:35px\" aria-hidden=\"true\" class=\"wp-block-spacer\"><\/div>\n\n\n\n<p class=\"has-medium-font-size\">\u201e<em>P\u0159ed 3 lety jsme vyslovili odv\u00e1\u017enou vizi \u2013 &#8218;Ladies first&#8216; \u2013 um\u00edstit \u017eeny do st\u0159edu na\u0161ich aktivit. Dne\u0161n\u00edm dnem se v\u00fdznamn\u011b posouv\u00e1me k&nbsp;jej\u00edmu dosa\u017een\u00ed. Od otev\u0159en\u00ed Queens obchodu neexistuje v regionu lep\u0161\u00ed m\u00edsto pro n\u00e1kup tenisek pro \u017eeny. Z\u00e1rove\u0148 jde o na\u0161i vlajkovou lo\u010f, kter\u00e1 ve dvou patrech nab\u00edz\u00ed sortiment od sv\u011btov\u00fdch zna\u010dek, ale i vlastn\u00ed produkty zna\u010dky Queens,\u201c<\/em> <strong>\u0159\u00edk\u00e1 Peter Hajdu\u010dek, gener\u00e1ln\u00ed \u0159editel zna\u010dky Queens a zakladatel skupiny Footshop.<\/strong><\/p>\n\n\n\n<div style=\"height:35px\" aria-hidden=\"true\" class=\"wp-block-spacer\"><\/div>\n\n\n<div class=\"wp-block-image\">\n<figure class=\"aligncenter size-large\"><img decoding=\"async\" src=\"https:\/\/prazskeprikopy.cz\/wp-content\/uploads\/2025\/03\/4_desktop-1024x614.jpg\" alt=\"Queens otev\u00edr\u00e1 vlajkovou prodejnu v centru Prahy s unik\u00e1tn\u00edm komunitn\u00edm prostorem pro \u017eeny\" class=\"wp-image-13132\"\/><\/figure><\/div>\n\n\n<div style=\"height:35px\" aria-hidden=\"true\" class=\"wp-block-spacer\"><\/div>\n\n\n\n<p class=\"has-medium-font-size\">Zna\u010dka Queens c\u00edl\u00ed na aktivn\u00ed modern\u00ed mlad\u00e9 lidi ve v\u011bku 25-40 let, kte\u0159\u00ed vyzn\u00e1vaj\u00ed dynamick\u00fd a zdrav\u00fd \u017eivotn\u00ed styl, miluj\u00ed m\u011bstskou kulturu, sleduj\u00ed m\u00f3dn\u00ed trendy a jsou p\u0159irozen\u00fdmi u\u017eivateli soci\u00e1ln\u00edch s\u00edt\u00ed. V sortimentu z\u00e1kazn\u00edci najdou v\u00edce ne\u017e 18 tis\u00edc produkt\u016f od renomovan\u00fdch zna\u010dek jako Nike, adidas, Puma, Vans, Reebok, New Balance nebo Birkenstock.<\/p>\n\n\n\n<p class=\"has-medium-font-size\">Pod vlastn\u00ed zna\u010dkou Queens Label nab\u00edz\u00ed pr\u00e9miov\u00e9 udr\u017eiteln\u00e9 a nad\u010dasov\u00e9 oble\u010den\u00ed, v\u010detn\u011b kolekce Queens Essentials tri\u010dek ze 100% bavlny s do\u017eivotn\u00ed z\u00e1rukou. Sortiment priv\u00e1tn\u00ed zna\u010dky zahrnuj\u00edc\u00ed nap\u0159\u00edklad i pono\u017eky nebo \u010depice se bude pr\u016fb\u011b\u017en\u011b roz\u0161i\u0159ovat o dal\u0161\u00ed kvalitn\u00ed a cenov\u011b dostupn\u00e9 produkty.<\/p>\n\n\n\n<div style=\"height:35px\" aria-hidden=\"true\" class=\"wp-block-spacer\"><\/div>\n\n\n\n<figure class=\"wp-block-gallery has-nested-images columns-default is-cropped wp-block-gallery-2 is-layout-flex wp-block-gallery-is-layout-flex\">\n<figure class=\"wp-block-image size-large\"><img decoding=\"async\" data-id=\"13145\" src=\"https:\/\/prazskeprikopy.cz\/wp-content\/uploads\/2025\/03\/KOV04975-HDR-682x1024.jpg\" alt=\"Queens otev\u00edr\u00e1 vlajkovou prodejnu v centru Prahy s unik\u00e1tn\u00edm komunitn\u00edm prostorem pro \u017eeny\" class=\"wp-image-13145\"\/><\/figure>\n\n\n\n<figure class=\"wp-block-image size-large\"><img decoding=\"async\" data-id=\"13143\" src=\"https:\/\/prazskeprikopy.cz\/wp-content\/uploads\/2025\/03\/KOV04970-HDR-682x1024.jpg\" alt=\"Queens otev\u00edr\u00e1 vlajkovou prodejnu v centru Prahy s unik\u00e1tn\u00edm komunitn\u00edm prostorem pro \u017eeny\" class=\"wp-image-13143\"\/><\/figure>\n\n\n\n<figure class=\"wp-block-image size-large\"><img decoding=\"async\" data-id=\"13147\" src=\"https:\/\/prazskeprikopy.cz\/wp-content\/uploads\/2025\/03\/KOV05075-682x1024.jpg\" alt=\"Queens otev\u00edr\u00e1 vlajkovou prodejnu v centru Prahy s unik\u00e1tn\u00edm komunitn\u00edm prostorem pro \u017eeny\" class=\"wp-image-13147\"\/><\/figure>\n<\/figure>\n\n\n\n<div style=\"height:35px\" aria-hidden=\"true\" class=\"wp-block-spacer\"><\/div>\n\n\n\n<p class=\"has-medium-font-size\">\u201e<em>Otev\u0159en\u00ed pra\u017esk\u00e9 prodejny je pro Queens z\u00e1sadn\u00edm krokem vp\u0159ed. Nejde jen o nov\u00fd obchod, ale o m\u00edsto, kde se bude potk\u00e1vat komunita, sd\u00edlet z\u00e1\u017eitky a posouvat hranice m\u00f3dy i sebevyj\u00e1d\u0159en\u00ed. Jako \u017eena vn\u00edm\u00e1m, \u017ee pr\u00e1v\u011b takov\u00fd prostor v Praze chyb\u011bl, a nem\u016f\u017eu se do\u010dkat, a\u017e ho spole\u010dn\u011b napln\u00edme energi\u00ed a \u017eivotem,\u201c<\/em><strong> dod\u00e1v\u00e1 Johana Ku\u010derov\u00e1.<\/strong><\/p>\n\n\n\n<p class=\"has-medium-font-size\">Prodejna bude fungovat tak\u00e9 jako v\u00fddejn\u00ed m\u00edsto pro objedn\u00e1vky z&nbsp;e-shopu. V sou\u010dasnosti prod\u00e1v\u00e1 Queens na 19 trz\u00edch, s nejv\u011bt\u0161\u00ed z\u00e1kaznickou z\u00e1kladnou v \u010cesku a na Slovensku. D\u00edky z\u00e1zem\u00ed siln\u00e9 skupiny Footshop, kter\u00e1 j\u00ed umo\u017e\u0148uje sd\u00edlet know-how a vyu\u017e\u00edvat technologick\u00e9 z\u00e1zem\u00ed chce zna\u010dka d\u00e1le r\u016fst a expandovat na nov\u00e9 trhy.<\/p>\n\n\n\n<div style=\"height:35px\" aria-hidden=\"true\" class=\"wp-block-spacer\"><\/div>\n\n\n\n<figure class=\"wp-block-gallery has-nested-images columns-default is-cropped wp-block-gallery-3 is-layout-flex wp-block-gallery-is-layout-flex\">\n<figure class=\"wp-block-image size-large\"><img decoding=\"async\" data-id=\"13150\" src=\"https:\/\/prazskeprikopy.cz\/wp-content\/uploads\/2025\/03\/KOV04717-HDR-819x1024.jpg\" alt=\"Queens otev\u00edr\u00e1 vlajkovou prodejnu v centru Prahy s unik\u00e1tn\u00edm komunitn\u00edm prostorem pro \u017eeny\" class=\"wp-image-13150\"\/><\/figure>\n\n\n\n<figure class=\"wp-block-image size-large\"><img decoding=\"async\" data-id=\"13139\" src=\"https:\/\/prazskeprikopy.cz\/wp-content\/uploads\/2025\/03\/list_desktop-1024x802.jpg\" alt=\"Queens otev\u00edr\u00e1 vlajkovou prodejnu v centru Prahy s unik\u00e1tn\u00edm komunitn\u00edm prostorem pro \u017eeny\" class=\"wp-image-13139\"\/><\/figure>\n\n\n\n<figure class=\"wp-block-image size-large\"><img decoding=\"async\" data-id=\"13146\" src=\"https:\/\/prazskeprikopy.cz\/wp-content\/uploads\/2025\/03\/KOV04930-HDR-682x1024.jpg\" alt=\"Queens otev\u00edr\u00e1 vlajkovou prodejnu v centru Prahy s unik\u00e1tn\u00edm komunitn\u00edm prostorem pro \u017eeny\" class=\"wp-image-13146\"\/><\/figure>\n<\/figure>\n\n\n\n<div style=\"height:35px\" aria-hidden=\"true\" class=\"wp-block-spacer\"><\/div>\n\n\n\n<h2 class=\"wp-block-heading\">O spole\u010dnosti Queens:<\/h2>\n\n\n\n<div style=\"height:35px\" aria-hidden=\"true\" class=\"wp-block-spacer\"><\/div>\n\n\n\n<p class=\"has-medium-font-size\">Queens je dynamickou \u010deskou m\u00f3dn\u00ed zna\u010dkou s&nbsp;dvacetiletou histori\u00ed. V&nbsp;roce 2021 byla koupena skupinou Footshop, pro\u0161la rebrandingem a p\u0159enastaven\u00edm obchodn\u00ed strategie. Dnes se zam\u011b\u0159uje na mlad\u00e9 aktivn\u00ed lidi ve v\u011bku 25\u201340 let, kte\u0159\u00ed oce\u0148uj\u00ed kvalitn\u00ed a nad\u010dasov\u00fd design, funk\u010dnost a prost\u0159ednictv\u00edm soci\u00e1ln\u00edch s\u00edt\u00ed sleduj\u00ed m\u00f3dn\u00ed trendy. Spole\u010dnost Queens nab\u00edz\u00ed slu\u017eby prost\u0159ednictv\u00edm e-shopu v&nbsp;19 zem\u00edch, v&nbsp;b\u0159eznu 2025 otev\u0159ela v&nbsp;centru Prahy vlajkovou prodejnu. Snahou Queens je budovat kolem zna\u010dky komunitu lid\u00ed, kte\u0159\u00ed sd\u00edlej\u00ed v\u00e1\u0161e\u0148 pro m\u011bstskou kulturu, design a autenticitu, se speci\u00e1ln\u00ed p\u00e9\u010di a zam\u011b\u0159en\u00ed na \u017eeny.<\/p>\n\n\n\n<div style=\"height:100px\" aria-hidden=\"true\" class=\"wp-block-spacer\"><\/div>\n\n\n\n<figure class=\"wp-block-gallery has-nested-images columns-2 is-cropped wp-block-gallery-4 is-layout-flex wp-block-gallery-is-layout-flex\">\n<figure class=\"wp-block-image size-large\"><img decoding=\"async\" data-id=\"13130\" src=\"https:\/\/prazskeprikopy.cz\/wp-content\/uploads\/2025\/03\/1_desktop-1024x614.jpg\" alt=\"Queens otev\u00edr\u00e1 vlajkovou prodejnu v centru Prahy s unik\u00e1tn\u00edm komunitn\u00edm prostorem pro \u017eeny\" class=\"wp-image-13130\"\/><\/figure>\n\n\n\n<figure class=\"wp-block-image size-large\"><img decoding=\"async\" data-id=\"13131\" src=\"https:\/\/prazskeprikopy.cz\/wp-content\/uploads\/2025\/03\/2_desktop-1024x768.jpg\" alt=\"Queens otev\u00edr\u00e1 vlajkovou prodejnu v centru Prahy s unik\u00e1tn\u00edm komunitn\u00edm prostorem pro \u017eeny\" class=\"wp-image-13131\"\/><\/figure>\n\n\n\n<figure class=\"wp-block-image size-large\"><img decoding=\"async\" data-id=\"13135\" src=\"https:\/\/prazskeprikopy.cz\/wp-content\/uploads\/2025\/03\/2_mobile-1024x1024.jpg\" alt=\"Queens otev\u00edr\u00e1 vlajkovou prodejnu v centru Prahy s unik\u00e1tn\u00edm komunitn\u00edm prostorem pro \u017eeny\" class=\"wp-image-13135\"\/><\/figure>\n\n\n\n<figure class=\"wp-block-image size-large\"><img decoding=\"async\" data-id=\"13136\" src=\"https:\/\/prazskeprikopy.cz\/wp-content\/uploads\/2025\/03\/1_mobile-1024x1024.jpg\" alt=\"Queens otev\u00edr\u00e1 vlajkovou prodejnu v centru Prahy s unik\u00e1tn\u00edm komunitn\u00edm prostorem pro \u017eeny\" class=\"wp-image-13136\"\/><\/figure>\n\n\n\n<figure class=\"wp-block-image size-large\"><img decoding=\"async\" data-id=\"13138\" src=\"https:\/\/prazskeprikopy.cz\/wp-content\/uploads\/2025\/03\/3_desktop-1024x768.jpg\" alt=\"Queens otev\u00edr\u00e1 vlajkovou prodejnu v centru Prahy s unik\u00e1tn\u00edm komunitn\u00edm prostorem pro \u017eeny\" class=\"wp-image-13138\"\/><\/figure>\n\n\n\n<figure class=\"wp-block-image size-large\"><img decoding=\"async\" data-id=\"13132\" src=\"https:\/\/prazskeprikopy.cz\/wp-content\/uploads\/2025\/03\/4_desktop-1024x614.jpg\" alt=\"Queens otev\u00edr\u00e1 vlajkovou prodejnu v centru Prahy s unik\u00e1tn\u00edm komunitn\u00edm prostorem pro \u017eeny\" class=\"wp-image-13132\"\/><\/figure>\n\n\n\n<figure class=\"wp-block-image size-large\"><img decoding=\"async\" data-id=\"13134\" src=\"https:\/\/prazskeprikopy.cz\/wp-content\/uploads\/2025\/03\/4_mobile-1024x1024.jpg\" alt=\"Queens otev\u00edr\u00e1 vlajkovou prodejnu v centru Prahy s unik\u00e1tn\u00edm komunitn\u00edm prostorem pro \u017eeny\" class=\"wp-image-13134\"\/><\/figure>\n\n\n\n<figure class=\"wp-block-image size-large\"><img decoding=\"async\" data-id=\"13137\" src=\"https:\/\/prazskeprikopy.cz\/wp-content\/uploads\/2025\/03\/3_mobile-1024x1024.jpg\" alt=\"Queens otev\u00edr\u00e1 vlajkovou prodejnu v centru Prahy s unik\u00e1tn\u00edm komunitn\u00edm prostorem pro \u017eeny\" class=\"wp-image-13137\"\/><\/figure>\n\n\n\n<figure class=\"wp-block-image size-large\"><img decoding=\"async\" data-id=\"13139\" src=\"https:\/\/prazskeprikopy.cz\/wp-content\/uploads\/2025\/03\/list_desktop-1024x802.jpg\" alt=\"Queens otev\u00edr\u00e1 vlajkovou prodejnu v centru Prahy s unik\u00e1tn\u00edm komunitn\u00edm prostorem pro \u017eeny\" class=\"wp-image-13139\"\/><\/figure>\n\n\n\n<figure class=\"wp-block-image size-large\"><img decoding=\"async\" data-id=\"13150\" src=\"https:\/\/prazskeprikopy.cz\/wp-content\/uploads\/2025\/03\/KOV04717-HDR-819x1024.jpg\" alt=\"Queens otev\u00edr\u00e1 vlajkovou prodejnu v centru Prahy s unik\u00e1tn\u00edm komunitn\u00edm prostorem pro \u017eeny\" class=\"wp-image-13150\"\/><\/figure>\n\n\n\n<figure class=\"wp-block-image size-large\"><img decoding=\"async\" data-id=\"13140\" src=\"https:\/\/prazskeprikopy.cz\/wp-content\/uploads\/2025\/03\/KOV04788-HDR-682x1024.jpg\" alt=\"Queens otev\u00edr\u00e1 vlajkovou prodejnu v centru Prahy s unik\u00e1tn\u00edm komunitn\u00edm prostorem pro \u017eeny\" class=\"wp-image-13140\"\/><\/figure>\n\n\n\n<figure class=\"wp-block-image size-large\"><img decoding=\"async\" data-id=\"13141\" src=\"https:\/\/prazskeprikopy.cz\/wp-content\/uploads\/2025\/03\/KOV04820-HDR-682x1024.jpg\" alt=\"Queens otev\u00edr\u00e1 vlajkovou prodejnu v centru Prahy s unik\u00e1tn\u00edm komunitn\u00edm prostorem pro \u017eeny\" class=\"wp-image-13141\"\/><\/figure>\n\n\n\n<figure class=\"wp-block-image size-large\"><img decoding=\"async\" data-id=\"13144\" src=\"https:\/\/prazskeprikopy.cz\/wp-content\/uploads\/2025\/03\/KOV04870-HDR-682x1024.jpg\" alt=\"Queens otev\u00edr\u00e1 vlajkovou prodejnu v centru Prahy s unik\u00e1tn\u00edm komunitn\u00edm prostorem pro \u017eeny\" class=\"wp-image-13144\"\/><\/figure>\n\n\n\n<figure class=\"wp-block-image size-large\"><img decoding=\"async\" data-id=\"13146\" src=\"https:\/\/prazskeprikopy.cz\/wp-content\/uploads\/2025\/03\/KOV04930-HDR-682x1024.jpg\" alt=\"Queens otev\u00edr\u00e1 vlajkovou prodejnu v centru Prahy s unik\u00e1tn\u00edm komunitn\u00edm prostorem pro \u017eeny\" class=\"wp-image-13146\"\/><\/figure>\n\n\n\n<figure class=\"wp-block-image size-large\"><img decoding=\"async\" data-id=\"13149\" src=\"https:\/\/prazskeprikopy.cz\/wp-content\/uploads\/2025\/03\/KOV04960-HDR-682x1024.jpg\" alt=\"Queens otev\u00edr\u00e1 vlajkovou prodejnu v centru Prahy s unik\u00e1tn\u00edm komunitn\u00edm prostorem pro \u017eeny\" class=\"wp-image-13149\"\/><\/figure>\n\n\n\n<figure class=\"wp-block-image size-large\"><img decoding=\"async\" data-id=\"13143\" src=\"https:\/\/prazskeprikopy.cz\/wp-content\/uploads\/2025\/03\/KOV04970-HDR-682x1024.jpg\" alt=\"Queens otev\u00edr\u00e1 vlajkovou prodejnu v centru Prahy s unik\u00e1tn\u00edm komunitn\u00edm prostorem pro \u017eeny\" class=\"wp-image-13143\"\/><\/figure>\n\n\n\n<figure class=\"wp-block-image size-large\"><img decoding=\"async\" data-id=\"13145\" src=\"https:\/\/prazskeprikopy.cz\/wp-content\/uploads\/2025\/03\/KOV04975-HDR-682x1024.jpg\" alt=\"Queens otev\u00edr\u00e1 vlajkovou prodejnu v centru Prahy s unik\u00e1tn\u00edm komunitn\u00edm prostorem pro \u017eeny\" class=\"wp-image-13145\"\/><\/figure>\n\n\n\n<figure class=\"wp-block-image size-large\"><img decoding=\"async\" data-id=\"13142\" src=\"https:\/\/prazskeprikopy.cz\/wp-content\/uploads\/2025\/03\/KOV05065-HDR-682x1024.jpg\" alt=\"Queens otev\u00edr\u00e1 vlajkovou prodejnu v centru Prahy s unik\u00e1tn\u00edm komunitn\u00edm prostorem pro \u017eeny\" class=\"wp-image-13142\"\/><\/figure>\n\n\n\n<figure class=\"wp-block-image size-large\"><img decoding=\"async\" data-id=\"13147\" src=\"https:\/\/prazskeprikopy.cz\/wp-content\/uploads\/2025\/03\/KOV05075-682x1024.jpg\" alt=\"Queens otev\u00edr\u00e1 vlajkovou prodejnu v centru Prahy s unik\u00e1tn\u00edm komunitn\u00edm prostorem pro \u017eeny\" class=\"wp-image-13147\"\/><\/figure>\n\n\n\n<figure class=\"wp-block-image size-large\"><img decoding=\"async\" data-id=\"13148\" src=\"https:\/\/prazskeprikopy.cz\/wp-content\/uploads\/2025\/03\/KOV05086-1024x683.jpg\" alt=\"Queens otev\u00edr\u00e1 vlajkovou prodejnu v centru Prahy s unik\u00e1tn\u00edm komunitn\u00edm prostorem pro \u017eeny\" class=\"wp-image-13148\"\/><\/figure>\n\n\n\n<figure class=\"wp-block-image size-large\"><img decoding=\"async\" data-id=\"13133\" src=\"https:\/\/prazskeprikopy.cz\/wp-content\/uploads\/2025\/03\/list_mobile-1024x1024.jpg\" alt=\"Queens otev\u00edr\u00e1 vlajkovou prodejnu v centru Prahy s unik\u00e1tn\u00edm komunitn\u00edm prostorem pro \u017eeny\" class=\"wp-image-13133\"\/><\/figure>\n<\/figure>\n\n\n\n<div style=\"height:33px\" aria-hidden=\"true\" class=\"wp-block-spacer\"><\/div>\n\n\n\n<p class=\"has-medium-font-size\"><strong>Zdroj foto: QUEENS<\/strong><\/p>\n\n\n\n<p class=\"has-medium-font-size\"><strong>Zdroj video: <\/strong>HMG, Pra\u017esk\u00e9 P\u0159\u00edkopy &amp; Pra\u017esk\u00e1 Metropole<\/p>\n\n\n\n<div style=\"height:50px\" aria-hidden=\"true\" class=\"wp-block-spacer\"><\/div>\n","protected":false},"excerpt":{"rendered":"<p>M\u00f3dn\u00ed zna\u010dka Queens otev\u00edr\u00e1 kamennou prodejnu v centru Prahy v ulici 28. \u0159\u00edjna. Na celkov\u00e9 prodejn\u00ed plo\u0161e 300 metr\u016f \u010dtvere\u010dn\u00edch ve dvou patrech najdou p\u0159\u00edznivci m\u00f3dy \u0161irokou nab\u00eddku trendov\u00fdch tenisek, oble\u010den\u00ed a dopl\u0148k\u016f od sv\u011btov\u00fdch zna\u010dek i z vlastn\u00ed produkce. \u010cesk\u00e1 zna\u010dka s v\u00edce ne\u017e dvacetiletou histori\u00ed pro\u0161la po akvizici skupinou Footshop v roce 2021 [&hellip;]<\/p>\n","protected":false},"author":10,"featured_media":15202,"comment_status":"closed","ping_status":"closed","sticky":false,"template":"","format":"standard","meta":{"_mi_skip_tracking":false,"_monsterinsights_sitenote_active":false,"_monsterinsights_sitenote_note":"","_monsterinsights_sitenote_category":0,"footnotes":""},"categories":[21,25,18,4,2,12],"tags":[],"yoast_head":"<!-- This site is optimized with the Yoast SEO plugin v21.5 - https:\/\/yoast.com\/wordpress\/plugins\/seo\/ -->\n<title>Queens otev\u00edr\u00e1 vlajkovou prodejnu v centru Prahy - WOMENHOUSE.cz<\/title>\n<meta name=\"description\" content=\"Na celkov\u00e9 prodejn\u00ed plo\u0161e 300 metr\u016f \u010dtvere\u010dn\u00edch ve dvou patrech najdou p\u0159\u00edznivci m\u00f3dy \u0161irokou nab\u00eddku trendov\u00fdch tenisek, oble\u010den\u00ed a dopl\u0148k\u016f.\" \/>\n<meta name=\"robots\" content=\"index, follow, max-snippet:-1, max-image-preview:large, max-video-preview:-1\" \/>\n<link rel=\"canonical\" href=\"https:\/\/womenhouse.cz\/index.php\/2025\/03\/25\/queens-otevira-vlajkovou-prodejnu-v-centru-prahy\/\" \/>\n<meta property=\"og:locale\" content=\"cs_CZ\" \/>\n<meta property=\"og:type\" content=\"article\" \/>\n<meta property=\"og:title\" content=\"Queens otev\u00edr\u00e1 vlajkovou prodejnu v centru Prahy - WOMENHOUSE.cz\" \/>\n<meta property=\"og:description\" content=\"Na celkov\u00e9 prodejn\u00ed plo\u0161e 300 metr\u016f \u010dtvere\u010dn\u00edch ve dvou patrech najdou p\u0159\u00edznivci m\u00f3dy \u0161irokou nab\u00eddku trendov\u00fdch tenisek, oble\u010den\u00ed a dopl\u0148k\u016f.\" \/>\n<meta property=\"og:url\" content=\"https:\/\/womenhouse.cz\/index.php\/2025\/03\/25\/queens-otevira-vlajkovou-prodejnu-v-centru-prahy\/\" \/>\n<meta property=\"og:site_name\" content=\"WOMENHOUSE.cz\" \/>\n<meta property=\"article:publisher\" content=\"https:\/\/www.facebook.com\/womenhousecz\" \/>\n<meta property=\"article:published_time\" content=\"2025-03-25T00:53:08+00:00\" \/>\n<meta property=\"article:modified_time\" content=\"2025-05-22T22:07:30+00:00\" \/>\n<meta property=\"og:image\" content=\"https:\/\/womenhouse.cz\/wp-content\/uploads\/2025\/03\/KOV04751-HDR.jpg\" \/>\n\t<meta property=\"og:image:width\" content=\"1450\" \/>\n\t<meta property=\"og:image:height\" content=\"967\" \/>\n\t<meta property=\"og:image:type\" content=\"image\/jpeg\" \/>\n<meta name=\"author\" content=\"So\u0148a Bourek\" \/>\n<meta name=\"twitter:card\" content=\"summary_large_image\" \/>\n<meta name=\"twitter:label1\" content=\"Napsal(a)\" \/>\n\t<meta name=\"twitter:data1\" content=\"So\u0148a Bourek\" \/>\n\t<meta name=\"twitter:label2\" content=\"Odhadovan\u00e1 doba \u010dten\u00ed\" \/>\n\t<meta name=\"twitter:data2\" content=\"10 minut\" \/>\n<script type=\"application\/ld+json\" class=\"yoast-schema-graph\">{\"@context\":\"https:\/\/schema.org\",\"@graph\":[{\"@type\":\"Article\",\"@id\":\"https:\/\/womenhouse.cz\/index.php\/2025\/03\/25\/queens-otevira-vlajkovou-prodejnu-v-centru-prahy\/#article\",\"isPartOf\":{\"@id\":\"https:\/\/womenhouse.cz\/index.php\/2025\/03\/25\/queens-otevira-vlajkovou-prodejnu-v-centru-prahy\/\"},\"author\":{\"name\":\"So\u0148a Bourek\",\"@id\":\"https:\/\/womenhouse.cz\/#\/schema\/person\/e9a8899f359b150ae2dc50b6fe28b761\"},\"headline\":\"Queens otev\u00edr\u00e1 vlajkovou prodejnu v centru Prahy\",\"datePublished\":\"2025-03-25T00:53:08+00:00\",\"dateModified\":\"2025-05-22T22:07:30+00:00\",\"mainEntityOfPage\":{\"@id\":\"https:\/\/womenhouse.cz\/index.php\/2025\/03\/25\/queens-otevira-vlajkovou-prodejnu-v-centru-prahy\/\"},\"wordCount\":737,\"publisher\":{\"@id\":\"https:\/\/womenhouse.cz\/#organization\"},\"articleSection\":[\"AKCE &amp; KULTURA\",\"FASHION\",\"FOTOREPORTY\",\"M\u00f3DA\",\"NEWS\",\"TIPY &amp; TRENDY\"],\"inLanguage\":\"cs\"},{\"@type\":\"WebPage\",\"@id\":\"https:\/\/womenhouse.cz\/index.php\/2025\/03\/25\/queens-otevira-vlajkovou-prodejnu-v-centru-prahy\/\",\"url\":\"https:\/\/womenhouse.cz\/index.php\/2025\/03\/25\/queens-otevira-vlajkovou-prodejnu-v-centru-prahy\/\",\"name\":\"Queens otev\u00edr\u00e1 vlajkovou prodejnu v centru Prahy - WOMENHOUSE.cz\",\"isPartOf\":{\"@id\":\"https:\/\/womenhouse.cz\/#website\"},\"datePublished\":\"2025-03-25T00:53:08+00:00\",\"dateModified\":\"2025-05-22T22:07:30+00:00\",\"description\":\"Na celkov\u00e9 prodejn\u00ed plo\u0161e 300 metr\u016f \u010dtvere\u010dn\u00edch ve dvou patrech najdou p\u0159\u00edznivci m\u00f3dy \u0161irokou nab\u00eddku trendov\u00fdch tenisek, oble\u010den\u00ed a dopl\u0148k\u016f.\",\"breadcrumb\":{\"@id\":\"https:\/\/womenhouse.cz\/index.php\/2025\/03\/25\/queens-otevira-vlajkovou-prodejnu-v-centru-prahy\/#breadcrumb\"},\"inLanguage\":\"cs\",\"potentialAction\":[{\"@type\":\"ReadAction\",\"target\":[\"https:\/\/womenhouse.cz\/index.php\/2025\/03\/25\/queens-otevira-vlajkovou-prodejnu-v-centru-prahy\/\"]}]},{\"@type\":\"BreadcrumbList\",\"@id\":\"https:\/\/womenhouse.cz\/index.php\/2025\/03\/25\/queens-otevira-vlajkovou-prodejnu-v-centru-prahy\/#breadcrumb\",\"itemListElement\":[{\"@type\":\"ListItem\",\"position\":1,\"name\":\"Dom\u016f\",\"item\":\"https:\/\/womenhouse.cz\/\"},{\"@type\":\"ListItem\",\"position\":2,\"name\":\"Queens otev\u00edr\u00e1 vlajkovou prodejnu v centru Prahy\"}]},{\"@type\":\"WebSite\",\"@id\":\"https:\/\/womenhouse.cz\/#website\",\"url\":\"https:\/\/womenhouse.cz\/\",\"name\":\"WOMENHOUSE.cz\",\"description\":\"Port\u00e1l v\u00fdhradn\u011b jen pro \u017eeny...\",\"publisher\":{\"@id\":\"https:\/\/womenhouse.cz\/#organization\"},\"potentialAction\":[{\"@type\":\"SearchAction\",\"target\":{\"@type\":\"EntryPoint\",\"urlTemplate\":\"https:\/\/womenhouse.cz\/?s={search_term_string}\"},\"query-input\":\"required name=search_term_string\"}],\"inLanguage\":\"cs\"},{\"@type\":\"Organization\",\"@id\":\"https:\/\/womenhouse.cz\/#organization\",\"name\":\"WOMENHOUSE.cz\",\"url\":\"https:\/\/womenhouse.cz\/\",\"logo\":{\"@type\":\"ImageObject\",\"inLanguage\":\"cs\",\"@id\":\"https:\/\/womenhouse.cz\/#\/schema\/logo\/image\/\",\"url\":\"https:\/\/womenhouse.cz\/wp-content\/uploads\/2020\/06\/cropped-logo_Womenhouse_RGB-02-removebg-preview-1.png\",\"contentUrl\":\"https:\/\/womenhouse.cz\/wp-content\/uploads\/2020\/06\/cropped-logo_Womenhouse_RGB-02-removebg-preview-1.png\",\"width\":561,\"height\":375,\"caption\":\"WOMENHOUSE.cz\"},\"image\":{\"@id\":\"https:\/\/womenhouse.cz\/#\/schema\/logo\/image\/\"},\"sameAs\":[\"https:\/\/www.facebook.com\/womenhousecz\",\"https:\/\/www.instagram.com\/womenhousecz\/\"]},{\"@type\":\"Person\",\"@id\":\"https:\/\/womenhouse.cz\/#\/schema\/person\/e9a8899f359b150ae2dc50b6fe28b761\",\"name\":\"So\u0148a Bourek\",\"sameAs\":[\"http:\/\/WOMENHOUSE.cz\"],\"url\":\"https:\/\/womenhouse.cz\/index.php\/author\/bous\/\"}]}<\/script>\n<!-- \/ Yoast SEO plugin. -->","yoast_head_json":{"title":"Queens otev\u00edr\u00e1 vlajkovou prodejnu v centru Prahy - WOMENHOUSE.cz","description":"Na celkov\u00e9 prodejn\u00ed plo\u0161e 300 metr\u016f \u010dtvere\u010dn\u00edch ve dvou patrech najdou p\u0159\u00edznivci m\u00f3dy \u0161irokou nab\u00eddku trendov\u00fdch tenisek, oble\u010den\u00ed a dopl\u0148k\u016f.","robots":{"index":"index","follow":"follow","max-snippet":"max-snippet:-1","max-image-preview":"max-image-preview:large","max-video-preview":"max-video-preview:-1"},"canonical":"https:\/\/womenhouse.cz\/index.php\/2025\/03\/25\/queens-otevira-vlajkovou-prodejnu-v-centru-prahy\/","og_locale":"cs_CZ","og_type":"article","og_title":"Queens otev\u00edr\u00e1 vlajkovou prodejnu v centru Prahy - WOMENHOUSE.cz","og_description":"Na celkov\u00e9 prodejn\u00ed plo\u0161e 300 metr\u016f \u010dtvere\u010dn\u00edch ve dvou patrech najdou p\u0159\u00edznivci m\u00f3dy \u0161irokou nab\u00eddku trendov\u00fdch tenisek, oble\u010den\u00ed a dopl\u0148k\u016f.","og_url":"https:\/\/womenhouse.cz\/index.php\/2025\/03\/25\/queens-otevira-vlajkovou-prodejnu-v-centru-prahy\/","og_site_name":"WOMENHOUSE.cz","article_publisher":"https:\/\/www.facebook.com\/womenhousecz","article_published_time":"2025-03-25T00:53:08+00:00","article_modified_time":"2025-05-22T22:07:30+00:00","og_image":[{"width":1450,"height":967,"url":"https:\/\/womenhouse.cz\/wp-content\/uploads\/2025\/03\/KOV04751-HDR.jpg","type":"image\/jpeg"}],"author":"So\u0148a Bourek","twitter_card":"summary_large_image","twitter_misc":{"Napsal(a)":"So\u0148a Bourek","Odhadovan\u00e1 doba \u010dten\u00ed":"10 minut"},"schema":{"@context":"https:\/\/schema.org","@graph":[{"@type":"Article","@id":"https:\/\/womenhouse.cz\/index.php\/2025\/03\/25\/queens-otevira-vlajkovou-prodejnu-v-centru-prahy\/#article","isPartOf":{"@id":"https:\/\/womenhouse.cz\/index.php\/2025\/03\/25\/queens-otevira-vlajkovou-prodejnu-v-centru-prahy\/"},"author":{"name":"So\u0148a Bourek","@id":"https:\/\/womenhouse.cz\/#\/schema\/person\/e9a8899f359b150ae2dc50b6fe28b761"},"headline":"Queens otev\u00edr\u00e1 vlajkovou prodejnu v centru Prahy","datePublished":"2025-03-25T00:53:08+00:00","dateModified":"2025-05-22T22:07:30+00:00","mainEntityOfPage":{"@id":"https:\/\/womenhouse.cz\/index.php\/2025\/03\/25\/queens-otevira-vlajkovou-prodejnu-v-centru-prahy\/"},"wordCount":737,"publisher":{"@id":"https:\/\/womenhouse.cz\/#organization"},"articleSection":["AKCE &amp; KULTURA","FASHION","FOTOREPORTY","M\u00f3DA","NEWS","TIPY &amp; TRENDY"],"inLanguage":"cs"},{"@type":"WebPage","@id":"https:\/\/womenhouse.cz\/index.php\/2025\/03\/25\/queens-otevira-vlajkovou-prodejnu-v-centru-prahy\/","url":"https:\/\/womenhouse.cz\/index.php\/2025\/03\/25\/queens-otevira-vlajkovou-prodejnu-v-centru-prahy\/","name":"Queens otev\u00edr\u00e1 vlajkovou prodejnu v centru Prahy - WOMENHOUSE.cz","isPartOf":{"@id":"https:\/\/womenhouse.cz\/#website"},"datePublished":"2025-03-25T00:53:08+00:00","dateModified":"2025-05-22T22:07:30+00:00","description":"Na celkov\u00e9 prodejn\u00ed plo\u0161e 300 metr\u016f \u010dtvere\u010dn\u00edch ve dvou patrech najdou p\u0159\u00edznivci m\u00f3dy \u0161irokou nab\u00eddku trendov\u00fdch tenisek, oble\u010den\u00ed a dopl\u0148k\u016f.","breadcrumb":{"@id":"https:\/\/womenhouse.cz\/index.php\/2025\/03\/25\/queens-otevira-vlajkovou-prodejnu-v-centru-prahy\/#breadcrumb"},"inLanguage":"cs","potentialAction":[{"@type":"ReadAction","target":["https:\/\/womenhouse.cz\/index.php\/2025\/03\/25\/queens-otevira-vlajkovou-prodejnu-v-centru-prahy\/"]}]},{"@type":"BreadcrumbList","@id":"https:\/\/womenhouse.cz\/index.php\/2025\/03\/25\/queens-otevira-vlajkovou-prodejnu-v-centru-prahy\/#breadcrumb","itemListElement":[{"@type":"ListItem","position":1,"name":"Dom\u016f","item":"https:\/\/womenhouse.cz\/"},{"@type":"ListItem","position":2,"name":"Queens otev\u00edr\u00e1 vlajkovou prodejnu v centru Prahy"}]},{"@type":"WebSite","@id":"https:\/\/womenhouse.cz\/#website","url":"https:\/\/womenhouse.cz\/","name":"WOMENHOUSE.cz","description":"Port\u00e1l v\u00fdhradn\u011b jen pro \u017eeny...","publisher":{"@id":"https:\/\/womenhouse.cz\/#organization"},"potentialAction":[{"@type":"SearchAction","target":{"@type":"EntryPoint","urlTemplate":"https:\/\/womenhouse.cz\/?s={search_term_string}"},"query-input":"required name=search_term_string"}],"inLanguage":"cs"},{"@type":"Organization","@id":"https:\/\/womenhouse.cz\/#organization","name":"WOMENHOUSE.cz","url":"https:\/\/womenhouse.cz\/","logo":{"@type":"ImageObject","inLanguage":"cs","@id":"https:\/\/womenhouse.cz\/#\/schema\/logo\/image\/","url":"https:\/\/womenhouse.cz\/wp-content\/uploads\/2020\/06\/cropped-logo_Womenhouse_RGB-02-removebg-preview-1.png","contentUrl":"https:\/\/womenhouse.cz\/wp-content\/uploads\/2020\/06\/cropped-logo_Womenhouse_RGB-02-removebg-preview-1.png","width":561,"height":375,"caption":"WOMENHOUSE.cz"},"image":{"@id":"https:\/\/womenhouse.cz\/#\/schema\/logo\/image\/"},"sameAs":["https:\/\/www.facebook.com\/womenhousecz","https:\/\/www.instagram.com\/womenhousecz\/"]},{"@type":"Person","@id":"https:\/\/womenhouse.cz\/#\/schema\/person\/e9a8899f359b150ae2dc50b6fe28b761","name":"So\u0148a Bourek","sameAs":["http:\/\/WOMENHOUSE.cz"],"url":"https:\/\/womenhouse.cz\/index.php\/author\/bous\/"}]}},"_links":{"self":[{"href":"https:\/\/womenhouse.cz\/index.php\/wp-json\/wp\/v2\/posts\/15201"}],"collection":[{"href":"https:\/\/womenhouse.cz\/index.php\/wp-json\/wp\/v2\/posts"}],"about":[{"href":"https:\/\/womenhouse.cz\/index.php\/wp-json\/wp\/v2\/types\/post"}],"author":[{"embeddable":true,"href":"https:\/\/womenhouse.cz\/index.php\/wp-json\/wp\/v2\/users\/10"}],"replies":[{"embeddable":true,"href":"https:\/\/womenhouse.cz\/index.php\/wp-json\/wp\/v2\/comments?post=15201"}],"version-history":[{"count":-4,"href":"https:\/\/womenhouse.cz\/index.php\/wp-json\/wp\/v2\/posts\/15201\/revisions"}],"wp:featuredmedia":[{"embeddable":true,"href":"https:\/\/womenhouse.cz\/index.php\/wp-json\/wp\/v2\/media\/15202"}],"wp:attachment":[{"href":"https:\/\/womenhouse.cz\/index.php\/wp-json\/wp\/v2\/media?parent=15201"}],"wp:term":[{"taxonomy":"category","embeddable":true,"href":"https:\/\/womenhouse.cz\/index.php\/wp-json\/wp\/v2\/categories?post=15201"},{"taxonomy":"post_tag","embeddable":true,"href":"https:\/\/womenhouse.cz\/index.php\/wp-json\/wp\/v2\/tags?post=15201"}],"curies":[{"name":"wp","href":"https:\/\/api.w.org\/{rel}","templated":true}]}}