{"id":1516,"date":"2019-11-26T14:14:31","date_gmt":"2019-11-26T13:14:31","guid":{"rendered":"http:\/\/womenhouse.cz\/?p=1516"},"modified":"2020-10-14T20:07:26","modified_gmt":"2020-10-14T18:07:26","slug":"retro-colors-si-osvojuje-moderni-a-elegantni-retro-styl","status":"publish","type":"post","link":"https:\/\/womenhouse.cz\/index.php\/2019\/11\/26\/retro-colors-si-osvojuje-moderni-a-elegantni-retro-styl\/","title":{"rendered":"RETRO COLOR\u00b4S si osvojuje modern\u00ed a elegantn\u00ed retro styl!"},"content":{"rendered":"\n<figure class=\"wp-block-image\"><img loading=\"lazy\" decoding=\"async\" width=\"1024\" height=\"450\" src=\"http:\/\/womenhouse.cz\/wp-content\/uploads\/2019\/11\/Retro-Colors-Collection-1024x450.jpg\" alt=\"\" class=\"wp-image-1517\" srcset=\"https:\/\/womenhouse.cz\/wp-content\/uploads\/2019\/11\/Retro-Colors-Collection-1024x450.jpg 1024w, https:\/\/womenhouse.cz\/wp-content\/uploads\/2019\/11\/Retro-Colors-Collection-300x132.jpg 300w, https:\/\/womenhouse.cz\/wp-content\/uploads\/2019\/11\/Retro-Colors-Collection-768x338.jpg 768w, https:\/\/womenhouse.cz\/wp-content\/uploads\/2019\/11\/Retro-Colors-Collection.jpg 1950w\" sizes=\"(max-width: 1024px) 100vw, 1024px\" \/><\/figure>\n\n\n\n<p>M\u00f3dn\u00ed trendy pro podzim tohoto roku budou pln\u00e9 smyslnosti a\n\u017eenskosti. Odhaluj\u00ed estetiku, kter\u00e1 se zam\u011b\u0159uje na to, na \u010dem skute\u010dn\u011b z\u00e1le\u017e\u00ed.\nNa trend, kter\u00fd je podn\u00edcen hodnotami. Na vrcholu tohoto \u017eeb\u0159\u00ed\u010dku stoj\u00ed o\u017eiven\u00ed\nbur\u017eoazn\u00edch k\u00f3d\u016f 70. let. Jsme sv\u011bdky o\u017eiven\u00ed kodex\u016f bur\u017eoazie tohoto\ndesetilet\u00ed, oslavujeme n\u00e1vrat skute\u010dn\u00fdch hodnot elegance po letech konceptu\u00e1ln\u00ed\nm\u00f3dy s&nbsp;perfektn\u011b navr\u017een\u00fdmi \u0161aty. M\u00f3da je ctnostn\u011bj\u0161\u00ed a mnohem \u017een\u0161t\u011bj\u0161\u00ed. <\/p>\n\n\n\n<p>Nesm\u00edme zapomenout na \u010dernou a b\u00edlou, elegantn\u00ed a \u0161okuj\u00edc\u00ed\nduo, kter\u00e9 je nad\u010dasov\u00e9 a uklid\u0148uj\u00edc\u00ed z\u00e1rove\u0148. Kter\u00e9 p\u0159in\u00e1\u0161\u00ed posledn\u00ed dotek\nelegance ke st\u0159\u00edzliv\u00fdm a diskr\u00e9tn\u00edm odst\u00edn\u016fm t\u00e9to sez\u00f3ny. Odhaluj\u00ed nobl m\u00f3dn\u00ed\ntrend m\u011bstsk\u00e9ho vzhledu s&nbsp;n\u00e1dechem stylu Gavroche.<\/p>\n\n\n\n<p>V&nbsp;tomto retrem inspirovan\u00e9m \u0161atn\u00edku je snadno\nadaptovateln\u00e9, tak\u017ee spl\u0148uje p\u0159\u00e1n\u00ed a rozmary \u017een, kter\u00e9 se sna\u017e\u00ed z\u016fstat samy\nsebou v&nbsp;modern\u00edm a realistick\u00e9m oble\u010den\u00ed za v\u0161ech okolnost\u00ed. <\/p>\n\n\n\n<p>Podzimn\u00ed kolekce <strong><a href=\"https:\/\/www.fann.cz\/produkty\/retro-color-s\/7176\/13672\">MAVALA RETRO COLOR\u00b4S<\/a> <\/strong>\u010derp\u00e1 inspiraci z tohoto elegantn\u00edho trendu, doprov\u00e1zen\u00fd p\u0159irozenost\u00ed ka\u017ed\u00e9 \u017eeny. Nezbytn\u00fd \u0161atn\u00edk, kter\u00fd d\u00e1 t\u011blu i stylu jako pohodl\u00ed, tak n\u00e1dech sv\u00e1d\u011bn\u00ed. <\/p>\n\n\n\n<div class=\"wp-block-image\"><figure class=\"aligncenter is-resized\"><img loading=\"lazy\" decoding=\"async\" src=\"http:\/\/womenhouse.cz\/wp-content\/uploads\/2019\/11\/004-Abu-Dhabi-510x1024.jpg\" alt=\"\" class=\"wp-image-1518\" width=\"255\" height=\"512\" srcset=\"https:\/\/womenhouse.cz\/wp-content\/uploads\/2019\/11\/004-Abu-Dhabi-510x1024.jpg 510w, https:\/\/womenhouse.cz\/wp-content\/uploads\/2019\/11\/004-Abu-Dhabi-149x300.jpg 149w, https:\/\/womenhouse.cz\/wp-content\/uploads\/2019\/11\/004-Abu-Dhabi-768x1543.jpg 768w, https:\/\/womenhouse.cz\/wp-content\/uploads\/2019\/11\/004-Abu-Dhabi.jpg 852w\" sizes=\"(max-width: 255px) 100vw, 255px\" \/><figcaption> <br><strong>ABU DHABI ?<\/strong> <\/figcaption><\/figure><\/div>\n\n\n\n<p>Intenzivn\u011b b\u00edl\u00e1, jako neposkvrn\u011bn\u00e1 kopule orient\u00e1ln\u00edho pal\u00e1ce oz\u00e1\u0159en\u00e1 paprsky slunce.<\/p>\n\n\n\n<div class=\"wp-block-image\"><figure class=\"aligncenter is-resized\"><img loading=\"lazy\" decoding=\"async\" src=\"http:\/\/womenhouse.cz\/wp-content\/uploads\/2019\/11\/005-Maputo-510x1024.jpg\" alt=\"\" class=\"wp-image-1519\" width=\"255\" height=\"512\" srcset=\"https:\/\/womenhouse.cz\/wp-content\/uploads\/2019\/11\/005-Maputo-510x1024.jpg 510w, https:\/\/womenhouse.cz\/wp-content\/uploads\/2019\/11\/005-Maputo-149x300.jpg 149w, https:\/\/womenhouse.cz\/wp-content\/uploads\/2019\/11\/005-Maputo-768x1543.jpg 768w, https:\/\/womenhouse.cz\/wp-content\/uploads\/2019\/11\/005-Maputo.jpg 852w\" sizes=\"(max-width: 255px) 100vw, 255px\" \/><figcaption> <br><strong>MAPUTO<\/strong>  <\/figcaption><\/figure><\/div>\n\n\n\n<p>Tmav\u011b hn\u011bd\u00e1 s n\u00e1dechem terakoty, kter\u00e1 v\u00e1s vyb\u00edz\u00ed k \u00fat\u011bku do srdce tajemn\u00e9 savany.<\/p>\n\n\n\n<div class=\"wp-block-image\"><figure class=\"aligncenter is-resized\"><img loading=\"lazy\" decoding=\"async\" src=\"http:\/\/womenhouse.cz\/wp-content\/uploads\/2019\/11\/021-Tunis-510x1024.jpg\" alt=\"\" class=\"wp-image-1520\" width=\"255\" height=\"512\" srcset=\"https:\/\/womenhouse.cz\/wp-content\/uploads\/2019\/11\/021-Tunis-510x1024.jpg 510w, https:\/\/womenhouse.cz\/wp-content\/uploads\/2019\/11\/021-Tunis-149x300.jpg 149w, https:\/\/womenhouse.cz\/wp-content\/uploads\/2019\/11\/021-Tunis-768x1543.jpg 768w, https:\/\/womenhouse.cz\/wp-content\/uploads\/2019\/11\/021-Tunis.jpg 852w\" sizes=\"(max-width: 255px) 100vw, 255px\" \/><figcaption> <br><strong>TUNIS<\/strong>  <\/figcaption><\/figure><\/div>\n\n\n\n<p><br><\/p>\n\n\n\n<p>B\u00e9\u017eov\u00e1 s dotekem okru, jako ho\u0159\u00edc\u00ed pou\u0161tn\u00ed slunce.<\/p>\n\n\n\n<div class=\"wp-block-image\"><figure class=\"aligncenter is-resized\"><img loading=\"lazy\" decoding=\"async\" src=\"http:\/\/womenhouse.cz\/wp-content\/uploads\/2019\/11\/035-Quito-510x1024.jpg\" alt=\"\" class=\"wp-image-1521\" width=\"255\" height=\"512\" srcset=\"https:\/\/womenhouse.cz\/wp-content\/uploads\/2019\/11\/035-Quito-510x1024.jpg 510w, https:\/\/womenhouse.cz\/wp-content\/uploads\/2019\/11\/035-Quito-149x300.jpg 149w, https:\/\/womenhouse.cz\/wp-content\/uploads\/2019\/11\/035-Quito-768x1543.jpg 768w, https:\/\/womenhouse.cz\/wp-content\/uploads\/2019\/11\/035-Quito.jpg 852w\" sizes=\"(max-width: 255px) 100vw, 255px\" \/><figcaption> <br><strong>QUITO<\/strong>  <\/figcaption><\/figure><\/div>\n\n\n\n<p><br><\/p>\n\n\n\n<p>Tmav\u00e1 a t\u0159pytiv\u00e1 \u010derven\u00e1, kouzeln\u00e1 jako sv\u011btlo rovn\u00edkov\u00e9 oblohy.<br><\/p>\n\n\n\n<div class=\"wp-block-image\"><figure class=\"aligncenter is-resized\"><img loading=\"lazy\" decoding=\"async\" src=\"http:\/\/womenhouse.cz\/wp-content\/uploads\/2019\/11\/036-Karachi-510x1024.jpg\" alt=\"\" class=\"wp-image-1522\" width=\"255\" height=\"512\" srcset=\"https:\/\/womenhouse.cz\/wp-content\/uploads\/2019\/11\/036-Karachi-510x1024.jpg 510w, https:\/\/womenhouse.cz\/wp-content\/uploads\/2019\/11\/036-Karachi-149x300.jpg 149w, https:\/\/womenhouse.cz\/wp-content\/uploads\/2019\/11\/036-Karachi-768x1543.jpg 768w, https:\/\/womenhouse.cz\/wp-content\/uploads\/2019\/11\/036-Karachi.jpg 852w\" sizes=\"(max-width: 255px) 100vw, 255px\" \/><figcaption> <br><strong>KARACHI ?<\/strong> <\/figcaption><\/figure><\/div>\n\n\n\n<p>Lehce luminiscen\u010dn\u00ed ultrafialov\u00e1, z\u00e1hadn\u00e1 jako poklad ztracen\u00e9 civilizace.<br><\/p>\n\n\n\n<div class=\"wp-block-image\"><figure class=\"aligncenter is-resized\"><img loading=\"lazy\" decoding=\"async\" src=\"http:\/\/womenhouse.cz\/wp-content\/uploads\/2019\/11\/039-Bruxelles-510x1024.jpg\" alt=\"\" class=\"wp-image-1523\" width=\"255\" height=\"512\" srcset=\"https:\/\/womenhouse.cz\/wp-content\/uploads\/2019\/11\/039-Bruxelles-510x1024.jpg 510w, https:\/\/womenhouse.cz\/wp-content\/uploads\/2019\/11\/039-Bruxelles-149x300.jpg 149w, https:\/\/womenhouse.cz\/wp-content\/uploads\/2019\/11\/039-Bruxelles-768x1543.jpg 768w, https:\/\/womenhouse.cz\/wp-content\/uploads\/2019\/11\/039-Bruxelles.jpg 852w\" sizes=\"(max-width: 255px) 100vw, 255px\" \/><figcaption> <br><strong>BRUXELLES<\/strong>  <\/figcaption><\/figure><\/div>\n\n\n\n<p>Nad\u010dasov\u011b \u0161ed\u00e1, konej\u0161iv\u00e1 m\u011bkkost uprost\u0159ed zimy.<\/p>\n\n\n\n<p><strong>Laky na nehty lze zakoupit ve v\u0161ech prodejn\u00e1ch parfumeri\u00ed FAnn a na&nbsp;<a href=\"https:\/\/www.fann.cz\/\">www.fann.cz<\/a>.<\/strong><\/p>\n","protected":false},"excerpt":{"rendered":"<p>M\u00f3dn\u00ed trendy pro podzim tohoto roku budou pln\u00e9 smyslnosti a \u017eenskosti. Odhaluj\u00ed estetiku, kter\u00e1 se zam\u011b\u0159uje na to, na \u010dem skute\u010dn\u011b z\u00e1le\u017e\u00ed. Na trend, kter\u00fd je podn\u00edcen hodnotami. Na vrcholu tohoto \u017eeb\u0159\u00ed\u010dku stoj\u00ed o\u017eiven\u00ed bur\u017eoazn\u00edch k\u00f3d\u016f 70. let. Jsme sv\u011bdky o\u017eiven\u00ed kodex\u016f bur\u017eoazie tohoto desetilet\u00ed, oslavujeme n\u00e1vrat skute\u010dn\u00fdch hodnot elegance po letech konceptu\u00e1ln\u00ed m\u00f3dy s&nbsp;perfektn\u011b [&hellip;]<\/p>\n","protected":false},"author":2,"featured_media":1517,"comment_status":"closed","ping_status":"closed","sticky":false,"template":"","format":"standard","meta":{"_mi_skip_tracking":false,"_monsterinsights_sitenote_active":false,"_monsterinsights_sitenote_note":"","_monsterinsights_sitenote_category":0,"footnotes":""},"categories":[9],"tags":[],"yoast_head":"<!-- This site is optimized with the Yoast SEO plugin v21.5 - https:\/\/yoast.com\/wordpress\/plugins\/seo\/ -->\n<title>RETRO COLOR\u00b4S si osvojuje modern\u00ed a elegantn\u00ed retro styl! - WOMENHOUSE.cz<\/title>\n<meta name=\"robots\" content=\"index, follow, max-snippet:-1, max-image-preview:large, max-video-preview:-1\" \/>\n<link rel=\"canonical\" href=\"https:\/\/womenhouse.cz\/index.php\/2019\/11\/26\/retro-colors-si-osvojuje-moderni-a-elegantni-retro-styl\/\" \/>\n<meta property=\"og:locale\" content=\"cs_CZ\" \/>\n<meta property=\"og:type\" content=\"article\" \/>\n<meta property=\"og:title\" content=\"RETRO COLOR\u00b4S si osvojuje modern\u00ed a elegantn\u00ed retro styl! - WOMENHOUSE.cz\" \/>\n<meta property=\"og:description\" content=\"M\u00f3dn\u00ed trendy pro podzim tohoto roku budou pln\u00e9 smyslnosti a \u017eenskosti. Odhaluj\u00ed estetiku, kter\u00e1 se zam\u011b\u0159uje na to, na \u010dem skute\u010dn\u011b z\u00e1le\u017e\u00ed. Na trend, kter\u00fd je podn\u00edcen hodnotami. Na vrcholu tohoto \u017eeb\u0159\u00ed\u010dku stoj\u00ed o\u017eiven\u00ed bur\u017eoazn\u00edch k\u00f3d\u016f 70. let. Jsme sv\u011bdky o\u017eiven\u00ed kodex\u016f bur\u017eoazie tohoto desetilet\u00ed, oslavujeme n\u00e1vrat skute\u010dn\u00fdch hodnot elegance po letech konceptu\u00e1ln\u00ed m\u00f3dy s&nbsp;perfektn\u011b [&hellip;]\" \/>\n<meta property=\"og:url\" content=\"https:\/\/womenhouse.cz\/index.php\/2019\/11\/26\/retro-colors-si-osvojuje-moderni-a-elegantni-retro-styl\/\" \/>\n<meta property=\"og:site_name\" content=\"WOMENHOUSE.cz\" \/>\n<meta property=\"article:publisher\" content=\"https:\/\/www.facebook.com\/womenhousecz\" \/>\n<meta property=\"article:published_time\" content=\"2019-11-26T13:14:31+00:00\" \/>\n<meta property=\"article:modified_time\" content=\"2020-10-14T18:07:26+00:00\" \/>\n<meta property=\"og:image\" content=\"https:\/\/womenhouse.cz\/wp-content\/uploads\/2019\/11\/Retro-Colors-Collection.jpg\" \/>\n\t<meta property=\"og:image:width\" content=\"1950\" \/>\n\t<meta property=\"og:image:height\" content=\"857\" \/>\n\t<meta property=\"og:image:type\" content=\"image\/jpeg\" \/>\n<meta name=\"author\" content=\"Jolana Hol\u00e1\u0148ov\u00e1\" \/>\n<meta name=\"twitter:card\" content=\"summary_large_image\" \/>\n<meta name=\"twitter:label1\" content=\"Napsal(a)\" \/>\n\t<meta name=\"twitter:data1\" content=\"Jolana Hol\u00e1\u0148ov\u00e1\" \/>\n\t<meta name=\"twitter:label2\" content=\"Odhadovan\u00e1 doba \u010dten\u00ed\" \/>\n\t<meta name=\"twitter:data2\" content=\"2 minuty\" \/>\n<script type=\"application\/ld+json\" class=\"yoast-schema-graph\">{\"@context\":\"https:\/\/schema.org\",\"@graph\":[{\"@type\":\"Article\",\"@id\":\"https:\/\/womenhouse.cz\/index.php\/2019\/11\/26\/retro-colors-si-osvojuje-moderni-a-elegantni-retro-styl\/#article\",\"isPartOf\":{\"@id\":\"https:\/\/womenhouse.cz\/index.php\/2019\/11\/26\/retro-colors-si-osvojuje-moderni-a-elegantni-retro-styl\/\"},\"author\":{\"name\":\"Jolana Hol\u00e1\u0148ov\u00e1\",\"@id\":\"https:\/\/womenhouse.cz\/#\/schema\/person\/541326101f8d68c711e83e8fecc80738\"},\"headline\":\"RETRO COLOR\u00b4S si osvojuje modern\u00ed a elegantn\u00ed retro styl!\",\"datePublished\":\"2019-11-26T13:14:31+00:00\",\"dateModified\":\"2020-10-14T18:07:26+00:00\",\"mainEntityOfPage\":{\"@id\":\"https:\/\/womenhouse.cz\/index.php\/2019\/11\/26\/retro-colors-si-osvojuje-moderni-a-elegantni-retro-styl\/\"},\"wordCount\":337,\"publisher\":{\"@id\":\"https:\/\/womenhouse.cz\/#organization\"},\"articleSection\":[\"KOSMETIKA\"],\"inLanguage\":\"cs\"},{\"@type\":\"WebPage\",\"@id\":\"https:\/\/womenhouse.cz\/index.php\/2019\/11\/26\/retro-colors-si-osvojuje-moderni-a-elegantni-retro-styl\/\",\"url\":\"https:\/\/womenhouse.cz\/index.php\/2019\/11\/26\/retro-colors-si-osvojuje-moderni-a-elegantni-retro-styl\/\",\"name\":\"RETRO COLOR\u00b4S si osvojuje modern\u00ed a elegantn\u00ed retro styl! - WOMENHOUSE.cz\",\"isPartOf\":{\"@id\":\"https:\/\/womenhouse.cz\/#website\"},\"datePublished\":\"2019-11-26T13:14:31+00:00\",\"dateModified\":\"2020-10-14T18:07:26+00:00\",\"breadcrumb\":{\"@id\":\"https:\/\/womenhouse.cz\/index.php\/2019\/11\/26\/retro-colors-si-osvojuje-moderni-a-elegantni-retro-styl\/#breadcrumb\"},\"inLanguage\":\"cs\",\"potentialAction\":[{\"@type\":\"ReadAction\",\"target\":[\"https:\/\/womenhouse.cz\/index.php\/2019\/11\/26\/retro-colors-si-osvojuje-moderni-a-elegantni-retro-styl\/\"]}]},{\"@type\":\"BreadcrumbList\",\"@id\":\"https:\/\/womenhouse.cz\/index.php\/2019\/11\/26\/retro-colors-si-osvojuje-moderni-a-elegantni-retro-styl\/#breadcrumb\",\"itemListElement\":[{\"@type\":\"ListItem\",\"position\":1,\"name\":\"Dom\u016f\",\"item\":\"https:\/\/womenhouse.cz\/\"},{\"@type\":\"ListItem\",\"position\":2,\"name\":\"RETRO COLOR\u00b4S si osvojuje modern\u00ed a elegantn\u00ed retro styl!\"}]},{\"@type\":\"WebSite\",\"@id\":\"https:\/\/womenhouse.cz\/#website\",\"url\":\"https:\/\/womenhouse.cz\/\",\"name\":\"WOMENHOUSE.cz\",\"description\":\"Port\u00e1l v\u00fdhradn\u011b jen pro \u017eeny...\",\"publisher\":{\"@id\":\"https:\/\/womenhouse.cz\/#organization\"},\"potentialAction\":[{\"@type\":\"SearchAction\",\"target\":{\"@type\":\"EntryPoint\",\"urlTemplate\":\"https:\/\/womenhouse.cz\/?s={search_term_string}\"},\"query-input\":\"required name=search_term_string\"}],\"inLanguage\":\"cs\"},{\"@type\":\"Organization\",\"@id\":\"https:\/\/womenhouse.cz\/#organization\",\"name\":\"WOMENHOUSE.cz\",\"url\":\"https:\/\/womenhouse.cz\/\",\"logo\":{\"@type\":\"ImageObject\",\"inLanguage\":\"cs\",\"@id\":\"https:\/\/womenhouse.cz\/#\/schema\/logo\/image\/\",\"url\":\"https:\/\/womenhouse.cz\/wp-content\/uploads\/2020\/06\/cropped-logo_Womenhouse_RGB-02-removebg-preview-1.png\",\"contentUrl\":\"https:\/\/womenhouse.cz\/wp-content\/uploads\/2020\/06\/cropped-logo_Womenhouse_RGB-02-removebg-preview-1.png\",\"width\":561,\"height\":375,\"caption\":\"WOMENHOUSE.cz\"},\"image\":{\"@id\":\"https:\/\/womenhouse.cz\/#\/schema\/logo\/image\/\"},\"sameAs\":[\"https:\/\/www.facebook.com\/womenhousecz\",\"https:\/\/www.instagram.com\/womenhousecz\/\"]},{\"@type\":\"Person\",\"@id\":\"https:\/\/womenhouse.cz\/#\/schema\/person\/541326101f8d68c711e83e8fecc80738\",\"name\":\"Jolana Hol\u00e1\u0148ov\u00e1\",\"sameAs\":[\"http:\/\/www.womenhouse.cz\"],\"url\":\"https:\/\/womenhouse.cz\/index.php\/author\/jolhol\/\"}]}<\/script>\n<!-- \/ Yoast SEO plugin. -->","yoast_head_json":{"title":"RETRO COLOR\u00b4S si osvojuje modern\u00ed a elegantn\u00ed retro styl! - WOMENHOUSE.cz","robots":{"index":"index","follow":"follow","max-snippet":"max-snippet:-1","max-image-preview":"max-image-preview:large","max-video-preview":"max-video-preview:-1"},"canonical":"https:\/\/womenhouse.cz\/index.php\/2019\/11\/26\/retro-colors-si-osvojuje-moderni-a-elegantni-retro-styl\/","og_locale":"cs_CZ","og_type":"article","og_title":"RETRO COLOR\u00b4S si osvojuje modern\u00ed a elegantn\u00ed retro styl! - WOMENHOUSE.cz","og_description":"M\u00f3dn\u00ed trendy pro podzim tohoto roku budou pln\u00e9 smyslnosti a \u017eenskosti. Odhaluj\u00ed estetiku, kter\u00e1 se zam\u011b\u0159uje na to, na \u010dem skute\u010dn\u011b z\u00e1le\u017e\u00ed. Na trend, kter\u00fd je podn\u00edcen hodnotami. Na vrcholu tohoto \u017eeb\u0159\u00ed\u010dku stoj\u00ed o\u017eiven\u00ed bur\u017eoazn\u00edch k\u00f3d\u016f 70. let. Jsme sv\u011bdky o\u017eiven\u00ed kodex\u016f bur\u017eoazie tohoto desetilet\u00ed, oslavujeme n\u00e1vrat skute\u010dn\u00fdch hodnot elegance po letech konceptu\u00e1ln\u00ed m\u00f3dy s&nbsp;perfektn\u011b [&hellip;]","og_url":"https:\/\/womenhouse.cz\/index.php\/2019\/11\/26\/retro-colors-si-osvojuje-moderni-a-elegantni-retro-styl\/","og_site_name":"WOMENHOUSE.cz","article_publisher":"https:\/\/www.facebook.com\/womenhousecz","article_published_time":"2019-11-26T13:14:31+00:00","article_modified_time":"2020-10-14T18:07:26+00:00","og_image":[{"width":1950,"height":857,"url":"https:\/\/womenhouse.cz\/wp-content\/uploads\/2019\/11\/Retro-Colors-Collection.jpg","type":"image\/jpeg"}],"author":"Jolana Hol\u00e1\u0148ov\u00e1","twitter_card":"summary_large_image","twitter_misc":{"Napsal(a)":"Jolana Hol\u00e1\u0148ov\u00e1","Odhadovan\u00e1 doba \u010dten\u00ed":"2 minuty"},"schema":{"@context":"https:\/\/schema.org","@graph":[{"@type":"Article","@id":"https:\/\/womenhouse.cz\/index.php\/2019\/11\/26\/retro-colors-si-osvojuje-moderni-a-elegantni-retro-styl\/#article","isPartOf":{"@id":"https:\/\/womenhouse.cz\/index.php\/2019\/11\/26\/retro-colors-si-osvojuje-moderni-a-elegantni-retro-styl\/"},"author":{"name":"Jolana Hol\u00e1\u0148ov\u00e1","@id":"https:\/\/womenhouse.cz\/#\/schema\/person\/541326101f8d68c711e83e8fecc80738"},"headline":"RETRO COLOR\u00b4S si osvojuje modern\u00ed a elegantn\u00ed retro styl!","datePublished":"2019-11-26T13:14:31+00:00","dateModified":"2020-10-14T18:07:26+00:00","mainEntityOfPage":{"@id":"https:\/\/womenhouse.cz\/index.php\/2019\/11\/26\/retro-colors-si-osvojuje-moderni-a-elegantni-retro-styl\/"},"wordCount":337,"publisher":{"@id":"https:\/\/womenhouse.cz\/#organization"},"articleSection":["KOSMETIKA"],"inLanguage":"cs"},{"@type":"WebPage","@id":"https:\/\/womenhouse.cz\/index.php\/2019\/11\/26\/retro-colors-si-osvojuje-moderni-a-elegantni-retro-styl\/","url":"https:\/\/womenhouse.cz\/index.php\/2019\/11\/26\/retro-colors-si-osvojuje-moderni-a-elegantni-retro-styl\/","name":"RETRO COLOR\u00b4S si osvojuje modern\u00ed a elegantn\u00ed retro styl! - WOMENHOUSE.cz","isPartOf":{"@id":"https:\/\/womenhouse.cz\/#website"},"datePublished":"2019-11-26T13:14:31+00:00","dateModified":"2020-10-14T18:07:26+00:00","breadcrumb":{"@id":"https:\/\/womenhouse.cz\/index.php\/2019\/11\/26\/retro-colors-si-osvojuje-moderni-a-elegantni-retro-styl\/#breadcrumb"},"inLanguage":"cs","potentialAction":[{"@type":"ReadAction","target":["https:\/\/womenhouse.cz\/index.php\/2019\/11\/26\/retro-colors-si-osvojuje-moderni-a-elegantni-retro-styl\/"]}]},{"@type":"BreadcrumbList","@id":"https:\/\/womenhouse.cz\/index.php\/2019\/11\/26\/retro-colors-si-osvojuje-moderni-a-elegantni-retro-styl\/#breadcrumb","itemListElement":[{"@type":"ListItem","position":1,"name":"Dom\u016f","item":"https:\/\/womenhouse.cz\/"},{"@type":"ListItem","position":2,"name":"RETRO COLOR\u00b4S si osvojuje modern\u00ed a elegantn\u00ed retro styl!"}]},{"@type":"WebSite","@id":"https:\/\/womenhouse.cz\/#website","url":"https:\/\/womenhouse.cz\/","name":"WOMENHOUSE.cz","description":"Port\u00e1l v\u00fdhradn\u011b jen pro \u017eeny...","publisher":{"@id":"https:\/\/womenhouse.cz\/#organization"},"potentialAction":[{"@type":"SearchAction","target":{"@type":"EntryPoint","urlTemplate":"https:\/\/womenhouse.cz\/?s={search_term_string}"},"query-input":"required name=search_term_string"}],"inLanguage":"cs"},{"@type":"Organization","@id":"https:\/\/womenhouse.cz\/#organization","name":"WOMENHOUSE.cz","url":"https:\/\/womenhouse.cz\/","logo":{"@type":"ImageObject","inLanguage":"cs","@id":"https:\/\/womenhouse.cz\/#\/schema\/logo\/image\/","url":"https:\/\/womenhouse.cz\/wp-content\/uploads\/2020\/06\/cropped-logo_Womenhouse_RGB-02-removebg-preview-1.png","contentUrl":"https:\/\/womenhouse.cz\/wp-content\/uploads\/2020\/06\/cropped-logo_Womenhouse_RGB-02-removebg-preview-1.png","width":561,"height":375,"caption":"WOMENHOUSE.cz"},"image":{"@id":"https:\/\/womenhouse.cz\/#\/schema\/logo\/image\/"},"sameAs":["https:\/\/www.facebook.com\/womenhousecz","https:\/\/www.instagram.com\/womenhousecz\/"]},{"@type":"Person","@id":"https:\/\/womenhouse.cz\/#\/schema\/person\/541326101f8d68c711e83e8fecc80738","name":"Jolana Hol\u00e1\u0148ov\u00e1","sameAs":["http:\/\/www.womenhouse.cz"],"url":"https:\/\/womenhouse.cz\/index.php\/author\/jolhol\/"}]}},"_links":{"self":[{"href":"https:\/\/womenhouse.cz\/index.php\/wp-json\/wp\/v2\/posts\/1516"}],"collection":[{"href":"https:\/\/womenhouse.cz\/index.php\/wp-json\/wp\/v2\/posts"}],"about":[{"href":"https:\/\/womenhouse.cz\/index.php\/wp-json\/wp\/v2\/types\/post"}],"author":[{"embeddable":true,"href":"https:\/\/womenhouse.cz\/index.php\/wp-json\/wp\/v2\/users\/2"}],"replies":[{"embeddable":true,"href":"https:\/\/womenhouse.cz\/index.php\/wp-json\/wp\/v2\/comments?post=1516"}],"version-history":[{"count":-3,"href":"https:\/\/womenhouse.cz\/index.php\/wp-json\/wp\/v2\/posts\/1516\/revisions"}],"wp:featuredmedia":[{"embeddable":true,"href":"https:\/\/womenhouse.cz\/index.php\/wp-json\/wp\/v2\/media\/1517"}],"wp:attachment":[{"href":"https:\/\/womenhouse.cz\/index.php\/wp-json\/wp\/v2\/media?parent=1516"}],"wp:term":[{"taxonomy":"category","embeddable":true,"href":"https:\/\/womenhouse.cz\/index.php\/wp-json\/wp\/v2\/categories?post=1516"},{"taxonomy":"post_tag","embeddable":true,"href":"https:\/\/womenhouse.cz\/index.php\/wp-json\/wp\/v2\/tags?post=1516"}],"curies":[{"name":"wp","href":"https:\/\/api.w.org\/{rel}","templated":true}]}}