{"id":14680,"date":"2025-01-06T00:01:00","date_gmt":"2025-01-05T23:01:00","guid":{"rendered":"https:\/\/womenhouse.cz\/?p=14680"},"modified":"2025-03-18T00:20:02","modified_gmt":"2025-03-17T23:20:02","slug":"premiera-hry-krakatit-v-divadle-mana-uz-9-ledna","status":"publish","type":"post","link":"https:\/\/womenhouse.cz\/index.php\/2025\/01\/06\/premiera-hry-krakatit-v-divadle-mana-uz-9-ledna\/","title":{"rendered":"Premi\u00e9ra hry Krakatit v divadle MANA u\u017e 9. ledna"},"content":{"rendered":"\n<div style=\"height:45px\" aria-hidden=\"true\" class=\"wp-block-spacer\"><\/div>\n\n\n\n<p><strong>Vr\u0161ovick\u00e9 divadlo MANA uv\u00e1d\u00ed \u010capk\u016fv Krakatit: p\u0159\u00edb\u011bh o poku\u0161en\u00ed a pozn\u00e1n\u00ed<\/strong>.<\/p>\n\n\n\n<p><strong>Slavn\u00fd, nad\u010dasov\u00fd a strhuj\u00edc\u00ed p\u0159\u00edb\u011bh vyn\u00e1lezce, kter\u00fd si a\u017e p\u0159\u00edli\u0161 pozd\u011b uv\u011bdom\u00ed, jak\u00fd dopad na sv\u011bt m\u016f\u017ee m\u00edt jeho objev ni\u010div\u00e9 t\u0159askaviny zvan\u00e9 Krakatit. \u010capk\u016fv p\u0159\u00edb\u011bh, kter\u00fd div\u00e1k\u016fm nab\u00eddne drama i idylu, v\u00e1\u0161e\u0148 i oby\u010dejnost prost\u00fdch lidsk\u00fdch cit\u016f, hru d\u00e9mon\u016f i laskavost and\u011bl\u016f, m\u00e1 na vr\u0161ovick\u00e9 sc\u00e9n\u011b divadla MANA premi\u00e9ru 9. ledna 2025. Vyn\u00e1lezce Prokopa ztv\u00e1rn\u00ed Ond\u0159ej \u010cern\u00fd, d\u00e1le \u00fa\u010dinkuj\u00ed T\u00fdna Pr\u016fchov\u00e1, Luk\u00e1\u0161 Jurek, Marek Fr\u0148ka a <\/strong><strong>Sofia Chal\u00e1nyov\u00e1<\/strong><strong>. \u201eProkop\u016fv boj je o pozn\u00e1n\u00ed, ale i o mor\u00e1ln\u00edch hranic\u00edch,\u201c \u0159\u00edk\u00e1<\/strong> <strong>dramaturgyn\u011b divadla V\u011bra Ma\u0161kov\u00e1.<\/strong> <strong>\u201e\u010capek n\u00e1m p\u0159ipom\u00edn\u00e1, \u017ee ka\u017ed\u00e1 s\u00edla, kterou vypust\u00edme do sv\u011bta, m\u016f\u017ee m\u00edt nezm\u011brn\u00e9 d\u016fsledky.\u201c<\/strong> <strong>Premi\u00e9ra inscenace v re\u017eii renomovan\u00e9ho divadeln\u00edka Doda Gomb\u00e1ra p\u0159ipom\u00edn\u00e1 i v\u00fdro\u010d\u00ed Karla \u010capka, kter\u00fd se narodil pr\u00e1v\u011b 9. ledna p\u0159ed 135 lety.<\/strong><\/p>\n\n\n\n<div style=\"height:45px\" aria-hidden=\"true\" class=\"wp-block-spacer\"><\/div>\n\n\n<div class=\"wp-block-image\">\n<figure class=\"aligncenter size-large\"><img loading=\"lazy\" decoding=\"async\" width=\"1024\" height=\"747\" src=\"https:\/\/womenhouse.cz\/wp-content\/uploads\/2024\/12\/2_Herci-Tyna-Pruchova-Ondrej-Cerny-Lukas-Jurek-a-Marek-Frnka_foto-MANA-002-1024x747.jpg\" alt=\"Premi\u00e9ra hry Krakatit v divadle MANA u\u017e 9. ledna inscenace p\u0159ipom\u00edn\u00e1 135. v\u00fdro\u010d\u00ed narozen\u00ed Karla \u010capka\" class=\"wp-image-14682\" srcset=\"https:\/\/womenhouse.cz\/wp-content\/uploads\/2024\/12\/2_Herci-Tyna-Pruchova-Ondrej-Cerny-Lukas-Jurek-a-Marek-Frnka_foto-MANA-002-1024x747.jpg 1024w, https:\/\/womenhouse.cz\/wp-content\/uploads\/2024\/12\/2_Herci-Tyna-Pruchova-Ondrej-Cerny-Lukas-Jurek-a-Marek-Frnka_foto-MANA-002-300x219.jpg 300w, https:\/\/womenhouse.cz\/wp-content\/uploads\/2024\/12\/2_Herci-Tyna-Pruchova-Ondrej-Cerny-Lukas-Jurek-a-Marek-Frnka_foto-MANA-002-768x560.jpg 768w, https:\/\/womenhouse.cz\/wp-content\/uploads\/2024\/12\/2_Herci-Tyna-Pruchova-Ondrej-Cerny-Lukas-Jurek-a-Marek-Frnka_foto-MANA-002-1536x1121.jpg 1536w, https:\/\/womenhouse.cz\/wp-content\/uploads\/2024\/12\/2_Herci-Tyna-Pruchova-Ondrej-Cerny-Lukas-Jurek-a-Marek-Frnka_foto-MANA-002-2048x1494.jpg 2048w\" sizes=\"(max-width: 1024px) 100vw, 1024px\" \/><\/figure><\/div>\n\n\n<div style=\"height:45px\" aria-hidden=\"true\" class=\"wp-block-spacer\"><\/div>\n\n\n\n<p>\u010capk\u016fv rom\u00e1n je i po sto letech od sv\u00e9ho vzniku st\u00e1le aktu\u00e1ln\u00ed. Inscenace zachycuje p\u0159\u00edb\u011bh \u010dlov\u011bka na jeho cest\u011b mezi \u010f\u00e1belsk\u00fdm na\u0161ept\u00e1v\u00e1n\u00edm a v\u00e1ben\u00edm bo\u017e\u00ed v\u011b\u010dnosti. \u201eCel\u00e9 p\u0159edstaven\u00ed odehraj\u00ed \u010dty\u0159i herci a jedna tane\u010dnice. Inscenace je pojat\u00e1 jako psychologick\u00e1 hra, kde laborato\u0159 in\u017een\u00fdra Prokopa nen\u00ed jen m\u00edstem experiment\u016f, ale i zrcadlem jeho rozervan\u00e9 mysli,\u201c vysv\u011btluje dramaturgyn\u011b <strong>V\u011bra Ma\u0161kov\u00e1<\/strong>. \u201eP\u0159\u00edb\u011bh ukazuje z\u00e1pas mu\u017ee s mocn\u00fdm sv\u011btem, kde zisk a moc znamenaj\u00ed v\u00edc ne\u017e mor\u00e1lka nebo dokonce zachov\u00e1n\u00ed \u017eivota na Zemi. Z\u00e1pas je komplikovan\u00fd i setk\u00e1n\u00edm s&nbsp;osudovou l\u00e1skou, kter\u00e1 m\u016f\u017ee b\u00fdt opravdov\u00e1, ale m\u016f\u017ee b\u00fdt tak\u00e9 velkou l\u017e\u00ed,\u201c \u0159\u00edk\u00e1 Ma\u0161kov\u00e1, podle n\u00ed\u017e hraje v&nbsp;inscenaci d\u016fle\u017eitou roli i hudba Gabriely Vermelho. \u201e\u010capek klade d\u016fraz na moment odpov\u011bdnosti \u010dlov\u011bka za to, co vytv\u00e1\u0159\u00ed a uv\u00e1d\u00ed v \u017eivot. A nejedn\u00e1 se jen o s\u00edlu, jako v p\u0159\u00edpad\u011b t\u0159askaviny Krakatit, ale o ur\u010ditou volnou energii, kter\u00e1 m\u016f\u017ee pom\u00e1hat, ale tak\u00e9 stra\u0161liv\u011b \u0161kodit,\u201c dod\u00e1v\u00e1 dramaturgyn\u011b<\/p>\n\n\n\n<div style=\"height:45px\" aria-hidden=\"true\" class=\"wp-block-spacer\"><\/div>\n\n\n<div class=\"wp-block-image\">\n<figure class=\"aligncenter size-large\"><img loading=\"lazy\" decoding=\"async\" width=\"1024\" height=\"747\" src=\"https:\/\/womenhouse.cz\/wp-content\/uploads\/2024\/12\/1_Vynalezce-Prokopa-ztvarni-Ondrej-Cerny_dale-ucinkuje-Tyna-Pruchova_foto-MANA-002-1024x747.jpg\" alt=\"Premi\u00e9ra hry Krakatit v divadle MANA u\u017e 9. ledna inscenace p\u0159ipom\u00edn\u00e1 135. v\u00fdro\u010d\u00ed narozen\u00ed Karla \u010capka\" class=\"wp-image-14683\" srcset=\"https:\/\/womenhouse.cz\/wp-content\/uploads\/2024\/12\/1_Vynalezce-Prokopa-ztvarni-Ondrej-Cerny_dale-ucinkuje-Tyna-Pruchova_foto-MANA-002-1024x747.jpg 1024w, https:\/\/womenhouse.cz\/wp-content\/uploads\/2024\/12\/1_Vynalezce-Prokopa-ztvarni-Ondrej-Cerny_dale-ucinkuje-Tyna-Pruchova_foto-MANA-002-300x219.jpg 300w, https:\/\/womenhouse.cz\/wp-content\/uploads\/2024\/12\/1_Vynalezce-Prokopa-ztvarni-Ondrej-Cerny_dale-ucinkuje-Tyna-Pruchova_foto-MANA-002-768x560.jpg 768w, https:\/\/womenhouse.cz\/wp-content\/uploads\/2024\/12\/1_Vynalezce-Prokopa-ztvarni-Ondrej-Cerny_dale-ucinkuje-Tyna-Pruchova_foto-MANA-002-1536x1121.jpg 1536w, https:\/\/womenhouse.cz\/wp-content\/uploads\/2024\/12\/1_Vynalezce-Prokopa-ztvarni-Ondrej-Cerny_dale-ucinkuje-Tyna-Pruchova_foto-MANA-002-2048x1494.jpg 2048w\" sizes=\"(max-width: 1024px) 100vw, 1024px\" \/><\/figure><\/div>\n\n\n<div style=\"height:45px\" aria-hidden=\"true\" class=\"wp-block-spacer\"><\/div>\n\n\n\n<h2 class=\"wp-block-heading\"><strong>P\u0159\u00edb\u011bh \u010dlov\u011bka, kter\u00fd cht\u011bl p\u0159\u00edli\u0161 mnoho<\/strong><\/h2>\n\n\n\n<div style=\"height:21px\" aria-hidden=\"true\" class=\"wp-block-spacer\"><\/div>\n\n\n\n<p>Hlavn\u00ed hrdina je in\u017een\u00fdr Prokop. Jeho cesta za\u010d\u00edn\u00e1 velk\u00fdm objevem \u2013 extr\u00e9mn\u011b silnou v\u00fdbu\u0161ninou zvanou Krakatit. Zat\u00edmco mocn\u00ed lid\u00e9 tou\u017e\u00ed po jej\u00edm vyu\u017eit\u00ed, on s\u00e1m se d\u011bs\u00ed mo\u017en\u00fdch d\u016fsledk\u016f. Jeho z\u00e1pas je ale komplikovan\u00fd v\u00e1\u0161nivou a osudovou l\u00e1skou k tajemn\u00e9 Princezn\u011b, kter\u00e1 je i sou\u010d\u00e1st\u00ed mocensk\u00e9 hry. \u201eProkop je umanut\u00fd\u201c, popisuje herec Ond\u0159ej \u010cern\u00fd svoji postavu, \u201cA\u0165 u\u017e tvo\u0159\u00ed, hled\u00e1 \u010di miluje. Z\u00e1rove\u0148 je nepoddajn\u00fd, tvrdohlav\u00fd. Tou\u017e\u00ed po velk\u00fdch v\u011bcech, kter\u00e9 ho ale z\u00e1rove\u0148 d\u011bs\u00ed\u201c, \u0159\u00edk\u00e1 \u010cern\u00fd.<\/p>\n\n\n\n<div style=\"height:45px\" aria-hidden=\"true\" class=\"wp-block-spacer\"><\/div>\n\n\n<div class=\"wp-block-image\">\n<figure class=\"aligncenter size-full\"><img loading=\"lazy\" decoding=\"async\" width=\"910\" height=\"760\" src=\"https:\/\/womenhouse.cz\/wp-content\/uploads\/2024\/12\/krakatit3-910x760-1.jpg\" alt=\"Premi\u00e9ra hry Krakatit v divadle MANA u\u017e 9. ledna inscenace p\u0159ipom\u00edn\u00e1 135. v\u00fdro\u010d\u00ed narozen\u00ed Karla \u010capka\" class=\"wp-image-14685\" srcset=\"https:\/\/womenhouse.cz\/wp-content\/uploads\/2024\/12\/krakatit3-910x760-1.jpg 910w, https:\/\/womenhouse.cz\/wp-content\/uploads\/2024\/12\/krakatit3-910x760-1-300x251.jpg 300w, https:\/\/womenhouse.cz\/wp-content\/uploads\/2024\/12\/krakatit3-910x760-1-768x641.jpg 768w\" sizes=\"(max-width: 910px) 100vw, 910px\" \/><\/figure><\/div>\n\n\n<div style=\"height:45px\" aria-hidden=\"true\" class=\"wp-block-spacer\"><\/div>\n\n\n\n<h2 class=\"wp-block-heading\"><strong>Divadlo v&nbsp;\u010capkov\u011b sousedstv\u00ed<\/strong><\/h2>\n\n\n\n<div style=\"height:21px\" aria-hidden=\"true\" class=\"wp-block-spacer\"><\/div>\n\n\n\n<p>Divadlo MANA je m\u00edstem, kter\u00e9 uv\u00e1d\u00ed \u010capkova d\u00edla pravideln\u011b. Na reperto\u00e1ru vr\u0161ovick\u00e9 sc\u00e9ny jsou krom\u011b <strong>Krakatitu<\/strong> i inscenace inspirovan\u00e9 \u017eivotem spisovatele. Je to nap\u0159\u00edklad hra <strong>\u010capek<\/strong> a <strong>Ve dv\u011b na Koda\u0148sk\u00e9 <\/strong>nebo titul<strong> Matka<\/strong>. \u201eKarel \u010capek je pro n\u00e1s inspirac\u00ed, je symbolem prvn\u00ed republiky a hodnot, kter\u00e9 se i my sna\u017e\u00edme udr\u017eet p\u0159i \u017eivot\u011b. Vila brat\u0159\u00ed \u010capk\u016f se nav\u00edc nach\u00e1z\u00ed v Praze 10, kde s\u00eddl\u00ed i na\u0161e divadlo, co\u017e n\u00e1s k n\u011bmu je\u0161t\u011b v\u00edce p\u0159ibli\u017euje,\u201c vysv\u011btluje V\u011bra Ma\u0161kov\u00e1.<\/p>\n\n\n\n<div style=\"height:45px\" aria-hidden=\"true\" class=\"wp-block-spacer\"><\/div>\n\n\n\n<figure class=\"wp-block-gallery has-nested-images columns-default is-cropped wp-block-gallery-1 is-layout-flex wp-block-gallery-is-layout-flex\">\n<figure class=\"wp-block-image size-large\"><img loading=\"lazy\" decoding=\"async\" width=\"632\" height=\"1024\" data-id=\"14684\" src=\"https:\/\/womenhouse.cz\/wp-content\/uploads\/2024\/12\/KarelCapek_archiv_MANA_-jpg-632x1024.jpg\" alt=\"Premi\u00e9ra hry Krakatit v divadle MANA u\u017e 9. ledna inscenace p\u0159ipom\u00edn\u00e1 135. v\u00fdro\u010d\u00ed narozen\u00ed Karla \u010capka\" class=\"wp-image-14684\" srcset=\"https:\/\/womenhouse.cz\/wp-content\/uploads\/2024\/12\/KarelCapek_archiv_MANA_-jpg-632x1024.jpg 632w, https:\/\/womenhouse.cz\/wp-content\/uploads\/2024\/12\/KarelCapek_archiv_MANA_-jpg-185x300.jpg 185w, https:\/\/womenhouse.cz\/wp-content\/uploads\/2024\/12\/KarelCapek_archiv_MANA_-jpg-768x1244.jpg 768w, https:\/\/womenhouse.cz\/wp-content\/uploads\/2024\/12\/KarelCapek_archiv_MANA_-jpg-948x1536.jpg 948w, https:\/\/womenhouse.cz\/wp-content\/uploads\/2024\/12\/KarelCapek_archiv_MANA_-jpg-1264x2048.jpg 1264w, https:\/\/womenhouse.cz\/wp-content\/uploads\/2024\/12\/KarelCapek_archiv_MANA_-jpg-scaled.jpg 1580w\" sizes=\"(max-width: 632px) 100vw, 632px\" \/><\/figure>\n\n\n\n<figure class=\"wp-block-image size-large\"><img loading=\"lazy\" decoding=\"async\" width=\"786\" height=\"1024\" data-id=\"14681\" src=\"https:\/\/womenhouse.cz\/wp-content\/uploads\/2024\/12\/4_Karel_Capek-v-lednu-roku-1934_foto-Wikipedia-786x1024.jpg\" alt=\"Premi\u00e9ra hry Krakatit v divadle MANA u\u017e 9. ledna inscenace p\u0159ipom\u00edn\u00e1 135. v\u00fdro\u010d\u00ed narozen\u00ed Karla \u010capka\" class=\"wp-image-14681\" srcset=\"https:\/\/womenhouse.cz\/wp-content\/uploads\/2024\/12\/4_Karel_Capek-v-lednu-roku-1934_foto-Wikipedia-786x1024.jpg 786w, https:\/\/womenhouse.cz\/wp-content\/uploads\/2024\/12\/4_Karel_Capek-v-lednu-roku-1934_foto-Wikipedia-230x300.jpg 230w, https:\/\/womenhouse.cz\/wp-content\/uploads\/2024\/12\/4_Karel_Capek-v-lednu-roku-1934_foto-Wikipedia-768x1000.jpg 768w, https:\/\/womenhouse.cz\/wp-content\/uploads\/2024\/12\/4_Karel_Capek-v-lednu-roku-1934_foto-Wikipedia-1179x1536.jpg 1179w, https:\/\/womenhouse.cz\/wp-content\/uploads\/2024\/12\/4_Karel_Capek-v-lednu-roku-1934_foto-Wikipedia.jpg 1200w\" sizes=\"(max-width: 786px) 100vw, 786px\" \/><\/figure>\n<\/figure>\n\n\n\n<div style=\"height:50px\" aria-hidden=\"true\" class=\"wp-block-spacer\"><\/div>\n\n\n\n<h2 class=\"wp-block-heading\"><strong>V\u00edte, \u017ee\u2026?<\/strong><\/h2>\n\n\n\n<div style=\"height:21px\" aria-hidden=\"true\" class=\"wp-block-spacer\"><\/div>\n\n\n\n<p>N\u00e1zev knihy Krakatit byl inspirov\u00e1n katastrof\u00e1ln\u00edm v\u00fdbuchem sope\u010dn\u00e9ho ostrova Krakatoa (Krakatau), kter\u00fd se odehr\u00e1l v roce 1883? Exploze byla tehdy sly\u0161iteln\u00e1 a\u017e p\u011bt tis\u00edc kilometr\u016f daleko a byla asi t\u0159in\u00e1ct tis\u00edckr\u00e1t siln\u011bj\u0161\u00ed, ne\u017e v\u00fdbuch atomov\u00e9 pumy v Hiro\u0161im\u011b v roce 1945. Pr\u00e1v\u011b vyn\u00e1lez atomov\u00e9 bomby \u010capek v Krakatitu jasnoz\u0159iv\u011b p\u0159edpov\u011bd\u011bl: objev zk\u00e1zonosn\u00e9 v\u00e1le\u010dn\u00e9 zbran\u011b se v\u0161ak oproti rom\u00e1nu nakonec neodehr\u00e1l v oblasti chemie, ale fyziky.<\/p>\n\n\n\n<div style=\"height:45px\" aria-hidden=\"true\" class=\"wp-block-spacer\"><\/div>\n\n\n\n<p><a href=\"http:\/\/www.vrsovickedivadlo.cz\"><strong>www.vrsovickedivadlo.cz<\/strong><\/a><\/p>\n\n\n\n<div style=\"height:45px\" aria-hidden=\"true\" class=\"wp-block-spacer\"><\/div>\n\n\n\n<h2 class=\"wp-block-heading\">Krakatit<\/h2>\n\n\n\n<div style=\"height:45px\" aria-hidden=\"true\" class=\"wp-block-spacer\"><\/div>\n\n\n\n<p><strong>Premi\u00e9ra:<\/strong>&nbsp;9.1. 2025<\/p>\n\n\n\n<p><strong>Autor:<\/strong>&nbsp;Karel \u010capek<\/p>\n\n\n\n<p><strong>Sc\u00e9n\u00e1\u0159:<\/strong>&nbsp;V\u011bra Ma\u0161kov\u00e1<\/p>\n\n\n\n<p><strong>Re\u017eie:<\/strong>&nbsp;Dodo Gomb\u00e1r<\/p>\n\n\n\n<p><strong>Hudba:<\/strong>&nbsp;Gabriela Vermelho<\/p>\n\n\n\n<p><strong>Hraj\u00ed:<\/strong>&nbsp;Luk\u00e1\u0161 Jurek, T\u00fdna Pr\u016fchov\u00e1, Ond\u0159ej \u010cern\u00fd, Marek Fr\u0148k<\/p>\n\n\n\n<p><strong>Tan\u010d\u00ed:<\/strong>&nbsp;Sofie Chal\u00e1nyov\u00e1<\/p>\n\n\n\n<div style=\"height:45px\" aria-hidden=\"true\" class=\"wp-block-spacer\"><\/div>\n\n\n\n<figure class=\"wp-block-gallery has-nested-images columns-2 is-cropped wp-block-gallery-2 is-layout-flex wp-block-gallery-is-layout-flex\">\n<figure class=\"wp-block-image size-large\"><img loading=\"lazy\" decoding=\"async\" width=\"1024\" height=\"747\" data-id=\"14683\" src=\"https:\/\/womenhouse.cz\/wp-content\/uploads\/2024\/12\/1_Vynalezce-Prokopa-ztvarni-Ondrej-Cerny_dale-ucinkuje-Tyna-Pruchova_foto-MANA-002-1024x747.jpg\" alt=\"Premi\u00e9ra hry Krakatit v divadle MANA u\u017e 9. ledna inscenace p\u0159ipom\u00edn\u00e1 135. v\u00fdro\u010d\u00ed narozen\u00ed Karla \u010capka\" class=\"wp-image-14683\" srcset=\"https:\/\/womenhouse.cz\/wp-content\/uploads\/2024\/12\/1_Vynalezce-Prokopa-ztvarni-Ondrej-Cerny_dale-ucinkuje-Tyna-Pruchova_foto-MANA-002-1024x747.jpg 1024w, https:\/\/womenhouse.cz\/wp-content\/uploads\/2024\/12\/1_Vynalezce-Prokopa-ztvarni-Ondrej-Cerny_dale-ucinkuje-Tyna-Pruchova_foto-MANA-002-300x219.jpg 300w, https:\/\/womenhouse.cz\/wp-content\/uploads\/2024\/12\/1_Vynalezce-Prokopa-ztvarni-Ondrej-Cerny_dale-ucinkuje-Tyna-Pruchova_foto-MANA-002-768x560.jpg 768w, https:\/\/womenhouse.cz\/wp-content\/uploads\/2024\/12\/1_Vynalezce-Prokopa-ztvarni-Ondrej-Cerny_dale-ucinkuje-Tyna-Pruchova_foto-MANA-002-1536x1121.jpg 1536w, https:\/\/womenhouse.cz\/wp-content\/uploads\/2024\/12\/1_Vynalezce-Prokopa-ztvarni-Ondrej-Cerny_dale-ucinkuje-Tyna-Pruchova_foto-MANA-002-2048x1494.jpg 2048w\" sizes=\"(max-width: 1024px) 100vw, 1024px\" \/><\/figure>\n\n\n\n<figure class=\"wp-block-image size-large\"><img loading=\"lazy\" decoding=\"async\" width=\"1024\" height=\"747\" data-id=\"14682\" src=\"https:\/\/womenhouse.cz\/wp-content\/uploads\/2024\/12\/2_Herci-Tyna-Pruchova-Ondrej-Cerny-Lukas-Jurek-a-Marek-Frnka_foto-MANA-002-1024x747.jpg\" alt=\"Premi\u00e9ra hry Krakatit v divadle MANA u\u017e 9. ledna inscenace p\u0159ipom\u00edn\u00e1 135. v\u00fdro\u010d\u00ed narozen\u00ed Karla \u010capka\" class=\"wp-image-14682\" srcset=\"https:\/\/womenhouse.cz\/wp-content\/uploads\/2024\/12\/2_Herci-Tyna-Pruchova-Ondrej-Cerny-Lukas-Jurek-a-Marek-Frnka_foto-MANA-002-1024x747.jpg 1024w, https:\/\/womenhouse.cz\/wp-content\/uploads\/2024\/12\/2_Herci-Tyna-Pruchova-Ondrej-Cerny-Lukas-Jurek-a-Marek-Frnka_foto-MANA-002-300x219.jpg 300w, https:\/\/womenhouse.cz\/wp-content\/uploads\/2024\/12\/2_Herci-Tyna-Pruchova-Ondrej-Cerny-Lukas-Jurek-a-Marek-Frnka_foto-MANA-002-768x560.jpg 768w, https:\/\/womenhouse.cz\/wp-content\/uploads\/2024\/12\/2_Herci-Tyna-Pruchova-Ondrej-Cerny-Lukas-Jurek-a-Marek-Frnka_foto-MANA-002-1536x1121.jpg 1536w, https:\/\/womenhouse.cz\/wp-content\/uploads\/2024\/12\/2_Herci-Tyna-Pruchova-Ondrej-Cerny-Lukas-Jurek-a-Marek-Frnka_foto-MANA-002-2048x1494.jpg 2048w\" sizes=\"(max-width: 1024px) 100vw, 1024px\" \/><\/figure>\n\n\n\n<figure class=\"wp-block-image size-large\"><img loading=\"lazy\" decoding=\"async\" width=\"786\" height=\"1024\" data-id=\"14681\" src=\"https:\/\/womenhouse.cz\/wp-content\/uploads\/2024\/12\/4_Karel_Capek-v-lednu-roku-1934_foto-Wikipedia-786x1024.jpg\" alt=\"Premi\u00e9ra hry Krakatit v divadle MANA u\u017e 9. ledna inscenace p\u0159ipom\u00edn\u00e1 135. v\u00fdro\u010d\u00ed narozen\u00ed Karla \u010capka\" class=\"wp-image-14681\" srcset=\"https:\/\/womenhouse.cz\/wp-content\/uploads\/2024\/12\/4_Karel_Capek-v-lednu-roku-1934_foto-Wikipedia-786x1024.jpg 786w, https:\/\/womenhouse.cz\/wp-content\/uploads\/2024\/12\/4_Karel_Capek-v-lednu-roku-1934_foto-Wikipedia-230x300.jpg 230w, https:\/\/womenhouse.cz\/wp-content\/uploads\/2024\/12\/4_Karel_Capek-v-lednu-roku-1934_foto-Wikipedia-768x1000.jpg 768w, https:\/\/womenhouse.cz\/wp-content\/uploads\/2024\/12\/4_Karel_Capek-v-lednu-roku-1934_foto-Wikipedia-1179x1536.jpg 1179w, https:\/\/womenhouse.cz\/wp-content\/uploads\/2024\/12\/4_Karel_Capek-v-lednu-roku-1934_foto-Wikipedia.jpg 1200w\" sizes=\"(max-width: 786px) 100vw, 786px\" \/><\/figure>\n\n\n\n<figure class=\"wp-block-image size-large\"><img loading=\"lazy\" decoding=\"async\" width=\"632\" height=\"1024\" data-id=\"14684\" src=\"https:\/\/womenhouse.cz\/wp-content\/uploads\/2024\/12\/KarelCapek_archiv_MANA_-jpg-632x1024.jpg\" alt=\"Premi\u00e9ra hry Krakatit v divadle MANA u\u017e 9. ledna inscenace p\u0159ipom\u00edn\u00e1 135. v\u00fdro\u010d\u00ed narozen\u00ed Karla \u010capka\" class=\"wp-image-14684\" srcset=\"https:\/\/womenhouse.cz\/wp-content\/uploads\/2024\/12\/KarelCapek_archiv_MANA_-jpg-632x1024.jpg 632w, https:\/\/womenhouse.cz\/wp-content\/uploads\/2024\/12\/KarelCapek_archiv_MANA_-jpg-185x300.jpg 185w, https:\/\/womenhouse.cz\/wp-content\/uploads\/2024\/12\/KarelCapek_archiv_MANA_-jpg-768x1244.jpg 768w, https:\/\/womenhouse.cz\/wp-content\/uploads\/2024\/12\/KarelCapek_archiv_MANA_-jpg-948x1536.jpg 948w, https:\/\/womenhouse.cz\/wp-content\/uploads\/2024\/12\/KarelCapek_archiv_MANA_-jpg-1264x2048.jpg 1264w, https:\/\/womenhouse.cz\/wp-content\/uploads\/2024\/12\/KarelCapek_archiv_MANA_-jpg-scaled.jpg 1580w\" sizes=\"(max-width: 632px) 100vw, 632px\" \/><\/figure>\n\n\n\n<figure class=\"wp-block-image size-large\"><img loading=\"lazy\" decoding=\"async\" width=\"910\" height=\"760\" data-id=\"14685\" src=\"https:\/\/womenhouse.cz\/wp-content\/uploads\/2024\/12\/krakatit3-910x760-1.jpg\" alt=\"Premi\u00e9ra hry Krakatit v divadle MANA u\u017e 9. ledna inscenace p\u0159ipom\u00edn\u00e1 135. v\u00fdro\u010d\u00ed narozen\u00ed Karla \u010capka\" class=\"wp-image-14685\" srcset=\"https:\/\/womenhouse.cz\/wp-content\/uploads\/2024\/12\/krakatit3-910x760-1.jpg 910w, https:\/\/womenhouse.cz\/wp-content\/uploads\/2024\/12\/krakatit3-910x760-1-300x251.jpg 300w, https:\/\/womenhouse.cz\/wp-content\/uploads\/2024\/12\/krakatit3-910x760-1-768x641.jpg 768w\" sizes=\"(max-width: 910px) 100vw, 910px\" \/><\/figure>\n<\/figure>\n\n\n\n<div style=\"height:45px\" aria-hidden=\"true\" class=\"wp-block-spacer\"><\/div>\n\n\n\n<p><strong>Zdroj foto:<\/strong> Vr\u0161ovick\u00e9 divadlo MANA Praha<\/p>\n\n\n\n<div style=\"height:45px\" aria-hidden=\"true\" class=\"wp-block-spacer\"><\/div>\n","protected":false},"excerpt":{"rendered":"<p>Vr\u0161ovick\u00e9 divadlo MANA uv\u00e1d\u00ed \u010capk\u016fv Krakatit: p\u0159\u00edb\u011bh o poku\u0161en\u00ed a pozn\u00e1n\u00ed. Slavn\u00fd, nad\u010dasov\u00fd a strhuj\u00edc\u00ed p\u0159\u00edb\u011bh vyn\u00e1lezce, kter\u00fd si a\u017e p\u0159\u00edli\u0161 pozd\u011b uv\u011bdom\u00ed, jak\u00fd dopad na sv\u011bt m\u016f\u017ee m\u00edt jeho objev ni\u010div\u00e9 t\u0159askaviny zvan\u00e9 Krakatit. \u010capk\u016fv p\u0159\u00edb\u011bh, kter\u00fd div\u00e1k\u016fm nab\u00eddne drama i idylu, v\u00e1\u0161e\u0148 i oby\u010dejnost prost\u00fdch lidsk\u00fdch cit\u016f, hru d\u00e9mon\u016f i laskavost and\u011bl\u016f, m\u00e1 [&hellip;]<\/p>\n","protected":false},"author":9,"featured_media":14682,"comment_status":"closed","ping_status":"closed","sticky":false,"template":"","format":"standard","meta":{"_mi_skip_tracking":false,"_monsterinsights_sitenote_active":false,"_monsterinsights_sitenote_note":"","_monsterinsights_sitenote_category":0,"footnotes":""},"categories":[21,23,2],"tags":[],"yoast_head":"<!-- This site is optimized with the Yoast SEO plugin v21.5 - https:\/\/yoast.com\/wordpress\/plugins\/seo\/ -->\n<title>Premi\u00e9ra hry Krakatit v divadle MANA u\u017e 9. ledna - WOMENHOUSE.cz<\/title>\n<meta name=\"description\" content=\"Vr\u0161ovick\u00e9 divadlo MANA uv\u00e1d\u00ed \u010capk\u016fv Krakatit: p\u0159\u00edb\u011bh o poku\u0161en\u00ed a pozn\u00e1n\u00ed. Slavn\u00fd, nad\u010dasov\u00fd a strhuj\u00edc\u00ed p\u0159\u00edb\u011bh vyn\u00e1lezce.\" \/>\n<meta name=\"robots\" content=\"index, follow, max-snippet:-1, max-image-preview:large, max-video-preview:-1\" \/>\n<link rel=\"canonical\" href=\"https:\/\/womenhouse.cz\/index.php\/2025\/01\/06\/premiera-hry-krakatit-v-divadle-mana-uz-9-ledna\/\" \/>\n<meta property=\"og:locale\" content=\"cs_CZ\" \/>\n<meta property=\"og:type\" content=\"article\" \/>\n<meta property=\"og:title\" content=\"Premi\u00e9ra hry Krakatit v divadle MANA u\u017e 9. ledna - WOMENHOUSE.cz\" \/>\n<meta property=\"og:description\" content=\"Vr\u0161ovick\u00e9 divadlo MANA uv\u00e1d\u00ed \u010capk\u016fv Krakatit: p\u0159\u00edb\u011bh o poku\u0161en\u00ed a pozn\u00e1n\u00ed. Slavn\u00fd, nad\u010dasov\u00fd a strhuj\u00edc\u00ed p\u0159\u00edb\u011bh vyn\u00e1lezce.\" \/>\n<meta property=\"og:url\" content=\"https:\/\/womenhouse.cz\/index.php\/2025\/01\/06\/premiera-hry-krakatit-v-divadle-mana-uz-9-ledna\/\" \/>\n<meta property=\"og:site_name\" content=\"WOMENHOUSE.cz\" \/>\n<meta property=\"article:publisher\" content=\"https:\/\/www.facebook.com\/womenhousecz\" \/>\n<meta property=\"article:published_time\" content=\"2025-01-05T23:01:00+00:00\" \/>\n<meta property=\"article:modified_time\" content=\"2025-03-17T23:20:02+00:00\" \/>\n<meta property=\"og:image\" content=\"https:\/\/womenhouse.cz\/wp-content\/uploads\/2024\/12\/2_Herci-Tyna-Pruchova-Ondrej-Cerny-Lukas-Jurek-a-Marek-Frnka_foto-MANA-002-scaled.jpg\" \/>\n\t<meta property=\"og:image:width\" content=\"2560\" \/>\n\t<meta property=\"og:image:height\" content=\"1868\" \/>\n\t<meta property=\"og:image:type\" content=\"image\/jpeg\" \/>\n<meta name=\"author\" content=\"Martina Pechov\u00e1\" \/>\n<meta name=\"twitter:card\" content=\"summary_large_image\" \/>\n<meta name=\"twitter:label1\" content=\"Napsal(a)\" \/>\n\t<meta name=\"twitter:data1\" content=\"Martina Pechov\u00e1\" \/>\n\t<meta name=\"twitter:label2\" content=\"Odhadovan\u00e1 doba \u010dten\u00ed\" \/>\n\t<meta name=\"twitter:data2\" content=\"5 minut\" \/>\n<script type=\"application\/ld+json\" class=\"yoast-schema-graph\">{\"@context\":\"https:\/\/schema.org\",\"@graph\":[{\"@type\":\"Article\",\"@id\":\"https:\/\/womenhouse.cz\/index.php\/2025\/01\/06\/premiera-hry-krakatit-v-divadle-mana-uz-9-ledna\/#article\",\"isPartOf\":{\"@id\":\"https:\/\/womenhouse.cz\/index.php\/2025\/01\/06\/premiera-hry-krakatit-v-divadle-mana-uz-9-ledna\/\"},\"author\":{\"name\":\"Martina Pechov\u00e1\",\"@id\":\"https:\/\/womenhouse.cz\/#\/schema\/person\/09851c27907b92bbc8bcd7f3dfb2a802\"},\"headline\":\"Premi\u00e9ra hry Krakatit v divadle MANA u\u017e 9. ledna\",\"datePublished\":\"2025-01-05T23:01:00+00:00\",\"dateModified\":\"2025-03-17T23:20:02+00:00\",\"mainEntityOfPage\":{\"@id\":\"https:\/\/womenhouse.cz\/index.php\/2025\/01\/06\/premiera-hry-krakatit-v-divadle-mana-uz-9-ledna\/\"},\"wordCount\":784,\"publisher\":{\"@id\":\"https:\/\/womenhouse.cz\/#organization\"},\"articleSection\":[\"AKCE &amp; KULTURA\",\"CELEBRITY\",\"NEWS\"],\"inLanguage\":\"cs\"},{\"@type\":\"WebPage\",\"@id\":\"https:\/\/womenhouse.cz\/index.php\/2025\/01\/06\/premiera-hry-krakatit-v-divadle-mana-uz-9-ledna\/\",\"url\":\"https:\/\/womenhouse.cz\/index.php\/2025\/01\/06\/premiera-hry-krakatit-v-divadle-mana-uz-9-ledna\/\",\"name\":\"Premi\u00e9ra hry Krakatit v divadle MANA u\u017e 9. ledna - WOMENHOUSE.cz\",\"isPartOf\":{\"@id\":\"https:\/\/womenhouse.cz\/#website\"},\"datePublished\":\"2025-01-05T23:01:00+00:00\",\"dateModified\":\"2025-03-17T23:20:02+00:00\",\"description\":\"Vr\u0161ovick\u00e9 divadlo MANA uv\u00e1d\u00ed \u010capk\u016fv Krakatit: p\u0159\u00edb\u011bh o poku\u0161en\u00ed a pozn\u00e1n\u00ed. Slavn\u00fd, nad\u010dasov\u00fd a strhuj\u00edc\u00ed p\u0159\u00edb\u011bh vyn\u00e1lezce.\",\"breadcrumb\":{\"@id\":\"https:\/\/womenhouse.cz\/index.php\/2025\/01\/06\/premiera-hry-krakatit-v-divadle-mana-uz-9-ledna\/#breadcrumb\"},\"inLanguage\":\"cs\",\"potentialAction\":[{\"@type\":\"ReadAction\",\"target\":[\"https:\/\/womenhouse.cz\/index.php\/2025\/01\/06\/premiera-hry-krakatit-v-divadle-mana-uz-9-ledna\/\"]}]},{\"@type\":\"BreadcrumbList\",\"@id\":\"https:\/\/womenhouse.cz\/index.php\/2025\/01\/06\/premiera-hry-krakatit-v-divadle-mana-uz-9-ledna\/#breadcrumb\",\"itemListElement\":[{\"@type\":\"ListItem\",\"position\":1,\"name\":\"Dom\u016f\",\"item\":\"https:\/\/womenhouse.cz\/\"},{\"@type\":\"ListItem\",\"position\":2,\"name\":\"Premi\u00e9ra hry Krakatit v divadle MANA u\u017e 9. ledna\"}]},{\"@type\":\"WebSite\",\"@id\":\"https:\/\/womenhouse.cz\/#website\",\"url\":\"https:\/\/womenhouse.cz\/\",\"name\":\"WOMENHOUSE.cz\",\"description\":\"Port\u00e1l v\u00fdhradn\u011b jen pro \u017eeny...\",\"publisher\":{\"@id\":\"https:\/\/womenhouse.cz\/#organization\"},\"potentialAction\":[{\"@type\":\"SearchAction\",\"target\":{\"@type\":\"EntryPoint\",\"urlTemplate\":\"https:\/\/womenhouse.cz\/?s={search_term_string}\"},\"query-input\":\"required name=search_term_string\"}],\"inLanguage\":\"cs\"},{\"@type\":\"Organization\",\"@id\":\"https:\/\/womenhouse.cz\/#organization\",\"name\":\"WOMENHOUSE.cz\",\"url\":\"https:\/\/womenhouse.cz\/\",\"logo\":{\"@type\":\"ImageObject\",\"inLanguage\":\"cs\",\"@id\":\"https:\/\/womenhouse.cz\/#\/schema\/logo\/image\/\",\"url\":\"https:\/\/womenhouse.cz\/wp-content\/uploads\/2020\/06\/cropped-logo_Womenhouse_RGB-02-removebg-preview-1.png\",\"contentUrl\":\"https:\/\/womenhouse.cz\/wp-content\/uploads\/2020\/06\/cropped-logo_Womenhouse_RGB-02-removebg-preview-1.png\",\"width\":561,\"height\":375,\"caption\":\"WOMENHOUSE.cz\"},\"image\":{\"@id\":\"https:\/\/womenhouse.cz\/#\/schema\/logo\/image\/\"},\"sameAs\":[\"https:\/\/www.facebook.com\/womenhousecz\",\"https:\/\/www.instagram.com\/womenhousecz\/\"]},{\"@type\":\"Person\",\"@id\":\"https:\/\/womenhouse.cz\/#\/schema\/person\/09851c27907b92bbc8bcd7f3dfb2a802\",\"name\":\"Martina Pechov\u00e1\",\"sameAs\":[\"http:\/\/WOMENHOUSE.cz\"],\"url\":\"https:\/\/womenhouse.cz\/index.php\/author\/marpech\/\"}]}<\/script>\n<!-- \/ Yoast SEO plugin. -->","yoast_head_json":{"title":"Premi\u00e9ra hry Krakatit v divadle MANA u\u017e 9. ledna - WOMENHOUSE.cz","description":"Vr\u0161ovick\u00e9 divadlo MANA uv\u00e1d\u00ed \u010capk\u016fv Krakatit: p\u0159\u00edb\u011bh o poku\u0161en\u00ed a pozn\u00e1n\u00ed. Slavn\u00fd, nad\u010dasov\u00fd a strhuj\u00edc\u00ed p\u0159\u00edb\u011bh vyn\u00e1lezce.","robots":{"index":"index","follow":"follow","max-snippet":"max-snippet:-1","max-image-preview":"max-image-preview:large","max-video-preview":"max-video-preview:-1"},"canonical":"https:\/\/womenhouse.cz\/index.php\/2025\/01\/06\/premiera-hry-krakatit-v-divadle-mana-uz-9-ledna\/","og_locale":"cs_CZ","og_type":"article","og_title":"Premi\u00e9ra hry Krakatit v divadle MANA u\u017e 9. ledna - WOMENHOUSE.cz","og_description":"Vr\u0161ovick\u00e9 divadlo MANA uv\u00e1d\u00ed \u010capk\u016fv Krakatit: p\u0159\u00edb\u011bh o poku\u0161en\u00ed a pozn\u00e1n\u00ed. Slavn\u00fd, nad\u010dasov\u00fd a strhuj\u00edc\u00ed p\u0159\u00edb\u011bh vyn\u00e1lezce.","og_url":"https:\/\/womenhouse.cz\/index.php\/2025\/01\/06\/premiera-hry-krakatit-v-divadle-mana-uz-9-ledna\/","og_site_name":"WOMENHOUSE.cz","article_publisher":"https:\/\/www.facebook.com\/womenhousecz","article_published_time":"2025-01-05T23:01:00+00:00","article_modified_time":"2025-03-17T23:20:02+00:00","og_image":[{"width":2560,"height":1868,"url":"https:\/\/womenhouse.cz\/wp-content\/uploads\/2024\/12\/2_Herci-Tyna-Pruchova-Ondrej-Cerny-Lukas-Jurek-a-Marek-Frnka_foto-MANA-002-scaled.jpg","type":"image\/jpeg"}],"author":"Martina Pechov\u00e1","twitter_card":"summary_large_image","twitter_misc":{"Napsal(a)":"Martina Pechov\u00e1","Odhadovan\u00e1 doba \u010dten\u00ed":"5 minut"},"schema":{"@context":"https:\/\/schema.org","@graph":[{"@type":"Article","@id":"https:\/\/womenhouse.cz\/index.php\/2025\/01\/06\/premiera-hry-krakatit-v-divadle-mana-uz-9-ledna\/#article","isPartOf":{"@id":"https:\/\/womenhouse.cz\/index.php\/2025\/01\/06\/premiera-hry-krakatit-v-divadle-mana-uz-9-ledna\/"},"author":{"name":"Martina Pechov\u00e1","@id":"https:\/\/womenhouse.cz\/#\/schema\/person\/09851c27907b92bbc8bcd7f3dfb2a802"},"headline":"Premi\u00e9ra hry Krakatit v divadle MANA u\u017e 9. ledna","datePublished":"2025-01-05T23:01:00+00:00","dateModified":"2025-03-17T23:20:02+00:00","mainEntityOfPage":{"@id":"https:\/\/womenhouse.cz\/index.php\/2025\/01\/06\/premiera-hry-krakatit-v-divadle-mana-uz-9-ledna\/"},"wordCount":784,"publisher":{"@id":"https:\/\/womenhouse.cz\/#organization"},"articleSection":["AKCE &amp; KULTURA","CELEBRITY","NEWS"],"inLanguage":"cs"},{"@type":"WebPage","@id":"https:\/\/womenhouse.cz\/index.php\/2025\/01\/06\/premiera-hry-krakatit-v-divadle-mana-uz-9-ledna\/","url":"https:\/\/womenhouse.cz\/index.php\/2025\/01\/06\/premiera-hry-krakatit-v-divadle-mana-uz-9-ledna\/","name":"Premi\u00e9ra hry Krakatit v divadle MANA u\u017e 9. ledna - WOMENHOUSE.cz","isPartOf":{"@id":"https:\/\/womenhouse.cz\/#website"},"datePublished":"2025-01-05T23:01:00+00:00","dateModified":"2025-03-17T23:20:02+00:00","description":"Vr\u0161ovick\u00e9 divadlo MANA uv\u00e1d\u00ed \u010capk\u016fv Krakatit: p\u0159\u00edb\u011bh o poku\u0161en\u00ed a pozn\u00e1n\u00ed. Slavn\u00fd, nad\u010dasov\u00fd a strhuj\u00edc\u00ed p\u0159\u00edb\u011bh vyn\u00e1lezce.","breadcrumb":{"@id":"https:\/\/womenhouse.cz\/index.php\/2025\/01\/06\/premiera-hry-krakatit-v-divadle-mana-uz-9-ledna\/#breadcrumb"},"inLanguage":"cs","potentialAction":[{"@type":"ReadAction","target":["https:\/\/womenhouse.cz\/index.php\/2025\/01\/06\/premiera-hry-krakatit-v-divadle-mana-uz-9-ledna\/"]}]},{"@type":"BreadcrumbList","@id":"https:\/\/womenhouse.cz\/index.php\/2025\/01\/06\/premiera-hry-krakatit-v-divadle-mana-uz-9-ledna\/#breadcrumb","itemListElement":[{"@type":"ListItem","position":1,"name":"Dom\u016f","item":"https:\/\/womenhouse.cz\/"},{"@type":"ListItem","position":2,"name":"Premi\u00e9ra hry Krakatit v divadle MANA u\u017e 9. ledna"}]},{"@type":"WebSite","@id":"https:\/\/womenhouse.cz\/#website","url":"https:\/\/womenhouse.cz\/","name":"WOMENHOUSE.cz","description":"Port\u00e1l v\u00fdhradn\u011b jen pro \u017eeny...","publisher":{"@id":"https:\/\/womenhouse.cz\/#organization"},"potentialAction":[{"@type":"SearchAction","target":{"@type":"EntryPoint","urlTemplate":"https:\/\/womenhouse.cz\/?s={search_term_string}"},"query-input":"required name=search_term_string"}],"inLanguage":"cs"},{"@type":"Organization","@id":"https:\/\/womenhouse.cz\/#organization","name":"WOMENHOUSE.cz","url":"https:\/\/womenhouse.cz\/","logo":{"@type":"ImageObject","inLanguage":"cs","@id":"https:\/\/womenhouse.cz\/#\/schema\/logo\/image\/","url":"https:\/\/womenhouse.cz\/wp-content\/uploads\/2020\/06\/cropped-logo_Womenhouse_RGB-02-removebg-preview-1.png","contentUrl":"https:\/\/womenhouse.cz\/wp-content\/uploads\/2020\/06\/cropped-logo_Womenhouse_RGB-02-removebg-preview-1.png","width":561,"height":375,"caption":"WOMENHOUSE.cz"},"image":{"@id":"https:\/\/womenhouse.cz\/#\/schema\/logo\/image\/"},"sameAs":["https:\/\/www.facebook.com\/womenhousecz","https:\/\/www.instagram.com\/womenhousecz\/"]},{"@type":"Person","@id":"https:\/\/womenhouse.cz\/#\/schema\/person\/09851c27907b92bbc8bcd7f3dfb2a802","name":"Martina Pechov\u00e1","sameAs":["http:\/\/WOMENHOUSE.cz"],"url":"https:\/\/womenhouse.cz\/index.php\/author\/marpech\/"}]}},"_links":{"self":[{"href":"https:\/\/womenhouse.cz\/index.php\/wp-json\/wp\/v2\/posts\/14680"}],"collection":[{"href":"https:\/\/womenhouse.cz\/index.php\/wp-json\/wp\/v2\/posts"}],"about":[{"href":"https:\/\/womenhouse.cz\/index.php\/wp-json\/wp\/v2\/types\/post"}],"author":[{"embeddable":true,"href":"https:\/\/womenhouse.cz\/index.php\/wp-json\/wp\/v2\/users\/9"}],"replies":[{"embeddable":true,"href":"https:\/\/womenhouse.cz\/index.php\/wp-json\/wp\/v2\/comments?post=14680"}],"version-history":[{"count":-1,"href":"https:\/\/womenhouse.cz\/index.php\/wp-json\/wp\/v2\/posts\/14680\/revisions"}],"wp:featuredmedia":[{"embeddable":true,"href":"https:\/\/womenhouse.cz\/index.php\/wp-json\/wp\/v2\/media\/14682"}],"wp:attachment":[{"href":"https:\/\/womenhouse.cz\/index.php\/wp-json\/wp\/v2\/media?parent=14680"}],"wp:term":[{"taxonomy":"category","embeddable":true,"href":"https:\/\/womenhouse.cz\/index.php\/wp-json\/wp\/v2\/categories?post=14680"},{"taxonomy":"post_tag","embeddable":true,"href":"https:\/\/womenhouse.cz\/index.php\/wp-json\/wp\/v2\/tags?post=14680"}],"curies":[{"name":"wp","href":"https:\/\/api.w.org\/{rel}","templated":true}]}}