{"id":14601,"date":"2025-01-03T00:01:00","date_gmt":"2025-01-02T23:01:00","guid":{"rendered":"https:\/\/womenhouse.cz\/?p=14601"},"modified":"2025-03-05T02:37:22","modified_gmt":"2025-03-05T01:37:22","slug":"svetozname-pop-operni-trio-il-volo-se-potreti-vrati-do-prahy","status":"publish","type":"post","link":"https:\/\/womenhouse.cz\/index.php\/2025\/01\/03\/svetozname-pop-operni-trio-il-volo-se-potreti-vrati-do-prahy\/","title":{"rendered":"Sv\u011btozn\u00e1m\u00e9 pop-opern\u00ed trio Il Volo se pot\u0159et\u00ed vr\u00e1t\u00ed do Prahy!"},"content":{"rendered":"\n<div style=\"height:45px\" aria-hidden=\"true\" class=\"wp-block-spacer\"><\/div>\n\n\n\n<p><strong>Obl\u00edben\u00e9 italsk\u00e9 opern\u00ed pop trio Il Volo se pot\u0159et\u00ed vr\u00e1t\u00ed do \u010ceska. Trojice p\u011bvc\u016f tvo\u0159en\u00e1 Pierem Barone, Ignaziem Boschettem a Gianlucou Ginoblem p\u0159ijede do Prahy 13. listopadu 2025 a op\u011bt vystoup\u00ed v O2 aren\u011b. L\u00edstky na show jsou v prodeji v s\u00edt\u00edch Ticketportal a Ticketmaster.<\/strong><\/p>\n\n\n\n<div style=\"height:45px\" aria-hidden=\"true\" class=\"wp-block-spacer\"><\/div>\n\n\n<div class=\"wp-block-image\">\n<figure class=\"aligncenter size-full is-resized\"><img loading=\"lazy\" decoding=\"async\" width=\"565\" height=\"318\" src=\"https:\/\/womenhouse.cz\/wp-content\/uploads\/2024\/12\/image004.jpg\" alt=\"Sv\u011btozn\u00e1m\u00e9 pop-opern\u00ed trio Il Volo se pot\u0159et\u00ed vr\u00e1t\u00ed do Prahy!\" class=\"wp-image-14603\" style=\"width:839px;height:auto\" srcset=\"https:\/\/womenhouse.cz\/wp-content\/uploads\/2024\/12\/image004.jpg 565w, https:\/\/womenhouse.cz\/wp-content\/uploads\/2024\/12\/image004-300x169.jpg 300w\" sizes=\"(max-width: 565px) 100vw, 565px\" \/><\/figure><\/div>\n\n\n<div style=\"height:45px\" aria-hidden=\"true\" class=\"wp-block-spacer\"><\/div>\n\n\n\n<p>Il Volo za sebou maj\u00ed nabit\u00fd rok. Ned\u00e1vno skon\u010dilo jejich vyprodan\u00e9 celosv\u011btov\u00e9 turn\u00e9, jen\u017e zahrnovalo i zast\u00e1vku v Praze. Trio se tuzemsk\u00e9mu publiku p\u0159edstavilo v polovin\u011b \u0159\u00edjna a po fenomen\u00e1ln\u00edm \u00fasp\u011bchu se v r\u00e1mci dal\u0161\u00edho turn\u00e9 op\u011bt zastav\u00ed i v Praze, a to ve \u010dtvrtek 13. listopadu 2025. Krom\u011b \u00fasp\u011b\u0161n\u00e9ho koncertov\u00e1n\u00ed Il Volo p\u0159edstavili i novou hudbu. Za\u010d\u00e1tkem prosince vydali zbrusu nov\u00fd singl s n\u00e1zvem Tra le onde. Z\u00e1rove\u0148 tak\u00e9 vy\u0161la mezin\u00e1rodn\u00ed verze jejich posledn\u00edho alba Ad Astra (International Edition), kter\u00e1 je nav\u00edc roz\u0161\u00ed\u0159en\u00e1 o p\u011bt nov\u00fdch p\u00edsn\u00ed, v\u010detn\u011b singlu Capolavoro (English Version).<\/p>\n\n\n\n<div style=\"height:45px\" aria-hidden=\"true\" class=\"wp-block-spacer\"><\/div>\n\n\n\n<figure class=\"wp-block-embed aligncenter is-type-video is-provider-youtube wp-block-embed-youtube wp-embed-aspect-16-9 wp-has-aspect-ratio\"><div class=\"wp-block-embed__wrapper\">\n<iframe loading=\"lazy\" title=\"Il Volo - Tra le onde (Official Video)\" width=\"640\" height=\"360\" src=\"https:\/\/www.youtube.com\/embed\/frbZRfvkdw4?feature=oembed\" frameborder=\"0\" allow=\"accelerometer; autoplay; clipboard-write; encrypted-media; gyroscope; picture-in-picture; web-share\" referrerpolicy=\"strict-origin-when-cross-origin\" allowfullscreen><\/iframe>\n<\/div><\/figure>\n\n\n\n<div style=\"height:45px\" aria-hidden=\"true\" class=\"wp-block-spacer\"><\/div>\n\n\n\n<p>\u201e<em>Na listopadov\u00e9m koncertu zazn\u00ed nov\u00e9 sv\u011b\u017e\u00ed p\u00edsni\u010dky, ale i zaru\u010den\u00e9 hity. Il Volo op\u011bt vezmou div\u00e1ky na jedine\u010dnou hudebn\u00ed cestu od italsk\u00e9 klasiky a\u017e po modern\u00ed pop-operu,\u201d<\/em> \u0159\u00edk\u00e1 za po\u0159adatele Roland Horvath z Koncertpromo. Il Volo poprv\u00e9 zav\u00edtali do \u010cR v roce 2023.<\/p>\n\n\n\n<div style=\"height:45px\" aria-hidden=\"true\" class=\"wp-block-spacer\"><\/div>\n\n\n<div class=\"wp-block-image\">\n<figure class=\"aligncenter size-large\"><img loading=\"lazy\" decoding=\"async\" width=\"1024\" height=\"683\" src=\"https:\/\/womenhouse.cz\/wp-content\/uploads\/2024\/12\/5C3A1979-1024x683.jpg\" alt=\"Sv\u011btozn\u00e1m\u00e9 pop-opern\u00ed trio Il Volo se pot\u0159et\u00ed vr\u00e1t\u00ed do Prahy!\" class=\"wp-image-14608\" srcset=\"https:\/\/womenhouse.cz\/wp-content\/uploads\/2024\/12\/5C3A1979-1024x683.jpg 1024w, https:\/\/womenhouse.cz\/wp-content\/uploads\/2024\/12\/5C3A1979-300x200.jpg 300w, https:\/\/womenhouse.cz\/wp-content\/uploads\/2024\/12\/5C3A1979-768x512.jpg 768w, https:\/\/womenhouse.cz\/wp-content\/uploads\/2024\/12\/5C3A1979-1536x1024.jpg 1536w, https:\/\/womenhouse.cz\/wp-content\/uploads\/2024\/12\/5C3A1979-2048x1366.jpg 2048w\" sizes=\"(max-width: 1024px) 100vw, 1024px\" \/><\/figure><\/div>\n\n\n<div style=\"height:45px\" aria-hidden=\"true\" class=\"wp-block-spacer\"><\/div>\n\n\n\n<p>P\u0159edprodej vstupenek: <a href=\"https:\/\/www.ticketportal.cz\/event\/IL-VOLO?t=L2025V\"><strong>www.ticketportal.cz\/event\/IL-VOLO?t=L2025V<\/strong><\/a>  a <a href=\"https:\/\/www.ticketmaster.cz\/artist\/il-volo-vstupenky\/863308?language=cs-cz\"><u><strong>www.ticketmaster.cz\/artist\/il-volo-vstupenky\/863308?language=cs-cz<\/strong><\/u><\/a><\/p>\n\n\n\n<div style=\"height:45px\" aria-hidden=\"true\" class=\"wp-block-spacer\"><\/div>\n\n\n<div class=\"wp-block-image\">\n<figure class=\"aligncenter size-large\"><img loading=\"lazy\" decoding=\"async\" width=\"1024\" height=\"683\" src=\"https:\/\/womenhouse.cz\/wp-content\/uploads\/2024\/12\/0F3A1197-1024x683.jpg\" alt=\"Sv\u011btozn\u00e1m\u00e9 pop-opern\u00ed trio Il Volo se pot\u0159et\u00ed vr\u00e1t\u00ed do Prahy!\" class=\"wp-image-14604\" srcset=\"https:\/\/womenhouse.cz\/wp-content\/uploads\/2024\/12\/0F3A1197-1024x683.jpg 1024w, https:\/\/womenhouse.cz\/wp-content\/uploads\/2024\/12\/0F3A1197-300x200.jpg 300w, https:\/\/womenhouse.cz\/wp-content\/uploads\/2024\/12\/0F3A1197-768x512.jpg 768w, https:\/\/womenhouse.cz\/wp-content\/uploads\/2024\/12\/0F3A1197-1536x1024.jpg 1536w, https:\/\/womenhouse.cz\/wp-content\/uploads\/2024\/12\/0F3A1197-2048x1366.jpg 2048w\" sizes=\"(max-width: 1024px) 100vw, 1024px\" \/><\/figure><\/div>\n\n\n<div style=\"height:45px\" aria-hidden=\"true\" class=\"wp-block-spacer\"><\/div>\n\n\n\n<p>V\u00edce informac\u00ed: <a href=\"https:\/\/www.koncertpromo.cz\/\"><u><strong>www.koncertpromo.cz<\/strong><\/u><\/a><\/p>\n\n\n\n<div style=\"height:45px\" aria-hidden=\"true\" class=\"wp-block-spacer\"><\/div>\n\n\n\n<figure class=\"wp-block-gallery has-nested-images columns-2 is-cropped wp-block-gallery-1 is-layout-flex wp-block-gallery-is-layout-flex\">\n<figure class=\"wp-block-image size-large\"><img loading=\"lazy\" decoding=\"async\" width=\"1024\" height=\"683\" data-id=\"14606\" src=\"https:\/\/womenhouse.cz\/wp-content\/uploads\/2024\/12\/0F3A0470-1024x683.jpg\" alt=\"Sv\u011btozn\u00e1m\u00e9 pop-opern\u00ed trio Il Volo se pot\u0159et\u00ed vr\u00e1t\u00ed do Prahy!\" class=\"wp-image-14606\" srcset=\"https:\/\/womenhouse.cz\/wp-content\/uploads\/2024\/12\/0F3A0470-1024x683.jpg 1024w, https:\/\/womenhouse.cz\/wp-content\/uploads\/2024\/12\/0F3A0470-300x200.jpg 300w, https:\/\/womenhouse.cz\/wp-content\/uploads\/2024\/12\/0F3A0470-768x512.jpg 768w, https:\/\/womenhouse.cz\/wp-content\/uploads\/2024\/12\/0F3A0470-1536x1024.jpg 1536w, https:\/\/womenhouse.cz\/wp-content\/uploads\/2024\/12\/0F3A0470-2048x1366.jpg 2048w\" sizes=\"(max-width: 1024px) 100vw, 1024px\" \/><\/figure>\n\n\n\n<figure class=\"wp-block-image size-large\"><img loading=\"lazy\" decoding=\"async\" width=\"1024\" height=\"683\" data-id=\"14604\" src=\"https:\/\/womenhouse.cz\/wp-content\/uploads\/2024\/12\/0F3A1197-1024x683.jpg\" alt=\"Sv\u011btozn\u00e1m\u00e9 pop-opern\u00ed trio Il Volo se pot\u0159et\u00ed vr\u00e1t\u00ed do Prahy!\" class=\"wp-image-14604\" srcset=\"https:\/\/womenhouse.cz\/wp-content\/uploads\/2024\/12\/0F3A1197-1024x683.jpg 1024w, https:\/\/womenhouse.cz\/wp-content\/uploads\/2024\/12\/0F3A1197-300x200.jpg 300w, https:\/\/womenhouse.cz\/wp-content\/uploads\/2024\/12\/0F3A1197-768x512.jpg 768w, https:\/\/womenhouse.cz\/wp-content\/uploads\/2024\/12\/0F3A1197-1536x1024.jpg 1536w, https:\/\/womenhouse.cz\/wp-content\/uploads\/2024\/12\/0F3A1197-2048x1366.jpg 2048w\" sizes=\"(max-width: 1024px) 100vw, 1024px\" \/><\/figure>\n\n\n\n<figure class=\"wp-block-image size-large\"><img loading=\"lazy\" decoding=\"async\" width=\"1024\" height=\"683\" data-id=\"14607\" src=\"https:\/\/womenhouse.cz\/wp-content\/uploads\/2024\/12\/0F3A2539-1024x683.jpg\" alt=\"Sv\u011btozn\u00e1m\u00e9 pop-opern\u00ed trio Il Volo se pot\u0159et\u00ed vr\u00e1t\u00ed do Prahy!\" class=\"wp-image-14607\" srcset=\"https:\/\/womenhouse.cz\/wp-content\/uploads\/2024\/12\/0F3A2539-1024x683.jpg 1024w, https:\/\/womenhouse.cz\/wp-content\/uploads\/2024\/12\/0F3A2539-300x200.jpg 300w, https:\/\/womenhouse.cz\/wp-content\/uploads\/2024\/12\/0F3A2539-768x512.jpg 768w, https:\/\/womenhouse.cz\/wp-content\/uploads\/2024\/12\/0F3A2539-1536x1024.jpg 1536w, https:\/\/womenhouse.cz\/wp-content\/uploads\/2024\/12\/0F3A2539-2048x1366.jpg 2048w\" sizes=\"(max-width: 1024px) 100vw, 1024px\" \/><\/figure>\n\n\n\n<figure class=\"wp-block-image size-large\"><img loading=\"lazy\" decoding=\"async\" width=\"1024\" height=\"683\" data-id=\"14605\" src=\"https:\/\/womenhouse.cz\/wp-content\/uploads\/2024\/12\/0F3A9668-1024x683.jpg\" alt=\"Sv\u011btozn\u00e1m\u00e9 pop-opern\u00ed trio Il Volo se pot\u0159et\u00ed vr\u00e1t\u00ed do Prahy!\" class=\"wp-image-14605\" srcset=\"https:\/\/womenhouse.cz\/wp-content\/uploads\/2024\/12\/0F3A9668-1024x683.jpg 1024w, https:\/\/womenhouse.cz\/wp-content\/uploads\/2024\/12\/0F3A9668-300x200.jpg 300w, https:\/\/womenhouse.cz\/wp-content\/uploads\/2024\/12\/0F3A9668-768x512.jpg 768w, https:\/\/womenhouse.cz\/wp-content\/uploads\/2024\/12\/0F3A9668-1536x1024.jpg 1536w, https:\/\/womenhouse.cz\/wp-content\/uploads\/2024\/12\/0F3A9668-2048x1366.jpg 2048w\" sizes=\"(max-width: 1024px) 100vw, 1024px\" \/><\/figure>\n\n\n\n<figure class=\"wp-block-image size-large\"><img loading=\"lazy\" decoding=\"async\" width=\"1024\" height=\"683\" data-id=\"14608\" src=\"https:\/\/womenhouse.cz\/wp-content\/uploads\/2024\/12\/5C3A1979-1024x683.jpg\" alt=\"Sv\u011btozn\u00e1m\u00e9 pop-opern\u00ed trio Il Volo se pot\u0159et\u00ed vr\u00e1t\u00ed do Prahy!\" class=\"wp-image-14608\" srcset=\"https:\/\/womenhouse.cz\/wp-content\/uploads\/2024\/12\/5C3A1979-1024x683.jpg 1024w, https:\/\/womenhouse.cz\/wp-content\/uploads\/2024\/12\/5C3A1979-300x200.jpg 300w, https:\/\/womenhouse.cz\/wp-content\/uploads\/2024\/12\/5C3A1979-768x512.jpg 768w, https:\/\/womenhouse.cz\/wp-content\/uploads\/2024\/12\/5C3A1979-1536x1024.jpg 1536w, https:\/\/womenhouse.cz\/wp-content\/uploads\/2024\/12\/5C3A1979-2048x1366.jpg 2048w\" sizes=\"(max-width: 1024px) 100vw, 1024px\" \/><\/figure>\n\n\n\n<figure class=\"wp-block-image size-large\"><img loading=\"lazy\" decoding=\"async\" width=\"565\" height=\"318\" data-id=\"14603\" src=\"https:\/\/womenhouse.cz\/wp-content\/uploads\/2024\/12\/image004.jpg\" alt=\"Sv\u011btozn\u00e1m\u00e9 pop-opern\u00ed trio Il Volo se pot\u0159et\u00ed vr\u00e1t\u00ed do Prahy!\" class=\"wp-image-14603\" srcset=\"https:\/\/womenhouse.cz\/wp-content\/uploads\/2024\/12\/image004.jpg 565w, https:\/\/womenhouse.cz\/wp-content\/uploads\/2024\/12\/image004-300x169.jpg 300w\" sizes=\"(max-width: 565px) 100vw, 565px\" \/><\/figure>\n<\/figure>\n\n\n\n<div style=\"height:45px\" aria-hidden=\"true\" class=\"wp-block-spacer\"><\/div>\n\n\n\n<p><strong>Zdroj foto a video:<\/strong> Koncertpromo Praha<\/p>\n\n\n\n<div style=\"height:45px\" aria-hidden=\"true\" class=\"wp-block-spacer\"><\/div>\n","protected":false},"excerpt":{"rendered":"<p>Obl\u00edben\u00e9 italsk\u00e9 opern\u00ed pop trio Il Volo se pot\u0159et\u00ed vr\u00e1t\u00ed do \u010ceska. Trojice p\u011bvc\u016f tvo\u0159en\u00e1 Pierem Barone, Ignaziem Boschettem a Gianlucou Ginoblem p\u0159ijede do Prahy 13. listopadu 2025 a op\u011bt vystoup\u00ed v O2 aren\u011b. L\u00edstky na show jsou v prodeji v s\u00edt\u00edch Ticketportal a Ticketmaster. Il Volo za sebou maj\u00ed nabit\u00fd rok. Ned\u00e1vno skon\u010dilo jejich [&hellip;]<\/p>\n","protected":false},"author":9,"featured_media":14603,"comment_status":"closed","ping_status":"closed","sticky":false,"template":"","format":"standard","meta":{"_mi_skip_tracking":false,"_monsterinsights_sitenote_active":false,"_monsterinsights_sitenote_note":"","_monsterinsights_sitenote_category":0,"footnotes":""},"categories":[21,23,2],"tags":[],"yoast_head":"<!-- This site is optimized with the Yoast SEO plugin v21.5 - https:\/\/yoast.com\/wordpress\/plugins\/seo\/ -->\n<title>Sv\u011btozn\u00e1m\u00e9 pop-opern\u00ed trio Il Volo se pot\u0159et\u00ed vr\u00e1t\u00ed do Prahy! - WOMENHOUSE.cz<\/title>\n<meta name=\"description\" content=\"Obl\u00edben\u00e9 italsk\u00e9 opern\u00ed pop trio Il Volo se pot\u0159et\u00ed vr\u00e1t\u00ed do \u010ceska. Trojice p\u011bvc\u016f p\u0159ijede do Prahy 13. listopadu 2025.\" \/>\n<meta name=\"robots\" content=\"index, follow, max-snippet:-1, max-image-preview:large, max-video-preview:-1\" \/>\n<link rel=\"canonical\" href=\"https:\/\/womenhouse.cz\/index.php\/2025\/01\/03\/svetozname-pop-operni-trio-il-volo-se-potreti-vrati-do-prahy\/\" \/>\n<meta property=\"og:locale\" content=\"cs_CZ\" \/>\n<meta property=\"og:type\" content=\"article\" \/>\n<meta property=\"og:title\" content=\"Sv\u011btozn\u00e1m\u00e9 pop-opern\u00ed trio Il Volo se pot\u0159et\u00ed vr\u00e1t\u00ed do Prahy! - WOMENHOUSE.cz\" \/>\n<meta property=\"og:description\" content=\"Obl\u00edben\u00e9 italsk\u00e9 opern\u00ed pop trio Il Volo se pot\u0159et\u00ed vr\u00e1t\u00ed do \u010ceska. Trojice p\u011bvc\u016f p\u0159ijede do Prahy 13. listopadu 2025.\" \/>\n<meta property=\"og:url\" content=\"https:\/\/womenhouse.cz\/index.php\/2025\/01\/03\/svetozname-pop-operni-trio-il-volo-se-potreti-vrati-do-prahy\/\" \/>\n<meta property=\"og:site_name\" content=\"WOMENHOUSE.cz\" \/>\n<meta property=\"article:publisher\" content=\"https:\/\/www.facebook.com\/womenhousecz\" \/>\n<meta property=\"article:published_time\" content=\"2025-01-02T23:01:00+00:00\" \/>\n<meta property=\"article:modified_time\" content=\"2025-03-05T01:37:22+00:00\" \/>\n<meta property=\"og:image\" content=\"https:\/\/womenhouse.cz\/wp-content\/uploads\/2024\/12\/image004.jpg\" \/>\n\t<meta property=\"og:image:width\" content=\"565\" \/>\n\t<meta property=\"og:image:height\" content=\"318\" \/>\n\t<meta property=\"og:image:type\" content=\"image\/jpeg\" \/>\n<meta name=\"author\" content=\"Martina Pechov\u00e1\" \/>\n<meta name=\"twitter:card\" content=\"summary_large_image\" \/>\n<meta name=\"twitter:label1\" content=\"Napsal(a)\" \/>\n\t<meta name=\"twitter:data1\" content=\"Martina Pechov\u00e1\" \/>\n\t<meta name=\"twitter:label2\" content=\"Odhadovan\u00e1 doba \u010dten\u00ed\" \/>\n\t<meta name=\"twitter:data2\" content=\"3 minuty\" \/>\n<script type=\"application\/ld+json\" class=\"yoast-schema-graph\">{\"@context\":\"https:\/\/schema.org\",\"@graph\":[{\"@type\":\"Article\",\"@id\":\"https:\/\/womenhouse.cz\/index.php\/2025\/01\/03\/svetozname-pop-operni-trio-il-volo-se-potreti-vrati-do-prahy\/#article\",\"isPartOf\":{\"@id\":\"https:\/\/womenhouse.cz\/index.php\/2025\/01\/03\/svetozname-pop-operni-trio-il-volo-se-potreti-vrati-do-prahy\/\"},\"author\":{\"name\":\"Martina Pechov\u00e1\",\"@id\":\"https:\/\/womenhouse.cz\/#\/schema\/person\/09851c27907b92bbc8bcd7f3dfb2a802\"},\"headline\":\"Sv\u011btozn\u00e1m\u00e9 pop-opern\u00ed trio Il Volo se pot\u0159et\u00ed vr\u00e1t\u00ed do Prahy!\",\"datePublished\":\"2025-01-02T23:01:00+00:00\",\"dateModified\":\"2025-03-05T01:37:22+00:00\",\"mainEntityOfPage\":{\"@id\":\"https:\/\/womenhouse.cz\/index.php\/2025\/01\/03\/svetozname-pop-operni-trio-il-volo-se-potreti-vrati-do-prahy\/\"},\"wordCount\":272,\"publisher\":{\"@id\":\"https:\/\/womenhouse.cz\/#organization\"},\"articleSection\":[\"AKCE &amp; KULTURA\",\"CELEBRITY\",\"NEWS\"],\"inLanguage\":\"cs\"},{\"@type\":\"WebPage\",\"@id\":\"https:\/\/womenhouse.cz\/index.php\/2025\/01\/03\/svetozname-pop-operni-trio-il-volo-se-potreti-vrati-do-prahy\/\",\"url\":\"https:\/\/womenhouse.cz\/index.php\/2025\/01\/03\/svetozname-pop-operni-trio-il-volo-se-potreti-vrati-do-prahy\/\",\"name\":\"Sv\u011btozn\u00e1m\u00e9 pop-opern\u00ed trio Il Volo se pot\u0159et\u00ed vr\u00e1t\u00ed do Prahy! - WOMENHOUSE.cz\",\"isPartOf\":{\"@id\":\"https:\/\/womenhouse.cz\/#website\"},\"datePublished\":\"2025-01-02T23:01:00+00:00\",\"dateModified\":\"2025-03-05T01:37:22+00:00\",\"description\":\"Obl\u00edben\u00e9 italsk\u00e9 opern\u00ed pop trio Il Volo se pot\u0159et\u00ed vr\u00e1t\u00ed do \u010ceska. Trojice p\u011bvc\u016f p\u0159ijede do Prahy 13. listopadu 2025.\",\"breadcrumb\":{\"@id\":\"https:\/\/womenhouse.cz\/index.php\/2025\/01\/03\/svetozname-pop-operni-trio-il-volo-se-potreti-vrati-do-prahy\/#breadcrumb\"},\"inLanguage\":\"cs\",\"potentialAction\":[{\"@type\":\"ReadAction\",\"target\":[\"https:\/\/womenhouse.cz\/index.php\/2025\/01\/03\/svetozname-pop-operni-trio-il-volo-se-potreti-vrati-do-prahy\/\"]}]},{\"@type\":\"BreadcrumbList\",\"@id\":\"https:\/\/womenhouse.cz\/index.php\/2025\/01\/03\/svetozname-pop-operni-trio-il-volo-se-potreti-vrati-do-prahy\/#breadcrumb\",\"itemListElement\":[{\"@type\":\"ListItem\",\"position\":1,\"name\":\"Dom\u016f\",\"item\":\"https:\/\/womenhouse.cz\/\"},{\"@type\":\"ListItem\",\"position\":2,\"name\":\"Sv\u011btozn\u00e1m\u00e9 pop-opern\u00ed trio Il Volo se pot\u0159et\u00ed vr\u00e1t\u00ed do Prahy!\"}]},{\"@type\":\"WebSite\",\"@id\":\"https:\/\/womenhouse.cz\/#website\",\"url\":\"https:\/\/womenhouse.cz\/\",\"name\":\"WOMENHOUSE.cz\",\"description\":\"Port\u00e1l v\u00fdhradn\u011b jen pro \u017eeny...\",\"publisher\":{\"@id\":\"https:\/\/womenhouse.cz\/#organization\"},\"potentialAction\":[{\"@type\":\"SearchAction\",\"target\":{\"@type\":\"EntryPoint\",\"urlTemplate\":\"https:\/\/womenhouse.cz\/?s={search_term_string}\"},\"query-input\":\"required name=search_term_string\"}],\"inLanguage\":\"cs\"},{\"@type\":\"Organization\",\"@id\":\"https:\/\/womenhouse.cz\/#organization\",\"name\":\"WOMENHOUSE.cz\",\"url\":\"https:\/\/womenhouse.cz\/\",\"logo\":{\"@type\":\"ImageObject\",\"inLanguage\":\"cs\",\"@id\":\"https:\/\/womenhouse.cz\/#\/schema\/logo\/image\/\",\"url\":\"https:\/\/womenhouse.cz\/wp-content\/uploads\/2020\/06\/cropped-logo_Womenhouse_RGB-02-removebg-preview-1.png\",\"contentUrl\":\"https:\/\/womenhouse.cz\/wp-content\/uploads\/2020\/06\/cropped-logo_Womenhouse_RGB-02-removebg-preview-1.png\",\"width\":561,\"height\":375,\"caption\":\"WOMENHOUSE.cz\"},\"image\":{\"@id\":\"https:\/\/womenhouse.cz\/#\/schema\/logo\/image\/\"},\"sameAs\":[\"https:\/\/www.facebook.com\/womenhousecz\",\"https:\/\/www.instagram.com\/womenhousecz\/\"]},{\"@type\":\"Person\",\"@id\":\"https:\/\/womenhouse.cz\/#\/schema\/person\/09851c27907b92bbc8bcd7f3dfb2a802\",\"name\":\"Martina Pechov\u00e1\",\"sameAs\":[\"http:\/\/WOMENHOUSE.cz\"],\"url\":\"https:\/\/womenhouse.cz\/index.php\/author\/marpech\/\"}]}<\/script>\n<!-- \/ Yoast SEO plugin. -->","yoast_head_json":{"title":"Sv\u011btozn\u00e1m\u00e9 pop-opern\u00ed trio Il Volo se pot\u0159et\u00ed vr\u00e1t\u00ed do Prahy! - WOMENHOUSE.cz","description":"Obl\u00edben\u00e9 italsk\u00e9 opern\u00ed pop trio Il Volo se pot\u0159et\u00ed vr\u00e1t\u00ed do \u010ceska. Trojice p\u011bvc\u016f p\u0159ijede do Prahy 13. listopadu 2025.","robots":{"index":"index","follow":"follow","max-snippet":"max-snippet:-1","max-image-preview":"max-image-preview:large","max-video-preview":"max-video-preview:-1"},"canonical":"https:\/\/womenhouse.cz\/index.php\/2025\/01\/03\/svetozname-pop-operni-trio-il-volo-se-potreti-vrati-do-prahy\/","og_locale":"cs_CZ","og_type":"article","og_title":"Sv\u011btozn\u00e1m\u00e9 pop-opern\u00ed trio Il Volo se pot\u0159et\u00ed vr\u00e1t\u00ed do Prahy! - WOMENHOUSE.cz","og_description":"Obl\u00edben\u00e9 italsk\u00e9 opern\u00ed pop trio Il Volo se pot\u0159et\u00ed vr\u00e1t\u00ed do \u010ceska. Trojice p\u011bvc\u016f p\u0159ijede do Prahy 13. listopadu 2025.","og_url":"https:\/\/womenhouse.cz\/index.php\/2025\/01\/03\/svetozname-pop-operni-trio-il-volo-se-potreti-vrati-do-prahy\/","og_site_name":"WOMENHOUSE.cz","article_publisher":"https:\/\/www.facebook.com\/womenhousecz","article_published_time":"2025-01-02T23:01:00+00:00","article_modified_time":"2025-03-05T01:37:22+00:00","og_image":[{"width":565,"height":318,"url":"https:\/\/womenhouse.cz\/wp-content\/uploads\/2024\/12\/image004.jpg","type":"image\/jpeg"}],"author":"Martina Pechov\u00e1","twitter_card":"summary_large_image","twitter_misc":{"Napsal(a)":"Martina Pechov\u00e1","Odhadovan\u00e1 doba \u010dten\u00ed":"3 minuty"},"schema":{"@context":"https:\/\/schema.org","@graph":[{"@type":"Article","@id":"https:\/\/womenhouse.cz\/index.php\/2025\/01\/03\/svetozname-pop-operni-trio-il-volo-se-potreti-vrati-do-prahy\/#article","isPartOf":{"@id":"https:\/\/womenhouse.cz\/index.php\/2025\/01\/03\/svetozname-pop-operni-trio-il-volo-se-potreti-vrati-do-prahy\/"},"author":{"name":"Martina Pechov\u00e1","@id":"https:\/\/womenhouse.cz\/#\/schema\/person\/09851c27907b92bbc8bcd7f3dfb2a802"},"headline":"Sv\u011btozn\u00e1m\u00e9 pop-opern\u00ed trio Il Volo se pot\u0159et\u00ed vr\u00e1t\u00ed do Prahy!","datePublished":"2025-01-02T23:01:00+00:00","dateModified":"2025-03-05T01:37:22+00:00","mainEntityOfPage":{"@id":"https:\/\/womenhouse.cz\/index.php\/2025\/01\/03\/svetozname-pop-operni-trio-il-volo-se-potreti-vrati-do-prahy\/"},"wordCount":272,"publisher":{"@id":"https:\/\/womenhouse.cz\/#organization"},"articleSection":["AKCE &amp; KULTURA","CELEBRITY","NEWS"],"inLanguage":"cs"},{"@type":"WebPage","@id":"https:\/\/womenhouse.cz\/index.php\/2025\/01\/03\/svetozname-pop-operni-trio-il-volo-se-potreti-vrati-do-prahy\/","url":"https:\/\/womenhouse.cz\/index.php\/2025\/01\/03\/svetozname-pop-operni-trio-il-volo-se-potreti-vrati-do-prahy\/","name":"Sv\u011btozn\u00e1m\u00e9 pop-opern\u00ed trio Il Volo se pot\u0159et\u00ed vr\u00e1t\u00ed do Prahy! - WOMENHOUSE.cz","isPartOf":{"@id":"https:\/\/womenhouse.cz\/#website"},"datePublished":"2025-01-02T23:01:00+00:00","dateModified":"2025-03-05T01:37:22+00:00","description":"Obl\u00edben\u00e9 italsk\u00e9 opern\u00ed pop trio Il Volo se pot\u0159et\u00ed vr\u00e1t\u00ed do \u010ceska. Trojice p\u011bvc\u016f p\u0159ijede do Prahy 13. listopadu 2025.","breadcrumb":{"@id":"https:\/\/womenhouse.cz\/index.php\/2025\/01\/03\/svetozname-pop-operni-trio-il-volo-se-potreti-vrati-do-prahy\/#breadcrumb"},"inLanguage":"cs","potentialAction":[{"@type":"ReadAction","target":["https:\/\/womenhouse.cz\/index.php\/2025\/01\/03\/svetozname-pop-operni-trio-il-volo-se-potreti-vrati-do-prahy\/"]}]},{"@type":"BreadcrumbList","@id":"https:\/\/womenhouse.cz\/index.php\/2025\/01\/03\/svetozname-pop-operni-trio-il-volo-se-potreti-vrati-do-prahy\/#breadcrumb","itemListElement":[{"@type":"ListItem","position":1,"name":"Dom\u016f","item":"https:\/\/womenhouse.cz\/"},{"@type":"ListItem","position":2,"name":"Sv\u011btozn\u00e1m\u00e9 pop-opern\u00ed trio Il Volo se pot\u0159et\u00ed vr\u00e1t\u00ed do Prahy!"}]},{"@type":"WebSite","@id":"https:\/\/womenhouse.cz\/#website","url":"https:\/\/womenhouse.cz\/","name":"WOMENHOUSE.cz","description":"Port\u00e1l v\u00fdhradn\u011b jen pro \u017eeny...","publisher":{"@id":"https:\/\/womenhouse.cz\/#organization"},"potentialAction":[{"@type":"SearchAction","target":{"@type":"EntryPoint","urlTemplate":"https:\/\/womenhouse.cz\/?s={search_term_string}"},"query-input":"required name=search_term_string"}],"inLanguage":"cs"},{"@type":"Organization","@id":"https:\/\/womenhouse.cz\/#organization","name":"WOMENHOUSE.cz","url":"https:\/\/womenhouse.cz\/","logo":{"@type":"ImageObject","inLanguage":"cs","@id":"https:\/\/womenhouse.cz\/#\/schema\/logo\/image\/","url":"https:\/\/womenhouse.cz\/wp-content\/uploads\/2020\/06\/cropped-logo_Womenhouse_RGB-02-removebg-preview-1.png","contentUrl":"https:\/\/womenhouse.cz\/wp-content\/uploads\/2020\/06\/cropped-logo_Womenhouse_RGB-02-removebg-preview-1.png","width":561,"height":375,"caption":"WOMENHOUSE.cz"},"image":{"@id":"https:\/\/womenhouse.cz\/#\/schema\/logo\/image\/"},"sameAs":["https:\/\/www.facebook.com\/womenhousecz","https:\/\/www.instagram.com\/womenhousecz\/"]},{"@type":"Person","@id":"https:\/\/womenhouse.cz\/#\/schema\/person\/09851c27907b92bbc8bcd7f3dfb2a802","name":"Martina Pechov\u00e1","sameAs":["http:\/\/WOMENHOUSE.cz"],"url":"https:\/\/womenhouse.cz\/index.php\/author\/marpech\/"}]}},"_links":{"self":[{"href":"https:\/\/womenhouse.cz\/index.php\/wp-json\/wp\/v2\/posts\/14601"}],"collection":[{"href":"https:\/\/womenhouse.cz\/index.php\/wp-json\/wp\/v2\/posts"}],"about":[{"href":"https:\/\/womenhouse.cz\/index.php\/wp-json\/wp\/v2\/types\/post"}],"author":[{"embeddable":true,"href":"https:\/\/womenhouse.cz\/index.php\/wp-json\/wp\/v2\/users\/9"}],"replies":[{"embeddable":true,"href":"https:\/\/womenhouse.cz\/index.php\/wp-json\/wp\/v2\/comments?post=14601"}],"version-history":[{"count":-3,"href":"https:\/\/womenhouse.cz\/index.php\/wp-json\/wp\/v2\/posts\/14601\/revisions"}],"wp:featuredmedia":[{"embeddable":true,"href":"https:\/\/womenhouse.cz\/index.php\/wp-json\/wp\/v2\/media\/14603"}],"wp:attachment":[{"href":"https:\/\/womenhouse.cz\/index.php\/wp-json\/wp\/v2\/media?parent=14601"}],"wp:term":[{"taxonomy":"category","embeddable":true,"href":"https:\/\/womenhouse.cz\/index.php\/wp-json\/wp\/v2\/categories?post=14601"},{"taxonomy":"post_tag","embeddable":true,"href":"https:\/\/womenhouse.cz\/index.php\/wp-json\/wp\/v2\/tags?post=14601"}],"curies":[{"name":"wp","href":"https:\/\/api.w.org\/{rel}","templated":true}]}}