{"id":14509,"date":"2024-12-04T00:01:00","date_gmt":"2024-12-03T23:01:00","guid":{"rendered":"https:\/\/womenhouse.cz\/?p=14509"},"modified":"2025-01-16T02:45:41","modified_gmt":"2025-01-16T01:45:41","slug":"vanocni-koncert-jaroslava-sveceneho-v-palaci-zofin","status":"publish","type":"post","link":"https:\/\/womenhouse.cz\/index.php\/2024\/12\/04\/vanocni-koncert-jaroslava-sveceneho-v-palaci-zofin\/","title":{"rendered":"V\u00e1no\u010dn\u00ed koncert Jaroslava Sv\u011bcen\u00e9ho v Pal\u00e1ci \u017dof\u00edn"},"content":{"rendered":"\n<div style=\"height:45px\" aria-hidden=\"true\" class=\"wp-block-spacer\"><\/div>\n\n\n\n<p><strong>Druh\u00fd ze s\u00e9rie benefi\u010dn\u00edch koncert\u016f houslov\u00e9ho virtuosa Jaroslava Sv\u011bcen\u00e9ho s hosty prob\u011bhne ve v\u00e1no\u010dn\u00ed atmosf\u00e9\u0159e Pal\u00e1ce \u017dof\u00edn v Praze 18. prosince od 19:30. Srdce vol\u00ed empatii je hlavn\u00edm mottem t\u00e9to akce, kterou na podporu onkologick\u00fdm pacient\u016fm po\u0159\u00e1d\u00e1 Michal Postr\u00e1neck\u00fd s Nada\u010dn\u00edm fondem Vize 2050+. Zazn\u00ed skladby Antonia Vivaldiho, Johanna Sebastiana Bacha i v\u00e1\u0161niv\u00e9 Tango Nuevo. Stejn\u011b jako na prvn\u00edm koncertu vystoup\u00ed s Jaroslavem Sv\u011bcen\u00fdm n\u011bkolik v\u00fdznamn\u00fdch host\u016f.<\/strong><\/p>\n\n\n\n<div style=\"height:45px\" aria-hidden=\"true\" class=\"wp-block-spacer\"><\/div>\n\n\n<div class=\"wp-block-image\">\n<figure class=\"aligncenter size-large\"><img decoding=\"async\" src=\"https:\/\/celebrityhouse.cz\/wp-content\/uploads\/2024\/12\/koncert-Zofin-19.11.-a-tanecni-skupina-Chilles_2-kopie-1024x683.jpg\" alt=\"V\u00e1no\u010dn\u00ed koncert Jaroslava Sv\u011bcen\u00e9ho v Pal\u00e1ci \u017dof\u00edn pom\u016f\u017ee pacient\u016fm s onkologick\u00fdm onemocn\u011bn\u00edm\" class=\"wp-image-10241\"\/><\/figure><\/div>\n\n\n<div style=\"height:45px\" aria-hidden=\"true\" class=\"wp-block-spacer\"><\/div>\n\n\n\n<p>\u201e<em>Je mi velkou ct\u00ed, \u017ee mohu u\u017e podruh\u00e9 spolu se sv\u00fdmi kolegyn\u011bmi a kolegy podpo\u0159it tento smyslupln\u00fd projekt. Tentokr\u00e1t se mnou ve sv\u00e1te\u010dn\u011b lad\u011bn\u00e9m Pal\u00e1ci \u017dof\u00edn vystoup\u00ed komorn\u00ed orchestr Virtuosi Pragenses, sopranistka Varine Mkrtchyan, houslista Martin Kos \u010di teprve dvan\u00e1ctilet\u00fd akordeonista Jaroslav Pokuta, laure\u00e1t \u0159ady mezin\u00e1rodn\u00edch i tuzemsk\u00fdch sout\u011b\u017e\u00ed,\u201d<\/em> <strong>\u0159\u00edk\u00e1 Jaroslav Sv\u011bcen\u00fd, hlavn\u00ed dramaturg i vystupuj\u00edc\u00ed koncertu. <\/strong><\/p>\n\n\n\n<p>V\u00e1no\u010dn\u00ed poesi\u00ed a moder\u00e1torsk\u00fdm slovem provede here\u010dka Dejvick\u00e9ho divadla Zde\u0148ka \u017d\u00e1dn\u00edkov\u00e1.<\/p>\n\n\n\n<div style=\"height:45px\" aria-hidden=\"true\" class=\"wp-block-spacer\"><\/div>\n\n\n<div class=\"wp-block-image\">\n<figure class=\"aligncenter size-large\"><img decoding=\"async\" src=\"https:\/\/celebrityhouse.cz\/wp-content\/uploads\/2024\/12\/komorni-orchestr-Virtuosi-Pragensis-kopie-1024x684.jpg\" alt=\"V\u00e1no\u010dn\u00ed koncert Jaroslava Sv\u011bcen\u00e9ho v Pal\u00e1ci \u017dof\u00edn pom\u016f\u017ee pacient\u016fm s onkologick\u00fdm onemocn\u011bn\u00edm\" class=\"wp-image-10242\"\/><\/figure><\/div>\n\n\n<div style=\"height:45px\" aria-hidden=\"true\" class=\"wp-block-spacer\"><\/div>\n\n\n\n<p>Vstupenky jsou k dispozici na <strong><a href=\"http:\/\/smsticket.cz\/?fbclid=IwZXh0bgNhZW0CMTAAAR1DKIEuMD1sFy_yAfJJYNc3-o0-jXohkINmbl4m0Ryy00V0LsmXRsBtrDY_aem_1ylUZDAk4zrAQXXRsV6kIw\">smsticket.cz<\/a><\/strong>.<\/p>\n\n\n\n<div style=\"height:45px\" aria-hidden=\"true\" class=\"wp-block-spacer\"><\/div>\n\n\n\n<figure class=\"wp-block-gallery has-nested-images columns-2 is-cropped wp-block-gallery-1 is-layout-flex wp-block-gallery-is-layout-flex\">\n<figure class=\"wp-block-image size-large\"><img decoding=\"async\" data-id=\"10242\" src=\"https:\/\/celebrityhouse.cz\/wp-content\/uploads\/2024\/12\/komorni-orchestr-Virtuosi-Pragensis-kopie-1024x684.jpg\" alt=\"V\u00e1no\u010dn\u00ed koncert Jaroslava Sv\u011bcen\u00e9ho v Pal\u00e1ci \u017dof\u00edn pom\u016f\u017ee pacient\u016fm s onkologick\u00fdm onemocn\u011bn\u00edm\" class=\"wp-image-10242\"\/><\/figure>\n\n\n\n<figure class=\"wp-block-image size-large\"><img decoding=\"async\" data-id=\"10243\" src=\"https:\/\/celebrityhouse.cz\/wp-content\/uploads\/2024\/12\/koncert-Zofin-19.11.-kopie-1024x683.jpg\" alt=\"V\u00e1no\u010dn\u00ed koncert Jaroslava Sv\u011bcen\u00e9ho v Pal\u00e1ci \u017dof\u00edn pom\u016f\u017ee pacient\u016fm s onkologick\u00fdm onemocn\u011bn\u00edm\" class=\"wp-image-10243\"\/><\/figure>\n\n\n\n<figure class=\"wp-block-image size-large\"><img decoding=\"async\" data-id=\"10239\" src=\"https:\/\/celebrityhouse.cz\/wp-content\/uploads\/2024\/12\/akordeonista-Jaroslav-Pokuta-683x1024.jpg\" alt=\"V\u00e1no\u010dn\u00ed koncert Jaroslava Sv\u011bcen\u00e9ho v Pal\u00e1ci \u017dof\u00edn pom\u016f\u017ee pacient\u016fm s onkologick\u00fdm onemocn\u011bn\u00edm\" class=\"wp-image-10239\"\/><\/figure>\n\n\n\n<figure class=\"wp-block-image size-large\"><img decoding=\"async\" data-id=\"10240\" src=\"https:\/\/celebrityhouse.cz\/wp-content\/uploads\/2024\/12\/315-0a8f52f3c3c94892b4d9bc683e6d4af0-724x1024.jpg\" alt=\"V\u00e1no\u010dn\u00ed koncert Jaroslava Sv\u011bcen\u00e9ho v Pal\u00e1ci \u017dof\u00edn pom\u016f\u017ee pacient\u016fm s onkologick\u00fdm onemocn\u011bn\u00edm\" class=\"wp-image-10240\"\/><\/figure>\n\n\n\n<figure class=\"wp-block-image size-large\"><img decoding=\"async\" data-id=\"10241\" src=\"https:\/\/celebrityhouse.cz\/wp-content\/uploads\/2024\/12\/koncert-Zofin-19.11.-a-tanecni-skupina-Chilles_2-kopie-1024x683.jpg\" alt=\"V\u00e1no\u010dn\u00ed koncert Jaroslava Sv\u011bcen\u00e9ho v Pal\u00e1ci \u017dof\u00edn pom\u016f\u017ee pacient\u016fm s onkologick\u00fdm onemocn\u011bn\u00edm\" class=\"wp-image-10241\"\/><\/figure>\n<\/figure>\n\n\n\n<div style=\"height:45px\" aria-hidden=\"true\" class=\"wp-block-spacer\"><\/div>\n\n\n\n<p><strong>Zdroj foto:<\/strong> Pal\u00e1c \u017dof\u00edn Praha<\/p>\n\n\n\n<div style=\"height:45px\" aria-hidden=\"true\" class=\"wp-block-spacer\"><\/div>\n","protected":false},"excerpt":{"rendered":"<p>Druh\u00fd ze s\u00e9rie benefi\u010dn\u00edch koncert\u016f houslov\u00e9ho virtuosa Jaroslava Sv\u011bcen\u00e9ho s hosty prob\u011bhne ve v\u00e1no\u010dn\u00ed atmosf\u00e9\u0159e Pal\u00e1ce \u017dof\u00edn v Praze 18. prosince od 19:30. Srdce vol\u00ed empatii je hlavn\u00edm mottem t\u00e9to akce, kterou na podporu onkologick\u00fdm pacient\u016fm po\u0159\u00e1d\u00e1 Michal Postr\u00e1neck\u00fd s Nada\u010dn\u00edm fondem Vize 2050+. Zazn\u00ed skladby Antonia Vivaldiho, Johanna Sebastiana Bacha i v\u00e1\u0161niv\u00e9 Tango Nuevo. [&hellip;]<\/p>\n","protected":false},"author":9,"featured_media":14515,"comment_status":"closed","ping_status":"closed","sticky":false,"template":"","format":"standard","meta":{"_mi_skip_tracking":false,"_monsterinsights_sitenote_active":false,"_monsterinsights_sitenote_note":"","_monsterinsights_sitenote_category":0,"footnotes":""},"categories":[21,23,2],"tags":[],"yoast_head":"<!-- This site is optimized with the Yoast SEO plugin v21.5 - https:\/\/yoast.com\/wordpress\/plugins\/seo\/ -->\n<title>V\u00e1no\u010dn\u00ed koncert Jaroslava Sv\u011bcen\u00e9ho v Pal\u00e1ci \u017dof\u00edn - WOMENHOUSE.cz<\/title>\n<meta name=\"description\" content=\"Druh\u00fd ze s\u00e9rie benefi\u010dn\u00edch koncert\u016f houslov\u00e9ho virtuosa Jaroslava Sv\u011bcen\u00e9ho s hosty prob\u011bhne ve v\u00e1no\u010dn\u00ed atmosf\u00e9\u0159e Pal\u00e1ce \u017dof\u00edn v Praze.\" \/>\n<meta name=\"robots\" content=\"index, follow, max-snippet:-1, max-image-preview:large, max-video-preview:-1\" \/>\n<link rel=\"canonical\" href=\"https:\/\/womenhouse.cz\/index.php\/2024\/12\/04\/vanocni-koncert-jaroslava-sveceneho-v-palaci-zofin\/\" \/>\n<meta property=\"og:locale\" content=\"cs_CZ\" \/>\n<meta property=\"og:type\" content=\"article\" \/>\n<meta property=\"og:title\" content=\"V\u00e1no\u010dn\u00ed koncert Jaroslava Sv\u011bcen\u00e9ho v Pal\u00e1ci \u017dof\u00edn - WOMENHOUSE.cz\" \/>\n<meta property=\"og:description\" content=\"Druh\u00fd ze s\u00e9rie benefi\u010dn\u00edch koncert\u016f houslov\u00e9ho virtuosa Jaroslava Sv\u011bcen\u00e9ho s hosty prob\u011bhne ve v\u00e1no\u010dn\u00ed atmosf\u00e9\u0159e Pal\u00e1ce \u017dof\u00edn v Praze.\" \/>\n<meta property=\"og:url\" content=\"https:\/\/womenhouse.cz\/index.php\/2024\/12\/04\/vanocni-koncert-jaroslava-sveceneho-v-palaci-zofin\/\" \/>\n<meta property=\"og:site_name\" content=\"WOMENHOUSE.cz\" \/>\n<meta property=\"article:publisher\" content=\"https:\/\/www.facebook.com\/womenhousecz\" \/>\n<meta property=\"article:published_time\" content=\"2024-12-03T23:01:00+00:00\" \/>\n<meta property=\"article:modified_time\" content=\"2025-01-16T01:45:41+00:00\" \/>\n<meta property=\"og:image\" content=\"https:\/\/womenhouse.cz\/wp-content\/uploads\/2024\/12\/koncert-Zofin-19.11.-a-tanecni-skupina-Chilles_2-kopie.jpg\" \/>\n\t<meta property=\"og:image:width\" content=\"1800\" \/>\n\t<meta property=\"og:image:height\" content=\"1200\" \/>\n\t<meta property=\"og:image:type\" content=\"image\/jpeg\" \/>\n<meta name=\"author\" content=\"Martina Pechov\u00e1\" \/>\n<meta name=\"twitter:card\" content=\"summary_large_image\" \/>\n<meta name=\"twitter:label1\" content=\"Napsal(a)\" \/>\n\t<meta name=\"twitter:data1\" content=\"Martina Pechov\u00e1\" \/>\n\t<meta name=\"twitter:label2\" content=\"Odhadovan\u00e1 doba \u010dten\u00ed\" \/>\n\t<meta name=\"twitter:data2\" content=\"3 minuty\" \/>\n<script type=\"application\/ld+json\" class=\"yoast-schema-graph\">{\"@context\":\"https:\/\/schema.org\",\"@graph\":[{\"@type\":\"Article\",\"@id\":\"https:\/\/womenhouse.cz\/index.php\/2024\/12\/04\/vanocni-koncert-jaroslava-sveceneho-v-palaci-zofin\/#article\",\"isPartOf\":{\"@id\":\"https:\/\/womenhouse.cz\/index.php\/2024\/12\/04\/vanocni-koncert-jaroslava-sveceneho-v-palaci-zofin\/\"},\"author\":{\"name\":\"Martina Pechov\u00e1\",\"@id\":\"https:\/\/womenhouse.cz\/#\/schema\/person\/09851c27907b92bbc8bcd7f3dfb2a802\"},\"headline\":\"V\u00e1no\u010dn\u00ed koncert Jaroslava Sv\u011bcen\u00e9ho v Pal\u00e1ci \u017dof\u00edn\",\"datePublished\":\"2024-12-03T23:01:00+00:00\",\"dateModified\":\"2025-01-16T01:45:41+00:00\",\"mainEntityOfPage\":{\"@id\":\"https:\/\/womenhouse.cz\/index.php\/2024\/12\/04\/vanocni-koncert-jaroslava-sveceneho-v-palaci-zofin\/\"},\"wordCount\":211,\"publisher\":{\"@id\":\"https:\/\/womenhouse.cz\/#organization\"},\"articleSection\":[\"AKCE &amp; KULTURA\",\"CELEBRITY\",\"NEWS\"],\"inLanguage\":\"cs\"},{\"@type\":\"WebPage\",\"@id\":\"https:\/\/womenhouse.cz\/index.php\/2024\/12\/04\/vanocni-koncert-jaroslava-sveceneho-v-palaci-zofin\/\",\"url\":\"https:\/\/womenhouse.cz\/index.php\/2024\/12\/04\/vanocni-koncert-jaroslava-sveceneho-v-palaci-zofin\/\",\"name\":\"V\u00e1no\u010dn\u00ed koncert Jaroslava Sv\u011bcen\u00e9ho v Pal\u00e1ci \u017dof\u00edn - WOMENHOUSE.cz\",\"isPartOf\":{\"@id\":\"https:\/\/womenhouse.cz\/#website\"},\"datePublished\":\"2024-12-03T23:01:00+00:00\",\"dateModified\":\"2025-01-16T01:45:41+00:00\",\"description\":\"Druh\u00fd ze s\u00e9rie benefi\u010dn\u00edch koncert\u016f houslov\u00e9ho virtuosa Jaroslava Sv\u011bcen\u00e9ho s hosty prob\u011bhne ve v\u00e1no\u010dn\u00ed atmosf\u00e9\u0159e Pal\u00e1ce \u017dof\u00edn v Praze.\",\"breadcrumb\":{\"@id\":\"https:\/\/womenhouse.cz\/index.php\/2024\/12\/04\/vanocni-koncert-jaroslava-sveceneho-v-palaci-zofin\/#breadcrumb\"},\"inLanguage\":\"cs\",\"potentialAction\":[{\"@type\":\"ReadAction\",\"target\":[\"https:\/\/womenhouse.cz\/index.php\/2024\/12\/04\/vanocni-koncert-jaroslava-sveceneho-v-palaci-zofin\/\"]}]},{\"@type\":\"BreadcrumbList\",\"@id\":\"https:\/\/womenhouse.cz\/index.php\/2024\/12\/04\/vanocni-koncert-jaroslava-sveceneho-v-palaci-zofin\/#breadcrumb\",\"itemListElement\":[{\"@type\":\"ListItem\",\"position\":1,\"name\":\"Dom\u016f\",\"item\":\"https:\/\/womenhouse.cz\/\"},{\"@type\":\"ListItem\",\"position\":2,\"name\":\"V\u00e1no\u010dn\u00ed koncert Jaroslava Sv\u011bcen\u00e9ho v Pal\u00e1ci \u017dof\u00edn\"}]},{\"@type\":\"WebSite\",\"@id\":\"https:\/\/womenhouse.cz\/#website\",\"url\":\"https:\/\/womenhouse.cz\/\",\"name\":\"WOMENHOUSE.cz\",\"description\":\"Port\u00e1l v\u00fdhradn\u011b jen pro \u017eeny...\",\"publisher\":{\"@id\":\"https:\/\/womenhouse.cz\/#organization\"},\"potentialAction\":[{\"@type\":\"SearchAction\",\"target\":{\"@type\":\"EntryPoint\",\"urlTemplate\":\"https:\/\/womenhouse.cz\/?s={search_term_string}\"},\"query-input\":\"required name=search_term_string\"}],\"inLanguage\":\"cs\"},{\"@type\":\"Organization\",\"@id\":\"https:\/\/womenhouse.cz\/#organization\",\"name\":\"WOMENHOUSE.cz\",\"url\":\"https:\/\/womenhouse.cz\/\",\"logo\":{\"@type\":\"ImageObject\",\"inLanguage\":\"cs\",\"@id\":\"https:\/\/womenhouse.cz\/#\/schema\/logo\/image\/\",\"url\":\"https:\/\/womenhouse.cz\/wp-content\/uploads\/2020\/06\/cropped-logo_Womenhouse_RGB-02-removebg-preview-1.png\",\"contentUrl\":\"https:\/\/womenhouse.cz\/wp-content\/uploads\/2020\/06\/cropped-logo_Womenhouse_RGB-02-removebg-preview-1.png\",\"width\":561,\"height\":375,\"caption\":\"WOMENHOUSE.cz\"},\"image\":{\"@id\":\"https:\/\/womenhouse.cz\/#\/schema\/logo\/image\/\"},\"sameAs\":[\"https:\/\/www.facebook.com\/womenhousecz\",\"https:\/\/www.instagram.com\/womenhousecz\/\"]},{\"@type\":\"Person\",\"@id\":\"https:\/\/womenhouse.cz\/#\/schema\/person\/09851c27907b92bbc8bcd7f3dfb2a802\",\"name\":\"Martina Pechov\u00e1\",\"sameAs\":[\"http:\/\/WOMENHOUSE.cz\"],\"url\":\"https:\/\/womenhouse.cz\/index.php\/author\/marpech\/\"}]}<\/script>\n<!-- \/ Yoast SEO plugin. -->","yoast_head_json":{"title":"V\u00e1no\u010dn\u00ed koncert Jaroslava Sv\u011bcen\u00e9ho v Pal\u00e1ci \u017dof\u00edn - WOMENHOUSE.cz","description":"Druh\u00fd ze s\u00e9rie benefi\u010dn\u00edch koncert\u016f houslov\u00e9ho virtuosa Jaroslava Sv\u011bcen\u00e9ho s hosty prob\u011bhne ve v\u00e1no\u010dn\u00ed atmosf\u00e9\u0159e Pal\u00e1ce \u017dof\u00edn v Praze.","robots":{"index":"index","follow":"follow","max-snippet":"max-snippet:-1","max-image-preview":"max-image-preview:large","max-video-preview":"max-video-preview:-1"},"canonical":"https:\/\/womenhouse.cz\/index.php\/2024\/12\/04\/vanocni-koncert-jaroslava-sveceneho-v-palaci-zofin\/","og_locale":"cs_CZ","og_type":"article","og_title":"V\u00e1no\u010dn\u00ed koncert Jaroslava Sv\u011bcen\u00e9ho v Pal\u00e1ci \u017dof\u00edn - WOMENHOUSE.cz","og_description":"Druh\u00fd ze s\u00e9rie benefi\u010dn\u00edch koncert\u016f houslov\u00e9ho virtuosa Jaroslava Sv\u011bcen\u00e9ho s hosty prob\u011bhne ve v\u00e1no\u010dn\u00ed atmosf\u00e9\u0159e Pal\u00e1ce \u017dof\u00edn v Praze.","og_url":"https:\/\/womenhouse.cz\/index.php\/2024\/12\/04\/vanocni-koncert-jaroslava-sveceneho-v-palaci-zofin\/","og_site_name":"WOMENHOUSE.cz","article_publisher":"https:\/\/www.facebook.com\/womenhousecz","article_published_time":"2024-12-03T23:01:00+00:00","article_modified_time":"2025-01-16T01:45:41+00:00","og_image":[{"width":1800,"height":1200,"url":"https:\/\/womenhouse.cz\/wp-content\/uploads\/2024\/12\/koncert-Zofin-19.11.-a-tanecni-skupina-Chilles_2-kopie.jpg","type":"image\/jpeg"}],"author":"Martina Pechov\u00e1","twitter_card":"summary_large_image","twitter_misc":{"Napsal(a)":"Martina Pechov\u00e1","Odhadovan\u00e1 doba \u010dten\u00ed":"3 minuty"},"schema":{"@context":"https:\/\/schema.org","@graph":[{"@type":"Article","@id":"https:\/\/womenhouse.cz\/index.php\/2024\/12\/04\/vanocni-koncert-jaroslava-sveceneho-v-palaci-zofin\/#article","isPartOf":{"@id":"https:\/\/womenhouse.cz\/index.php\/2024\/12\/04\/vanocni-koncert-jaroslava-sveceneho-v-palaci-zofin\/"},"author":{"name":"Martina Pechov\u00e1","@id":"https:\/\/womenhouse.cz\/#\/schema\/person\/09851c27907b92bbc8bcd7f3dfb2a802"},"headline":"V\u00e1no\u010dn\u00ed koncert Jaroslava Sv\u011bcen\u00e9ho v Pal\u00e1ci \u017dof\u00edn","datePublished":"2024-12-03T23:01:00+00:00","dateModified":"2025-01-16T01:45:41+00:00","mainEntityOfPage":{"@id":"https:\/\/womenhouse.cz\/index.php\/2024\/12\/04\/vanocni-koncert-jaroslava-sveceneho-v-palaci-zofin\/"},"wordCount":211,"publisher":{"@id":"https:\/\/womenhouse.cz\/#organization"},"articleSection":["AKCE &amp; KULTURA","CELEBRITY","NEWS"],"inLanguage":"cs"},{"@type":"WebPage","@id":"https:\/\/womenhouse.cz\/index.php\/2024\/12\/04\/vanocni-koncert-jaroslava-sveceneho-v-palaci-zofin\/","url":"https:\/\/womenhouse.cz\/index.php\/2024\/12\/04\/vanocni-koncert-jaroslava-sveceneho-v-palaci-zofin\/","name":"V\u00e1no\u010dn\u00ed koncert Jaroslava Sv\u011bcen\u00e9ho v Pal\u00e1ci \u017dof\u00edn - WOMENHOUSE.cz","isPartOf":{"@id":"https:\/\/womenhouse.cz\/#website"},"datePublished":"2024-12-03T23:01:00+00:00","dateModified":"2025-01-16T01:45:41+00:00","description":"Druh\u00fd ze s\u00e9rie benefi\u010dn\u00edch koncert\u016f houslov\u00e9ho virtuosa Jaroslava Sv\u011bcen\u00e9ho s hosty prob\u011bhne ve v\u00e1no\u010dn\u00ed atmosf\u00e9\u0159e Pal\u00e1ce \u017dof\u00edn v Praze.","breadcrumb":{"@id":"https:\/\/womenhouse.cz\/index.php\/2024\/12\/04\/vanocni-koncert-jaroslava-sveceneho-v-palaci-zofin\/#breadcrumb"},"inLanguage":"cs","potentialAction":[{"@type":"ReadAction","target":["https:\/\/womenhouse.cz\/index.php\/2024\/12\/04\/vanocni-koncert-jaroslava-sveceneho-v-palaci-zofin\/"]}]},{"@type":"BreadcrumbList","@id":"https:\/\/womenhouse.cz\/index.php\/2024\/12\/04\/vanocni-koncert-jaroslava-sveceneho-v-palaci-zofin\/#breadcrumb","itemListElement":[{"@type":"ListItem","position":1,"name":"Dom\u016f","item":"https:\/\/womenhouse.cz\/"},{"@type":"ListItem","position":2,"name":"V\u00e1no\u010dn\u00ed koncert Jaroslava Sv\u011bcen\u00e9ho v Pal\u00e1ci \u017dof\u00edn"}]},{"@type":"WebSite","@id":"https:\/\/womenhouse.cz\/#website","url":"https:\/\/womenhouse.cz\/","name":"WOMENHOUSE.cz","description":"Port\u00e1l v\u00fdhradn\u011b jen pro \u017eeny...","publisher":{"@id":"https:\/\/womenhouse.cz\/#organization"},"potentialAction":[{"@type":"SearchAction","target":{"@type":"EntryPoint","urlTemplate":"https:\/\/womenhouse.cz\/?s={search_term_string}"},"query-input":"required name=search_term_string"}],"inLanguage":"cs"},{"@type":"Organization","@id":"https:\/\/womenhouse.cz\/#organization","name":"WOMENHOUSE.cz","url":"https:\/\/womenhouse.cz\/","logo":{"@type":"ImageObject","inLanguage":"cs","@id":"https:\/\/womenhouse.cz\/#\/schema\/logo\/image\/","url":"https:\/\/womenhouse.cz\/wp-content\/uploads\/2020\/06\/cropped-logo_Womenhouse_RGB-02-removebg-preview-1.png","contentUrl":"https:\/\/womenhouse.cz\/wp-content\/uploads\/2020\/06\/cropped-logo_Womenhouse_RGB-02-removebg-preview-1.png","width":561,"height":375,"caption":"WOMENHOUSE.cz"},"image":{"@id":"https:\/\/womenhouse.cz\/#\/schema\/logo\/image\/"},"sameAs":["https:\/\/www.facebook.com\/womenhousecz","https:\/\/www.instagram.com\/womenhousecz\/"]},{"@type":"Person","@id":"https:\/\/womenhouse.cz\/#\/schema\/person\/09851c27907b92bbc8bcd7f3dfb2a802","name":"Martina Pechov\u00e1","sameAs":["http:\/\/WOMENHOUSE.cz"],"url":"https:\/\/womenhouse.cz\/index.php\/author\/marpech\/"}]}},"_links":{"self":[{"href":"https:\/\/womenhouse.cz\/index.php\/wp-json\/wp\/v2\/posts\/14509"}],"collection":[{"href":"https:\/\/womenhouse.cz\/index.php\/wp-json\/wp\/v2\/posts"}],"about":[{"href":"https:\/\/womenhouse.cz\/index.php\/wp-json\/wp\/v2\/types\/post"}],"author":[{"embeddable":true,"href":"https:\/\/womenhouse.cz\/index.php\/wp-json\/wp\/v2\/users\/9"}],"replies":[{"embeddable":true,"href":"https:\/\/womenhouse.cz\/index.php\/wp-json\/wp\/v2\/comments?post=14509"}],"version-history":[{"count":-2,"href":"https:\/\/womenhouse.cz\/index.php\/wp-json\/wp\/v2\/posts\/14509\/revisions"}],"wp:featuredmedia":[{"embeddable":true,"href":"https:\/\/womenhouse.cz\/index.php\/wp-json\/wp\/v2\/media\/14515"}],"wp:attachment":[{"href":"https:\/\/womenhouse.cz\/index.php\/wp-json\/wp\/v2\/media?parent=14509"}],"wp:term":[{"taxonomy":"category","embeddable":true,"href":"https:\/\/womenhouse.cz\/index.php\/wp-json\/wp\/v2\/categories?post=14509"},{"taxonomy":"post_tag","embeddable":true,"href":"https:\/\/womenhouse.cz\/index.php\/wp-json\/wp\/v2\/tags?post=14509"}],"curies":[{"name":"wp","href":"https:\/\/api.w.org\/{rel}","templated":true}]}}