{"id":1438,"date":"2019-11-19T14:14:08","date_gmt":"2019-11-19T13:14:08","guid":{"rendered":"http:\/\/womenhouse.cz\/?p=1438"},"modified":"2020-10-14T20:07:52","modified_gmt":"2020-10-14T18:07:52","slug":"baldinini-otevrelo-novy-butik-ve-slovanskem-dome","status":"publish","type":"post","link":"https:\/\/womenhouse.cz\/index.php\/2019\/11\/19\/baldinini-otevrelo-novy-butik-ve-slovanskem-dome\/","title":{"rendered":"Baldinini otev\u0159elo nov\u00fd butik ve Slovansk\u00e9m dom\u011b"},"content":{"rendered":"\n<p><strong>Tradi\u010dn\u00ed sv\u011btozn\u00e1m\u00e1 italsk\u00e1 spole\u010dnost Baldinini slav\u00ed v Praze v roce 2019 hned dv\u011b velk\u00e9 ud\u00e1losti. Ve Slovansk\u00e9m dom\u011b slavnostn\u011b otev\u0159ela 6. listopadu svou dal\u0161\u00ed pra\u017eskou prodejnu a z\u00e1rove\u0148 si p\u0159ipom\u00edn\u00e1 20 let p\u016fsoben\u00ed na \u010desk\u00e9m trhu. S oslavami vstupuje do Prahy tak\u00e9 nov\u00e1 kolekce Baldinini. <\/strong><\/p>\n\n\n\n<figure class=\"wp-block-image\"><img loading=\"lazy\" decoding=\"async\" width=\"1024\" height=\"682\" src=\"http:\/\/womenhouse.cz\/wp-content\/uploads\/2019\/11\/Baldinini_01_web-1024x682.jpg\" alt=\"\" class=\"wp-image-1439\" srcset=\"https:\/\/womenhouse.cz\/wp-content\/uploads\/2019\/11\/Baldinini_01_web-1024x682.jpg 1024w, https:\/\/womenhouse.cz\/wp-content\/uploads\/2019\/11\/Baldinini_01_web-300x200.jpg 300w, https:\/\/womenhouse.cz\/wp-content\/uploads\/2019\/11\/Baldinini_01_web-768x511.jpg 768w, https:\/\/womenhouse.cz\/wp-content\/uploads\/2019\/11\/Baldinini_01_web-730x485.jpg 730w, https:\/\/womenhouse.cz\/wp-content\/uploads\/2019\/11\/Baldinini_01_web.jpg 1648w\" sizes=\"(max-width: 1024px) 100vw, 1024px\" \/><\/figure>\n\n\n\n<p><strong>Slavnostn\u00ed p\u00e1sku p\u0159est\u0159ihly majitelka butiku Baldinini CZ Milena\nMaksimovi\u0107, here\u010dka Yvetta Blanarovi\u010dov\u00e1, moder\u00e1torka Gabriela Party\u0161ov\u00e1 a\nspisovatelka B\u00e1ra Nesvadbov\u00e1.<\/strong><strong><\/strong><\/p>\n\n\n\n<p><strong>Vedle zna\u010dky Baldinini najdete v obchod\u011b i portugalskou zna\u010dku Luis Onofre, kterou si obl\u00edbily Penelope Cruz nebo Michelle Obamov\u00e1, italskou zna\u010dku Ninalilou nebo holandskou Lili\u00f3.<\/strong><\/p>\n\n\n\n<p>Je nejvy\u0161\u0161\u00ed \u010das, abychom do \u0161edav\u00fdch dn\u016f a vt\u00edrav\u00e9 zimy vnesly trochu veselosti a h\u0159ejiv\u00e9 n\u00e1paditosti. Maj\u00e1kem se v tomto smyslu stala oslava otev\u0159en\u00ed nov\u00e9ho butiku Baldinini v Praze ve Slovansk\u00e9m dom\u011b. <\/p>\n\n\n\n<figure class=\"wp-block-image\"><img loading=\"lazy\" decoding=\"async\" width=\"682\" height=\"1024\" src=\"http:\/\/womenhouse.cz\/wp-content\/uploads\/2019\/11\/Baldinini-FW2019-20-Pag-40-WEB-682x1024.jpg\" alt=\"\" class=\"wp-image-1440\" srcset=\"https:\/\/womenhouse.cz\/wp-content\/uploads\/2019\/11\/Baldinini-FW2019-20-Pag-40-WEB-682x1024.jpg 682w, https:\/\/womenhouse.cz\/wp-content\/uploads\/2019\/11\/Baldinini-FW2019-20-Pag-40-WEB-200x300.jpg 200w, https:\/\/womenhouse.cz\/wp-content\/uploads\/2019\/11\/Baldinini-FW2019-20-Pag-40-WEB.jpg 731w\" sizes=\"(max-width: 682px) 100vw, 682px\" \/><\/figure>\n\n\n\n<p>Spole\u010dnost Baldinini m\u00e1 ve sv\u011bt\u011b u\u017e kolem stovky obchod\u016f. S\nv\u00fdrobou bot za\u010dala v It\u00e1lii v roce 1910, v 70. letech pak do n\u00ed vstoupil\nv\u011bhlasn\u00fd Gimmi Baldinini. Trvalo dlouho, ne\u017e se tradi\u010dn\u00ed zna\u010dka italsk\u00e9ho\nobuvnick\u00e9ho mistra objevila i v Praze. Stalo se tak a\u017e v 90. letech minul\u00e9ho\nstolet\u00ed. Do Prahy ji tehdy p\u0159ivezla Milena Maksimovic. V sou\u010dasnosti je to\np\u0159esn\u011b 20 let, co si i z\u00e1kazn\u00edci u n\u00e1s mohli v pohodl\u00ed p\u011bkn\u00e9ho butiku sv\u011btov\u00e9\n\u00farovn\u011b vyb\u00edrat z nep\u0159ebern\u00e9 nab\u00eddky slavn\u00e9ho obuvn\u00edka. Dnes je jeho nab\u00eddka\nnesm\u00edrn\u011b \u0161irok\u00e1, od obuvi, p\u0159es dopl\u0148ky, ta\u0161ky, kabelky a batohy a\u017e po bundy a\nkab\u00e1ty. <\/p>\n\n\n\n<p>Dokladem je i nov\u00e1 kolekce Baldinini pro tento podzim a zimu.\nJej\u00ed koncept vych\u00e1z\u00ed z n\u00e1vratu do minulosti, p\u0159esn\u011bji do 80. let 20. stolet\u00ed.\nZam\u011b\u0159uje se p\u0159edev\u0161\u00edm na elegantn\u00ed modely, tvary a zdoben\u00ed, jejich\u017e t\u00e9mata a\nproduk\u010dn\u00ed techniky jsou v\u011bt\u0161inou p\u0159evzat\u00e9 z archiv\u016f a souzn\u00ed s tehdej\u0161\u00ed m\u00f3dn\u00ed\nn\u00e1ladou. Dominantou kolekce jsou koza\u010dky v nejr\u016fzn\u011bj\u0161\u00edch variac\u00edch stylu\nosmdes\u00e1tek. <\/p>\n\n\n\n<p><strong>BALDININI Slovansk\u00fd d\u016fm,&nbsp; Na P\u0159\u00edkop\u011b 22,&nbsp; Praha 1<\/strong><\/p>\n\n\n\n<p><strong>BALDININI Hav\u00ed\u0159sk\u00e1 3, Praha 1<\/strong><\/p>\n\n\n\n<p>V\u00edce na <strong><a href=\"https:\/\/www.baldinini.cz\/cz_fw2020\/\">www.baldinini.cz<\/a><\/strong><\/p>\n","protected":false},"excerpt":{"rendered":"<p>Tradi\u010dn\u00ed sv\u011btozn\u00e1m\u00e1 italsk\u00e1 spole\u010dnost Baldinini slav\u00ed v Praze v roce 2019 hned dv\u011b velk\u00e9 ud\u00e1losti. Ve Slovansk\u00e9m dom\u011b slavnostn\u011b otev\u0159ela 6. listopadu svou dal\u0161\u00ed pra\u017eskou prodejnu a z\u00e1rove\u0148 si p\u0159ipom\u00edn\u00e1 20 let p\u016fsoben\u00ed na \u010desk\u00e9m trhu. S oslavami vstupuje do Prahy tak\u00e9 nov\u00e1 kolekce Baldinini. Slavnostn\u00ed p\u00e1sku p\u0159est\u0159ihly majitelka butiku Baldinini CZ Milena Maksimovi\u0107, here\u010dka [&hellip;]<\/p>\n","protected":false},"author":2,"featured_media":1439,"comment_status":"closed","ping_status":"closed","sticky":false,"template":"","format":"standard","meta":{"_mi_skip_tracking":false,"_monsterinsights_sitenote_active":false,"_monsterinsights_sitenote_note":"","_monsterinsights_sitenote_category":0,"footnotes":""},"categories":[25,18,2],"tags":[],"yoast_head":"<!-- This site is optimized with the Yoast SEO plugin v21.5 - https:\/\/yoast.com\/wordpress\/plugins\/seo\/ -->\n<title>Baldinini otev\u0159elo nov\u00fd butik ve Slovansk\u00e9m dom\u011b - WOMENHOUSE.cz<\/title>\n<meta name=\"robots\" content=\"index, follow, max-snippet:-1, max-image-preview:large, max-video-preview:-1\" \/>\n<link rel=\"canonical\" href=\"https:\/\/womenhouse.cz\/index.php\/2019\/11\/19\/baldinini-otevrelo-novy-butik-ve-slovanskem-dome\/\" \/>\n<meta property=\"og:locale\" content=\"cs_CZ\" \/>\n<meta property=\"og:type\" content=\"article\" \/>\n<meta property=\"og:title\" content=\"Baldinini otev\u0159elo nov\u00fd butik ve Slovansk\u00e9m dom\u011b - WOMENHOUSE.cz\" \/>\n<meta property=\"og:description\" content=\"Tradi\u010dn\u00ed sv\u011btozn\u00e1m\u00e1 italsk\u00e1 spole\u010dnost Baldinini slav\u00ed v Praze v roce 2019 hned dv\u011b velk\u00e9 ud\u00e1losti. Ve Slovansk\u00e9m dom\u011b slavnostn\u011b otev\u0159ela 6. listopadu svou dal\u0161\u00ed pra\u017eskou prodejnu a z\u00e1rove\u0148 si p\u0159ipom\u00edn\u00e1 20 let p\u016fsoben\u00ed na \u010desk\u00e9m trhu. S oslavami vstupuje do Prahy tak\u00e9 nov\u00e1 kolekce Baldinini. Slavnostn\u00ed p\u00e1sku p\u0159est\u0159ihly majitelka butiku Baldinini CZ Milena Maksimovi\u0107, here\u010dka [&hellip;]\" \/>\n<meta property=\"og:url\" content=\"https:\/\/womenhouse.cz\/index.php\/2019\/11\/19\/baldinini-otevrelo-novy-butik-ve-slovanskem-dome\/\" \/>\n<meta property=\"og:site_name\" content=\"WOMENHOUSE.cz\" \/>\n<meta property=\"article:publisher\" content=\"https:\/\/www.facebook.com\/womenhousecz\" \/>\n<meta property=\"article:published_time\" content=\"2019-11-19T13:14:08+00:00\" \/>\n<meta property=\"article:modified_time\" content=\"2020-10-14T18:07:52+00:00\" \/>\n<meta property=\"og:image\" content=\"https:\/\/womenhouse.cz\/wp-content\/uploads\/2019\/11\/Baldinini_01_web.jpg\" \/>\n\t<meta property=\"og:image:width\" content=\"1648\" \/>\n\t<meta property=\"og:image:height\" content=\"1097\" \/>\n\t<meta property=\"og:image:type\" content=\"image\/jpeg\" \/>\n<meta name=\"author\" content=\"Jolana Hol\u00e1\u0148ov\u00e1\" \/>\n<meta name=\"twitter:card\" content=\"summary_large_image\" \/>\n<meta name=\"twitter:label1\" content=\"Napsal(a)\" \/>\n\t<meta name=\"twitter:data1\" content=\"Jolana Hol\u00e1\u0148ov\u00e1\" \/>\n\t<meta name=\"twitter:label2\" content=\"Odhadovan\u00e1 doba \u010dten\u00ed\" \/>\n\t<meta name=\"twitter:data2\" content=\"2 minuty\" \/>\n<script type=\"application\/ld+json\" class=\"yoast-schema-graph\">{\"@context\":\"https:\/\/schema.org\",\"@graph\":[{\"@type\":\"Article\",\"@id\":\"https:\/\/womenhouse.cz\/index.php\/2019\/11\/19\/baldinini-otevrelo-novy-butik-ve-slovanskem-dome\/#article\",\"isPartOf\":{\"@id\":\"https:\/\/womenhouse.cz\/index.php\/2019\/11\/19\/baldinini-otevrelo-novy-butik-ve-slovanskem-dome\/\"},\"author\":{\"name\":\"Jolana Hol\u00e1\u0148ov\u00e1\",\"@id\":\"https:\/\/womenhouse.cz\/#\/schema\/person\/541326101f8d68c711e83e8fecc80738\"},\"headline\":\"Baldinini otev\u0159elo nov\u00fd butik ve Slovansk\u00e9m dom\u011b\",\"datePublished\":\"2019-11-19T13:14:08+00:00\",\"dateModified\":\"2020-10-14T18:07:52+00:00\",\"mainEntityOfPage\":{\"@id\":\"https:\/\/womenhouse.cz\/index.php\/2019\/11\/19\/baldinini-otevrelo-novy-butik-ve-slovanskem-dome\/\"},\"wordCount\":385,\"publisher\":{\"@id\":\"https:\/\/womenhouse.cz\/#organization\"},\"articleSection\":[\"FASHION\",\"FOTOREPORTY\",\"NEWS\"],\"inLanguage\":\"cs\"},{\"@type\":\"WebPage\",\"@id\":\"https:\/\/womenhouse.cz\/index.php\/2019\/11\/19\/baldinini-otevrelo-novy-butik-ve-slovanskem-dome\/\",\"url\":\"https:\/\/womenhouse.cz\/index.php\/2019\/11\/19\/baldinini-otevrelo-novy-butik-ve-slovanskem-dome\/\",\"name\":\"Baldinini otev\u0159elo nov\u00fd butik ve Slovansk\u00e9m dom\u011b - WOMENHOUSE.cz\",\"isPartOf\":{\"@id\":\"https:\/\/womenhouse.cz\/#website\"},\"datePublished\":\"2019-11-19T13:14:08+00:00\",\"dateModified\":\"2020-10-14T18:07:52+00:00\",\"breadcrumb\":{\"@id\":\"https:\/\/womenhouse.cz\/index.php\/2019\/11\/19\/baldinini-otevrelo-novy-butik-ve-slovanskem-dome\/#breadcrumb\"},\"inLanguage\":\"cs\",\"potentialAction\":[{\"@type\":\"ReadAction\",\"target\":[\"https:\/\/womenhouse.cz\/index.php\/2019\/11\/19\/baldinini-otevrelo-novy-butik-ve-slovanskem-dome\/\"]}]},{\"@type\":\"BreadcrumbList\",\"@id\":\"https:\/\/womenhouse.cz\/index.php\/2019\/11\/19\/baldinini-otevrelo-novy-butik-ve-slovanskem-dome\/#breadcrumb\",\"itemListElement\":[{\"@type\":\"ListItem\",\"position\":1,\"name\":\"Dom\u016f\",\"item\":\"https:\/\/womenhouse.cz\/\"},{\"@type\":\"ListItem\",\"position\":2,\"name\":\"Baldinini otev\u0159elo nov\u00fd butik ve Slovansk\u00e9m dom\u011b\"}]},{\"@type\":\"WebSite\",\"@id\":\"https:\/\/womenhouse.cz\/#website\",\"url\":\"https:\/\/womenhouse.cz\/\",\"name\":\"WOMENHOUSE.cz\",\"description\":\"Port\u00e1l v\u00fdhradn\u011b jen pro \u017eeny...\",\"publisher\":{\"@id\":\"https:\/\/womenhouse.cz\/#organization\"},\"potentialAction\":[{\"@type\":\"SearchAction\",\"target\":{\"@type\":\"EntryPoint\",\"urlTemplate\":\"https:\/\/womenhouse.cz\/?s={search_term_string}\"},\"query-input\":\"required name=search_term_string\"}],\"inLanguage\":\"cs\"},{\"@type\":\"Organization\",\"@id\":\"https:\/\/womenhouse.cz\/#organization\",\"name\":\"WOMENHOUSE.cz\",\"url\":\"https:\/\/womenhouse.cz\/\",\"logo\":{\"@type\":\"ImageObject\",\"inLanguage\":\"cs\",\"@id\":\"https:\/\/womenhouse.cz\/#\/schema\/logo\/image\/\",\"url\":\"https:\/\/womenhouse.cz\/wp-content\/uploads\/2020\/06\/cropped-logo_Womenhouse_RGB-02-removebg-preview-1.png\",\"contentUrl\":\"https:\/\/womenhouse.cz\/wp-content\/uploads\/2020\/06\/cropped-logo_Womenhouse_RGB-02-removebg-preview-1.png\",\"width\":561,\"height\":375,\"caption\":\"WOMENHOUSE.cz\"},\"image\":{\"@id\":\"https:\/\/womenhouse.cz\/#\/schema\/logo\/image\/\"},\"sameAs\":[\"https:\/\/www.facebook.com\/womenhousecz\",\"https:\/\/www.instagram.com\/womenhousecz\/\"]},{\"@type\":\"Person\",\"@id\":\"https:\/\/womenhouse.cz\/#\/schema\/person\/541326101f8d68c711e83e8fecc80738\",\"name\":\"Jolana Hol\u00e1\u0148ov\u00e1\",\"sameAs\":[\"http:\/\/www.womenhouse.cz\"],\"url\":\"https:\/\/womenhouse.cz\/index.php\/author\/jolhol\/\"}]}<\/script>\n<!-- \/ Yoast SEO plugin. -->","yoast_head_json":{"title":"Baldinini otev\u0159elo nov\u00fd butik ve Slovansk\u00e9m dom\u011b - WOMENHOUSE.cz","robots":{"index":"index","follow":"follow","max-snippet":"max-snippet:-1","max-image-preview":"max-image-preview:large","max-video-preview":"max-video-preview:-1"},"canonical":"https:\/\/womenhouse.cz\/index.php\/2019\/11\/19\/baldinini-otevrelo-novy-butik-ve-slovanskem-dome\/","og_locale":"cs_CZ","og_type":"article","og_title":"Baldinini otev\u0159elo nov\u00fd butik ve Slovansk\u00e9m dom\u011b - WOMENHOUSE.cz","og_description":"Tradi\u010dn\u00ed sv\u011btozn\u00e1m\u00e1 italsk\u00e1 spole\u010dnost Baldinini slav\u00ed v Praze v roce 2019 hned dv\u011b velk\u00e9 ud\u00e1losti. Ve Slovansk\u00e9m dom\u011b slavnostn\u011b otev\u0159ela 6. listopadu svou dal\u0161\u00ed pra\u017eskou prodejnu a z\u00e1rove\u0148 si p\u0159ipom\u00edn\u00e1 20 let p\u016fsoben\u00ed na \u010desk\u00e9m trhu. S oslavami vstupuje do Prahy tak\u00e9 nov\u00e1 kolekce Baldinini. Slavnostn\u00ed p\u00e1sku p\u0159est\u0159ihly majitelka butiku Baldinini CZ Milena Maksimovi\u0107, here\u010dka [&hellip;]","og_url":"https:\/\/womenhouse.cz\/index.php\/2019\/11\/19\/baldinini-otevrelo-novy-butik-ve-slovanskem-dome\/","og_site_name":"WOMENHOUSE.cz","article_publisher":"https:\/\/www.facebook.com\/womenhousecz","article_published_time":"2019-11-19T13:14:08+00:00","article_modified_time":"2020-10-14T18:07:52+00:00","og_image":[{"width":1648,"height":1097,"url":"https:\/\/womenhouse.cz\/wp-content\/uploads\/2019\/11\/Baldinini_01_web.jpg","type":"image\/jpeg"}],"author":"Jolana Hol\u00e1\u0148ov\u00e1","twitter_card":"summary_large_image","twitter_misc":{"Napsal(a)":"Jolana Hol\u00e1\u0148ov\u00e1","Odhadovan\u00e1 doba \u010dten\u00ed":"2 minuty"},"schema":{"@context":"https:\/\/schema.org","@graph":[{"@type":"Article","@id":"https:\/\/womenhouse.cz\/index.php\/2019\/11\/19\/baldinini-otevrelo-novy-butik-ve-slovanskem-dome\/#article","isPartOf":{"@id":"https:\/\/womenhouse.cz\/index.php\/2019\/11\/19\/baldinini-otevrelo-novy-butik-ve-slovanskem-dome\/"},"author":{"name":"Jolana Hol\u00e1\u0148ov\u00e1","@id":"https:\/\/womenhouse.cz\/#\/schema\/person\/541326101f8d68c711e83e8fecc80738"},"headline":"Baldinini otev\u0159elo nov\u00fd butik ve Slovansk\u00e9m dom\u011b","datePublished":"2019-11-19T13:14:08+00:00","dateModified":"2020-10-14T18:07:52+00:00","mainEntityOfPage":{"@id":"https:\/\/womenhouse.cz\/index.php\/2019\/11\/19\/baldinini-otevrelo-novy-butik-ve-slovanskem-dome\/"},"wordCount":385,"publisher":{"@id":"https:\/\/womenhouse.cz\/#organization"},"articleSection":["FASHION","FOTOREPORTY","NEWS"],"inLanguage":"cs"},{"@type":"WebPage","@id":"https:\/\/womenhouse.cz\/index.php\/2019\/11\/19\/baldinini-otevrelo-novy-butik-ve-slovanskem-dome\/","url":"https:\/\/womenhouse.cz\/index.php\/2019\/11\/19\/baldinini-otevrelo-novy-butik-ve-slovanskem-dome\/","name":"Baldinini otev\u0159elo nov\u00fd butik ve Slovansk\u00e9m dom\u011b - WOMENHOUSE.cz","isPartOf":{"@id":"https:\/\/womenhouse.cz\/#website"},"datePublished":"2019-11-19T13:14:08+00:00","dateModified":"2020-10-14T18:07:52+00:00","breadcrumb":{"@id":"https:\/\/womenhouse.cz\/index.php\/2019\/11\/19\/baldinini-otevrelo-novy-butik-ve-slovanskem-dome\/#breadcrumb"},"inLanguage":"cs","potentialAction":[{"@type":"ReadAction","target":["https:\/\/womenhouse.cz\/index.php\/2019\/11\/19\/baldinini-otevrelo-novy-butik-ve-slovanskem-dome\/"]}]},{"@type":"BreadcrumbList","@id":"https:\/\/womenhouse.cz\/index.php\/2019\/11\/19\/baldinini-otevrelo-novy-butik-ve-slovanskem-dome\/#breadcrumb","itemListElement":[{"@type":"ListItem","position":1,"name":"Dom\u016f","item":"https:\/\/womenhouse.cz\/"},{"@type":"ListItem","position":2,"name":"Baldinini otev\u0159elo nov\u00fd butik ve Slovansk\u00e9m dom\u011b"}]},{"@type":"WebSite","@id":"https:\/\/womenhouse.cz\/#website","url":"https:\/\/womenhouse.cz\/","name":"WOMENHOUSE.cz","description":"Port\u00e1l v\u00fdhradn\u011b jen pro \u017eeny...","publisher":{"@id":"https:\/\/womenhouse.cz\/#organization"},"potentialAction":[{"@type":"SearchAction","target":{"@type":"EntryPoint","urlTemplate":"https:\/\/womenhouse.cz\/?s={search_term_string}"},"query-input":"required name=search_term_string"}],"inLanguage":"cs"},{"@type":"Organization","@id":"https:\/\/womenhouse.cz\/#organization","name":"WOMENHOUSE.cz","url":"https:\/\/womenhouse.cz\/","logo":{"@type":"ImageObject","inLanguage":"cs","@id":"https:\/\/womenhouse.cz\/#\/schema\/logo\/image\/","url":"https:\/\/womenhouse.cz\/wp-content\/uploads\/2020\/06\/cropped-logo_Womenhouse_RGB-02-removebg-preview-1.png","contentUrl":"https:\/\/womenhouse.cz\/wp-content\/uploads\/2020\/06\/cropped-logo_Womenhouse_RGB-02-removebg-preview-1.png","width":561,"height":375,"caption":"WOMENHOUSE.cz"},"image":{"@id":"https:\/\/womenhouse.cz\/#\/schema\/logo\/image\/"},"sameAs":["https:\/\/www.facebook.com\/womenhousecz","https:\/\/www.instagram.com\/womenhousecz\/"]},{"@type":"Person","@id":"https:\/\/womenhouse.cz\/#\/schema\/person\/541326101f8d68c711e83e8fecc80738","name":"Jolana Hol\u00e1\u0148ov\u00e1","sameAs":["http:\/\/www.womenhouse.cz"],"url":"https:\/\/womenhouse.cz\/index.php\/author\/jolhol\/"}]}},"_links":{"self":[{"href":"https:\/\/womenhouse.cz\/index.php\/wp-json\/wp\/v2\/posts\/1438"}],"collection":[{"href":"https:\/\/womenhouse.cz\/index.php\/wp-json\/wp\/v2\/posts"}],"about":[{"href":"https:\/\/womenhouse.cz\/index.php\/wp-json\/wp\/v2\/types\/post"}],"author":[{"embeddable":true,"href":"https:\/\/womenhouse.cz\/index.php\/wp-json\/wp\/v2\/users\/2"}],"replies":[{"embeddable":true,"href":"https:\/\/womenhouse.cz\/index.php\/wp-json\/wp\/v2\/comments?post=1438"}],"version-history":[{"count":-3,"href":"https:\/\/womenhouse.cz\/index.php\/wp-json\/wp\/v2\/posts\/1438\/revisions"}],"wp:featuredmedia":[{"embeddable":true,"href":"https:\/\/womenhouse.cz\/index.php\/wp-json\/wp\/v2\/media\/1439"}],"wp:attachment":[{"href":"https:\/\/womenhouse.cz\/index.php\/wp-json\/wp\/v2\/media?parent=1438"}],"wp:term":[{"taxonomy":"category","embeddable":true,"href":"https:\/\/womenhouse.cz\/index.php\/wp-json\/wp\/v2\/categories?post=1438"},{"taxonomy":"post_tag","embeddable":true,"href":"https:\/\/womenhouse.cz\/index.php\/wp-json\/wp\/v2\/tags?post=1438"}],"curies":[{"name":"wp","href":"https:\/\/api.w.org\/{rel}","templated":true}]}}