{"id":13646,"date":"2024-08-14T00:01:00","date_gmt":"2024-08-13T22:01:00","guid":{"rendered":"https:\/\/womenhouse.cz\/?p=13646"},"modified":"2024-10-19T15:28:58","modified_gmt":"2024-10-19T13:28:58","slug":"modni-znacka-eiri-predstavi-kolekci-z-japonskeho-denimu","status":"publish","type":"post","link":"https:\/\/womenhouse.cz\/index.php\/2024\/08\/14\/modni-znacka-eiri-predstavi-kolekci-z-japonskeho-denimu\/","title":{"rendered":"M\u00f3dn\u00ed zna\u010dka EIRI p\u0159edstav\u00ed kolekci z japonsk\u00e9ho denimu"},"content":{"rendered":"\n<div style=\"height:42px\" aria-hidden=\"true\" class=\"wp-block-spacer\"><\/div>\n\n\n\n<p><strong>Denim ve v\u0161ech podob\u00e1ch je odjak\u017eiva symbolem mlad\u00e9 generace, nekonformity a touhy j\u00edt vlastn\u00ed cestou. Pr\u00e1v\u011b tyto my\u0161lenky vt\u011blila m\u00f3dn\u00ed n\u00e1vrh\u00e1\u0159ka Kl\u00e1ra Holanov\u00e1, tvo\u0159\u00edc\u00ed pod zna\u010dkou EIRI, do sv\u00e9 nov\u00e9 kolekce D O L E.<\/strong><\/p>\n\n\n\n<div style=\"height:43px\" aria-hidden=\"true\" class=\"wp-block-spacer\"><\/div>\n\n\n<div class=\"wp-block-image\">\n<figure class=\"aligncenter size-large\"><img decoding=\"async\" src=\"http:\/\/onlyfashion.cz\/wp-content\/uploads\/2024\/08\/Kalhoty-Dole-siroke-_-denim-4800-Kc-2-1024x682.jpeg\" alt=\"\" class=\"wp-image-2376\"\/><\/figure><\/div>\n\n\n<div style=\"height:43px\" aria-hidden=\"true\" class=\"wp-block-spacer\"><\/div>\n\n\n\n<p><em>Kalhoty, kdysi v\u00fdhradn\u011b mu\u017esk\u00e1 z\u00e1le\u017eitost, jsou dnes sou\u010d\u00e1st ka\u017ed\u00e9ho \u0161atn\u00edku. Nos\u00edme je denn\u011b &#8211; do pr\u00e1ce, do p\u0159\u00edrody a dokonce i p\u0159i slavnostn\u00edch p\u0159\u00edle\u017eitostech. Naj\u00edt v\u0161ak takov\u00e9, ve kter\u00fdch se c\u00edt\u00edme dob\u0159e, perfektn\u011b sed\u00ed a k tomu vypadaj\u00ed zaj\u00edmav\u011b \u010di origin\u00e1ln\u011b, nen\u00ed jednoduch\u00e9. \u201eKalhoty, takzvan\u011b od\u011bv D O L E, ch\u00e1peme jako velmi u\u017eitnou v\u011bc a z\u00e1rove\u0148 jako tvarov\u00fd artefakt,\u201d<\/em><strong><em> <\/em>\u0159\u00edk\u00e1 n\u00e1vrh\u00e1\u0159ka Kl\u00e1ra Holanov\u00e1.<\/strong> <\/p>\n\n\n\n<p><em>\u201eProto uv\u00e1d\u00edme denimovou kolekci, jej\u00ed\u017e modely budou rozvedeny do d\u00e1msk\u00e9 a p\u00e1nsk\u00e9 varianty.\u201d <\/em>Podle jej\u00edch slov stoup\u00e1 popt\u00e1vka po p\u00e1nsk\u00fdch modelech, a tak se rozhodla je do sv\u00e9 nab\u00eddky za\u0159adit. Svou kolekci poprv\u00e9 p\u0159edstav\u00ed na pra\u017esk\u00e9m Designbloku, kter\u00fd prob\u011bhne v \u0159\u00edjnu.<\/p>\n\n\n\n<div style=\"height:43px\" aria-hidden=\"true\" class=\"wp-block-spacer\"><\/div>\n\n\n\n<figure class=\"wp-block-gallery has-nested-images columns-default is-cropped wp-block-gallery-1 is-layout-flex wp-block-gallery-is-layout-flex\">\n<figure class=\"wp-block-image size-large\"><img decoding=\"async\" data-id=\"2378\" src=\"https:\/\/onlyfashion.cz\/wp-content\/uploads\/2024\/08\/Eiri_Dole-oble-denim_panske-1024x1024.jpeg\" alt=\"\" class=\"wp-image-2378\"\/><\/figure>\n\n\n\n<figure class=\"wp-block-image size-large\"><img decoding=\"async\" data-id=\"2379\" src=\"https:\/\/onlyfashion.cz\/wp-content\/uploads\/2024\/08\/Eiri_Dvemoznosti_denim-1024x1024.jpeg\" alt=\"\" class=\"wp-image-2379\"\/><\/figure>\n\n\n\n<figure class=\"wp-block-image size-large\"><img decoding=\"async\" data-id=\"2377\" src=\"https:\/\/onlyfashion.cz\/wp-content\/uploads\/2024\/08\/Eiri_Dole-oble-denim-rozervane-1024x1024.jpeg\" alt=\"\" class=\"wp-image-2377\"\/><\/figure>\n<\/figure>\n\n\n\n<div style=\"height:43px\" aria-hidden=\"true\" class=\"wp-block-spacer\"><\/div>\n\n\n\n<h2 class=\"wp-block-heading\"><strong>Japonsk\u00fd denim &#8211; synonymum kvality a tradice<\/strong><\/h2>\n\n\n\n<div style=\"height:43px\" aria-hidden=\"true\" class=\"wp-block-spacer\"><\/div>\n\n\n\n<p>Historie denimu za\u010d\u00ednala v pracovn\u00ed sf\u00e9\u0159e, kde byla vy\u017eadov\u00e1na hlavn\u011b odolnost a trvanlivost. Pozd\u011bji materi\u00e1l p\u0159ijal symboliku nez\u00e1vislosti, revolty a mlad\u00e9 generace, v dne\u0161n\u00ed dob\u011b se pak k po\u017eadavk\u016fm p\u0159id\u00e1v\u00e1 tak\u00e9 styl a kvalita. EIRI neopom\u00edn\u00e1 ani jedno ze zm\u00edn\u011bn\u00fdch hledisek a svou novou kolekci tvo\u0159\u00ed z prvot\u0159\u00eddn\u00edho japonsk\u00e9ho denimu. <\/p>\n\n\n\n<p><em>\u201ePosledn\u00ed dobou pracujeme p\u0159ev\u00e1\u017en\u011b s japonsk\u00fdmi materi\u00e1ly, kter\u00e9 jsou n\u011bkdy tradi\u010dn\u00ed, n\u011bkdy inovativn\u00ed, ale v\u017edy bezkonkuren\u010dn\u011b kvalitn\u00ed,\u201d<\/em> <strong>vysv\u011btluje design\u00e9rka Ane\u017eka Kotkov\u00e1, kter\u00e1 se na tvorb\u011b zna\u010dky pod\u00edl\u00ed u\u017e n\u011bkolik let.<\/strong><\/p>\n\n\n\n<p><em>\u201eMotto na\u0161eho dodavatele zn\u00ed No Fabric-No Life, co\u017e je pro n\u00e1s jasn\u00fdm impulsem, \u017ee se jedn\u00e1 o spr\u00e1vn\u00e9 propojen\u00ed. Fascinuje n\u00e1s jeho absolutn\u00ed zaujet\u00ed pro v\u011bc a vyv\u00e1\u017een\u00e1 kombinace sou\u010dasn\u00e9ho, inovativn\u00edho p\u0159\u00edstupu s technologiemi a materi\u00e1ly ov\u011b\u0159en\u00fdmi dlouholetou tradic\u00ed.\u201d <\/em><\/p>\n\n\n\n<p>Spolupr\u00e1ci zna\u010dka EIRI nav\u00e1zala i s etablovan\u00fdm v\u00fdrobcem denimov\u00fdch kalhot, kter\u00fd p\u0159isp\u011bl dlouholet\u00fdmi zku\u0161enostmi v oblasti pr\u00e1ce s odoln\u00fdm materi\u00e1lem.<\/p>\n\n\n\n<div style=\"height:43px\" aria-hidden=\"true\" class=\"wp-block-spacer\"><\/div>\n\n\n<div class=\"wp-block-image\">\n<figure class=\"aligncenter size-large\"><img decoding=\"async\" src=\"http:\/\/onlyfashion.cz\/wp-content\/uploads\/2024\/08\/Kalhoty-Dole-oble-_-denim-_-rozervane-4600-Kc-1024x682.jpeg\" alt=\"\" class=\"wp-image-2374\"\/><\/figure><\/div>\n\n\n<div style=\"height:43px\" aria-hidden=\"true\" class=\"wp-block-spacer\"><\/div>\n\n\n\n<p>Vlastn\u00ed v\u00fdroba pak umo\u017e\u0148uje rychlost a flexibilitu, s n\u00ed\u017e lze m\u00edrn\u011b upravovat st\u0159ihy tak, aby ka\u017ed\u00fd z\u00e1kazn\u00edk dostal dokonale padnouc\u00ed od\u011bv odpov\u00eddaj\u00edc\u00ed jeho postav\u011b.<\/p>\n\n\n\n<div style=\"height:43px\" aria-hidden=\"true\" class=\"wp-block-spacer\"><\/div>\n\n\n<div class=\"wp-block-image\">\n<figure class=\"aligncenter size-large is-resized\"><img decoding=\"async\" src=\"http:\/\/onlyfashion.cz\/wp-content\/uploads\/2024\/08\/Kalhoty-Dole-oble-_-denim-_-rozervane-4600-Kc-top-Nahore-bez-rukavu-1600-Kc-Kc-682x1024.jpeg\" alt=\"\" class=\"wp-image-2373\" style=\"width:513px;height:auto\"\/><\/figure><\/div>\n\n\n<div style=\"height:43px\" aria-hidden=\"true\" class=\"wp-block-spacer\"><\/div>\n\n\n\n<h2 class=\"wp-block-heading\"><strong>EIRI v nov\u00e9m<\/strong><\/h2>\n\n\n\n<div style=\"height:25px\" aria-hidden=\"true\" class=\"wp-block-spacer\"><\/div>\n\n\n\n<p>Nov\u00e1 kolekce p\u0159ich\u00e1z\u00ed ruku v ruce s novou vizu\u00e1ln\u00ed identitou zna\u010dky, kter\u00e1 se rovn\u011b\u017e p\u0159edstav\u00ed na pra\u017esk\u00e9m Designbloku. Jej\u00edm autorem je uzn\u00e1van\u00fd grafick\u00fd design\u00e9r Mat\u011bj \u010cin\u010dera. <em>\u201eKonceptu\u00e1ln\u00ed p\u0159em\u00fd\u0161len\u00ed, sledov\u00e1n\u00ed sou\u010dasn\u00e9ho d\u011bn\u00ed v grafick\u00e9m designu a dokonal\u00e1 znalost pr\u00e1ce s materi\u00e1lem jsou hlavn\u00edmi d\u016fvody, pro kter\u00e9 jsme si Mat\u011bje vybrali,\u201d <\/em>komentuje spolupr\u00e1ci Kl\u00e1ra Holanov\u00e1. Nov\u00e1 tv\u00e1\u0159 zna\u010dky odr\u00e1\u017e\u00ed jej\u00ed z\u00e1kladn\u00ed filozofii &#8211; minimalismus, nad\u010dasovost a tichou barevnost. Z\u00e1rove\u0148 bere v potaz my\u0161lenku postup\u016f mimo zaveden\u00fd form\u00e1t a zohled\u0148uje vyu\u017e\u00edvan\u00e9 materi\u00e1ly &#8211; pravdiv\u00e9 a nep\u0159ikr\u00e1\u0161len\u00e9. Syrovost a utilit\u00e1rn\u00ed charakter pap\u00edru dokonale dopl\u0148uje vizu\u00e1ln\u00ed styl a identitu zna\u010dky.<\/p>\n\n\n\n<div style=\"height:100px\" aria-hidden=\"true\" class=\"wp-block-spacer\"><\/div>\n\n\n\n<h2 class=\"wp-block-heading\">O EIRI<\/h2>\n\n\n\n<div style=\"height:25px\" aria-hidden=\"true\" class=\"wp-block-spacer\"><\/div>\n\n\n\n<p><strong>Od\u011bvn\u00ed zna\u010dka EIRI byla zalo\u017eena v roce 2013 n\u00e1vrh\u00e1\u0159kou Kl\u00e1rou Holanovou. Vyzna\u010duje se nejen svou estetikou, ale i p\u0159\u00edb\u011bhy, kter\u00e9 skrze sv\u00e9 od\u011bvy vypr\u00e1v\u00ed. Jej\u00ed tvorba, zalo\u017een\u00e1 na preciznosti, redukci a experimentu, m\u00e1 charakteristick\u00e9 tvary a formy, je\u017e nepodl\u00e9haj\u00ed \u017e\u00e1dn\u00fdm pravidl\u016fm. <\/strong><\/p>\n\n\n\n<p>EIRI &#8211; v p\u0159ekladu z japon\u0161tiny \u201ena hran\u011b\u201c &#8211; se zam\u011b\u0159uje na nad\u010dasov\u00e9 minimalistick\u00e9 proveden\u00ed a nab\u00edz\u00ed so\u0161n\u00e9 a \u010dasto variabiln\u00ed siluety. P\u0159\u00edzna\u010dn\u00e9 tlumen\u00e9 barvy a zaj\u00edmav\u00e9 struktury materi\u00e1l\u016f dod\u00e1vaj\u00ed od\u011bv\u016fm poeti\u010dnost, tajemstv\u00ed a jist\u00e9 nap\u011bt\u00ed. EIRI c\u00edli na ty, kte\u0159\u00ed ocen\u00ed osobn\u00ed p\u0159\u00edstup, kvalitu a speci\u00e1ln\u00ed oble\u010den\u00ed, kter\u00e9 dok\u00e1\u017ee rezonovat s jejich osobnost\u00ed a postupn\u011b se d\u00edky tomu st\u00e1t jejich druhou k\u016f\u017e\u00ed.<\/p>\n\n\n\n<div style=\"height:100px\" aria-hidden=\"true\" class=\"wp-block-spacer\"><\/div>\n\n\n\n<figure class=\"wp-block-gallery has-nested-images columns-default is-cropped wp-block-gallery-2 is-layout-flex wp-block-gallery-is-layout-flex\">\n<figure class=\"wp-block-image size-large\"><img decoding=\"async\" data-id=\"2373\" src=\"https:\/\/onlyfashion.cz\/wp-content\/uploads\/2024\/08\/Kalhoty-Dole-oble-_-denim-_-rozervane-4600-Kc-top-Nahore-bez-rukavu-1600-Kc-Kc-682x1024.jpeg\" alt=\"\" class=\"wp-image-2373\"\/><\/figure>\n\n\n\n<figure class=\"wp-block-image size-large\"><img decoding=\"async\" data-id=\"2374\" src=\"https:\/\/onlyfashion.cz\/wp-content\/uploads\/2024\/08\/Kalhoty-Dole-oble-_-denim-_-rozervane-4600-Kc-1024x682.jpeg\" alt=\"\" class=\"wp-image-2374\"\/><\/figure>\n\n\n\n<figure class=\"wp-block-image size-large\"><img decoding=\"async\" data-id=\"2375\" src=\"https:\/\/onlyfashion.cz\/wp-content\/uploads\/2024\/08\/Kalhoty-Dole-oble-_-denim-4600-Kc-1024x682.jpeg\" alt=\"\" class=\"wp-image-2375\"\/><\/figure>\n\n\n\n<figure class=\"wp-block-image size-large\"><img decoding=\"async\" data-id=\"2376\" src=\"https:\/\/onlyfashion.cz\/wp-content\/uploads\/2024\/08\/Kalhoty-Dole-siroke-_-denim-4800-Kc-2-1024x682.jpeg\" alt=\"\" class=\"wp-image-2376\"\/><\/figure>\n<\/figure>\n\n\n\n<figure class=\"wp-block-gallery has-nested-images columns-default is-cropped wp-block-gallery-3 is-layout-flex wp-block-gallery-is-layout-flex\">\n<figure class=\"wp-block-image size-large\"><img decoding=\"async\" data-id=\"2377\" src=\"https:\/\/onlyfashion.cz\/wp-content\/uploads\/2024\/08\/Eiri_Dole-oble-denim-rozervane-1024x1024.jpeg\" alt=\"\" class=\"wp-image-2377\"\/><\/figure>\n\n\n\n<figure class=\"wp-block-image size-large\"><img decoding=\"async\" data-id=\"2378\" src=\"https:\/\/onlyfashion.cz\/wp-content\/uploads\/2024\/08\/Eiri_Dole-oble-denim_panske-1024x1024.jpeg\" alt=\"\" class=\"wp-image-2378\"\/><\/figure>\n\n\n\n<figure class=\"wp-block-image size-large\"><img decoding=\"async\" data-id=\"2379\" src=\"https:\/\/onlyfashion.cz\/wp-content\/uploads\/2024\/08\/Eiri_Dvemoznosti_denim-1024x1024.jpeg\" alt=\"\" class=\"wp-image-2379\"\/><\/figure>\n<\/figure>\n\n\n\n<div style=\"height:44px\" aria-hidden=\"true\" class=\"wp-block-spacer\"><\/div>\n\n\n\n<p><strong>Zdroj foto: <\/strong>EIRI<\/p>\n\n\n\n<div style=\"height:111px\" aria-hidden=\"true\" class=\"wp-block-spacer\"><\/div>\n","protected":false},"excerpt":{"rendered":"<p>Denim ve v\u0161ech podob\u00e1ch je odjak\u017eiva symbolem mlad\u00e9 generace, nekonformity a touhy j\u00edt vlastn\u00ed cestou. Pr\u00e1v\u011b tyto my\u0161lenky vt\u011blila m\u00f3dn\u00ed n\u00e1vrh\u00e1\u0159ka Kl\u00e1ra Holanov\u00e1, tvo\u0159\u00edc\u00ed pod zna\u010dkou EIRI, do sv\u00e9 nov\u00e9 kolekce D O L E. Kalhoty, kdysi v\u00fdhradn\u011b mu\u017esk\u00e1 z\u00e1le\u017eitost, jsou dnes sou\u010d\u00e1st ka\u017ed\u00e9ho \u0161atn\u00edku. Nos\u00edme je denn\u011b &#8211; do pr\u00e1ce, do p\u0159\u00edrody a dokonce [&hellip;]<\/p>\n","protected":false},"author":6,"featured_media":13647,"comment_status":"closed","ping_status":"closed","sticky":false,"template":"","format":"standard","meta":{"_mi_skip_tracking":false,"_monsterinsights_sitenote_active":false,"_monsterinsights_sitenote_note":"","_monsterinsights_sitenote_category":0,"footnotes":""},"categories":[25,4,2,12],"tags":[],"yoast_head":"<!-- This site is optimized with the Yoast SEO plugin v21.5 - https:\/\/yoast.com\/wordpress\/plugins\/seo\/ -->\n<title>M\u00f3dn\u00ed zna\u010dka EIRI p\u0159edstav\u00ed kolekci z japonsk\u00e9ho denimu - WOMENHOUSE.cz<\/title>\n<meta name=\"description\" content=\"Pr\u00e1v\u011b tyto my\u0161lenky vt\u011blila m\u00f3dn\u00ed n\u00e1vrh\u00e1\u0159ka Kl\u00e1ra Holanov\u00e1, tvo\u0159\u00edc\u00ed pod zna\u010dkou EIRI, do sv\u00e9 nov\u00e9 kolekce D O L E.\" \/>\n<meta name=\"robots\" content=\"index, follow, max-snippet:-1, max-image-preview:large, max-video-preview:-1\" \/>\n<link rel=\"canonical\" href=\"https:\/\/womenhouse.cz\/index.php\/2024\/08\/14\/modni-znacka-eiri-predstavi-kolekci-z-japonskeho-denimu\/\" \/>\n<meta property=\"og:locale\" content=\"cs_CZ\" \/>\n<meta property=\"og:type\" content=\"article\" \/>\n<meta property=\"og:title\" content=\"M\u00f3dn\u00ed zna\u010dka EIRI p\u0159edstav\u00ed kolekci z japonsk\u00e9ho denimu - WOMENHOUSE.cz\" \/>\n<meta property=\"og:description\" content=\"Pr\u00e1v\u011b tyto my\u0161lenky vt\u011blila m\u00f3dn\u00ed n\u00e1vrh\u00e1\u0159ka Kl\u00e1ra Holanov\u00e1, tvo\u0159\u00edc\u00ed pod zna\u010dkou EIRI, do sv\u00e9 nov\u00e9 kolekce D O L E.\" \/>\n<meta property=\"og:url\" content=\"https:\/\/womenhouse.cz\/index.php\/2024\/08\/14\/modni-znacka-eiri-predstavi-kolekci-z-japonskeho-denimu\/\" \/>\n<meta property=\"og:site_name\" content=\"WOMENHOUSE.cz\" \/>\n<meta property=\"article:publisher\" content=\"https:\/\/www.facebook.com\/womenhousecz\" \/>\n<meta property=\"article:published_time\" content=\"2024-08-13T22:01:00+00:00\" \/>\n<meta property=\"article:modified_time\" content=\"2024-10-19T13:28:58+00:00\" \/>\n<meta property=\"og:image\" content=\"https:\/\/womenhouse.cz\/wp-content\/uploads\/2024\/08\/Kalhoty-Dole-oble-_-denim-4600-Kc.jpeg\" \/>\n\t<meta property=\"og:image:width\" content=\"1450\" \/>\n\t<meta property=\"og:image:height\" content=\"966\" \/>\n\t<meta property=\"og:image:type\" content=\"image\/jpeg\" \/>\n<meta name=\"author\" content=\"Petra Kub\u00edkov\u00e1\" \/>\n<meta name=\"twitter:card\" content=\"summary_large_image\" \/>\n<meta name=\"twitter:label1\" content=\"Napsal(a)\" \/>\n\t<meta name=\"twitter:data1\" content=\"Petra Kub\u00edkov\u00e1\" \/>\n\t<meta name=\"twitter:label2\" content=\"Odhadovan\u00e1 doba \u010dten\u00ed\" \/>\n\t<meta name=\"twitter:data2\" content=\"6 minut\" \/>\n<script type=\"application\/ld+json\" class=\"yoast-schema-graph\">{\"@context\":\"https:\/\/schema.org\",\"@graph\":[{\"@type\":\"Article\",\"@id\":\"https:\/\/womenhouse.cz\/index.php\/2024\/08\/14\/modni-znacka-eiri-predstavi-kolekci-z-japonskeho-denimu\/#article\",\"isPartOf\":{\"@id\":\"https:\/\/womenhouse.cz\/index.php\/2024\/08\/14\/modni-znacka-eiri-predstavi-kolekci-z-japonskeho-denimu\/\"},\"author\":{\"name\":\"Petra Kub\u00edkov\u00e1\",\"@id\":\"https:\/\/womenhouse.cz\/#\/schema\/person\/4a1fde0be3f0c5dd5006ba6dc68c7656\"},\"headline\":\"M\u00f3dn\u00ed zna\u010dka EIRI p\u0159edstav\u00ed kolekci z japonsk\u00e9ho denimu\",\"datePublished\":\"2024-08-13T22:01:00+00:00\",\"dateModified\":\"2024-10-19T13:28:58+00:00\",\"mainEntityOfPage\":{\"@id\":\"https:\/\/womenhouse.cz\/index.php\/2024\/08\/14\/modni-znacka-eiri-predstavi-kolekci-z-japonskeho-denimu\/\"},\"wordCount\":739,\"publisher\":{\"@id\":\"https:\/\/womenhouse.cz\/#organization\"},\"articleSection\":[\"FASHION\",\"M\u00f3DA\",\"NEWS\",\"TIPY &amp; TRENDY\"],\"inLanguage\":\"cs\"},{\"@type\":\"WebPage\",\"@id\":\"https:\/\/womenhouse.cz\/index.php\/2024\/08\/14\/modni-znacka-eiri-predstavi-kolekci-z-japonskeho-denimu\/\",\"url\":\"https:\/\/womenhouse.cz\/index.php\/2024\/08\/14\/modni-znacka-eiri-predstavi-kolekci-z-japonskeho-denimu\/\",\"name\":\"M\u00f3dn\u00ed zna\u010dka EIRI p\u0159edstav\u00ed kolekci z japonsk\u00e9ho denimu - WOMENHOUSE.cz\",\"isPartOf\":{\"@id\":\"https:\/\/womenhouse.cz\/#website\"},\"datePublished\":\"2024-08-13T22:01:00+00:00\",\"dateModified\":\"2024-10-19T13:28:58+00:00\",\"description\":\"Pr\u00e1v\u011b tyto my\u0161lenky vt\u011blila m\u00f3dn\u00ed n\u00e1vrh\u00e1\u0159ka Kl\u00e1ra Holanov\u00e1, tvo\u0159\u00edc\u00ed pod zna\u010dkou EIRI, do sv\u00e9 nov\u00e9 kolekce D O L E.\",\"breadcrumb\":{\"@id\":\"https:\/\/womenhouse.cz\/index.php\/2024\/08\/14\/modni-znacka-eiri-predstavi-kolekci-z-japonskeho-denimu\/#breadcrumb\"},\"inLanguage\":\"cs\",\"potentialAction\":[{\"@type\":\"ReadAction\",\"target\":[\"https:\/\/womenhouse.cz\/index.php\/2024\/08\/14\/modni-znacka-eiri-predstavi-kolekci-z-japonskeho-denimu\/\"]}]},{\"@type\":\"BreadcrumbList\",\"@id\":\"https:\/\/womenhouse.cz\/index.php\/2024\/08\/14\/modni-znacka-eiri-predstavi-kolekci-z-japonskeho-denimu\/#breadcrumb\",\"itemListElement\":[{\"@type\":\"ListItem\",\"position\":1,\"name\":\"Dom\u016f\",\"item\":\"https:\/\/womenhouse.cz\/\"},{\"@type\":\"ListItem\",\"position\":2,\"name\":\"M\u00f3dn\u00ed zna\u010dka EIRI p\u0159edstav\u00ed kolekci z japonsk\u00e9ho denimu\"}]},{\"@type\":\"WebSite\",\"@id\":\"https:\/\/womenhouse.cz\/#website\",\"url\":\"https:\/\/womenhouse.cz\/\",\"name\":\"WOMENHOUSE.cz\",\"description\":\"Port\u00e1l v\u00fdhradn\u011b jen pro \u017eeny...\",\"publisher\":{\"@id\":\"https:\/\/womenhouse.cz\/#organization\"},\"potentialAction\":[{\"@type\":\"SearchAction\",\"target\":{\"@type\":\"EntryPoint\",\"urlTemplate\":\"https:\/\/womenhouse.cz\/?s={search_term_string}\"},\"query-input\":\"required name=search_term_string\"}],\"inLanguage\":\"cs\"},{\"@type\":\"Organization\",\"@id\":\"https:\/\/womenhouse.cz\/#organization\",\"name\":\"WOMENHOUSE.cz\",\"url\":\"https:\/\/womenhouse.cz\/\",\"logo\":{\"@type\":\"ImageObject\",\"inLanguage\":\"cs\",\"@id\":\"https:\/\/womenhouse.cz\/#\/schema\/logo\/image\/\",\"url\":\"https:\/\/womenhouse.cz\/wp-content\/uploads\/2020\/06\/cropped-logo_Womenhouse_RGB-02-removebg-preview-1.png\",\"contentUrl\":\"https:\/\/womenhouse.cz\/wp-content\/uploads\/2020\/06\/cropped-logo_Womenhouse_RGB-02-removebg-preview-1.png\",\"width\":561,\"height\":375,\"caption\":\"WOMENHOUSE.cz\"},\"image\":{\"@id\":\"https:\/\/womenhouse.cz\/#\/schema\/logo\/image\/\"},\"sameAs\":[\"https:\/\/www.facebook.com\/womenhousecz\",\"https:\/\/www.instagram.com\/womenhousecz\/\"]},{\"@type\":\"Person\",\"@id\":\"https:\/\/womenhouse.cz\/#\/schema\/person\/4a1fde0be3f0c5dd5006ba6dc68c7656\",\"name\":\"Petra Kub\u00edkov\u00e1\",\"sameAs\":[\"http:\/\/WOMENHOUSE.cz\"],\"url\":\"https:\/\/womenhouse.cz\/index.php\/author\/kubip\/\"}]}<\/script>\n<!-- \/ Yoast SEO plugin. -->","yoast_head_json":{"title":"M\u00f3dn\u00ed zna\u010dka EIRI p\u0159edstav\u00ed kolekci z japonsk\u00e9ho denimu - WOMENHOUSE.cz","description":"Pr\u00e1v\u011b tyto my\u0161lenky vt\u011blila m\u00f3dn\u00ed n\u00e1vrh\u00e1\u0159ka Kl\u00e1ra Holanov\u00e1, tvo\u0159\u00edc\u00ed pod zna\u010dkou EIRI, do sv\u00e9 nov\u00e9 kolekce D O L E.","robots":{"index":"index","follow":"follow","max-snippet":"max-snippet:-1","max-image-preview":"max-image-preview:large","max-video-preview":"max-video-preview:-1"},"canonical":"https:\/\/womenhouse.cz\/index.php\/2024\/08\/14\/modni-znacka-eiri-predstavi-kolekci-z-japonskeho-denimu\/","og_locale":"cs_CZ","og_type":"article","og_title":"M\u00f3dn\u00ed zna\u010dka EIRI p\u0159edstav\u00ed kolekci z japonsk\u00e9ho denimu - WOMENHOUSE.cz","og_description":"Pr\u00e1v\u011b tyto my\u0161lenky vt\u011blila m\u00f3dn\u00ed n\u00e1vrh\u00e1\u0159ka Kl\u00e1ra Holanov\u00e1, tvo\u0159\u00edc\u00ed pod zna\u010dkou EIRI, do sv\u00e9 nov\u00e9 kolekce D O L E.","og_url":"https:\/\/womenhouse.cz\/index.php\/2024\/08\/14\/modni-znacka-eiri-predstavi-kolekci-z-japonskeho-denimu\/","og_site_name":"WOMENHOUSE.cz","article_publisher":"https:\/\/www.facebook.com\/womenhousecz","article_published_time":"2024-08-13T22:01:00+00:00","article_modified_time":"2024-10-19T13:28:58+00:00","og_image":[{"width":1450,"height":966,"url":"https:\/\/womenhouse.cz\/wp-content\/uploads\/2024\/08\/Kalhoty-Dole-oble-_-denim-4600-Kc.jpeg","type":"image\/jpeg"}],"author":"Petra Kub\u00edkov\u00e1","twitter_card":"summary_large_image","twitter_misc":{"Napsal(a)":"Petra Kub\u00edkov\u00e1","Odhadovan\u00e1 doba \u010dten\u00ed":"6 minut"},"schema":{"@context":"https:\/\/schema.org","@graph":[{"@type":"Article","@id":"https:\/\/womenhouse.cz\/index.php\/2024\/08\/14\/modni-znacka-eiri-predstavi-kolekci-z-japonskeho-denimu\/#article","isPartOf":{"@id":"https:\/\/womenhouse.cz\/index.php\/2024\/08\/14\/modni-znacka-eiri-predstavi-kolekci-z-japonskeho-denimu\/"},"author":{"name":"Petra Kub\u00edkov\u00e1","@id":"https:\/\/womenhouse.cz\/#\/schema\/person\/4a1fde0be3f0c5dd5006ba6dc68c7656"},"headline":"M\u00f3dn\u00ed zna\u010dka EIRI p\u0159edstav\u00ed kolekci z japonsk\u00e9ho denimu","datePublished":"2024-08-13T22:01:00+00:00","dateModified":"2024-10-19T13:28:58+00:00","mainEntityOfPage":{"@id":"https:\/\/womenhouse.cz\/index.php\/2024\/08\/14\/modni-znacka-eiri-predstavi-kolekci-z-japonskeho-denimu\/"},"wordCount":739,"publisher":{"@id":"https:\/\/womenhouse.cz\/#organization"},"articleSection":["FASHION","M\u00f3DA","NEWS","TIPY &amp; TRENDY"],"inLanguage":"cs"},{"@type":"WebPage","@id":"https:\/\/womenhouse.cz\/index.php\/2024\/08\/14\/modni-znacka-eiri-predstavi-kolekci-z-japonskeho-denimu\/","url":"https:\/\/womenhouse.cz\/index.php\/2024\/08\/14\/modni-znacka-eiri-predstavi-kolekci-z-japonskeho-denimu\/","name":"M\u00f3dn\u00ed zna\u010dka EIRI p\u0159edstav\u00ed kolekci z japonsk\u00e9ho denimu - WOMENHOUSE.cz","isPartOf":{"@id":"https:\/\/womenhouse.cz\/#website"},"datePublished":"2024-08-13T22:01:00+00:00","dateModified":"2024-10-19T13:28:58+00:00","description":"Pr\u00e1v\u011b tyto my\u0161lenky vt\u011blila m\u00f3dn\u00ed n\u00e1vrh\u00e1\u0159ka Kl\u00e1ra Holanov\u00e1, tvo\u0159\u00edc\u00ed pod zna\u010dkou EIRI, do sv\u00e9 nov\u00e9 kolekce D O L E.","breadcrumb":{"@id":"https:\/\/womenhouse.cz\/index.php\/2024\/08\/14\/modni-znacka-eiri-predstavi-kolekci-z-japonskeho-denimu\/#breadcrumb"},"inLanguage":"cs","potentialAction":[{"@type":"ReadAction","target":["https:\/\/womenhouse.cz\/index.php\/2024\/08\/14\/modni-znacka-eiri-predstavi-kolekci-z-japonskeho-denimu\/"]}]},{"@type":"BreadcrumbList","@id":"https:\/\/womenhouse.cz\/index.php\/2024\/08\/14\/modni-znacka-eiri-predstavi-kolekci-z-japonskeho-denimu\/#breadcrumb","itemListElement":[{"@type":"ListItem","position":1,"name":"Dom\u016f","item":"https:\/\/womenhouse.cz\/"},{"@type":"ListItem","position":2,"name":"M\u00f3dn\u00ed zna\u010dka EIRI p\u0159edstav\u00ed kolekci z japonsk\u00e9ho denimu"}]},{"@type":"WebSite","@id":"https:\/\/womenhouse.cz\/#website","url":"https:\/\/womenhouse.cz\/","name":"WOMENHOUSE.cz","description":"Port\u00e1l v\u00fdhradn\u011b jen pro \u017eeny...","publisher":{"@id":"https:\/\/womenhouse.cz\/#organization"},"potentialAction":[{"@type":"SearchAction","target":{"@type":"EntryPoint","urlTemplate":"https:\/\/womenhouse.cz\/?s={search_term_string}"},"query-input":"required name=search_term_string"}],"inLanguage":"cs"},{"@type":"Organization","@id":"https:\/\/womenhouse.cz\/#organization","name":"WOMENHOUSE.cz","url":"https:\/\/womenhouse.cz\/","logo":{"@type":"ImageObject","inLanguage":"cs","@id":"https:\/\/womenhouse.cz\/#\/schema\/logo\/image\/","url":"https:\/\/womenhouse.cz\/wp-content\/uploads\/2020\/06\/cropped-logo_Womenhouse_RGB-02-removebg-preview-1.png","contentUrl":"https:\/\/womenhouse.cz\/wp-content\/uploads\/2020\/06\/cropped-logo_Womenhouse_RGB-02-removebg-preview-1.png","width":561,"height":375,"caption":"WOMENHOUSE.cz"},"image":{"@id":"https:\/\/womenhouse.cz\/#\/schema\/logo\/image\/"},"sameAs":["https:\/\/www.facebook.com\/womenhousecz","https:\/\/www.instagram.com\/womenhousecz\/"]},{"@type":"Person","@id":"https:\/\/womenhouse.cz\/#\/schema\/person\/4a1fde0be3f0c5dd5006ba6dc68c7656","name":"Petra Kub\u00edkov\u00e1","sameAs":["http:\/\/WOMENHOUSE.cz"],"url":"https:\/\/womenhouse.cz\/index.php\/author\/kubip\/"}]}},"_links":{"self":[{"href":"https:\/\/womenhouse.cz\/index.php\/wp-json\/wp\/v2\/posts\/13646"}],"collection":[{"href":"https:\/\/womenhouse.cz\/index.php\/wp-json\/wp\/v2\/posts"}],"about":[{"href":"https:\/\/womenhouse.cz\/index.php\/wp-json\/wp\/v2\/types\/post"}],"author":[{"embeddable":true,"href":"https:\/\/womenhouse.cz\/index.php\/wp-json\/wp\/v2\/users\/6"}],"replies":[{"embeddable":true,"href":"https:\/\/womenhouse.cz\/index.php\/wp-json\/wp\/v2\/comments?post=13646"}],"version-history":[{"count":-4,"href":"https:\/\/womenhouse.cz\/index.php\/wp-json\/wp\/v2\/posts\/13646\/revisions"}],"wp:featuredmedia":[{"embeddable":true,"href":"https:\/\/womenhouse.cz\/index.php\/wp-json\/wp\/v2\/media\/13647"}],"wp:attachment":[{"href":"https:\/\/womenhouse.cz\/index.php\/wp-json\/wp\/v2\/media?parent=13646"}],"wp:term":[{"taxonomy":"category","embeddable":true,"href":"https:\/\/womenhouse.cz\/index.php\/wp-json\/wp\/v2\/categories?post=13646"},{"taxonomy":"post_tag","embeddable":true,"href":"https:\/\/womenhouse.cz\/index.php\/wp-json\/wp\/v2\/tags?post=13646"}],"curies":[{"name":"wp","href":"https:\/\/api.w.org\/{rel}","templated":true}]}}