{"id":1359,"date":"2019-11-08T00:01:44","date_gmt":"2019-11-07T23:01:44","guid":{"rendered":"http:\/\/womenhouse.cz\/?p=1359"},"modified":"2019-11-24T13:29:03","modified_gmt":"2019-11-24T12:29:03","slug":"hodnotime-kavarny-cukrarna-mysak","status":"publish","type":"post","link":"https:\/\/womenhouse.cz\/index.php\/2019\/11\/08\/hodnotime-kavarny-cukrarna-mysak\/","title":{"rendered":"Hodnot\u00edme kav\u00e1rny | Cukr\u00e1rna My\u0161\u00e1k"},"content":{"rendered":"\n<p><strong>V r\u00e1mci na\u0161\u00ed medi\u00e1ln\u00ed skupiny HMG jsme si pro v\u00e1s p\u0159ipravili s\u00e9rii \u010dl\u00e1nk\u016f, v&nbsp;nich\u017e s&nbsp;v\u00e1mi sd\u00edl\u00edme, kde jsme za v\u00e1s vyzkou\u0161eli nejlep\u0161\u00ed kav\u00e1rny nejen v Praze, ale i po cel\u00e9 \u010cR.<\/strong><\/p>\n\n\n\n<p>Tentokr\u00e1t jsme nav\u0161t\u00edvili proslulou Cukr\u00e1rnu My\u0161\u00e1k, kter\u00e1 se nach\u00e1z\u00ed mal\u00fd kousek od V\u00e1clavsk\u00e9ho n\u00e1m\u011bst\u00ed. Cukr\u00e1rna d\u011bl\u00e1 radost Pra\u017ean\u016fm ji\u017e n\u011bkolik desetilet\u00ed, v nov\u00e9m kab\u00e1t\u011b je ji\u017e dvan\u00e1ct\u00fdm rokem. Zachovala si v\u0161ak sv\u016fj typick\u00fd prvorepublikov\u00fd styl, kter\u00fd ji odli\u0161uje od v\u0161ech ostatn\u00edch. A\u0165 u\u017e je to d\u00edky tapis\u00e9rii v prvn\u00edm pat\u0159e, nebo origin\u00e1ln\u00edm \u0161\u00e1lk\u016fm na&nbsp;k\u00e1vu.<\/p>\n\n\n\n<figure class=\"wp-block-image\"><img decoding=\"async\" src=\"http:\/\/nejlepsikavarny.cz\/wp-content\/uploads\/2019\/11\/IMG_20191101_154815-1024x768.jpg\" alt=\"\" class=\"wp-image-206\"\/><\/figure>\n\n\n\n<h2 class=\"wp-block-heading\">Vyzkou\u0161eli jsme kav\u00e1rnu za v\u00e1s<\/h2>\n\n\n\n<p><strong>N\u00e1zev kav\u00e1rny: <\/strong>Cukr\u00e1rna My\u0161\u00e1k<\/p>\n\n\n\n<p><strong>Adresa: <\/strong> Vodi\u010dkova 710\/31, Praha 1<\/p>\n\n\n\n<p><strong>Otev\u00edrac\u00ed doba:<\/strong>   Po\u2013P\u00e1  7:30\u201319:00 hod, So\u2013Ne 9:00\u201319:00 hod<br><\/p>\n\n\n\n<p><strong>Webov\u00e9 str\u00e1nky: <\/strong><a href=\"https:\/\/www.mysak.ambi.cz\/\">www.mysak.ambi.cz<\/a><\/p>\n\n\n\n<p><strong>Mo\u017enost rezervace:<\/strong> ano (od 6 osob)<\/p>\n\n\n\n<p><strong>Dostupn\u00e1 nab\u00eddka:<\/strong>  \u0160irok\u00e1 nab\u00eddka vlastnoru\u010dn\u011b upe\u010den\u00fdch z\u00e1kusk\u016f, vyhl\u00e1\u0161en\u00e9 buchti\u010dky se&nbsp;\u0161od\u00f3, dom\u00e1c\u00ed limon\u00e1da i v\u00fdb\u011brov\u00e1 k\u00e1va.<\/p>\n\n\n\n<p><strong>Po\u010det m\u00edst k sezen\u00ed (odhadovan\u00fd):<\/strong> 144<\/p>\n\n\n\n<p><strong>K\u00e1va s sebou: <\/strong>ano<\/p>\n\n\n\n<p><strong>Speci\u00e1ln\u00ed nab\u00eddky:<\/strong> ne<\/p>\n\n\n\n<p><strong>Family friendly: <\/strong>ano<\/p>\n\n\n\n<p><strong>Office friendly:<\/strong> ano<\/p>\n\n\n\n<p><strong>Hodnocen\u00ed (1\u201310):<\/strong> 9<\/p>\n\n\n\n<p>Kav\u00e1rna vynik\u00e1 v\u00fdborn\u00fdmi z\u00e1kusky. Bod ub\u00edr\u00e1me za nutnost objedn\u00e1v\u00e1n\u00ed u baru.<\/p>\n\n\n\n<p><em>* pozn\u00e1mka k hodnocen\u00ed \u2013 1 nejhor\u0161\u00ed, 10 nejlep\u0161\u00ed<\/em><\/p>\n\n\n\n<p><strong>Pozn\u00e1mky k hodnocen\u00ed:<\/strong><\/p>\n\n\n\n<p>Kav\u00e1rna nen\u00ed s obsluhou, k\u00e1vu i z\u00e1kusky si mus\u00edte objednat u baru a obsluha v\u00e1m pot\u00e9 produkty p\u0159inese. My jsme zde ochutnali espresso, cappuccino a dom\u00e1c\u00ed mandarinkovou limon\u00e1du. Tu v\u0159ele doporu\u010dujeme, limon\u00e1da nebyla p\u0159eslazen\u00e1, moc n\u00e1m chutnala. Zvolili jsme ochutn\u00e1vkovou sadu p\u011bti miniz\u00e1kusk\u016f a citronovou tartaletku.<\/p>\n\n\n\n<figure class=\"wp-block-image\"><img decoding=\"async\" src=\"http:\/\/nejlepsikavarny.cz\/wp-content\/uploads\/2019\/11\/IMG_20191101_161709-1024x768.jpg\" alt=\"\" class=\"wp-image-198\"\/><\/figure>\n\n\n\n<p><strong>\u00da\u010det:<\/strong> <br>Za dv\u011b osoby (1 x espresso, 1 x cappuccino, 1 x dom\u00e1c\u00ed limon\u00e1da a n\u011bkolik z\u00e1kusk\u016f) celkov\u00fd \u00fa\u010det 498 K\u010d.<\/p>\n\n\n\n<figure class=\"wp-block-image\"><img decoding=\"async\" src=\"http:\/\/nejlepsikavarny.cz\/wp-content\/uploads\/2019\/11\/IMG_20191101_171939-768x1024.jpg\" alt=\"\" class=\"wp-image-199\"\/><\/figure>\n\n\n\n<p><strong>Z\u00e1v\u011br:<\/strong><\/p>\n\n\n\n<p>Do podniku se chod\u00ed p\u0159ev\u00e1\u017en\u011b na z\u00e1kusek, ale k tomu neodmysliteln\u011b k\u00e1va pat\u0159\u00ed. Proto velmi chv\u00e1l\u00edme Cukr\u00e1rnu My\u0161\u00e1k za v\u00fdbornou k\u00e1vu, i p\u0159esto, \u017ee podnik nen\u00ed klasickou kav\u00e1rnou.<\/p>\n\n\n\n<figure class=\"wp-block-image\"><img decoding=\"async\" src=\"http:\/\/nejlepsikavarny.cz\/wp-content\/uploads\/2019\/11\/IMG_20191101_155212j-1024x613.jpg\" alt=\"\" class=\"wp-image-205\"\/><\/figure>\n\n\n\n<p><strong>Zaj\u00edmavost na konec:<\/strong><\/p>\n\n\n\n<p>Nejlep\u0161\u00ed je to zde v podve\u010der, kdy opadne n\u00e1por turist\u016f a v doln\u00ed \u010d\u00e1sti se prostor vylidn\u00ed. U&nbsp;stolku u okna, pod sv\u00edt\u00edc\u00edm n\u00e1pisem My\u0161\u00e1k, na n\u00e1s d\u00fdchla atmosf\u00e9ra prvn\u00ed republiky.<\/p>\n\n\n\n<figure class=\"wp-block-image\"><img decoding=\"async\" src=\"http:\/\/nejlepsikavarny.cz\/wp-content\/uploads\/2019\/11\/IMG_20191101_172339-768x1024.jpg\" alt=\"\" class=\"wp-image-201\"\/><\/figure>\n\n\n\n<ul class=\"wp-block-gallery columns-2 is-cropped wp-block-gallery-1 is-layout-flex wp-block-gallery-is-layout-flex\"><li class=\"blocks-gallery-item\"><figure><img decoding=\"async\" src=\"http:\/\/nejlepsikavarny.cz\/wp-content\/uploads\/2019\/11\/IMG_20191101_161901S-987x1024.jpg\" alt=\"\" data-id=\"194\" data-link=\"http:\/\/nejlepsikavarny.cz\/?attachment_id=194\" class=\"wp-image-194\"\/><\/figure><\/li><li class=\"blocks-gallery-item\"><figure><img decoding=\"async\" src=\"http:\/\/nejlepsikavarny.cz\/wp-content\/uploads\/2019\/11\/IMG_20191101_161907h-1018x1024.jpg\" alt=\"\" data-id=\"195\" data-link=\"http:\/\/nejlepsikavarny.cz\/?attachment_id=195\" class=\"wp-image-195\"\/><\/figure><\/li><li class=\"blocks-gallery-item\"><figure><img decoding=\"async\" src=\"http:\/\/nejlepsikavarny.cz\/wp-content\/uploads\/2019\/11\/IMG_20191101_161914d-1021x1024.jpg\" alt=\"\" data-id=\"196\" data-link=\"http:\/\/nejlepsikavarny.cz\/?attachment_id=196\" class=\"wp-image-196\"\/><\/figure><\/li><li class=\"blocks-gallery-item\"><figure><img decoding=\"async\" src=\"http:\/\/nejlepsikavarny.cz\/wp-content\/uploads\/2019\/11\/IMG_20191101_161928h-1024x1024.jpg\" alt=\"\" data-id=\"197\" data-link=\"http:\/\/nejlepsikavarny.cz\/?attachment_id=197\" class=\"wp-image-197\"\/><\/figure><\/li><\/ul>\n\n\n\n<figure class=\"wp-block-image\"><img decoding=\"async\" src=\"http:\/\/nejlepsikavarny.cz\/wp-content\/uploads\/2019\/11\/IMG_20191101_171800-1024x768.jpg\" alt=\"\" class=\"wp-image-202\"\/><figcaption>Horn\u00ed patro<\/figcaption><\/figure>\n\n\n\n<figure class=\"wp-block-image\"><img decoding=\"async\" src=\"http:\/\/nejlepsikavarny.cz\/wp-content\/uploads\/2019\/11\/IMG_20191101_172118-1024x768.jpg\" alt=\"\" class=\"wp-image-203\"\/><figcaption>P\u0159\u00edzem\u00ed<\/figcaption><\/figure>\n\n\n\n<p><strong>Dal\u0161\u00ed hodnocen\u00ed t\u011bch nejlep\u0161\u00edch kav\u00e1ren naleznete na&nbsp;<a href=\"http:\/\/www.nejlepsikavarny.cz\/\">www.NejlepsiKavarny.cz<\/a>.<\/strong><\/p>\n","protected":false},"excerpt":{"rendered":"<p>V r\u00e1mci na\u0161\u00ed medi\u00e1ln\u00ed skupiny HMG jsme si pro v\u00e1s p\u0159ipravili s\u00e9rii \u010dl\u00e1nk\u016f, v&nbsp;nich\u017e s&nbsp;v\u00e1mi sd\u00edl\u00edme, kde jsme za v\u00e1s vyzkou\u0161eli nejlep\u0161\u00ed kav\u00e1rny nejen v Praze, ale i po cel\u00e9 \u010cR. Tentokr\u00e1t jsme nav\u0161t\u00edvili proslulou Cukr\u00e1rnu My\u0161\u00e1k, kter\u00e1 se nach\u00e1z\u00ed mal\u00fd kousek od V\u00e1clavsk\u00e9ho n\u00e1m\u011bst\u00ed. Cukr\u00e1rna d\u011bl\u00e1 radost Pra\u017ean\u016fm ji\u017e n\u011bkolik desetilet\u00ed, v nov\u00e9m kab\u00e1t\u011b [&hellip;]<\/p>\n","protected":false},"author":5,"featured_media":1360,"comment_status":"closed","ping_status":"closed","sticky":false,"template":"","format":"standard","meta":{"_mi_skip_tracking":false,"_monsterinsights_sitenote_active":false,"_monsterinsights_sitenote_note":"","_monsterinsights_sitenote_category":0,"footnotes":""},"categories":[15],"tags":[],"yoast_head":"<!-- This site is optimized with the Yoast SEO plugin v21.5 - https:\/\/yoast.com\/wordpress\/plugins\/seo\/ -->\n<title>Hodnot\u00edme kav\u00e1rny | Cukr\u00e1rna My\u0161\u00e1k - WOMENHOUSE.cz<\/title>\n<meta name=\"robots\" content=\"index, follow, max-snippet:-1, max-image-preview:large, max-video-preview:-1\" \/>\n<link rel=\"canonical\" href=\"https:\/\/womenhouse.cz\/index.php\/2019\/11\/08\/hodnotime-kavarny-cukrarna-mysak\/\" \/>\n<meta property=\"og:locale\" content=\"cs_CZ\" \/>\n<meta property=\"og:type\" content=\"article\" \/>\n<meta property=\"og:title\" content=\"Hodnot\u00edme kav\u00e1rny | Cukr\u00e1rna My\u0161\u00e1k - WOMENHOUSE.cz\" \/>\n<meta property=\"og:description\" content=\"V r\u00e1mci na\u0161\u00ed medi\u00e1ln\u00ed skupiny HMG jsme si pro v\u00e1s p\u0159ipravili s\u00e9rii \u010dl\u00e1nk\u016f, v&nbsp;nich\u017e s&nbsp;v\u00e1mi sd\u00edl\u00edme, kde jsme za v\u00e1s vyzkou\u0161eli nejlep\u0161\u00ed kav\u00e1rny nejen v Praze, ale i po cel\u00e9 \u010cR. Tentokr\u00e1t jsme nav\u0161t\u00edvili proslulou Cukr\u00e1rnu My\u0161\u00e1k, kter\u00e1 se nach\u00e1z\u00ed mal\u00fd kousek od V\u00e1clavsk\u00e9ho n\u00e1m\u011bst\u00ed. Cukr\u00e1rna d\u011bl\u00e1 radost Pra\u017ean\u016fm ji\u017e n\u011bkolik desetilet\u00ed, v nov\u00e9m kab\u00e1t\u011b [&hellip;]\" \/>\n<meta property=\"og:url\" content=\"https:\/\/womenhouse.cz\/index.php\/2019\/11\/08\/hodnotime-kavarny-cukrarna-mysak\/\" \/>\n<meta property=\"og:site_name\" content=\"WOMENHOUSE.cz\" \/>\n<meta property=\"article:publisher\" content=\"https:\/\/www.facebook.com\/womenhousecz\" \/>\n<meta property=\"article:published_time\" content=\"2019-11-07T23:01:44+00:00\" \/>\n<meta property=\"article:modified_time\" content=\"2019-11-24T12:29:03+00:00\" \/>\n<meta property=\"og:image\" content=\"https:\/\/womenhouse.cz\/wp-content\/uploads\/2019\/11\/IMG_20191101_154836.jpg\" \/>\n\t<meta property=\"og:image:width\" content=\"1950\" \/>\n\t<meta property=\"og:image:height\" content=\"1463\" \/>\n\t<meta property=\"og:image:type\" content=\"image\/jpeg\" \/>\n<meta name=\"author\" content=\"Marcela Karafizievov\u00e1\" \/>\n<meta name=\"twitter:card\" content=\"summary_large_image\" \/>\n<meta name=\"twitter:label1\" content=\"Napsal(a)\" \/>\n\t<meta name=\"twitter:data1\" content=\"Marcela Karafizievov\u00e1\" \/>\n\t<meta name=\"twitter:label2\" content=\"Odhadovan\u00e1 doba \u010dten\u00ed\" \/>\n\t<meta name=\"twitter:data2\" content=\"2 minuty\" \/>\n<script type=\"application\/ld+json\" class=\"yoast-schema-graph\">{\"@context\":\"https:\/\/schema.org\",\"@graph\":[{\"@type\":\"Article\",\"@id\":\"https:\/\/womenhouse.cz\/index.php\/2019\/11\/08\/hodnotime-kavarny-cukrarna-mysak\/#article\",\"isPartOf\":{\"@id\":\"https:\/\/womenhouse.cz\/index.php\/2019\/11\/08\/hodnotime-kavarny-cukrarna-mysak\/\"},\"author\":{\"name\":\"Marcela Karafizievov\u00e1\",\"@id\":\"https:\/\/womenhouse.cz\/#\/schema\/person\/bb23de047f36ce228c1df3119aa23bff\"},\"headline\":\"Hodnot\u00edme kav\u00e1rny | Cukr\u00e1rna My\u0161\u00e1k\",\"datePublished\":\"2019-11-07T23:01:44+00:00\",\"dateModified\":\"2019-11-24T12:29:03+00:00\",\"mainEntityOfPage\":{\"@id\":\"https:\/\/womenhouse.cz\/index.php\/2019\/11\/08\/hodnotime-kavarny-cukrarna-mysak\/\"},\"wordCount\":458,\"publisher\":{\"@id\":\"https:\/\/womenhouse.cz\/#organization\"},\"articleSection\":[\"GASTRO &amp; RECEPTY\"],\"inLanguage\":\"cs\"},{\"@type\":\"WebPage\",\"@id\":\"https:\/\/womenhouse.cz\/index.php\/2019\/11\/08\/hodnotime-kavarny-cukrarna-mysak\/\",\"url\":\"https:\/\/womenhouse.cz\/index.php\/2019\/11\/08\/hodnotime-kavarny-cukrarna-mysak\/\",\"name\":\"Hodnot\u00edme kav\u00e1rny | Cukr\u00e1rna My\u0161\u00e1k - WOMENHOUSE.cz\",\"isPartOf\":{\"@id\":\"https:\/\/womenhouse.cz\/#website\"},\"datePublished\":\"2019-11-07T23:01:44+00:00\",\"dateModified\":\"2019-11-24T12:29:03+00:00\",\"breadcrumb\":{\"@id\":\"https:\/\/womenhouse.cz\/index.php\/2019\/11\/08\/hodnotime-kavarny-cukrarna-mysak\/#breadcrumb\"},\"inLanguage\":\"cs\",\"potentialAction\":[{\"@type\":\"ReadAction\",\"target\":[\"https:\/\/womenhouse.cz\/index.php\/2019\/11\/08\/hodnotime-kavarny-cukrarna-mysak\/\"]}]},{\"@type\":\"BreadcrumbList\",\"@id\":\"https:\/\/womenhouse.cz\/index.php\/2019\/11\/08\/hodnotime-kavarny-cukrarna-mysak\/#breadcrumb\",\"itemListElement\":[{\"@type\":\"ListItem\",\"position\":1,\"name\":\"Dom\u016f\",\"item\":\"https:\/\/womenhouse.cz\/\"},{\"@type\":\"ListItem\",\"position\":2,\"name\":\"Hodnot\u00edme kav\u00e1rny | Cukr\u00e1rna My\u0161\u00e1k\"}]},{\"@type\":\"WebSite\",\"@id\":\"https:\/\/womenhouse.cz\/#website\",\"url\":\"https:\/\/womenhouse.cz\/\",\"name\":\"WOMENHOUSE.cz\",\"description\":\"Port\u00e1l v\u00fdhradn\u011b jen pro \u017eeny...\",\"publisher\":{\"@id\":\"https:\/\/womenhouse.cz\/#organization\"},\"potentialAction\":[{\"@type\":\"SearchAction\",\"target\":{\"@type\":\"EntryPoint\",\"urlTemplate\":\"https:\/\/womenhouse.cz\/?s={search_term_string}\"},\"query-input\":\"required name=search_term_string\"}],\"inLanguage\":\"cs\"},{\"@type\":\"Organization\",\"@id\":\"https:\/\/womenhouse.cz\/#organization\",\"name\":\"WOMENHOUSE.cz\",\"url\":\"https:\/\/womenhouse.cz\/\",\"logo\":{\"@type\":\"ImageObject\",\"inLanguage\":\"cs\",\"@id\":\"https:\/\/womenhouse.cz\/#\/schema\/logo\/image\/\",\"url\":\"https:\/\/womenhouse.cz\/wp-content\/uploads\/2020\/06\/cropped-logo_Womenhouse_RGB-02-removebg-preview-1.png\",\"contentUrl\":\"https:\/\/womenhouse.cz\/wp-content\/uploads\/2020\/06\/cropped-logo_Womenhouse_RGB-02-removebg-preview-1.png\",\"width\":561,\"height\":375,\"caption\":\"WOMENHOUSE.cz\"},\"image\":{\"@id\":\"https:\/\/womenhouse.cz\/#\/schema\/logo\/image\/\"},\"sameAs\":[\"https:\/\/www.facebook.com\/womenhousecz\",\"https:\/\/www.instagram.com\/womenhousecz\/\"]},{\"@type\":\"Person\",\"@id\":\"https:\/\/womenhouse.cz\/#\/schema\/person\/bb23de047f36ce228c1df3119aa23bff\",\"name\":\"Marcela Karafizievov\u00e1\",\"sameAs\":[\"http:\/\/WOMENHOUSE.cz\"],\"url\":\"https:\/\/womenhouse.cz\/index.php\/author\/markar\/\"}]}<\/script>\n<!-- \/ Yoast SEO plugin. -->","yoast_head_json":{"title":"Hodnot\u00edme kav\u00e1rny | Cukr\u00e1rna My\u0161\u00e1k - WOMENHOUSE.cz","robots":{"index":"index","follow":"follow","max-snippet":"max-snippet:-1","max-image-preview":"max-image-preview:large","max-video-preview":"max-video-preview:-1"},"canonical":"https:\/\/womenhouse.cz\/index.php\/2019\/11\/08\/hodnotime-kavarny-cukrarna-mysak\/","og_locale":"cs_CZ","og_type":"article","og_title":"Hodnot\u00edme kav\u00e1rny | Cukr\u00e1rna My\u0161\u00e1k - WOMENHOUSE.cz","og_description":"V r\u00e1mci na\u0161\u00ed medi\u00e1ln\u00ed skupiny HMG jsme si pro v\u00e1s p\u0159ipravili s\u00e9rii \u010dl\u00e1nk\u016f, v&nbsp;nich\u017e s&nbsp;v\u00e1mi sd\u00edl\u00edme, kde jsme za v\u00e1s vyzkou\u0161eli nejlep\u0161\u00ed kav\u00e1rny nejen v Praze, ale i po cel\u00e9 \u010cR. Tentokr\u00e1t jsme nav\u0161t\u00edvili proslulou Cukr\u00e1rnu My\u0161\u00e1k, kter\u00e1 se nach\u00e1z\u00ed mal\u00fd kousek od V\u00e1clavsk\u00e9ho n\u00e1m\u011bst\u00ed. Cukr\u00e1rna d\u011bl\u00e1 radost Pra\u017ean\u016fm ji\u017e n\u011bkolik desetilet\u00ed, v nov\u00e9m kab\u00e1t\u011b [&hellip;]","og_url":"https:\/\/womenhouse.cz\/index.php\/2019\/11\/08\/hodnotime-kavarny-cukrarna-mysak\/","og_site_name":"WOMENHOUSE.cz","article_publisher":"https:\/\/www.facebook.com\/womenhousecz","article_published_time":"2019-11-07T23:01:44+00:00","article_modified_time":"2019-11-24T12:29:03+00:00","og_image":[{"width":1950,"height":1463,"url":"https:\/\/womenhouse.cz\/wp-content\/uploads\/2019\/11\/IMG_20191101_154836.jpg","type":"image\/jpeg"}],"author":"Marcela Karafizievov\u00e1","twitter_card":"summary_large_image","twitter_misc":{"Napsal(a)":"Marcela Karafizievov\u00e1","Odhadovan\u00e1 doba \u010dten\u00ed":"2 minuty"},"schema":{"@context":"https:\/\/schema.org","@graph":[{"@type":"Article","@id":"https:\/\/womenhouse.cz\/index.php\/2019\/11\/08\/hodnotime-kavarny-cukrarna-mysak\/#article","isPartOf":{"@id":"https:\/\/womenhouse.cz\/index.php\/2019\/11\/08\/hodnotime-kavarny-cukrarna-mysak\/"},"author":{"name":"Marcela Karafizievov\u00e1","@id":"https:\/\/womenhouse.cz\/#\/schema\/person\/bb23de047f36ce228c1df3119aa23bff"},"headline":"Hodnot\u00edme kav\u00e1rny | Cukr\u00e1rna My\u0161\u00e1k","datePublished":"2019-11-07T23:01:44+00:00","dateModified":"2019-11-24T12:29:03+00:00","mainEntityOfPage":{"@id":"https:\/\/womenhouse.cz\/index.php\/2019\/11\/08\/hodnotime-kavarny-cukrarna-mysak\/"},"wordCount":458,"publisher":{"@id":"https:\/\/womenhouse.cz\/#organization"},"articleSection":["GASTRO &amp; RECEPTY"],"inLanguage":"cs"},{"@type":"WebPage","@id":"https:\/\/womenhouse.cz\/index.php\/2019\/11\/08\/hodnotime-kavarny-cukrarna-mysak\/","url":"https:\/\/womenhouse.cz\/index.php\/2019\/11\/08\/hodnotime-kavarny-cukrarna-mysak\/","name":"Hodnot\u00edme kav\u00e1rny | Cukr\u00e1rna My\u0161\u00e1k - WOMENHOUSE.cz","isPartOf":{"@id":"https:\/\/womenhouse.cz\/#website"},"datePublished":"2019-11-07T23:01:44+00:00","dateModified":"2019-11-24T12:29:03+00:00","breadcrumb":{"@id":"https:\/\/womenhouse.cz\/index.php\/2019\/11\/08\/hodnotime-kavarny-cukrarna-mysak\/#breadcrumb"},"inLanguage":"cs","potentialAction":[{"@type":"ReadAction","target":["https:\/\/womenhouse.cz\/index.php\/2019\/11\/08\/hodnotime-kavarny-cukrarna-mysak\/"]}]},{"@type":"BreadcrumbList","@id":"https:\/\/womenhouse.cz\/index.php\/2019\/11\/08\/hodnotime-kavarny-cukrarna-mysak\/#breadcrumb","itemListElement":[{"@type":"ListItem","position":1,"name":"Dom\u016f","item":"https:\/\/womenhouse.cz\/"},{"@type":"ListItem","position":2,"name":"Hodnot\u00edme kav\u00e1rny | Cukr\u00e1rna My\u0161\u00e1k"}]},{"@type":"WebSite","@id":"https:\/\/womenhouse.cz\/#website","url":"https:\/\/womenhouse.cz\/","name":"WOMENHOUSE.cz","description":"Port\u00e1l v\u00fdhradn\u011b jen pro \u017eeny...","publisher":{"@id":"https:\/\/womenhouse.cz\/#organization"},"potentialAction":[{"@type":"SearchAction","target":{"@type":"EntryPoint","urlTemplate":"https:\/\/womenhouse.cz\/?s={search_term_string}"},"query-input":"required name=search_term_string"}],"inLanguage":"cs"},{"@type":"Organization","@id":"https:\/\/womenhouse.cz\/#organization","name":"WOMENHOUSE.cz","url":"https:\/\/womenhouse.cz\/","logo":{"@type":"ImageObject","inLanguage":"cs","@id":"https:\/\/womenhouse.cz\/#\/schema\/logo\/image\/","url":"https:\/\/womenhouse.cz\/wp-content\/uploads\/2020\/06\/cropped-logo_Womenhouse_RGB-02-removebg-preview-1.png","contentUrl":"https:\/\/womenhouse.cz\/wp-content\/uploads\/2020\/06\/cropped-logo_Womenhouse_RGB-02-removebg-preview-1.png","width":561,"height":375,"caption":"WOMENHOUSE.cz"},"image":{"@id":"https:\/\/womenhouse.cz\/#\/schema\/logo\/image\/"},"sameAs":["https:\/\/www.facebook.com\/womenhousecz","https:\/\/www.instagram.com\/womenhousecz\/"]},{"@type":"Person","@id":"https:\/\/womenhouse.cz\/#\/schema\/person\/bb23de047f36ce228c1df3119aa23bff","name":"Marcela Karafizievov\u00e1","sameAs":["http:\/\/WOMENHOUSE.cz"],"url":"https:\/\/womenhouse.cz\/index.php\/author\/markar\/"}]}},"_links":{"self":[{"href":"https:\/\/womenhouse.cz\/index.php\/wp-json\/wp\/v2\/posts\/1359"}],"collection":[{"href":"https:\/\/womenhouse.cz\/index.php\/wp-json\/wp\/v2\/posts"}],"about":[{"href":"https:\/\/womenhouse.cz\/index.php\/wp-json\/wp\/v2\/types\/post"}],"author":[{"embeddable":true,"href":"https:\/\/womenhouse.cz\/index.php\/wp-json\/wp\/v2\/users\/5"}],"replies":[{"embeddable":true,"href":"https:\/\/womenhouse.cz\/index.php\/wp-json\/wp\/v2\/comments?post=1359"}],"version-history":[{"count":-4,"href":"https:\/\/womenhouse.cz\/index.php\/wp-json\/wp\/v2\/posts\/1359\/revisions"}],"wp:featuredmedia":[{"embeddable":true,"href":"https:\/\/womenhouse.cz\/index.php\/wp-json\/wp\/v2\/media\/1360"}],"wp:attachment":[{"href":"https:\/\/womenhouse.cz\/index.php\/wp-json\/wp\/v2\/media?parent=1359"}],"wp:term":[{"taxonomy":"category","embeddable":true,"href":"https:\/\/womenhouse.cz\/index.php\/wp-json\/wp\/v2\/categories?post=1359"},{"taxonomy":"post_tag","embeddable":true,"href":"https:\/\/womenhouse.cz\/index.php\/wp-json\/wp\/v2\/tags?post=1359"}],"curies":[{"name":"wp","href":"https:\/\/api.w.org\/{rel}","templated":true}]}}