{"id":13556,"date":"2024-07-18T19:42:01","date_gmt":"2024-07-18T17:42:01","guid":{"rendered":"https:\/\/womenhouse.cz\/?p=13556"},"modified":"2024-10-01T02:12:22","modified_gmt":"2024-10-01T00:12:22","slug":"bioklimaticke-pergoly-oaza-klidu-na-vasi-zahrade","status":"publish","type":"post","link":"https:\/\/womenhouse.cz\/index.php\/2024\/07\/18\/bioklimaticke-pergoly-oaza-klidu-na-vasi-zahrade\/","title":{"rendered":"Bioklimatick\u00e9 pergoly: O\u00e1za klidu na va\u0161\u00ed zahrad\u011b"},"content":{"rendered":"\n<div style=\"height:42px\" aria-hidden=\"true\" class=\"wp-block-spacer\"><\/div>\n\n\n\n<p><strong>Bioklimatick\u00e9 pergoly se v posledn\u00edch letech st\u00e1vaj\u00ed st\u00e1le vyhled\u00e1van\u011bj\u0161\u00edm \u0159e\u0161en\u00edm zast\u0159e\u0161en\u00ed terasy. Nab\u00edz\u00ed toti\u017e oproti klasick\u00fdm pergol\u00e1m hned n\u011bkolik z\u00e1sadn\u00edch v\u00fdhod, kter\u00e9 z nich d\u011blaj\u00ed ide\u00e1ln\u00ed volbu pro v\u0161echny, kte\u0159\u00ed cht\u011bj\u00ed tr\u00e1vit v\u00edce \u010dasu venku bez ohledu na rozmary po\u010das\u00ed.<\/strong><\/p>\n\n\n\n<div style=\"height:42px\" aria-hidden=\"true\" class=\"wp-block-spacer\"><\/div>\n\n\n<div class=\"wp-block-image\">\n<figure class=\"aligncenter size-full is-resized\"><img loading=\"lazy\" decoding=\"async\" width=\"905\" height=\"755\" src=\"https:\/\/womenhouse.cz\/wp-content\/uploads\/2024\/07\/hlinikova-pergola-s-otocnymi-lamelami.jpg\" alt=\"Bioklimatick\u00e9 pergoly: O\u00e1za klidu na va\u0161\u00ed zahrad\u011b\" class=\"wp-image-13562\" style=\"width:795px;height:auto\" srcset=\"https:\/\/womenhouse.cz\/wp-content\/uploads\/2024\/07\/hlinikova-pergola-s-otocnymi-lamelami.jpg 905w, https:\/\/womenhouse.cz\/wp-content\/uploads\/2024\/07\/hlinikova-pergola-s-otocnymi-lamelami-300x250.jpg 300w, https:\/\/womenhouse.cz\/wp-content\/uploads\/2024\/07\/hlinikova-pergola-s-otocnymi-lamelami-768x641.jpg 768w\" sizes=\"(max-width: 905px) 100vw, 905px\" \/><\/figure><\/div>\n\n\n<div style=\"height:42px\" aria-hidden=\"true\" class=\"wp-block-spacer\"><\/div>\n\n\n\n<h2 class=\"wp-block-heading\"><strong>Pro\u010d si vybrat bioklimatickou pergolu?<\/strong><\/h2>\n\n\n\n<div style=\"height:10px\" aria-hidden=\"true\" class=\"wp-block-spacer\"><\/div>\n\n\n\n<p>Hlavn\u00ed p\u0159ednost\u00ed bioklimatick\u00fdch pergol je jejich variabilita. D\u00edky nakl\u00e1p\u011bc\u00edm lamel\u00e1m si sami regulujete, kolik slune\u010dn\u00edho sv\u011btla a \u010derstv\u00e9ho vzduchu chcete na terasu pustit. V hork\u00fdch letn\u00edch dnech se tak pergola prom\u011bn\u00ed v p\u0159\u00edjemn\u00fd st\u00edn, zat\u00edmco v p\u0159\u00edpad\u011b de\u0161t\u011b lamely odvedou vodu pry\u010d. To v\u00e1m umo\u017en\u00ed u\u017e\u00edvat si posezen\u00ed venku i mimo letn\u00ed sez\u00f3nu, a\u0165 u\u017e grilujete s p\u0159\u00e1teli, relaxujete s knihou v ruce nebo pozorujete hv\u011bzdnou oblohu.<\/p>\n\n\n\n<div style=\"height:42px\" aria-hidden=\"true\" class=\"wp-block-spacer\"><\/div>\n\n\n<div class=\"wp-block-image\">\n<figure class=\"aligncenter size-large\"><img loading=\"lazy\" decoding=\"async\" width=\"1024\" height=\"768\" src=\"https:\/\/womenhouse.cz\/wp-content\/uploads\/2024\/07\/pergola-adam-lamely-23-1024x768.jpg\" alt=\"Bioklimatick\u00e9 pergoly: O\u00e1za klidu na va\u0161\u00ed zahrad\u011b\" class=\"wp-image-13564\" srcset=\"https:\/\/womenhouse.cz\/wp-content\/uploads\/2024\/07\/pergola-adam-lamely-23-1024x768.jpg 1024w, https:\/\/womenhouse.cz\/wp-content\/uploads\/2024\/07\/pergola-adam-lamely-23-300x225.jpg 300w, https:\/\/womenhouse.cz\/wp-content\/uploads\/2024\/07\/pergola-adam-lamely-23-768x576.jpg 768w, https:\/\/womenhouse.cz\/wp-content\/uploads\/2024\/07\/pergola-adam-lamely-23-1536x1152.jpg 1536w, https:\/\/womenhouse.cz\/wp-content\/uploads\/2024\/07\/pergola-adam-lamely-23.jpg 1600w\" sizes=\"(max-width: 1024px) 100vw, 1024px\" \/><\/figure><\/div>\n\n\n<div style=\"height:42px\" aria-hidden=\"true\" class=\"wp-block-spacer\"><\/div>\n\n\n\n<h2 class=\"wp-block-heading\"><strong>Elegantn\u00ed design a \u0161irok\u00e1 variabilita<\/strong><\/h2>\n\n\n\n<div style=\"height:10px\" aria-hidden=\"true\" class=\"wp-block-spacer\"><\/div>\n\n\n\n<p><strong><a href=\"https:\/\/www.atypy.cz\/bioklimaticke-pergoly\/\">Bioklimatick\u00e9 pergoly<\/a><\/strong> ATYPY se d\u00e1le vyzna\u010duj\u00ed elegantn\u00edm a modern\u00edm designem, kter\u00fd skv\u011ble dopln\u00ed vzhled va\u0161eho domu i zahrady. Na v\u00fdb\u011br je z \u0161irok\u00e9 \u0161k\u00e1ly model\u016f a proveden\u00ed, tak\u017ee si ka\u017ed\u00fd najde tu pravou pergolu podle sv\u00e9ho vkusu a pot\u0159eb. A\u0165 u\u017e hled\u00e1te robustn\u00ed pergolu s jednoduch\u00fdm designem, jako je model Adam, nebo d\u00e1v\u00e1te p\u0159ednost elegantn\u00edmu proveden\u00ed s variabiln\u00ed konstrukc\u00ed, jako je pergola Aerolux, ATYPY v\u00e1m nab\u00edz\u00ed ide\u00e1ln\u00ed \u0159e\u0161en\u00ed.<\/p>\n\n\n\n<div style=\"height:42px\" aria-hidden=\"true\" class=\"wp-block-spacer\"><\/div>\n\n\n<div class=\"wp-block-image\">\n<figure class=\"aligncenter size-full\"><img loading=\"lazy\" decoding=\"async\" width=\"843\" height=\"632\" src=\"https:\/\/womenhouse.cz\/wp-content\/uploads\/2024\/07\/hlinikove-pergola-eva.jpg\" alt=\"Bioklimatick\u00e9 pergoly: O\u00e1za klidu na va\u0161\u00ed zahrad\u011b\" class=\"wp-image-13563\" srcset=\"https:\/\/womenhouse.cz\/wp-content\/uploads\/2024\/07\/hlinikove-pergola-eva.jpg 843w, https:\/\/womenhouse.cz\/wp-content\/uploads\/2024\/07\/hlinikove-pergola-eva-300x225.jpg 300w, https:\/\/womenhouse.cz\/wp-content\/uploads\/2024\/07\/hlinikove-pergola-eva-768x576.jpg 768w\" sizes=\"(max-width: 843px) 100vw, 843px\" \/><\/figure><\/div>\n\n\n<div style=\"height:42px\" aria-hidden=\"true\" class=\"wp-block-spacer\"><\/div>\n\n\n\n<h2 class=\"wp-block-heading\"><strong>Komfort a multifunk\u010dnost<\/strong><\/h2>\n\n\n\n<div style=\"height:10px\" aria-hidden=\"true\" class=\"wp-block-spacer\"><\/div>\n\n\n\n<p>Krom\u011b z\u00e1kladn\u00ed funkce zast\u0159e\u0161en\u00ed terasy v\u00e1m bioklimatick\u00e9 pergoly <strong><a href=\"https:\/\/www.atypy.cz\">ATYPY<\/a><\/strong> nab\u00edz\u00ed i dal\u0161\u00ed mo\u017enosti, jak si zp\u0159\u00edjemnit pobyt venku. Pergolu lze dovybavit osv\u011btlen\u00edm, grilov\u00e1n\u00edm, reproduktory a dal\u0161\u00edmi dopl\u0148ky, kter\u00e9 z terasy ud\u011blaj\u00ed skute\u010dn\u011b komfortn\u00ed a multifunk\u010dn\u00ed prostor.<\/p>\n\n\n\n<div style=\"height:42px\" aria-hidden=\"true\" class=\"wp-block-spacer\"><\/div>\n\n\n\n<figure class=\"wp-block-gallery has-nested-images columns-default is-cropped wp-block-gallery-1 is-layout-flex wp-block-gallery-is-layout-flex\">\n<figure class=\"wp-block-image size-large\"><img loading=\"lazy\" decoding=\"async\" width=\"675\" height=\"504\" data-id=\"13561\" src=\"https:\/\/womenhouse.cz\/wp-content\/uploads\/2024\/07\/ochrana-pred-sluncem.jpg\" alt=\"Bioklimatick\u00e9 pergoly: O\u00e1za klidu na va\u0161\u00ed zahrad\u011b\" class=\"wp-image-13561\" srcset=\"https:\/\/womenhouse.cz\/wp-content\/uploads\/2024\/07\/ochrana-pred-sluncem.jpg 675w, https:\/\/womenhouse.cz\/wp-content\/uploads\/2024\/07\/ochrana-pred-sluncem-300x224.jpg 300w\" sizes=\"(max-width: 675px) 100vw, 675px\" \/><\/figure>\n\n\n\n<figure class=\"wp-block-image size-large\"><img loading=\"lazy\" decoding=\"async\" width=\"672\" height=\"468\" data-id=\"13557\" src=\"https:\/\/womenhouse.cz\/wp-content\/uploads\/2024\/07\/bioklimaticka-pergola-otocne-lamely-1.jpg\" alt=\"Bioklimatick\u00e9 pergoly: O\u00e1za klidu na va\u0161\u00ed zahrad\u011b\" class=\"wp-image-13557\" srcset=\"https:\/\/womenhouse.cz\/wp-content\/uploads\/2024\/07\/bioklimaticka-pergola-otocne-lamely-1.jpg 672w, https:\/\/womenhouse.cz\/wp-content\/uploads\/2024\/07\/bioklimaticka-pergola-otocne-lamely-1-300x209.jpg 300w\" sizes=\"(max-width: 672px) 100vw, 672px\" \/><\/figure>\n\n\n\n<figure class=\"wp-block-image size-large\"><img loading=\"lazy\" decoding=\"async\" width=\"677\" height=\"466\" data-id=\"13560\" src=\"https:\/\/womenhouse.cz\/wp-content\/uploads\/2024\/07\/ochrana-pred-destem.jpg\" alt=\"Bioklimatick\u00e9 pergoly: O\u00e1za klidu na va\u0161\u00ed zahrad\u011b\" class=\"wp-image-13560\" srcset=\"https:\/\/womenhouse.cz\/wp-content\/uploads\/2024\/07\/ochrana-pred-destem.jpg 677w, https:\/\/womenhouse.cz\/wp-content\/uploads\/2024\/07\/ochrana-pred-destem-300x206.jpg 300w\" sizes=\"(max-width: 677px) 100vw, 677px\" \/><\/figure>\n<\/figure>\n\n\n\n<div style=\"height:42px\" aria-hidden=\"true\" class=\"wp-block-spacer\"><\/div>\n\n\n\n<h2 class=\"wp-block-heading\"><strong>Kvalita a spolehlivost<\/strong><\/h2>\n\n\n\n<div style=\"height:10px\" aria-hidden=\"true\" class=\"wp-block-spacer\"><\/div>\n\n\n\n<p>Bioklimatick\u00e9 pergoly ATYPY jsou vyrobeny z kvalitn\u00edch materi\u00e1l\u016f a proch\u00e1z\u00ed p\u0159\u00edsnou kontrolou kvality. D\u00edky tomu si tak m\u016f\u017eete b\u00fdt jisti, \u017ee pergola v\u00e1m bude slou\u017eit mnoho let bez nutnosti n\u00e1ro\u010dn\u00e9 \u00fadr\u017eby. Spole\u010dnost ATYPY v\u00e1m d\u00e1le nab\u00edz\u00ed profesion\u00e1ln\u00ed mont\u00e1\u017e a z\u00e1ru\u010dn\u00ed i poz\u00e1ru\u010dn\u00ed servis.<\/p>\n\n\n\n<div style=\"height:15px\" aria-hidden=\"true\" class=\"wp-block-spacer\"><\/div>\n\n\n\n<p><strong>Redak\u010dn\u00ed tip:<\/strong> Zam\u011b\u0159te se p\u0159i v\u00fdb\u011bru na <strong><a href=\"https:\/\/www.atypy.cz\/hlinikove-pergoly\/\">hlin\u00edkov\u00e9 pergoly<\/a> <\/strong>se stahovac\u00ed st\u0159echou na m\u00edru.<\/p>\n\n\n\n<div style=\"height:42px\" aria-hidden=\"true\" class=\"wp-block-spacer\"><\/div>\n\n\n\n<figure class=\"wp-block-embed aligncenter is-type-video is-provider-youtube wp-block-embed-youtube wp-embed-aspect-16-9 wp-has-aspect-ratio\"><div class=\"wp-block-embed__wrapper\">\n<iframe loading=\"lazy\" title=\"3 realizace pergoly Eva s posuvnou st\u0159echou\" width=\"640\" height=\"360\" src=\"https:\/\/www.youtube.com\/embed\/VQHFqze5R1M?feature=oembed\" frameborder=\"0\" allow=\"accelerometer; autoplay; clipboard-write; encrypted-media; gyroscope; picture-in-picture; web-share\" referrerpolicy=\"strict-origin-when-cross-origin\" allowfullscreen><\/iframe>\n<\/div><\/figure>\n\n\n\n<div style=\"height:42px\" aria-hidden=\"true\" class=\"wp-block-spacer\"><\/div>\n\n\n\n<h2 class=\"wp-block-heading\"><strong>Investice, kter\u00e1 se v\u00e1m vr\u00e1t\u00ed<\/strong><\/h2>\n\n\n\n<div style=\"height:10px\" aria-hidden=\"true\" class=\"wp-block-spacer\"><\/div>\n\n\n\n<p>Investice do bioklimatick\u00e9 pergoly ATYPY se v\u00e1m tak mnohon\u00e1sobn\u011b vr\u00e1t\u00ed v podob\u011b komfortn\u00edho posezen\u00ed venku, prodlou\u017een\u00e9 grilovac\u00ed sez\u00f3ny a p\u0159\u00edjemn\u00e9ho prost\u0159ed\u00ed na va\u0161\u00ed zahrad\u011b po cel\u00fd rok.<\/p>\n\n\n\n<p><strong><a href=\"https:\/\/www.atypy.cz\/bioklimaticke-pergoly\/\">Bioklimatick\u00e1 pergola<\/a><\/strong> je skv\u011bl\u00e1 volba.<\/p>\n\n\n\n<div style=\"height:151px\" aria-hidden=\"true\" class=\"wp-block-spacer\"><\/div>\n\n\n\n<figure class=\"wp-block-gallery has-nested-images columns-default is-cropped wp-block-gallery-2 is-layout-flex wp-block-gallery-is-layout-flex\">\n<figure class=\"wp-block-image size-large\"><img loading=\"lazy\" decoding=\"async\" width=\"843\" height=\"632\" data-id=\"13563\" src=\"https:\/\/womenhouse.cz\/wp-content\/uploads\/2024\/07\/hlinikove-pergola-eva.jpg\" alt=\"Bioklimatick\u00e9 pergoly: O\u00e1za klidu na va\u0161\u00ed zahrad\u011b\" class=\"wp-image-13563\" srcset=\"https:\/\/womenhouse.cz\/wp-content\/uploads\/2024\/07\/hlinikove-pergola-eva.jpg 843w, https:\/\/womenhouse.cz\/wp-content\/uploads\/2024\/07\/hlinikove-pergola-eva-300x225.jpg 300w, https:\/\/womenhouse.cz\/wp-content\/uploads\/2024\/07\/hlinikove-pergola-eva-768x576.jpg 768w\" sizes=\"(max-width: 843px) 100vw, 843px\" \/><\/figure>\n\n\n\n<figure class=\"wp-block-image size-large\"><img loading=\"lazy\" decoding=\"async\" width=\"905\" height=\"755\" data-id=\"13562\" src=\"https:\/\/womenhouse.cz\/wp-content\/uploads\/2024\/07\/hlinikova-pergola-s-otocnymi-lamelami.jpg\" alt=\"Bioklimatick\u00e9 pergoly: O\u00e1za klidu na va\u0161\u00ed zahrad\u011b\" class=\"wp-image-13562\" srcset=\"https:\/\/womenhouse.cz\/wp-content\/uploads\/2024\/07\/hlinikova-pergola-s-otocnymi-lamelami.jpg 905w, https:\/\/womenhouse.cz\/wp-content\/uploads\/2024\/07\/hlinikova-pergola-s-otocnymi-lamelami-300x250.jpg 300w, https:\/\/womenhouse.cz\/wp-content\/uploads\/2024\/07\/hlinikova-pergola-s-otocnymi-lamelami-768x641.jpg 768w\" sizes=\"(max-width: 905px) 100vw, 905px\" \/><\/figure>\n\n\n\n<figure class=\"wp-block-image size-large\"><img loading=\"lazy\" decoding=\"async\" width=\"1024\" height=\"768\" data-id=\"13564\" src=\"https:\/\/womenhouse.cz\/wp-content\/uploads\/2024\/07\/pergola-adam-lamely-23-1024x768.jpg\" alt=\"Bioklimatick\u00e9 pergoly: O\u00e1za klidu na va\u0161\u00ed zahrad\u011b\" class=\"wp-image-13564\" srcset=\"https:\/\/womenhouse.cz\/wp-content\/uploads\/2024\/07\/pergola-adam-lamely-23-1024x768.jpg 1024w, https:\/\/womenhouse.cz\/wp-content\/uploads\/2024\/07\/pergola-adam-lamely-23-300x225.jpg 300w, https:\/\/womenhouse.cz\/wp-content\/uploads\/2024\/07\/pergola-adam-lamely-23-768x576.jpg 768w, https:\/\/womenhouse.cz\/wp-content\/uploads\/2024\/07\/pergola-adam-lamely-23-1536x1152.jpg 1536w, https:\/\/womenhouse.cz\/wp-content\/uploads\/2024\/07\/pergola-adam-lamely-23.jpg 1600w\" sizes=\"(max-width: 1024px) 100vw, 1024px\" \/><\/figure>\n\n\n\n<figure class=\"wp-block-image size-large\"><img loading=\"lazy\" decoding=\"async\" width=\"675\" height=\"504\" data-id=\"13561\" src=\"https:\/\/womenhouse.cz\/wp-content\/uploads\/2024\/07\/ochrana-pred-sluncem.jpg\" alt=\"Bioklimatick\u00e9 pergoly: O\u00e1za klidu na va\u0161\u00ed zahrad\u011b\" class=\"wp-image-13561\" srcset=\"https:\/\/womenhouse.cz\/wp-content\/uploads\/2024\/07\/ochrana-pred-sluncem.jpg 675w, https:\/\/womenhouse.cz\/wp-content\/uploads\/2024\/07\/ochrana-pred-sluncem-300x224.jpg 300w\" sizes=\"(max-width: 675px) 100vw, 675px\" \/><\/figure>\n\n\n\n<figure class=\"wp-block-image size-large\"><img loading=\"lazy\" decoding=\"async\" width=\"672\" height=\"468\" data-id=\"13557\" src=\"https:\/\/womenhouse.cz\/wp-content\/uploads\/2024\/07\/bioklimaticka-pergola-otocne-lamely-1.jpg\" alt=\"Bioklimatick\u00e9 pergoly: O\u00e1za klidu na va\u0161\u00ed zahrad\u011b\" class=\"wp-image-13557\" srcset=\"https:\/\/womenhouse.cz\/wp-content\/uploads\/2024\/07\/bioklimaticka-pergola-otocne-lamely-1.jpg 672w, https:\/\/womenhouse.cz\/wp-content\/uploads\/2024\/07\/bioklimaticka-pergola-otocne-lamely-1-300x209.jpg 300w\" sizes=\"(max-width: 672px) 100vw, 672px\" \/><\/figure>\n\n\n\n<figure class=\"wp-block-image size-large\"><img loading=\"lazy\" decoding=\"async\" width=\"677\" height=\"466\" data-id=\"13560\" src=\"https:\/\/womenhouse.cz\/wp-content\/uploads\/2024\/07\/ochrana-pred-destem.jpg\" alt=\"Bioklimatick\u00e9 pergoly: O\u00e1za klidu na va\u0161\u00ed zahrad\u011b\" class=\"wp-image-13560\" srcset=\"https:\/\/womenhouse.cz\/wp-content\/uploads\/2024\/07\/ochrana-pred-destem.jpg 677w, https:\/\/womenhouse.cz\/wp-content\/uploads\/2024\/07\/ochrana-pred-destem-300x206.jpg 300w\" sizes=\"(max-width: 677px) 100vw, 677px\" \/><\/figure>\n\n\n\n<figure class=\"wp-block-image size-large\"><img loading=\"lazy\" decoding=\"async\" width=\"600\" height=\"400\" data-id=\"13558\" src=\"https:\/\/womenhouse.cz\/wp-content\/uploads\/2024\/07\/hlinikova-pergola-suntech-smooth-3.jpg\" alt=\"Bioklimatick\u00e9 pergoly: O\u00e1za klidu na va\u0161\u00ed zahrad\u011b\" class=\"wp-image-13558\" srcset=\"https:\/\/womenhouse.cz\/wp-content\/uploads\/2024\/07\/hlinikova-pergola-suntech-smooth-3.jpg 600w, https:\/\/womenhouse.cz\/wp-content\/uploads\/2024\/07\/hlinikova-pergola-suntech-smooth-3-300x200.jpg 300w\" sizes=\"(max-width: 600px) 100vw, 600px\" \/><\/figure>\n\n\n\n<figure class=\"wp-block-image size-large\"><img loading=\"lazy\" decoding=\"async\" width=\"600\" height=\"400\" data-id=\"13559\" src=\"https:\/\/womenhouse.cz\/wp-content\/uploads\/2024\/07\/hlinikove-pergola-suntech-smooth-3.jpg\" alt=\"Bioklimatick\u00e9 pergoly: O\u00e1za klidu na va\u0161\u00ed zahrad\u011b\" class=\"wp-image-13559\" srcset=\"https:\/\/womenhouse.cz\/wp-content\/uploads\/2024\/07\/hlinikove-pergola-suntech-smooth-3.jpg 600w, https:\/\/womenhouse.cz\/wp-content\/uploads\/2024\/07\/hlinikove-pergola-suntech-smooth-3-300x200.jpg 300w\" sizes=\"(max-width: 600px) 100vw, 600px\" \/><\/figure>\n<\/figure>\n\n\n\n<div style=\"height:25px\" aria-hidden=\"true\" class=\"wp-block-spacer\"><\/div>\n\n\n\n<p><strong>Zdroj foto: <\/strong>ATYPY.cz<\/p>\n\n\n\n<div style=\"height:100px\" aria-hidden=\"true\" class=\"wp-block-spacer\"><\/div>\n","protected":false},"excerpt":{"rendered":"<p>Bioklimatick\u00e9 pergoly se v posledn\u00edch letech st\u00e1vaj\u00ed st\u00e1le vyhled\u00e1van\u011bj\u0161\u00edm \u0159e\u0161en\u00edm zast\u0159e\u0161en\u00ed terasy. Nab\u00edz\u00ed toti\u017e oproti klasick\u00fdm pergol\u00e1m hned n\u011bkolik z\u00e1sadn\u00edch v\u00fdhod, kter\u00e9 z nich d\u011blaj\u00ed ide\u00e1ln\u00ed volbu pro v\u0161echny, kte\u0159\u00ed cht\u011bj\u00ed tr\u00e1vit v\u00edce \u010dasu venku bez ohledu na rozmary po\u010das\u00ed. Pro\u010d si vybrat bioklimatickou pergolu? Hlavn\u00ed p\u0159ednost\u00ed bioklimatick\u00fdch pergol je jejich variabilita. D\u00edky nakl\u00e1p\u011bc\u00edm lamel\u00e1m [&hellip;]<\/p>\n","protected":false},"author":3,"featured_media":13562,"comment_status":"closed","ping_status":"closed","sticky":false,"template":"","format":"standard","meta":{"_mi_skip_tracking":false,"_monsterinsights_sitenote_active":false,"_monsterinsights_sitenote_note":"","_monsterinsights_sitenote_category":0,"footnotes":""},"categories":[11,2,26,12],"tags":[147,148,146,149],"yoast_head":"<!-- This site is optimized with the Yoast SEO plugin v21.5 - https:\/\/yoast.com\/wordpress\/plugins\/seo\/ -->\n<title>Bioklimatick\u00e9 pergoly: O\u00e1za klidu na va\u0161\u00ed zahrad\u011b - WOMENHOUSE.cz<\/title>\n<meta name=\"description\" content=\"O\u00e1za klidu na va\u0161\u00ed zahrad\u011b: Bioklimatick\u00e9 pergoly se v posledn\u00edch letech st\u00e1vaj\u00ed st\u00e1le vyhled\u00e1van\u011bj\u0161\u00edm \u0159e\u0161en\u00edm zast\u0159e\u0161en\u00ed terasy.\" \/>\n<meta name=\"robots\" content=\"index, follow, max-snippet:-1, max-image-preview:large, max-video-preview:-1\" \/>\n<link rel=\"canonical\" href=\"https:\/\/womenhouse.cz\/index.php\/2024\/07\/18\/bioklimaticke-pergoly-oaza-klidu-na-vasi-zahrade\/\" \/>\n<meta property=\"og:locale\" content=\"cs_CZ\" \/>\n<meta property=\"og:type\" content=\"article\" \/>\n<meta property=\"og:title\" content=\"Bioklimatick\u00e9 pergoly: O\u00e1za klidu na va\u0161\u00ed zahrad\u011b - WOMENHOUSE.cz\" \/>\n<meta property=\"og:description\" content=\"O\u00e1za klidu na va\u0161\u00ed zahrad\u011b: Bioklimatick\u00e9 pergoly se v posledn\u00edch letech st\u00e1vaj\u00ed st\u00e1le vyhled\u00e1van\u011bj\u0161\u00edm \u0159e\u0161en\u00edm zast\u0159e\u0161en\u00ed terasy.\" \/>\n<meta property=\"og:url\" content=\"https:\/\/womenhouse.cz\/index.php\/2024\/07\/18\/bioklimaticke-pergoly-oaza-klidu-na-vasi-zahrade\/\" \/>\n<meta property=\"og:site_name\" content=\"WOMENHOUSE.cz\" \/>\n<meta property=\"article:publisher\" content=\"https:\/\/www.facebook.com\/womenhousecz\" \/>\n<meta property=\"article:published_time\" content=\"2024-07-18T17:42:01+00:00\" \/>\n<meta property=\"article:modified_time\" content=\"2024-10-01T00:12:22+00:00\" \/>\n<meta property=\"og:image\" content=\"https:\/\/womenhouse.cz\/wp-content\/uploads\/2024\/07\/hlinikova-pergola-s-otocnymi-lamelami.jpg\" \/>\n\t<meta property=\"og:image:width\" content=\"905\" \/>\n\t<meta property=\"og:image:height\" content=\"755\" \/>\n\t<meta property=\"og:image:type\" content=\"image\/jpeg\" \/>\n<meta name=\"author\" content=\"Miroslav Van\u011bk\" \/>\n<meta name=\"twitter:card\" content=\"summary_large_image\" \/>\n<meta name=\"twitter:label1\" content=\"Napsal(a)\" \/>\n\t<meta name=\"twitter:data1\" content=\"Miroslav Van\u011bk\" \/>\n\t<meta name=\"twitter:label2\" content=\"Odhadovan\u00e1 doba \u010dten\u00ed\" \/>\n\t<meta name=\"twitter:data2\" content=\"5 minut\" \/>\n<script type=\"application\/ld+json\" class=\"yoast-schema-graph\">{\"@context\":\"https:\/\/schema.org\",\"@graph\":[{\"@type\":\"Article\",\"@id\":\"https:\/\/womenhouse.cz\/index.php\/2024\/07\/18\/bioklimaticke-pergoly-oaza-klidu-na-vasi-zahrade\/#article\",\"isPartOf\":{\"@id\":\"https:\/\/womenhouse.cz\/index.php\/2024\/07\/18\/bioklimaticke-pergoly-oaza-klidu-na-vasi-zahrade\/\"},\"author\":{\"name\":\"Miroslav Van\u011bk\",\"@id\":\"https:\/\/womenhouse.cz\/#\/schema\/person\/86cffd1f6a5059d13fa66315493f584d\"},\"headline\":\"Bioklimatick\u00e9 pergoly: O\u00e1za klidu na va\u0161\u00ed zahrad\u011b\",\"datePublished\":\"2024-07-18T17:42:01+00:00\",\"dateModified\":\"2024-10-01T00:12:22+00:00\",\"mainEntityOfPage\":{\"@id\":\"https:\/\/womenhouse.cz\/index.php\/2024\/07\/18\/bioklimaticke-pergoly-oaza-klidu-na-vasi-zahrade\/\"},\"wordCount\":469,\"publisher\":{\"@id\":\"https:\/\/womenhouse.cz\/#organization\"},\"keywords\":[\"ATYPY\",\"ATYPY.cz\",\"Bioklimatick\u00e9 pergoly\",\"hlin\u00edkov\u00e9 pergoly\"],\"articleSection\":[\"BYDLEN\u00cd &amp; DESIGN\",\"NEWS\",\"TECHNIKA &amp; SPOT\u0158EBI\u010cE\",\"TIPY &amp; TRENDY\"],\"inLanguage\":\"cs\"},{\"@type\":\"WebPage\",\"@id\":\"https:\/\/womenhouse.cz\/index.php\/2024\/07\/18\/bioklimaticke-pergoly-oaza-klidu-na-vasi-zahrade\/\",\"url\":\"https:\/\/womenhouse.cz\/index.php\/2024\/07\/18\/bioklimaticke-pergoly-oaza-klidu-na-vasi-zahrade\/\",\"name\":\"Bioklimatick\u00e9 pergoly: O\u00e1za klidu na va\u0161\u00ed zahrad\u011b - WOMENHOUSE.cz\",\"isPartOf\":{\"@id\":\"https:\/\/womenhouse.cz\/#website\"},\"datePublished\":\"2024-07-18T17:42:01+00:00\",\"dateModified\":\"2024-10-01T00:12:22+00:00\",\"description\":\"O\u00e1za klidu na va\u0161\u00ed zahrad\u011b: Bioklimatick\u00e9 pergoly se v posledn\u00edch letech st\u00e1vaj\u00ed st\u00e1le vyhled\u00e1van\u011bj\u0161\u00edm \u0159e\u0161en\u00edm zast\u0159e\u0161en\u00ed terasy.\",\"breadcrumb\":{\"@id\":\"https:\/\/womenhouse.cz\/index.php\/2024\/07\/18\/bioklimaticke-pergoly-oaza-klidu-na-vasi-zahrade\/#breadcrumb\"},\"inLanguage\":\"cs\",\"potentialAction\":[{\"@type\":\"ReadAction\",\"target\":[\"https:\/\/womenhouse.cz\/index.php\/2024\/07\/18\/bioklimaticke-pergoly-oaza-klidu-na-vasi-zahrade\/\"]}]},{\"@type\":\"BreadcrumbList\",\"@id\":\"https:\/\/womenhouse.cz\/index.php\/2024\/07\/18\/bioklimaticke-pergoly-oaza-klidu-na-vasi-zahrade\/#breadcrumb\",\"itemListElement\":[{\"@type\":\"ListItem\",\"position\":1,\"name\":\"Dom\u016f\",\"item\":\"https:\/\/womenhouse.cz\/\"},{\"@type\":\"ListItem\",\"position\":2,\"name\":\"Bioklimatick\u00e9 pergoly: O\u00e1za klidu na va\u0161\u00ed zahrad\u011b\"}]},{\"@type\":\"WebSite\",\"@id\":\"https:\/\/womenhouse.cz\/#website\",\"url\":\"https:\/\/womenhouse.cz\/\",\"name\":\"WOMENHOUSE.cz\",\"description\":\"Port\u00e1l v\u00fdhradn\u011b jen pro \u017eeny...\",\"publisher\":{\"@id\":\"https:\/\/womenhouse.cz\/#organization\"},\"potentialAction\":[{\"@type\":\"SearchAction\",\"target\":{\"@type\":\"EntryPoint\",\"urlTemplate\":\"https:\/\/womenhouse.cz\/?s={search_term_string}\"},\"query-input\":\"required name=search_term_string\"}],\"inLanguage\":\"cs\"},{\"@type\":\"Organization\",\"@id\":\"https:\/\/womenhouse.cz\/#organization\",\"name\":\"WOMENHOUSE.cz\",\"url\":\"https:\/\/womenhouse.cz\/\",\"logo\":{\"@type\":\"ImageObject\",\"inLanguage\":\"cs\",\"@id\":\"https:\/\/womenhouse.cz\/#\/schema\/logo\/image\/\",\"url\":\"https:\/\/womenhouse.cz\/wp-content\/uploads\/2020\/06\/cropped-logo_Womenhouse_RGB-02-removebg-preview-1.png\",\"contentUrl\":\"https:\/\/womenhouse.cz\/wp-content\/uploads\/2020\/06\/cropped-logo_Womenhouse_RGB-02-removebg-preview-1.png\",\"width\":561,\"height\":375,\"caption\":\"WOMENHOUSE.cz\"},\"image\":{\"@id\":\"https:\/\/womenhouse.cz\/#\/schema\/logo\/image\/\"},\"sameAs\":[\"https:\/\/www.facebook.com\/womenhousecz\",\"https:\/\/www.instagram.com\/womenhousecz\/\"]},{\"@type\":\"Person\",\"@id\":\"https:\/\/womenhouse.cz\/#\/schema\/person\/86cffd1f6a5059d13fa66315493f584d\",\"name\":\"Miroslav Van\u011bk\",\"sameAs\":[\"http:\/\/www.womenhouse.cz\"],\"url\":\"https:\/\/womenhouse.cz\/index.php\/author\/mirvan\/\"}]}<\/script>\n<!-- \/ Yoast SEO plugin. -->","yoast_head_json":{"title":"Bioklimatick\u00e9 pergoly: O\u00e1za klidu na va\u0161\u00ed zahrad\u011b - WOMENHOUSE.cz","description":"O\u00e1za klidu na va\u0161\u00ed zahrad\u011b: Bioklimatick\u00e9 pergoly se v posledn\u00edch letech st\u00e1vaj\u00ed st\u00e1le vyhled\u00e1van\u011bj\u0161\u00edm \u0159e\u0161en\u00edm zast\u0159e\u0161en\u00ed terasy.","robots":{"index":"index","follow":"follow","max-snippet":"max-snippet:-1","max-image-preview":"max-image-preview:large","max-video-preview":"max-video-preview:-1"},"canonical":"https:\/\/womenhouse.cz\/index.php\/2024\/07\/18\/bioklimaticke-pergoly-oaza-klidu-na-vasi-zahrade\/","og_locale":"cs_CZ","og_type":"article","og_title":"Bioklimatick\u00e9 pergoly: O\u00e1za klidu na va\u0161\u00ed zahrad\u011b - WOMENHOUSE.cz","og_description":"O\u00e1za klidu na va\u0161\u00ed zahrad\u011b: Bioklimatick\u00e9 pergoly se v posledn\u00edch letech st\u00e1vaj\u00ed st\u00e1le vyhled\u00e1van\u011bj\u0161\u00edm \u0159e\u0161en\u00edm zast\u0159e\u0161en\u00ed terasy.","og_url":"https:\/\/womenhouse.cz\/index.php\/2024\/07\/18\/bioklimaticke-pergoly-oaza-klidu-na-vasi-zahrade\/","og_site_name":"WOMENHOUSE.cz","article_publisher":"https:\/\/www.facebook.com\/womenhousecz","article_published_time":"2024-07-18T17:42:01+00:00","article_modified_time":"2024-10-01T00:12:22+00:00","og_image":[{"width":905,"height":755,"url":"https:\/\/womenhouse.cz\/wp-content\/uploads\/2024\/07\/hlinikova-pergola-s-otocnymi-lamelami.jpg","type":"image\/jpeg"}],"author":"Miroslav Van\u011bk","twitter_card":"summary_large_image","twitter_misc":{"Napsal(a)":"Miroslav Van\u011bk","Odhadovan\u00e1 doba \u010dten\u00ed":"5 minut"},"schema":{"@context":"https:\/\/schema.org","@graph":[{"@type":"Article","@id":"https:\/\/womenhouse.cz\/index.php\/2024\/07\/18\/bioklimaticke-pergoly-oaza-klidu-na-vasi-zahrade\/#article","isPartOf":{"@id":"https:\/\/womenhouse.cz\/index.php\/2024\/07\/18\/bioklimaticke-pergoly-oaza-klidu-na-vasi-zahrade\/"},"author":{"name":"Miroslav Van\u011bk","@id":"https:\/\/womenhouse.cz\/#\/schema\/person\/86cffd1f6a5059d13fa66315493f584d"},"headline":"Bioklimatick\u00e9 pergoly: O\u00e1za klidu na va\u0161\u00ed zahrad\u011b","datePublished":"2024-07-18T17:42:01+00:00","dateModified":"2024-10-01T00:12:22+00:00","mainEntityOfPage":{"@id":"https:\/\/womenhouse.cz\/index.php\/2024\/07\/18\/bioklimaticke-pergoly-oaza-klidu-na-vasi-zahrade\/"},"wordCount":469,"publisher":{"@id":"https:\/\/womenhouse.cz\/#organization"},"keywords":["ATYPY","ATYPY.cz","Bioklimatick\u00e9 pergoly","hlin\u00edkov\u00e9 pergoly"],"articleSection":["BYDLEN\u00cd &amp; DESIGN","NEWS","TECHNIKA &amp; SPOT\u0158EBI\u010cE","TIPY &amp; TRENDY"],"inLanguage":"cs"},{"@type":"WebPage","@id":"https:\/\/womenhouse.cz\/index.php\/2024\/07\/18\/bioklimaticke-pergoly-oaza-klidu-na-vasi-zahrade\/","url":"https:\/\/womenhouse.cz\/index.php\/2024\/07\/18\/bioklimaticke-pergoly-oaza-klidu-na-vasi-zahrade\/","name":"Bioklimatick\u00e9 pergoly: O\u00e1za klidu na va\u0161\u00ed zahrad\u011b - WOMENHOUSE.cz","isPartOf":{"@id":"https:\/\/womenhouse.cz\/#website"},"datePublished":"2024-07-18T17:42:01+00:00","dateModified":"2024-10-01T00:12:22+00:00","description":"O\u00e1za klidu na va\u0161\u00ed zahrad\u011b: Bioklimatick\u00e9 pergoly se v posledn\u00edch letech st\u00e1vaj\u00ed st\u00e1le vyhled\u00e1van\u011bj\u0161\u00edm \u0159e\u0161en\u00edm zast\u0159e\u0161en\u00ed terasy.","breadcrumb":{"@id":"https:\/\/womenhouse.cz\/index.php\/2024\/07\/18\/bioklimaticke-pergoly-oaza-klidu-na-vasi-zahrade\/#breadcrumb"},"inLanguage":"cs","potentialAction":[{"@type":"ReadAction","target":["https:\/\/womenhouse.cz\/index.php\/2024\/07\/18\/bioklimaticke-pergoly-oaza-klidu-na-vasi-zahrade\/"]}]},{"@type":"BreadcrumbList","@id":"https:\/\/womenhouse.cz\/index.php\/2024\/07\/18\/bioklimaticke-pergoly-oaza-klidu-na-vasi-zahrade\/#breadcrumb","itemListElement":[{"@type":"ListItem","position":1,"name":"Dom\u016f","item":"https:\/\/womenhouse.cz\/"},{"@type":"ListItem","position":2,"name":"Bioklimatick\u00e9 pergoly: O\u00e1za klidu na va\u0161\u00ed zahrad\u011b"}]},{"@type":"WebSite","@id":"https:\/\/womenhouse.cz\/#website","url":"https:\/\/womenhouse.cz\/","name":"WOMENHOUSE.cz","description":"Port\u00e1l v\u00fdhradn\u011b jen pro \u017eeny...","publisher":{"@id":"https:\/\/womenhouse.cz\/#organization"},"potentialAction":[{"@type":"SearchAction","target":{"@type":"EntryPoint","urlTemplate":"https:\/\/womenhouse.cz\/?s={search_term_string}"},"query-input":"required name=search_term_string"}],"inLanguage":"cs"},{"@type":"Organization","@id":"https:\/\/womenhouse.cz\/#organization","name":"WOMENHOUSE.cz","url":"https:\/\/womenhouse.cz\/","logo":{"@type":"ImageObject","inLanguage":"cs","@id":"https:\/\/womenhouse.cz\/#\/schema\/logo\/image\/","url":"https:\/\/womenhouse.cz\/wp-content\/uploads\/2020\/06\/cropped-logo_Womenhouse_RGB-02-removebg-preview-1.png","contentUrl":"https:\/\/womenhouse.cz\/wp-content\/uploads\/2020\/06\/cropped-logo_Womenhouse_RGB-02-removebg-preview-1.png","width":561,"height":375,"caption":"WOMENHOUSE.cz"},"image":{"@id":"https:\/\/womenhouse.cz\/#\/schema\/logo\/image\/"},"sameAs":["https:\/\/www.facebook.com\/womenhousecz","https:\/\/www.instagram.com\/womenhousecz\/"]},{"@type":"Person","@id":"https:\/\/womenhouse.cz\/#\/schema\/person\/86cffd1f6a5059d13fa66315493f584d","name":"Miroslav Van\u011bk","sameAs":["http:\/\/www.womenhouse.cz"],"url":"https:\/\/womenhouse.cz\/index.php\/author\/mirvan\/"}]}},"_links":{"self":[{"href":"https:\/\/womenhouse.cz\/index.php\/wp-json\/wp\/v2\/posts\/13556"}],"collection":[{"href":"https:\/\/womenhouse.cz\/index.php\/wp-json\/wp\/v2\/posts"}],"about":[{"href":"https:\/\/womenhouse.cz\/index.php\/wp-json\/wp\/v2\/types\/post"}],"author":[{"embeddable":true,"href":"https:\/\/womenhouse.cz\/index.php\/wp-json\/wp\/v2\/users\/3"}],"replies":[{"embeddable":true,"href":"https:\/\/womenhouse.cz\/index.php\/wp-json\/wp\/v2\/comments?post=13556"}],"version-history":[{"count":-2,"href":"https:\/\/womenhouse.cz\/index.php\/wp-json\/wp\/v2\/posts\/13556\/revisions"}],"wp:featuredmedia":[{"embeddable":true,"href":"https:\/\/womenhouse.cz\/index.php\/wp-json\/wp\/v2\/media\/13562"}],"wp:attachment":[{"href":"https:\/\/womenhouse.cz\/index.php\/wp-json\/wp\/v2\/media?parent=13556"}],"wp:term":[{"taxonomy":"category","embeddable":true,"href":"https:\/\/womenhouse.cz\/index.php\/wp-json\/wp\/v2\/categories?post=13556"},{"taxonomy":"post_tag","embeddable":true,"href":"https:\/\/womenhouse.cz\/index.php\/wp-json\/wp\/v2\/tags?post=13556"}],"curies":[{"name":"wp","href":"https:\/\/api.w.org\/{rel}","templated":true}]}}