{"id":13202,"date":"2024-05-15T01:51:16","date_gmt":"2024-05-14T23:51:16","guid":{"rendered":"https:\/\/womenhouse.cz\/?p=13202"},"modified":"2024-07-10T04:36:45","modified_gmt":"2024-07-10T02:36:45","slug":"nejvice-financne-gramotne-deti-ceska","status":"publish","type":"post","link":"https:\/\/womenhouse.cz\/index.php\/2024\/05\/15\/nejvice-financne-gramotne-deti-ceska\/","title":{"rendered":"Nejv\u00edce finan\u010dn\u011b gramotn\u00e9 d\u011bti \u010ceska"},"content":{"rendered":"\n<div style=\"height:52px\" aria-hidden=\"true\" class=\"wp-block-spacer\"><\/div>\n\n\n\n<p><strong>V&nbsp;p\u00e1tek 26. dubna se v&nbsp;prostor\u00e1ch \u010cesk\u00e9 n\u00e1rodn\u00ed banky konalo fin\u00e1le ji\u017e 13. ro\u010dn\u00edku nejv\u011bt\u0161\u00ed tuzemsk\u00e9 Sout\u011b\u017ee Finan\u010dn\u00ed gramotnost. Ta je ur\u010dena student\u016fm z\u00e1kladn\u00edch a st\u0159edn\u00edch \u0161kol a m\u00e1 za c\u00edl zlep\u0161it jejich finan\u010dn\u00ed dovednosti. Do leto\u0161n\u00edho ro\u010dn\u00edku se zapojilo rekordn\u00ed mno\u017estv\u00ed \u00fa\u010dastn\u00edk\u016f. Sv\u00e9 s\u00edly pom\u011b\u0159ilo bezm\u00e1la 1&nbsp;300 \u0161kol a 64 000 student\u016f. P\u0159i celost\u00e1tn\u00edm fin\u00e1le si p\u0159ed odbornou komis\u00ed sv\u00e9 finan\u010dn\u00ed znalosti nejl\u00e9pe obh\u00e1jily t\u00fdmy ze&nbsp;Z\u00e1kladn\u00ed \u0161koly a Mate\u0159sk\u00e9 \u0161koly Sulejovice, Z\u00e1kladn\u00ed \u0161koly Pardubice-Polabiny a Masarykovy st\u0159edn\u00ed \u0161koly Letovice.<\/strong><\/p>\n\n\n\n<div style=\"height:50px\" aria-hidden=\"true\" class=\"wp-block-spacer\"><\/div>\n\n\n<div class=\"wp-block-image\">\n<figure class=\"aligncenter size-large\"><img decoding=\"async\" src=\"https:\/\/kidshouse.cz\/wp-content\/uploads\/2024\/05\/boys-286245_1280-1024x682.jpg\" alt=\"Nejv\u00edce finan\u010dn\u011b gramotn\u00e9 d\u011bti \u010ceska. Studuj\u00ed na \u0161kol\u00e1ch v\u00a0\u00dasteck\u00e9m, Pardubick\u00e9m a Jihomoravsk\u00e9m kraji\" class=\"wp-image-5544\"\/><\/figure><\/div>\n\n\n<div style=\"height:50px\" aria-hidden=\"true\" class=\"wp-block-spacer\"><\/div>\n\n\n\n<p>Sout\u011b\u017e Finan\u010dn\u00ed gramotnost, jej\u00edm\u017e c\u00edlem je zatraktivnit v\u00fduku finan\u010dn\u00ed gramotnosti na \u0161kol\u00e1ch a pomoci d\u011btem osvojit si zdrav\u00e9 finan\u010dn\u00ed n\u00e1vyky ji\u017e od \u00fatl\u00e9ho v\u011bku, se letos konala ji\u017e po t\u0159in\u00e1ct\u00e9. Tradi\u010dn\u011b j\u00ed organizoval Institut pro dal\u0161\u00ed vzd\u011bl\u00e1v\u00e1n\u00ed METODICA spolu s&nbsp;Evropskou asociac\u00ed finan\u010dn\u00edho pl\u00e1nov\u00e1n\u00ed \u010cR (EFPA \u010cR) za podpory \u010cesk\u00e9 n\u00e1rodn\u00ed banky (\u010cNB), Ministerstva \u0161kolstv\u00ed, ml\u00e1de\u017ee a t\u011blov\u00fdchovy (M\u0160MT) a Ministerstva financ\u00ed \u010cesk\u00e9 republiky (MF \u010cR). Hlavn\u00edm partnerem je ji\u017e druh\u00fdm rokem Nadace \u010cesk\u00e9 spo\u0159itelny. <\/p>\n\n\n\n<p><em>\u201eV\u011b\u0159\u00edme, \u017ee pro budoucnost d\u011bt\u00ed jsou d\u016fle\u017eit\u00e9 nejen znalosti o pen\u011bz\u00edch, ale tak\u00e9 dovednosti jako kritick\u00e9 my\u0161len\u00ed, schopnost \u0159e\u0161it probl\u00e9my a um\u011bt komunikovat. To v\u0161e Sout\u011b\u017e Finan\u010dn\u00ed gramotnost podporuje, a to je tak\u00e9 d\u016fvod, pro\u010d je Nadace \u010cesk\u00e9 spo\u0159itelny hrd\u00fdm partnerem,\u201c<\/em> uv\u00e1d\u00ed<strong> Dana Brandenburg, p\u0159edsedkyn\u011b spr\u00e1vn\u00ed rady Nadace \u010cesk\u00e9 spo\u0159itelny<\/strong>. Dal\u0161\u00edmi partnery sout\u011b\u017ee jsou pot\u00e9 ZFP Group a divadeln\u00ed spolek Ty-J\u00e1-Tr.<\/p>\n\n\n\n<p>Projekt, kter\u00fd je zam\u011b\u0159en nejen na roz\u0161\u00ed\u0159en\u00ed teoretick\u00fdch znalost\u00ed v&nbsp;oblasti financ\u00ed, ale tak\u00e9 na jejich vyu\u017eit\u00ed v&nbsp;b\u011b\u017en\u00e9m \u017eivot\u011b, letos zaznamenal rekordn\u00ed \u00fa\u010dast. P\u0159ihl\u00e1\u0161en\u00fdch bylo na 1&nbsp;267 \u0161kol a t\u00e9m\u011b\u0159 64 tis\u00edc student\u016f. <\/p>\n\n\n\n<p>\u201e<em>Vn\u00edm\u00e1me, \u017ee mezi studenty a u\u010diteli roste z\u00e1jem o vzd\u011bl\u00e1v\u00e1n\u00ed v&nbsp;oblasti finan\u010dn\u00ed gramotnosti. Pr\u00e1v\u011b z&nbsp;tohoto d\u016fvodu byl leto\u0161n\u00ed 13. ro\u010dn\u00edk opravdu siln\u00fd. Nejv\u011bt\u0161\u00ed n\u00e1r\u016fst p\u0159ihl\u00e1\u0161en\u00fdch \u0161kol jsme zaznamenali v&nbsp;Jihomoravsk\u00e9m a Moravskoslezsk\u00e9m kraji,\u201c <\/em>uv\u00e1d\u00ed <strong>\u0159editelka sout\u011b\u017ee Marie \u0160tef\u00e1nkov\u00e1.<\/strong><\/p>\n\n\n\n<div style=\"height:50px\" aria-hidden=\"true\" class=\"wp-block-spacer\"><\/div>\n\n\n<div class=\"wp-block-image\">\n<figure class=\"aligncenter size-large\"><img decoding=\"async\" src=\"https:\/\/kidshouse.cz\/wp-content\/uploads\/2024\/05\/kids-5560586_1280-1024x576.jpg\" alt=\"Nejv\u00edce finan\u010dn\u011b gramotn\u00e9 d\u011bti \u010ceska. Studuj\u00ed na \u0161kol\u00e1ch v\u00a0\u00dasteck\u00e9m, Pardubick\u00e9m a Jihomoravsk\u00e9m kraji\" class=\"wp-image-5542\"\/><\/figure><\/div>\n\n\n<div style=\"height:50px\" aria-hidden=\"true\" class=\"wp-block-spacer\"><\/div>\n\n\n\n<p>O v\u00edt\u011bzn\u00e1 m\u00edsta se b\u011bhem celost\u00e1tn\u00edho fin\u00e1le v&nbsp;\u010cesk\u00e9 n\u00e1rodn\u00ed bance utkalo celkem 42 t\u00fdm\u016f. V\u00edt\u011bzem za prvn\u00ed kategorii se nakonec stal t\u00fdm ze Z\u00e1kladn\u00ed \u0161koly a Mate\u0159sk\u00e9 \u0161koly Sulejovice, za druhou kategorii zv\u00edt\u011bzil t\u00fdm ze Z\u00e1kladn\u00ed \u0161koly Pardubice-Polabiny a za t\u0159et\u00ed kategorii t\u00fdm z&nbsp;Masarykovy st\u0159edn\u00ed \u0161koly Letovice. V&nbsp;r\u00e1mci fin\u00e1le byl t\u00fdm\u016fm zad\u00e1n praktick\u00fd \u00fakol z&nbsp;re\u00e1ln\u00e9ho \u017eivota, kter\u00fd navazoval na projekty z krajsk\u00e9ho kola a ov\u011b\u0159il jejich finan\u010dn\u00ed znalosti a pomohl jim uv\u011bdomit si hodnotu pen\u011bz a d\u016fle\u017eitost spr\u00e1vn\u00e9ho hospoda\u0159en\u00ed. <\/p>\n\n\n\n<p>\u201e<em>Ze zp\u011btn\u00fdch vazeb od \u00fa\u010dastn\u00edk\u016f sout\u011b\u017ee v\u00edme, \u017ee velmi oce\u0148uj\u00ed praktick\u00e9 \u00falohy, kter\u00e9 jim pom\u00e1haj\u00ed nahl\u00e9dnout do b\u011b\u017en\u00e9ho chodu \u017eivota i dom\u00e1cnosti. D\u00edky tomu si dok\u00e1\u017e\u00ed uv\u011bdomit, \u017ee je d\u016fle\u017eit\u00e9 m\u00edt p\u0159ehled o sv\u00fdch p\u0159\u00edjmech a v\u00fddaj\u00edch, a nau\u010d\u00ed se l\u00e9pe p\u0159em\u00fd\u0161let nad financemi.\u201c <\/em>\u0159\u00edk\u00e1 <strong>Marie \u0160tef\u00e1nkov\u00e1<\/strong>.<\/p>\n\n\n\n<p>\u017d\u00e1k\u016fm Z\u00e1kladn\u00ed \u0161koly a Mate\u0159sk\u00e9 \u0161koly Sulejovice byla z&nbsp;rukou ministra financ\u00ed Zby\u0148ka Stanjury ud\u011blena tak\u00e9 speci\u00e1ln\u00ed cena od MF \u010cR, kterou si dle jeho slov zaslou\u017eili za kompletnost zpracovan\u00e9ho projektu, ekologick\u00e9 my\u0161len\u00ed, vyu\u017eit\u00ed zdroj\u016f \u0161koly a vyda\u0159en\u00e9 hospoda\u0159en\u00ed s&nbsp;pen\u011bzi. <em>\u201eTento rok jsme se na v\u00edt\u011bzi nez\u00e1visle na sob\u011b shodli s&nbsp;odbornou porotou, co\u017e se ka\u017edoro\u010dn\u011b nest\u00e1v\u00e1. Hlavn\u00edm d\u016fvodem je, \u017ee v\u00edt\u011bzn\u00fd t\u00fdm m\u011bl sv\u016fj projekt opravdu velmi dob\u0159e p\u0159ipraven a dok\u00e1zal ho na vysok\u00e9 \u00farovni odprezentovat. Z\u00e1rove\u0148 dok\u00e1zal uspo\u0159it dostatek financ\u00ed, a to d\u00edky n\u00e1padu vyu\u017e\u00edt intern\u00ed zdroje \u0161koly, a nav\u00edc nezapomn\u011bl obdarovat ani svou pan\u00ed u\u010ditelku,\u201c <\/em>uv\u00e1d\u00ed <strong>ministr financ\u00ed Zbyn\u011bk Stanjura<\/strong> a dod\u00e1v\u00e1, \u017ee finan\u010dn\u00ed gramotnost je n\u011bco, co jako populace opravdu pot\u0159ebujeme: <\/p>\n\n\n\n<p><em>\u201eJde ji\u017e o t\u0159et\u00ed ro\u010dn\u00edk Sout\u011b\u017ee Finan\u010dn\u00ed gramotnost, kter\u00e9ho jsem sou\u010d\u00e1st\u00ed a mus\u00edm \u0159\u00edct, \u017ee \u010d\u00edm d\u00e1l v\u00edce vn\u00edm\u00e1m jeho d\u016fle\u017eitost mezi d\u011btmi a ml\u00e1de\u017e\u00ed. D\u00edky sout\u011b\u017ei si \u017e\u00e1ci mohou roz\u0161\u00ed\u0159it obzory a dozv\u011bd\u011bt se mnoho praktick\u00fdch v\u011bc\u00ed, kter\u00e9 vyu\u017eij\u00ed ve sv\u00e9m budouc\u00edm \u017eivot\u011b. Je evidentn\u00ed, \u017ee pokud mlad\u00ed lid\u00e9 za\u010d\u00ednaj\u00ed s&nbsp;naukou o finan\u010dn\u00ed gramotnosti od \u00fatl\u00e9ho v\u011bku, tak se ve sv\u011bt\u011b financ\u00ed budou v&nbsp;dosp\u011blosti l\u00e9pe orientovat a zvl\u00e1dnou l\u00e9pe hospoda\u0159it s pen\u011bzi.\u201c.<\/em><\/p>\n\n\n\n<p>D\u016fle\u017eitost finan\u010dn\u00ed gramotnosti zmi\u0148uje tak\u00e9 <strong>\u010dlen bankovn\u00ed rady \u010cesk\u00e9 n\u00e1rodn\u00ed banky Jan Proch\u00e1zka<\/strong>: <\/p>\n\n\n\n<p><em>\u201eFinan\u010dn\u00ed gramotnost je velice podstatn\u00e9 t\u00e9ma, obzvl\u00e1\u0161t\u011b u mlad\u00fdch lid\u00ed, proto\u017ee se nad\u00e1le line cel\u00fdm \u017eivotem. Pokud chceme, aby na\u0161e d\u011bti m\u011bly kvalitn\u00ed \u017eivot, je pot\u0159eba je v&nbsp;t\u00e9to oblasti vzd\u011bl\u00e1vat. V&nbsp;z\u00e1jmu \u010cesk\u00e9 n\u00e1rodn\u00ed banky je, aby budouc\u00ed generace disponovaly alespo\u0148 z\u00e1kladn\u00edmi znalostmi, byly schopn\u00e9 se v&nbsp;dosp\u011blosti orientovat na trhu financ\u00ed, samy vyhodnocovat situace a p\u0159edch\u00e1zet tak necht\u011bn\u00fdm \u00fatok\u016fm ze strany podvodn\u00edk\u016f. A to jsou d\u016fvody, pro\u010d dlouhodob\u011b podporujeme projekt Sout\u011b\u017e Finan\u010dn\u00ed gramotnost. Kdy\u017e vid\u00edm ty \u017e\u00e1ky a jejich entuziasmus, napl\u0148uje m\u011b to nad\u0161en\u00edm a tak\u00e9 klidem, \u017ee se n\u00e1m da\u0159\u00ed vychov\u00e1vat generace, kter\u00e9 na trhu financ\u00ed obstoj\u00ed nejen jako klienti, ale t\u0159eba i v&nbsp;roli bank\u00e9\u0159\u016f nebo ekonom\u016f.\u201c.<\/em><\/p>\n\n\n\n<div style=\"height:50px\" aria-hidden=\"true\" class=\"wp-block-spacer\"><\/div>\n\n\n<div class=\"wp-block-image\">\n<figure class=\"aligncenter size-large\"><img decoding=\"async\" src=\"https:\/\/kidshouse.cz\/wp-content\/uploads\/2024\/05\/ai-generated-8678078_1280-1024x579.jpg\" alt=\"Nejv\u00edce finan\u010dn\u011b gramotn\u00e9 d\u011bti \u010ceska. Studuj\u00ed na \u0161kol\u00e1ch v\u00a0\u00dasteck\u00e9m, Pardubick\u00e9m a Jihomoravsk\u00e9m kraji\" class=\"wp-image-5543\"\/><\/figure><\/div>\n\n\n<div style=\"height:50px\" aria-hidden=\"true\" class=\"wp-block-spacer\"><\/div>\n\n\n\n<p>Sout\u011b\u017e Finan\u010dn\u00ed gramotnost pom\u00e1h\u00e1 \u017e\u00e1k\u016fm nejen rozv\u00edjet jejich dovednosti v&nbsp;oblasti financ\u00ed, ale m\u016f\u017ee je tak\u00e9 motivovat v&nbsp;jejich budouc\u00edm studiu. <\/p>\n\n\n\n<p><em>\u201ePodporovat sout\u011b\u017ee je sou\u010d\u00e1st vzd\u011bl\u00e1vac\u00edch program\u016f. Krom\u011b b\u011b\u017en\u00e9ho vzd\u011bl\u00e1v\u00e1n\u00ed je pot\u0159eba nab\u00eddnout \u017e\u00e1k\u016fm i dal\u0161\u00ed aktivity, kter\u00e9 jim pomohou se rozv\u00edjet a t\u0159eba i p\u0159ipravit na budouc\u00ed \u017eivot. A pr\u00e1v\u011b d\u00edky Sout\u011b\u017ei Finan\u010dn\u00ed gramotnost se n\u00e1m m\u016f\u017ee poda\u0159it vylep\u0161it znalosti na\u0161eho n\u00e1roda v&nbsp;oblasti financ\u00ed. D\u011btem a mlad\u00fdm lidem tak n\u00e1zorn\u011b uk\u00e1\u017eeme, jak hospoda\u0159it se sv\u00fdmi prost\u0159edky a z\u00e1rove\u0148 je m\u016f\u017eeme motivovat k&nbsp;dal\u0161\u00edmu vzd\u011bl\u00e1n\u00ed v&nbsp;tomto oboru, a vychovat tak profesion\u00e1ly, kte\u0159\u00ed um\u00ed finan\u010dn\u011b v\u00e9st velk\u00e9 firmy,\u201c <\/em>uv\u00e1d\u00ed <strong>\u0159editel sekce vzd\u011bl\u00e1v\u00e1n\u00ed a ml\u00e1de\u017ee M\u0160MT Jan Mare\u0161.<\/strong><\/p>\n\n\n\n<p>A pr\u00e1v\u011b vzd\u011bl\u00e1n\u00ed a rozvoj v&nbsp;oblasti financ\u00ed zaji\u0161\u0165uje odborn\u00fd garant sout\u011b\u017ee EFPA \u010cR, kter\u00e1 sdru\u017euje \u0161pi\u010dkov\u00e9 certifikovan\u00e9 poradce na \u010desk\u00e9m trhu a po\u0159\u00e1d\u00e1 zkou\u0161ky odborn\u00e9 zp\u016fsobilosti v&nbsp;oblasti poji\u0161t\u011bn\u00ed, \u00fav\u011br\u016f, penz\u00ed a investic. <\/p>\n\n\n\n<p><em>\u201eOtev\u0159en\u00ed problematiky finan\u010dn\u00ed gramotnosti u d\u011bt\u00ed pova\u017euji za z\u00e1kladn\u00ed prevenci proti zadlu\u017eov\u00e1n\u00ed a finan\u010dn\u00edm probl\u00e9m\u016fm v&nbsp;dosp\u011blosti. Proto je do projektu zapojena \u0159ada odborn\u00edk\u016f z praxe, kte\u0159\u00ed d\u011btem pomohou nejen upevnit jejich st\u00e1vaj\u00edc\u00ed znalosti, ale tak\u00e9 je d\u00e1le prohloubit. D\u00e1v\u00e1me d\u016fraz na kompetence, co\u017e podporuje u d\u011bt\u00ed a mlad\u00fdch lid\u00ed z\u00e1jem o vzd\u011bl\u00e1v\u00e1n\u00ed ve finan\u010dn\u00ed gramotnosti. Vn\u00edm\u00e1me to p\u0159edev\u0161\u00edm u student\u016f st\u0159edn\u00edch \u0161kol, kte\u0159\u00ed se d\u00edky sout\u011b\u017ei za\u010dali o finance v\u00edce zaj\u00edmat a d\u00e1le se v&nbsp;t\u00e9to oblasti vzd\u011bl\u00e1vat,\u201c <\/em>\u0159\u00edk\u00e1 <strong>Marta Gellov\u00e1, prezidentka EFPA \u010cR<\/strong>.<\/p>\n\n\n\n<div style=\"height:100px\" aria-hidden=\"true\" class=\"wp-block-spacer\"><\/div>\n\n\n\n<figure class=\"wp-block-gallery has-nested-images columns-2 is-cropped wp-block-gallery-1 is-layout-flex wp-block-gallery-is-layout-flex\">\n<figure class=\"wp-block-image size-large\"><img decoding=\"async\" data-id=\"5544\" src=\"https:\/\/kidshouse.cz\/wp-content\/uploads\/2024\/05\/boys-286245_1280-1024x682.jpg\" alt=\"Nejv\u00edce finan\u010dn\u011b gramotn\u00e9 d\u011bti \u010ceska. Studuj\u00ed na \u0161kol\u00e1ch v\u00a0\u00dasteck\u00e9m, Pardubick\u00e9m a Jihomoravsk\u00e9m kraji\" class=\"wp-image-5544\"\/><\/figure>\n\n\n\n<figure class=\"wp-block-image size-large\"><img decoding=\"async\" data-id=\"5542\" src=\"https:\/\/kidshouse.cz\/wp-content\/uploads\/2024\/05\/kids-5560586_1280-1024x576.jpg\" alt=\"Nejv\u00edce finan\u010dn\u011b gramotn\u00e9 d\u011bti \u010ceska. Studuj\u00ed na \u0161kol\u00e1ch v\u00a0\u00dasteck\u00e9m, Pardubick\u00e9m a Jihomoravsk\u00e9m kraji\" class=\"wp-image-5542\"\/><\/figure>\n\n\n\n<figure class=\"wp-block-image size-large\"><img decoding=\"async\" data-id=\"5543\" src=\"https:\/\/kidshouse.cz\/wp-content\/uploads\/2024\/05\/ai-generated-8678078_1280-1024x579.jpg\" alt=\"Nejv\u00edce finan\u010dn\u011b gramotn\u00e9 d\u011bti \u010ceska. Studuj\u00ed na \u0161kol\u00e1ch v\u00a0\u00dasteck\u00e9m, Pardubick\u00e9m a Jihomoravsk\u00e9m kraji\" class=\"wp-image-5543\"\/><\/figure>\n<\/figure>\n\n\n\n<div style=\"height:33px\" aria-hidden=\"true\" class=\"wp-block-spacer\"><\/div>\n\n\n\n<p><strong>Zdroj foto:<\/strong> Pixabay<\/p>\n\n\n\n<div style=\"height:100px\" aria-hidden=\"true\" class=\"wp-block-spacer\"><\/div>\n","protected":false},"excerpt":{"rendered":"<p>V&nbsp;p\u00e1tek 26. dubna se v&nbsp;prostor\u00e1ch \u010cesk\u00e9 n\u00e1rodn\u00ed banky konalo fin\u00e1le ji\u017e 13. ro\u010dn\u00edku nejv\u011bt\u0161\u00ed tuzemsk\u00e9 Sout\u011b\u017ee Finan\u010dn\u00ed gramotnost. Ta je ur\u010dena student\u016fm z\u00e1kladn\u00edch a st\u0159edn\u00edch \u0161kol a m\u00e1 za c\u00edl zlep\u0161it jejich finan\u010dn\u00ed dovednosti. Do leto\u0161n\u00edho ro\u010dn\u00edku se zapojilo rekordn\u00ed mno\u017estv\u00ed \u00fa\u010dastn\u00edk\u016f. Sv\u00e9 s\u00edly pom\u011b\u0159ilo bezm\u00e1la 1&nbsp;300 \u0161kol a 64 000 student\u016f. P\u0159i celost\u00e1tn\u00edm fin\u00e1le [&hellip;]<\/p>\n","protected":false},"author":6,"featured_media":13203,"comment_status":"closed","ping_status":"closed","sticky":false,"template":"","format":"standard","meta":{"_mi_skip_tracking":false,"_monsterinsights_sitenote_active":false,"_monsterinsights_sitenote_note":"","_monsterinsights_sitenote_category":0,"footnotes":""},"categories":[21,2,17,12],"tags":[],"yoast_head":"<!-- This site is optimized with the Yoast SEO plugin v21.5 - https:\/\/yoast.com\/wordpress\/plugins\/seo\/ -->\n<title>Nejv\u00edce finan\u010dn\u011b gramotn\u00e9 d\u011bti \u010ceska - WOMENHOUSE.cz<\/title>\n<meta name=\"description\" content=\"V\u00a0p\u00e1tek 26. dubna se v\u00a0prostor\u00e1ch \u010cesk\u00e9 n\u00e1rodn\u00ed banky konalo fin\u00e1le ji\u017e 13. ro\u010dn\u00edku nejv\u011bt\u0161\u00ed tuzemsk\u00e9 Sout\u011b\u017ee Finan\u010dn\u00ed gramotnost.\" \/>\n<meta name=\"robots\" content=\"index, follow, max-snippet:-1, max-image-preview:large, max-video-preview:-1\" \/>\n<link rel=\"canonical\" href=\"https:\/\/womenhouse.cz\/index.php\/2024\/05\/15\/nejvice-financne-gramotne-deti-ceska\/\" \/>\n<meta property=\"og:locale\" content=\"cs_CZ\" \/>\n<meta property=\"og:type\" content=\"article\" \/>\n<meta property=\"og:title\" content=\"Nejv\u00edce finan\u010dn\u011b gramotn\u00e9 d\u011bti \u010ceska - WOMENHOUSE.cz\" \/>\n<meta property=\"og:description\" content=\"V\u00a0p\u00e1tek 26. dubna se v\u00a0prostor\u00e1ch \u010cesk\u00e9 n\u00e1rodn\u00ed banky konalo fin\u00e1le ji\u017e 13. ro\u010dn\u00edku nejv\u011bt\u0161\u00ed tuzemsk\u00e9 Sout\u011b\u017ee Finan\u010dn\u00ed gramotnost.\" \/>\n<meta property=\"og:url\" content=\"https:\/\/womenhouse.cz\/index.php\/2024\/05\/15\/nejvice-financne-gramotne-deti-ceska\/\" \/>\n<meta property=\"og:site_name\" content=\"WOMENHOUSE.cz\" \/>\n<meta property=\"article:publisher\" content=\"https:\/\/www.facebook.com\/womenhousecz\" \/>\n<meta property=\"article:published_time\" content=\"2024-05-14T23:51:16+00:00\" \/>\n<meta property=\"article:modified_time\" content=\"2024-07-10T02:36:45+00:00\" \/>\n<meta property=\"og:image\" content=\"https:\/\/womenhouse.cz\/wp-content\/uploads\/2024\/05\/boys-286245_1280.jpg\" \/>\n\t<meta property=\"og:image:width\" content=\"1280\" \/>\n\t<meta property=\"og:image:height\" content=\"853\" \/>\n\t<meta property=\"og:image:type\" content=\"image\/jpeg\" \/>\n<meta name=\"author\" content=\"Petra Kub\u00edkov\u00e1\" \/>\n<meta name=\"twitter:card\" content=\"summary_large_image\" \/>\n<meta name=\"twitter:label1\" content=\"Napsal(a)\" \/>\n\t<meta name=\"twitter:data1\" content=\"Petra Kub\u00edkov\u00e1\" \/>\n\t<meta name=\"twitter:label2\" content=\"Odhadovan\u00e1 doba \u010dten\u00ed\" \/>\n\t<meta name=\"twitter:data2\" content=\"7 minut\" \/>\n<script type=\"application\/ld+json\" class=\"yoast-schema-graph\">{\"@context\":\"https:\/\/schema.org\",\"@graph\":[{\"@type\":\"Article\",\"@id\":\"https:\/\/womenhouse.cz\/index.php\/2024\/05\/15\/nejvice-financne-gramotne-deti-ceska\/#article\",\"isPartOf\":{\"@id\":\"https:\/\/womenhouse.cz\/index.php\/2024\/05\/15\/nejvice-financne-gramotne-deti-ceska\/\"},\"author\":{\"name\":\"Petra Kub\u00edkov\u00e1\",\"@id\":\"https:\/\/womenhouse.cz\/#\/schema\/person\/4a1fde0be3f0c5dd5006ba6dc68c7656\"},\"headline\":\"Nejv\u00edce finan\u010dn\u011b gramotn\u00e9 d\u011bti \u010ceska\",\"datePublished\":\"2024-05-14T23:51:16+00:00\",\"dateModified\":\"2024-07-10T02:36:45+00:00\",\"mainEntityOfPage\":{\"@id\":\"https:\/\/womenhouse.cz\/index.php\/2024\/05\/15\/nejvice-financne-gramotne-deti-ceska\/\"},\"wordCount\":1420,\"publisher\":{\"@id\":\"https:\/\/womenhouse.cz\/#organization\"},\"articleSection\":[\"AKCE &amp; KULTURA\",\"NEWS\",\"SPOLE\u010cNOST &amp; VZTAHY\",\"TIPY &amp; TRENDY\"],\"inLanguage\":\"cs\"},{\"@type\":\"WebPage\",\"@id\":\"https:\/\/womenhouse.cz\/index.php\/2024\/05\/15\/nejvice-financne-gramotne-deti-ceska\/\",\"url\":\"https:\/\/womenhouse.cz\/index.php\/2024\/05\/15\/nejvice-financne-gramotne-deti-ceska\/\",\"name\":\"Nejv\u00edce finan\u010dn\u011b gramotn\u00e9 d\u011bti \u010ceska - WOMENHOUSE.cz\",\"isPartOf\":{\"@id\":\"https:\/\/womenhouse.cz\/#website\"},\"datePublished\":\"2024-05-14T23:51:16+00:00\",\"dateModified\":\"2024-07-10T02:36:45+00:00\",\"description\":\"V\u00a0p\u00e1tek 26. dubna se v\u00a0prostor\u00e1ch \u010cesk\u00e9 n\u00e1rodn\u00ed banky konalo fin\u00e1le ji\u017e 13. ro\u010dn\u00edku nejv\u011bt\u0161\u00ed tuzemsk\u00e9 Sout\u011b\u017ee Finan\u010dn\u00ed gramotnost.\",\"breadcrumb\":{\"@id\":\"https:\/\/womenhouse.cz\/index.php\/2024\/05\/15\/nejvice-financne-gramotne-deti-ceska\/#breadcrumb\"},\"inLanguage\":\"cs\",\"potentialAction\":[{\"@type\":\"ReadAction\",\"target\":[\"https:\/\/womenhouse.cz\/index.php\/2024\/05\/15\/nejvice-financne-gramotne-deti-ceska\/\"]}]},{\"@type\":\"BreadcrumbList\",\"@id\":\"https:\/\/womenhouse.cz\/index.php\/2024\/05\/15\/nejvice-financne-gramotne-deti-ceska\/#breadcrumb\",\"itemListElement\":[{\"@type\":\"ListItem\",\"position\":1,\"name\":\"Dom\u016f\",\"item\":\"https:\/\/womenhouse.cz\/\"},{\"@type\":\"ListItem\",\"position\":2,\"name\":\"Nejv\u00edce finan\u010dn\u011b gramotn\u00e9 d\u011bti \u010ceska\"}]},{\"@type\":\"WebSite\",\"@id\":\"https:\/\/womenhouse.cz\/#website\",\"url\":\"https:\/\/womenhouse.cz\/\",\"name\":\"WOMENHOUSE.cz\",\"description\":\"Port\u00e1l v\u00fdhradn\u011b jen pro \u017eeny...\",\"publisher\":{\"@id\":\"https:\/\/womenhouse.cz\/#organization\"},\"potentialAction\":[{\"@type\":\"SearchAction\",\"target\":{\"@type\":\"EntryPoint\",\"urlTemplate\":\"https:\/\/womenhouse.cz\/?s={search_term_string}\"},\"query-input\":\"required name=search_term_string\"}],\"inLanguage\":\"cs\"},{\"@type\":\"Organization\",\"@id\":\"https:\/\/womenhouse.cz\/#organization\",\"name\":\"WOMENHOUSE.cz\",\"url\":\"https:\/\/womenhouse.cz\/\",\"logo\":{\"@type\":\"ImageObject\",\"inLanguage\":\"cs\",\"@id\":\"https:\/\/womenhouse.cz\/#\/schema\/logo\/image\/\",\"url\":\"https:\/\/womenhouse.cz\/wp-content\/uploads\/2020\/06\/cropped-logo_Womenhouse_RGB-02-removebg-preview-1.png\",\"contentUrl\":\"https:\/\/womenhouse.cz\/wp-content\/uploads\/2020\/06\/cropped-logo_Womenhouse_RGB-02-removebg-preview-1.png\",\"width\":561,\"height\":375,\"caption\":\"WOMENHOUSE.cz\"},\"image\":{\"@id\":\"https:\/\/womenhouse.cz\/#\/schema\/logo\/image\/\"},\"sameAs\":[\"https:\/\/www.facebook.com\/womenhousecz\",\"https:\/\/www.instagram.com\/womenhousecz\/\"]},{\"@type\":\"Person\",\"@id\":\"https:\/\/womenhouse.cz\/#\/schema\/person\/4a1fde0be3f0c5dd5006ba6dc68c7656\",\"name\":\"Petra Kub\u00edkov\u00e1\",\"sameAs\":[\"http:\/\/WOMENHOUSE.cz\"],\"url\":\"https:\/\/womenhouse.cz\/index.php\/author\/kubip\/\"}]}<\/script>\n<!-- \/ Yoast SEO plugin. -->","yoast_head_json":{"title":"Nejv\u00edce finan\u010dn\u011b gramotn\u00e9 d\u011bti \u010ceska - WOMENHOUSE.cz","description":"V\u00a0p\u00e1tek 26. dubna se v\u00a0prostor\u00e1ch \u010cesk\u00e9 n\u00e1rodn\u00ed banky konalo fin\u00e1le ji\u017e 13. ro\u010dn\u00edku nejv\u011bt\u0161\u00ed tuzemsk\u00e9 Sout\u011b\u017ee Finan\u010dn\u00ed gramotnost.","robots":{"index":"index","follow":"follow","max-snippet":"max-snippet:-1","max-image-preview":"max-image-preview:large","max-video-preview":"max-video-preview:-1"},"canonical":"https:\/\/womenhouse.cz\/index.php\/2024\/05\/15\/nejvice-financne-gramotne-deti-ceska\/","og_locale":"cs_CZ","og_type":"article","og_title":"Nejv\u00edce finan\u010dn\u011b gramotn\u00e9 d\u011bti \u010ceska - WOMENHOUSE.cz","og_description":"V\u00a0p\u00e1tek 26. dubna se v\u00a0prostor\u00e1ch \u010cesk\u00e9 n\u00e1rodn\u00ed banky konalo fin\u00e1le ji\u017e 13. ro\u010dn\u00edku nejv\u011bt\u0161\u00ed tuzemsk\u00e9 Sout\u011b\u017ee Finan\u010dn\u00ed gramotnost.","og_url":"https:\/\/womenhouse.cz\/index.php\/2024\/05\/15\/nejvice-financne-gramotne-deti-ceska\/","og_site_name":"WOMENHOUSE.cz","article_publisher":"https:\/\/www.facebook.com\/womenhousecz","article_published_time":"2024-05-14T23:51:16+00:00","article_modified_time":"2024-07-10T02:36:45+00:00","og_image":[{"width":1280,"height":853,"url":"https:\/\/womenhouse.cz\/wp-content\/uploads\/2024\/05\/boys-286245_1280.jpg","type":"image\/jpeg"}],"author":"Petra Kub\u00edkov\u00e1","twitter_card":"summary_large_image","twitter_misc":{"Napsal(a)":"Petra Kub\u00edkov\u00e1","Odhadovan\u00e1 doba \u010dten\u00ed":"7 minut"},"schema":{"@context":"https:\/\/schema.org","@graph":[{"@type":"Article","@id":"https:\/\/womenhouse.cz\/index.php\/2024\/05\/15\/nejvice-financne-gramotne-deti-ceska\/#article","isPartOf":{"@id":"https:\/\/womenhouse.cz\/index.php\/2024\/05\/15\/nejvice-financne-gramotne-deti-ceska\/"},"author":{"name":"Petra Kub\u00edkov\u00e1","@id":"https:\/\/womenhouse.cz\/#\/schema\/person\/4a1fde0be3f0c5dd5006ba6dc68c7656"},"headline":"Nejv\u00edce finan\u010dn\u011b gramotn\u00e9 d\u011bti \u010ceska","datePublished":"2024-05-14T23:51:16+00:00","dateModified":"2024-07-10T02:36:45+00:00","mainEntityOfPage":{"@id":"https:\/\/womenhouse.cz\/index.php\/2024\/05\/15\/nejvice-financne-gramotne-deti-ceska\/"},"wordCount":1420,"publisher":{"@id":"https:\/\/womenhouse.cz\/#organization"},"articleSection":["AKCE &amp; KULTURA","NEWS","SPOLE\u010cNOST &amp; VZTAHY","TIPY &amp; TRENDY"],"inLanguage":"cs"},{"@type":"WebPage","@id":"https:\/\/womenhouse.cz\/index.php\/2024\/05\/15\/nejvice-financne-gramotne-deti-ceska\/","url":"https:\/\/womenhouse.cz\/index.php\/2024\/05\/15\/nejvice-financne-gramotne-deti-ceska\/","name":"Nejv\u00edce finan\u010dn\u011b gramotn\u00e9 d\u011bti \u010ceska - WOMENHOUSE.cz","isPartOf":{"@id":"https:\/\/womenhouse.cz\/#website"},"datePublished":"2024-05-14T23:51:16+00:00","dateModified":"2024-07-10T02:36:45+00:00","description":"V\u00a0p\u00e1tek 26. dubna se v\u00a0prostor\u00e1ch \u010cesk\u00e9 n\u00e1rodn\u00ed banky konalo fin\u00e1le ji\u017e 13. ro\u010dn\u00edku nejv\u011bt\u0161\u00ed tuzemsk\u00e9 Sout\u011b\u017ee Finan\u010dn\u00ed gramotnost.","breadcrumb":{"@id":"https:\/\/womenhouse.cz\/index.php\/2024\/05\/15\/nejvice-financne-gramotne-deti-ceska\/#breadcrumb"},"inLanguage":"cs","potentialAction":[{"@type":"ReadAction","target":["https:\/\/womenhouse.cz\/index.php\/2024\/05\/15\/nejvice-financne-gramotne-deti-ceska\/"]}]},{"@type":"BreadcrumbList","@id":"https:\/\/womenhouse.cz\/index.php\/2024\/05\/15\/nejvice-financne-gramotne-deti-ceska\/#breadcrumb","itemListElement":[{"@type":"ListItem","position":1,"name":"Dom\u016f","item":"https:\/\/womenhouse.cz\/"},{"@type":"ListItem","position":2,"name":"Nejv\u00edce finan\u010dn\u011b gramotn\u00e9 d\u011bti \u010ceska"}]},{"@type":"WebSite","@id":"https:\/\/womenhouse.cz\/#website","url":"https:\/\/womenhouse.cz\/","name":"WOMENHOUSE.cz","description":"Port\u00e1l v\u00fdhradn\u011b jen pro \u017eeny...","publisher":{"@id":"https:\/\/womenhouse.cz\/#organization"},"potentialAction":[{"@type":"SearchAction","target":{"@type":"EntryPoint","urlTemplate":"https:\/\/womenhouse.cz\/?s={search_term_string}"},"query-input":"required name=search_term_string"}],"inLanguage":"cs"},{"@type":"Organization","@id":"https:\/\/womenhouse.cz\/#organization","name":"WOMENHOUSE.cz","url":"https:\/\/womenhouse.cz\/","logo":{"@type":"ImageObject","inLanguage":"cs","@id":"https:\/\/womenhouse.cz\/#\/schema\/logo\/image\/","url":"https:\/\/womenhouse.cz\/wp-content\/uploads\/2020\/06\/cropped-logo_Womenhouse_RGB-02-removebg-preview-1.png","contentUrl":"https:\/\/womenhouse.cz\/wp-content\/uploads\/2020\/06\/cropped-logo_Womenhouse_RGB-02-removebg-preview-1.png","width":561,"height":375,"caption":"WOMENHOUSE.cz"},"image":{"@id":"https:\/\/womenhouse.cz\/#\/schema\/logo\/image\/"},"sameAs":["https:\/\/www.facebook.com\/womenhousecz","https:\/\/www.instagram.com\/womenhousecz\/"]},{"@type":"Person","@id":"https:\/\/womenhouse.cz\/#\/schema\/person\/4a1fde0be3f0c5dd5006ba6dc68c7656","name":"Petra Kub\u00edkov\u00e1","sameAs":["http:\/\/WOMENHOUSE.cz"],"url":"https:\/\/womenhouse.cz\/index.php\/author\/kubip\/"}]}},"_links":{"self":[{"href":"https:\/\/womenhouse.cz\/index.php\/wp-json\/wp\/v2\/posts\/13202"}],"collection":[{"href":"https:\/\/womenhouse.cz\/index.php\/wp-json\/wp\/v2\/posts"}],"about":[{"href":"https:\/\/womenhouse.cz\/index.php\/wp-json\/wp\/v2\/types\/post"}],"author":[{"embeddable":true,"href":"https:\/\/womenhouse.cz\/index.php\/wp-json\/wp\/v2\/users\/6"}],"replies":[{"embeddable":true,"href":"https:\/\/womenhouse.cz\/index.php\/wp-json\/wp\/v2\/comments?post=13202"}],"version-history":[{"count":-4,"href":"https:\/\/womenhouse.cz\/index.php\/wp-json\/wp\/v2\/posts\/13202\/revisions"}],"wp:featuredmedia":[{"embeddable":true,"href":"https:\/\/womenhouse.cz\/index.php\/wp-json\/wp\/v2\/media\/13203"}],"wp:attachment":[{"href":"https:\/\/womenhouse.cz\/index.php\/wp-json\/wp\/v2\/media?parent=13202"}],"wp:term":[{"taxonomy":"category","embeddable":true,"href":"https:\/\/womenhouse.cz\/index.php\/wp-json\/wp\/v2\/categories?post=13202"},{"taxonomy":"post_tag","embeddable":true,"href":"https:\/\/womenhouse.cz\/index.php\/wp-json\/wp\/v2\/tags?post=13202"}],"curies":[{"name":"wp","href":"https:\/\/api.w.org\/{rel}","templated":true}]}}