{"id":13012,"date":"2024-04-26T01:08:57","date_gmt":"2024-04-25T23:08:57","guid":{"rendered":"https:\/\/womenhouse.cz\/?p=13012"},"modified":"2024-06-21T01:36:34","modified_gmt":"2024-06-20T23:36:34","slug":"nakupni-novinky-jarni-promena-znacek-v-palladiu","status":"publish","type":"post","link":"https:\/\/womenhouse.cz\/index.php\/2024\/04\/26\/nakupni-novinky-jarni-promena-znacek-v-palladiu\/","title":{"rendered":"N\u00e1kupn\u00ed novinky | Jarn\u00ed prom\u011bna zna\u010dek v Palladiu"},"content":{"rendered":"\n<div style=\"height:52px\" aria-hidden=\"true\" class=\"wp-block-spacer\"><\/div>\n\n\n\n<p><strong>Jarn\u00ed m\u011bs\u00edce jsou ve znamen\u00ed prom\u011bn vybran\u00fdch zna\u010dek v&nbsp;<a href=\"https:\/\/www.palladiumpraha.cz\/\">n\u00e1kupn\u00edm centru Palladium v Praze<\/a>.<\/strong><\/p>\n\n\n\n<div style=\"height:52px\" aria-hidden=\"true\" class=\"wp-block-spacer\"><\/div>\n\n\n<div class=\"wp-block-image\">\n<figure class=\"aligncenter size-large\"><img decoding=\"async\" src=\"https:\/\/hotelhouse.cz\/wp-content\/uploads\/2024\/04\/MOHITO_refit_foto_2-1024x688.jpg\" alt=\"N\u00e1kupn\u00ed novinky | Jarn\u00ed prom\u011bna zna\u010dek v Palladiu\" class=\"wp-image-6157\"\/><\/figure><\/div>\n\n\n<div style=\"height:50px\" aria-hidden=\"true\" class=\"wp-block-spacer\"><\/div>\n\n\n\n<p><strong>21. dubna 2024 v&nbsp;nov\u00e9m slavnostn\u011b otev\u0159ela prodejna MOHITO (patro +1)<\/strong>. Na z\u00e1kaznice \u010dek\u00e1 modern\u00ed prodejna s&nbsp;velk\u00fdm v\u00fdb\u011brem oble\u010den\u00ed pro ka\u017edou p\u0159\u00edle\u017eitost \u2013 od \u0161at\u016f na pracovn\u00ed sch\u016fzku, ofici\u00e1ln\u00ed galave\u010der nebo rande a\u017e po casual p\u0159\u00edle\u017eitost a&nbsp;voln\u00fd \u010das. Zna\u010dka MOHITO je vytvo\u0159en\u00e1 pro opravdov\u00e9 milovnice m\u00f3dy, kter\u00e9 maj\u00ed r\u00e1dy nekonven\u010dn\u00ed eleganci a&nbsp;pohodl\u00ed, nab\u00edz\u00ed d\u00e1msk\u00e9 outfity klasick\u00fdch i&nbsp;modern\u00edch st\u0159ih\u016f, r\u016fzn\u00fdch barev a&nbsp;vzor\u016f s&nbsp;chic lookem podle aktu\u00e1ln\u00edch m\u00f3dn\u00edch sv\u011btov\u00fdch trend\u016f.<\/p>\n\n\n\n<div style=\"height:51px\" aria-hidden=\"true\" class=\"wp-block-spacer\"><\/div>\n\n\n\n<figure class=\"wp-block-image size-large\"><img decoding=\"async\" src=\"https:\/\/prazskeprikopy.cz\/wp-content\/uploads\/2024\/04\/PAL_floorminus1_Bata_refit_March2024-1024x762.jpg\" alt=\"N\u00e1kupn\u00ed novinky | Jarn\u00ed prom\u011bna zna\u010dek v Palladiu\" class=\"wp-image-5367\"\/><\/figure>\n\n\n\n<p class=\"has-text-align-center\">Prodejna Ba\u0165a v nov\u00e9m.<\/p>\n\n\n\n<div style=\"height:51px\" aria-hidden=\"true\" class=\"wp-block-spacer\"><\/div>\n\n\n\n<p><strong>2. kv\u011btna 2024 v&nbsp;nov\u00e9m otev\u0159e z\u00e1kazn\u00edky obl\u00edben\u00e1 dm drogerie markt (metropas\u00e1\u017e). <\/strong>N\u00e1v\u0161t\u011bvn\u00edci se mohou t\u011b\u0161it na nov\u00e9 modern\u00ed a p\u0159\u00edjemn\u00e9 prost\u0159ed\u00ed pro n\u00e1kup drogerie, dekorativn\u00ed kosmetiky, produkt\u016f pro p\u00e9\u010di o&nbsp;poko\u017eku, vlasovou kosmetiku, v\u00fdrobk\u016f pro p\u00e9\u010di o&nbsp;zdrav\u00ed, zdrav\u00e9 v\u00fd\u017eivy, prost\u0159edk\u016f pro \u00faklid dom\u00e1cnosti, sortimentu pro va\u0161e d\u011bti a&nbsp;chovatelsk\u00fdch pot\u0159eb. Komfort nakupov\u00e1n\u00ed zv\u00fd\u0161\u00ed nap\u0159\u00edklad instalace samoobslu\u017en\u00fdch pokladen.<\/p>\n\n\n\n<div style=\"height:51px\" aria-hidden=\"true\" class=\"wp-block-spacer\"><\/div>\n\n\n<div class=\"wp-block-image\">\n<figure class=\"aligncenter size-large\"><img decoding=\"async\" src=\"https:\/\/prazskeprikopy.cz\/wp-content\/uploads\/2024\/04\/PAL_floorminus1_TheNorthFace_refit_March2024-1024x768.jpg\" alt=\"N\u00e1kupn\u00ed novinky | Jarn\u00ed prom\u011bna zna\u010dek v Palladiu\" class=\"wp-image-5363\"\/><\/figure><\/div>\n\n\n<p class=\"has-text-align-center\">Prodejna THE NORTH FACE v nov\u00e9m.<\/p>\n\n\n\n<div style=\"height:51px\" aria-hidden=\"true\" class=\"wp-block-spacer\"><\/div>\n\n\n\n<p>Pro z\u00e1kazn\u00edky bude p\u0159ipravena <strong>od 2. kv\u011btna do 5. kv\u011btna 2024 exkluzivn\u00ed sleva 30 %<\/strong> na dekorativn\u00ed kosmetiku a laky na nehty. K&nbsp;n\u00e1kupu nav\u00edc z\u00e1kazn\u00edci obdr\u017e\u00ed pevnou ta\u0161ku zna\u010dky dm drogerie markt.&nbsp;<\/p>\n\n\n\n<div style=\"height:51px\" aria-hidden=\"true\" class=\"wp-block-spacer\"><\/div>\n\n\n\n<figure class=\"wp-block-image size-large\"><img decoding=\"async\" src=\"https:\/\/prazskeprikopy.cz\/wp-content\/uploads\/2024\/04\/PAL_floorminus1_Vans_refit-and-move_January2024-1024x768.jpg\" alt=\"N\u00e1kupn\u00ed novinky | Jarn\u00ed prom\u011bna zna\u010dek v Palladiu\" class=\"wp-image-5366\"\/><\/figure>\n\n\n\n<p class=\"has-text-align-center\">Prodejna VANS v nov\u00e9m.<\/p>\n\n\n\n<div style=\"height:51px\" aria-hidden=\"true\" class=\"wp-block-spacer\"><\/div>\n\n\n\n<p><strong>Na konec \u010dervna 2024<\/strong> se chyst\u00e1 dlouho o\u010dek\u00e1van\u00e9 slavnostn\u00ed otev\u0159en\u00ed <strong>\u201evlajkov\u00e9 prodejny\u201c zna\u010dky RESERVED<\/strong>, kter\u00e1 v\u00fdrazn\u011b roz\u0161i\u0159uje svoji prodejn\u00ed plochu a nov\u011b bude p\u016fsobit nejen <strong>v&nbsp;p\u0159\u00edzem\u00ed, ale i v&nbsp;pat\u0159e +1<\/strong>. RESERVED je zna\u010dka oble\u010den\u00ed, kter\u00e1 nab\u00edz\u00ed modern\u00ed design inspirovan\u00fd sv\u011btov\u00fdmi trendy od jednoduch\u00fdch a&nbsp;klasick\u00fdch lini\u00ed a\u017e po m\u00f3dn\u00ed v\u00fdst\u0159elky a&nbsp;origin\u00e1ln\u00ed vzory. RESERVED nab\u00eddne z\u00e1kazn\u00edk\u016fm Palladia \u0161irok\u00fd v\u00fdb\u011br d\u00e1msk\u00e9, p\u00e1nsk\u00e9 a&nbsp;d\u011btsk\u00e9 m\u00f3dy.<\/p>\n\n\n\n<div style=\"height:51px\" aria-hidden=\"true\" class=\"wp-block-spacer\"><\/div>\n\n\n\n<figure class=\"wp-block-gallery has-nested-images columns-default is-cropped wp-block-gallery-1 is-layout-flex wp-block-gallery-is-layout-flex\">\n<figure class=\"wp-block-image size-large\"><img decoding=\"async\" data-id=\"5368\" src=\"https:\/\/prazskeprikopy.cz\/wp-content\/uploads\/2024\/04\/PAL_floorminus2_metropassage_Svet-her-Albi_refit_February2024-1024x756.jpg\" alt=\"N\u00e1kupn\u00ed novinky | Jarn\u00ed prom\u011bna zna\u010dek v Palladiu\" class=\"wp-image-5368\"\/><\/figure>\n\n\n\n<figure class=\"wp-block-image size-large\"><img decoding=\"async\" data-id=\"5364\" src=\"https:\/\/prazskeprikopy.cz\/wp-content\/uploads\/2024\/04\/PAL_floorminus2_metropassage_Raiffeisen-Bank_refit_March2024.jpg\" alt=\"N\u00e1kupn\u00ed novinky | Jarn\u00ed prom\u011bna zna\u010dek v Palladiu\" class=\"wp-image-5364\"\/><\/figure>\n<\/figure>\n\n\n\n<div style=\"height:51px\" aria-hidden=\"true\" class=\"wp-block-spacer\"><\/div>\n\n\n\n<p>V&nbsp;nov\u00e9m po rekonstrukci od za\u010d\u00e1tku roku p\u0159iv\u00edtaly n\u00e1v\u0161t\u011bvn\u00edky Palladia tak\u00e9 prodejny zna\u010dek<strong> Ba\u0165a, TheNorthFace, Vans, Raiffeisen Bank<\/strong> nebo <strong>Albi<\/strong>.<\/p>\n\n\n\n<div style=\"height:51px\" aria-hidden=\"true\" class=\"wp-block-spacer\"><\/div>\n\n\n\n<h3 class=\"wp-block-heading\"><a><\/a>N\u00e1kupn\u00ed centrum Palladium je otev\u0159eno i b\u011bhem nadch\u00e1zej\u00edc\u00edch sv\u00e1tk\u016f:<\/h3>\n\n\n\n<div style=\"height:35px\" aria-hidden=\"true\" class=\"wp-block-spacer\"><\/div>\n\n\n\n<ul>\n<li><strong>1. kv\u011btna 2024 <\/strong>standardn\u00ed otev\u00edrac\u00ed doba v\u0161ech prodejen, parking nonstop<\/li>\n<\/ul>\n\n\n\n<div style=\"height:10px\" aria-hidden=\"true\" class=\"wp-block-spacer\"><\/div>\n\n\n\n<ul>\n<li><strong>8. kv\u011btna 2024<\/strong> otev\u0159eny jsou v\u0161echny restaurace a kav\u00e1rny a prodejny do 200 m2, parking nonstop<\/li>\n<\/ul>\n\n\n\n<div style=\"height:60px\" aria-hidden=\"true\" class=\"wp-block-spacer\"><\/div>\n\n\n\n<h2 class=\"wp-block-heading\">PALLADIUM<\/h2>\n\n\n\n<div style=\"height:25px\" aria-hidden=\"true\" class=\"wp-block-spacer\"><\/div>\n\n\n\n<p><strong><a href=\"https:\/\/prazskeprikopy.cz\/index.php\/palladium\/\">Palladium<\/a> na <a href=\"https:\/\/prazskenamestirepubliky.cz\/\">n\u00e1m\u011bst\u00ed Republiky v&nbsp;Praze<\/a> je obl\u00edben\u00fdm m\u00edstem n\u00e1kup\u016f a setk\u00e1v\u00e1n\u00ed. Sou\u010d\u00e1st\u00ed komplexu je 170&nbsp;obchod\u016f, 30 restaurac\u00ed, prvot\u0159\u00eddn\u00ed kancel\u00e1\u0159e a gar\u00e1\u017ee s&nbsp;kapacitou pro ve\u0159ejnost 700 m\u00edst.<\/strong><\/p>\n\n\n\n<div style=\"height:25px\" aria-hidden=\"true\" class=\"wp-block-spacer\"><\/div>\n\n\n<div class=\"wp-block-image\">\n<figure class=\"aligncenter is-resized\"><img decoding=\"async\" src=\"https:\/\/prazskeprikopy.cz\/wp-content\/uploads\/2024\/03\/CZ_Superbrands_2024seal_2X-887x1024.png\" alt=\"Jaro l\u00e1k\u00e1 na Pra\u017esk\u00e9 P\u0159\u00edkopy do n\u00e1kupn\u00edho centra Palladium\" class=\"wp-image-4637\" style=\"width:299px;height:345px\"\/><\/figure><\/div>\n\n\n<div style=\"height:25px\" aria-hidden=\"true\" class=\"wp-block-spacer\"><\/div>\n\n\n\n<p>Obl\u00edbenost n\u00e1kupn\u00edho centra Palladium potvrdila ve\u0159ejnost a odborn\u00e1 porota dvojn\u00e1sobn\u00fdm ud\u011blen\u00edm presti\u017en\u00edho ocen\u011bn\u00ed&nbsp;<strong>Superbrands pro rok 2023 a pro rok 2024&nbsp;<\/strong>pro nejlep\u0161\u00ed zna\u010dky v&nbsp;\u010cesk\u00e9 republice.<\/p>\n\n\n\n<div style=\"height:25px\" aria-hidden=\"true\" class=\"wp-block-spacer\"><\/div>\n\n\n\n<p><strong><a href=\"http:\/\/www.palladiumpraha.cz\/\">www.palladiumpraha.cz<\/a>&nbsp;<a href=\"http:\/\/www.facebook.com\/palladiumpraha.cz\">@Facebook<\/a>&nbsp;<a href=\"http:\/\/www.instagram.com\/palladiumpraha\">@Instagram<\/a><\/strong><\/p>\n\n\n\n<div style=\"height:100px\" aria-hidden=\"true\" class=\"wp-block-spacer\"><\/div>\n\n\n\n<figure class=\"wp-block-gallery has-nested-images columns-2 is-cropped wp-block-gallery-2 is-layout-flex wp-block-gallery-is-layout-flex\">\n<figure class=\"wp-block-image size-large\"><img decoding=\"async\" data-id=\"5365\" src=\"https:\/\/prazskeprikopy.cz\/wp-content\/uploads\/2024\/04\/MOHITO_refit_foto_2-1024x688.jpg\" alt=\"N\u00e1kupn\u00ed novinky | Jarn\u00ed prom\u011bna zna\u010dek v Palladiu\" class=\"wp-image-5365\"\/><\/figure>\n\n\n\n<figure class=\"wp-block-image size-large\"><img decoding=\"async\" data-id=\"5367\" src=\"https:\/\/prazskeprikopy.cz\/wp-content\/uploads\/2024\/04\/PAL_floorminus1_Bata_refit_March2024-1024x762.jpg\" alt=\"N\u00e1kupn\u00ed novinky | Jarn\u00ed prom\u011bna zna\u010dek v Palladiu\" class=\"wp-image-5367\"\/><\/figure>\n\n\n\n<figure class=\"wp-block-image size-large\"><img decoding=\"async\" data-id=\"5363\" src=\"https:\/\/prazskeprikopy.cz\/wp-content\/uploads\/2024\/04\/PAL_floorminus1_TheNorthFace_refit_March2024-1024x768.jpg\" alt=\"N\u00e1kupn\u00ed novinky | Jarn\u00ed prom\u011bna zna\u010dek v Palladiu\" class=\"wp-image-5363\"\/><\/figure>\n\n\n\n<figure class=\"wp-block-image size-large\"><img decoding=\"async\" data-id=\"5366\" src=\"https:\/\/prazskeprikopy.cz\/wp-content\/uploads\/2024\/04\/PAL_floorminus1_Vans_refit-and-move_January2024-1024x768.jpg\" alt=\"N\u00e1kupn\u00ed novinky | Jarn\u00ed prom\u011bna zna\u010dek v Palladiu\" class=\"wp-image-5366\"\/><\/figure>\n\n\n\n<figure class=\"wp-block-image size-large\"><img decoding=\"async\" data-id=\"5368\" src=\"https:\/\/prazskeprikopy.cz\/wp-content\/uploads\/2024\/04\/PAL_floorminus2_metropassage_Svet-her-Albi_refit_February2024-1024x756.jpg\" alt=\"N\u00e1kupn\u00ed novinky | Jarn\u00ed prom\u011bna zna\u010dek v Palladiu\" class=\"wp-image-5368\"\/><\/figure>\n\n\n\n<figure class=\"wp-block-image size-large\"><img decoding=\"async\" data-id=\"5364\" src=\"https:\/\/prazskeprikopy.cz\/wp-content\/uploads\/2024\/04\/PAL_floorminus2_metropassage_Raiffeisen-Bank_refit_March2024.jpg\" alt=\"N\u00e1kupn\u00ed novinky | Jarn\u00ed prom\u011bna zna\u010dek v Palladiu\" class=\"wp-image-5364\"\/><\/figure>\n<\/figure>\n\n\n\n<div style=\"height:35px\" aria-hidden=\"true\" class=\"wp-block-spacer\"><\/div>\n\n\n\n<p><strong>Zdroj  foto:<\/strong> PALLADIUM<\/p>\n\n\n\n<div style=\"height:100px\" aria-hidden=\"true\" class=\"wp-block-spacer\"><\/div>\n","protected":false},"excerpt":{"rendered":"<p>Jarn\u00ed m\u011bs\u00edce jsou ve znamen\u00ed prom\u011bn vybran\u00fdch zna\u010dek v&nbsp;n\u00e1kupn\u00edm centru Palladium v Praze. 21. dubna 2024 v&nbsp;nov\u00e9m slavnostn\u011b otev\u0159ela prodejna MOHITO (patro +1). Na z\u00e1kaznice \u010dek\u00e1 modern\u00ed prodejna s&nbsp;velk\u00fdm v\u00fdb\u011brem oble\u010den\u00ed pro ka\u017edou p\u0159\u00edle\u017eitost \u2013 od \u0161at\u016f na pracovn\u00ed sch\u016fzku, ofici\u00e1ln\u00ed galave\u010der nebo rande a\u017e po casual p\u0159\u00edle\u017eitost a&nbsp;voln\u00fd \u010das. Zna\u010dka MOHITO je vytvo\u0159en\u00e1 pro [&hellip;]<\/p>\n","protected":false},"author":2,"featured_media":13013,"comment_status":"closed","ping_status":"closed","sticky":false,"template":"","format":"standard","meta":{"_mi_skip_tracking":false,"_monsterinsights_sitenote_active":false,"_monsterinsights_sitenote_note":"","_monsterinsights_sitenote_category":0,"footnotes":""},"categories":[6,25,4,2,12],"tags":[30,120,29,105,42],"yoast_head":"<!-- This site is optimized with the Yoast SEO plugin v21.5 - https:\/\/yoast.com\/wordpress\/plugins\/seo\/ -->\n<title>N\u00e1kupn\u00ed novinky | Jarn\u00ed prom\u011bna zna\u010dek v Palladiu - WOMENHOUSE.cz<\/title>\n<meta name=\"description\" content=\"N\u00e1kupn\u00ed novinky | Jarn\u00ed prom\u011bna zna\u010dek v Palladiu. Jarn\u00ed m\u011bs\u00edce jsou ve znamen\u00ed prom\u011bn vybran\u00fdch zna\u010dek v\u00a0n\u00e1kupn\u00edm centru Palladium v Praze.\" \/>\n<meta name=\"robots\" content=\"index, follow, max-snippet:-1, max-image-preview:large, max-video-preview:-1\" \/>\n<link rel=\"canonical\" href=\"https:\/\/womenhouse.cz\/index.php\/2024\/04\/26\/nakupni-novinky-jarni-promena-znacek-v-palladiu\/\" \/>\n<meta property=\"og:locale\" content=\"cs_CZ\" \/>\n<meta property=\"og:type\" content=\"article\" \/>\n<meta property=\"og:title\" content=\"N\u00e1kupn\u00ed novinky | Jarn\u00ed prom\u011bna zna\u010dek v Palladiu - WOMENHOUSE.cz\" \/>\n<meta property=\"og:description\" content=\"N\u00e1kupn\u00ed novinky | Jarn\u00ed prom\u011bna zna\u010dek v Palladiu. Jarn\u00ed m\u011bs\u00edce jsou ve znamen\u00ed prom\u011bn vybran\u00fdch zna\u010dek v\u00a0n\u00e1kupn\u00edm centru Palladium v Praze.\" \/>\n<meta property=\"og:url\" content=\"https:\/\/womenhouse.cz\/index.php\/2024\/04\/26\/nakupni-novinky-jarni-promena-znacek-v-palladiu\/\" \/>\n<meta property=\"og:site_name\" content=\"WOMENHOUSE.cz\" \/>\n<meta property=\"article:publisher\" content=\"https:\/\/www.facebook.com\/womenhousecz\" \/>\n<meta property=\"article:published_time\" content=\"2024-04-25T23:08:57+00:00\" \/>\n<meta property=\"article:modified_time\" content=\"2024-06-20T23:36:34+00:00\" \/>\n<meta property=\"og:image\" content=\"https:\/\/womenhouse.cz\/wp-content\/uploads\/2024\/04\/MOHITO_refit_foto_2.jpg\" \/>\n\t<meta property=\"og:image:width\" content=\"1177\" \/>\n\t<meta property=\"og:image:height\" content=\"791\" \/>\n\t<meta property=\"og:image:type\" content=\"image\/jpeg\" \/>\n<meta name=\"author\" content=\"Jolana Hol\u00e1\u0148ov\u00e1\" \/>\n<meta name=\"twitter:card\" content=\"summary_large_image\" \/>\n<meta name=\"twitter:label1\" content=\"Napsal(a)\" \/>\n\t<meta name=\"twitter:data1\" content=\"Jolana Hol\u00e1\u0148ov\u00e1\" \/>\n\t<meta name=\"twitter:label2\" content=\"Odhadovan\u00e1 doba \u010dten\u00ed\" \/>\n\t<meta name=\"twitter:data2\" content=\"5 minut\" \/>\n<script type=\"application\/ld+json\" class=\"yoast-schema-graph\">{\"@context\":\"https:\/\/schema.org\",\"@graph\":[{\"@type\":\"Article\",\"@id\":\"https:\/\/womenhouse.cz\/index.php\/2024\/04\/26\/nakupni-novinky-jarni-promena-znacek-v-palladiu\/#article\",\"isPartOf\":{\"@id\":\"https:\/\/womenhouse.cz\/index.php\/2024\/04\/26\/nakupni-novinky-jarni-promena-znacek-v-palladiu\/\"},\"author\":{\"name\":\"Jolana Hol\u00e1\u0148ov\u00e1\",\"@id\":\"https:\/\/womenhouse.cz\/#\/schema\/person\/541326101f8d68c711e83e8fecc80738\"},\"headline\":\"N\u00e1kupn\u00ed novinky | Jarn\u00ed prom\u011bna zna\u010dek v Palladiu\",\"datePublished\":\"2024-04-25T23:08:57+00:00\",\"dateModified\":\"2024-06-20T23:36:34+00:00\",\"mainEntityOfPage\":{\"@id\":\"https:\/\/womenhouse.cz\/index.php\/2024\/04\/26\/nakupni-novinky-jarni-promena-znacek-v-palladiu\/\"},\"wordCount\":560,\"publisher\":{\"@id\":\"https:\/\/womenhouse.cz\/#organization\"},\"keywords\":[\"fashion\",\"Jarn\u00ed prom\u011bna zna\u010dek v Palladiu\",\"m\u00f3da\",\"Palladium\",\"Pra\u017esk\u00e9 P\u0159\u00edkopy\"],\"articleSection\":[\"BOTY\",\"FASHION\",\"M\u00f3DA\",\"NEWS\",\"TIPY &amp; TRENDY\"],\"inLanguage\":\"cs\"},{\"@type\":\"WebPage\",\"@id\":\"https:\/\/womenhouse.cz\/index.php\/2024\/04\/26\/nakupni-novinky-jarni-promena-znacek-v-palladiu\/\",\"url\":\"https:\/\/womenhouse.cz\/index.php\/2024\/04\/26\/nakupni-novinky-jarni-promena-znacek-v-palladiu\/\",\"name\":\"N\u00e1kupn\u00ed novinky | Jarn\u00ed prom\u011bna zna\u010dek v Palladiu - WOMENHOUSE.cz\",\"isPartOf\":{\"@id\":\"https:\/\/womenhouse.cz\/#website\"},\"datePublished\":\"2024-04-25T23:08:57+00:00\",\"dateModified\":\"2024-06-20T23:36:34+00:00\",\"description\":\"N\u00e1kupn\u00ed novinky | Jarn\u00ed prom\u011bna zna\u010dek v Palladiu. Jarn\u00ed m\u011bs\u00edce jsou ve znamen\u00ed prom\u011bn vybran\u00fdch zna\u010dek v\u00a0n\u00e1kupn\u00edm centru Palladium v Praze.\",\"breadcrumb\":{\"@id\":\"https:\/\/womenhouse.cz\/index.php\/2024\/04\/26\/nakupni-novinky-jarni-promena-znacek-v-palladiu\/#breadcrumb\"},\"inLanguage\":\"cs\",\"potentialAction\":[{\"@type\":\"ReadAction\",\"target\":[\"https:\/\/womenhouse.cz\/index.php\/2024\/04\/26\/nakupni-novinky-jarni-promena-znacek-v-palladiu\/\"]}]},{\"@type\":\"BreadcrumbList\",\"@id\":\"https:\/\/womenhouse.cz\/index.php\/2024\/04\/26\/nakupni-novinky-jarni-promena-znacek-v-palladiu\/#breadcrumb\",\"itemListElement\":[{\"@type\":\"ListItem\",\"position\":1,\"name\":\"Dom\u016f\",\"item\":\"https:\/\/womenhouse.cz\/\"},{\"@type\":\"ListItem\",\"position\":2,\"name\":\"N\u00e1kupn\u00ed novinky | Jarn\u00ed prom\u011bna zna\u010dek v Palladiu\"}]},{\"@type\":\"WebSite\",\"@id\":\"https:\/\/womenhouse.cz\/#website\",\"url\":\"https:\/\/womenhouse.cz\/\",\"name\":\"WOMENHOUSE.cz\",\"description\":\"Port\u00e1l v\u00fdhradn\u011b jen pro \u017eeny...\",\"publisher\":{\"@id\":\"https:\/\/womenhouse.cz\/#organization\"},\"potentialAction\":[{\"@type\":\"SearchAction\",\"target\":{\"@type\":\"EntryPoint\",\"urlTemplate\":\"https:\/\/womenhouse.cz\/?s={search_term_string}\"},\"query-input\":\"required name=search_term_string\"}],\"inLanguage\":\"cs\"},{\"@type\":\"Organization\",\"@id\":\"https:\/\/womenhouse.cz\/#organization\",\"name\":\"WOMENHOUSE.cz\",\"url\":\"https:\/\/womenhouse.cz\/\",\"logo\":{\"@type\":\"ImageObject\",\"inLanguage\":\"cs\",\"@id\":\"https:\/\/womenhouse.cz\/#\/schema\/logo\/image\/\",\"url\":\"https:\/\/womenhouse.cz\/wp-content\/uploads\/2020\/06\/cropped-logo_Womenhouse_RGB-02-removebg-preview-1.png\",\"contentUrl\":\"https:\/\/womenhouse.cz\/wp-content\/uploads\/2020\/06\/cropped-logo_Womenhouse_RGB-02-removebg-preview-1.png\",\"width\":561,\"height\":375,\"caption\":\"WOMENHOUSE.cz\"},\"image\":{\"@id\":\"https:\/\/womenhouse.cz\/#\/schema\/logo\/image\/\"},\"sameAs\":[\"https:\/\/www.facebook.com\/womenhousecz\",\"https:\/\/www.instagram.com\/womenhousecz\/\"]},{\"@type\":\"Person\",\"@id\":\"https:\/\/womenhouse.cz\/#\/schema\/person\/541326101f8d68c711e83e8fecc80738\",\"name\":\"Jolana Hol\u00e1\u0148ov\u00e1\",\"sameAs\":[\"http:\/\/www.womenhouse.cz\"],\"url\":\"https:\/\/womenhouse.cz\/index.php\/author\/jolhol\/\"}]}<\/script>\n<!-- \/ Yoast SEO plugin. -->","yoast_head_json":{"title":"N\u00e1kupn\u00ed novinky | Jarn\u00ed prom\u011bna zna\u010dek v Palladiu - WOMENHOUSE.cz","description":"N\u00e1kupn\u00ed novinky | Jarn\u00ed prom\u011bna zna\u010dek v Palladiu. Jarn\u00ed m\u011bs\u00edce jsou ve znamen\u00ed prom\u011bn vybran\u00fdch zna\u010dek v\u00a0n\u00e1kupn\u00edm centru Palladium v Praze.","robots":{"index":"index","follow":"follow","max-snippet":"max-snippet:-1","max-image-preview":"max-image-preview:large","max-video-preview":"max-video-preview:-1"},"canonical":"https:\/\/womenhouse.cz\/index.php\/2024\/04\/26\/nakupni-novinky-jarni-promena-znacek-v-palladiu\/","og_locale":"cs_CZ","og_type":"article","og_title":"N\u00e1kupn\u00ed novinky | Jarn\u00ed prom\u011bna zna\u010dek v Palladiu - WOMENHOUSE.cz","og_description":"N\u00e1kupn\u00ed novinky | Jarn\u00ed prom\u011bna zna\u010dek v Palladiu. Jarn\u00ed m\u011bs\u00edce jsou ve znamen\u00ed prom\u011bn vybran\u00fdch zna\u010dek v\u00a0n\u00e1kupn\u00edm centru Palladium v Praze.","og_url":"https:\/\/womenhouse.cz\/index.php\/2024\/04\/26\/nakupni-novinky-jarni-promena-znacek-v-palladiu\/","og_site_name":"WOMENHOUSE.cz","article_publisher":"https:\/\/www.facebook.com\/womenhousecz","article_published_time":"2024-04-25T23:08:57+00:00","article_modified_time":"2024-06-20T23:36:34+00:00","og_image":[{"width":1177,"height":791,"url":"https:\/\/womenhouse.cz\/wp-content\/uploads\/2024\/04\/MOHITO_refit_foto_2.jpg","type":"image\/jpeg"}],"author":"Jolana Hol\u00e1\u0148ov\u00e1","twitter_card":"summary_large_image","twitter_misc":{"Napsal(a)":"Jolana Hol\u00e1\u0148ov\u00e1","Odhadovan\u00e1 doba \u010dten\u00ed":"5 minut"},"schema":{"@context":"https:\/\/schema.org","@graph":[{"@type":"Article","@id":"https:\/\/womenhouse.cz\/index.php\/2024\/04\/26\/nakupni-novinky-jarni-promena-znacek-v-palladiu\/#article","isPartOf":{"@id":"https:\/\/womenhouse.cz\/index.php\/2024\/04\/26\/nakupni-novinky-jarni-promena-znacek-v-palladiu\/"},"author":{"name":"Jolana Hol\u00e1\u0148ov\u00e1","@id":"https:\/\/womenhouse.cz\/#\/schema\/person\/541326101f8d68c711e83e8fecc80738"},"headline":"N\u00e1kupn\u00ed novinky | Jarn\u00ed prom\u011bna zna\u010dek v Palladiu","datePublished":"2024-04-25T23:08:57+00:00","dateModified":"2024-06-20T23:36:34+00:00","mainEntityOfPage":{"@id":"https:\/\/womenhouse.cz\/index.php\/2024\/04\/26\/nakupni-novinky-jarni-promena-znacek-v-palladiu\/"},"wordCount":560,"publisher":{"@id":"https:\/\/womenhouse.cz\/#organization"},"keywords":["fashion","Jarn\u00ed prom\u011bna zna\u010dek v Palladiu","m\u00f3da","Palladium","Pra\u017esk\u00e9 P\u0159\u00edkopy"],"articleSection":["BOTY","FASHION","M\u00f3DA","NEWS","TIPY &amp; TRENDY"],"inLanguage":"cs"},{"@type":"WebPage","@id":"https:\/\/womenhouse.cz\/index.php\/2024\/04\/26\/nakupni-novinky-jarni-promena-znacek-v-palladiu\/","url":"https:\/\/womenhouse.cz\/index.php\/2024\/04\/26\/nakupni-novinky-jarni-promena-znacek-v-palladiu\/","name":"N\u00e1kupn\u00ed novinky | Jarn\u00ed prom\u011bna zna\u010dek v Palladiu - WOMENHOUSE.cz","isPartOf":{"@id":"https:\/\/womenhouse.cz\/#website"},"datePublished":"2024-04-25T23:08:57+00:00","dateModified":"2024-06-20T23:36:34+00:00","description":"N\u00e1kupn\u00ed novinky | Jarn\u00ed prom\u011bna zna\u010dek v Palladiu. Jarn\u00ed m\u011bs\u00edce jsou ve znamen\u00ed prom\u011bn vybran\u00fdch zna\u010dek v\u00a0n\u00e1kupn\u00edm centru Palladium v Praze.","breadcrumb":{"@id":"https:\/\/womenhouse.cz\/index.php\/2024\/04\/26\/nakupni-novinky-jarni-promena-znacek-v-palladiu\/#breadcrumb"},"inLanguage":"cs","potentialAction":[{"@type":"ReadAction","target":["https:\/\/womenhouse.cz\/index.php\/2024\/04\/26\/nakupni-novinky-jarni-promena-znacek-v-palladiu\/"]}]},{"@type":"BreadcrumbList","@id":"https:\/\/womenhouse.cz\/index.php\/2024\/04\/26\/nakupni-novinky-jarni-promena-znacek-v-palladiu\/#breadcrumb","itemListElement":[{"@type":"ListItem","position":1,"name":"Dom\u016f","item":"https:\/\/womenhouse.cz\/"},{"@type":"ListItem","position":2,"name":"N\u00e1kupn\u00ed novinky | Jarn\u00ed prom\u011bna zna\u010dek v Palladiu"}]},{"@type":"WebSite","@id":"https:\/\/womenhouse.cz\/#website","url":"https:\/\/womenhouse.cz\/","name":"WOMENHOUSE.cz","description":"Port\u00e1l v\u00fdhradn\u011b jen pro \u017eeny...","publisher":{"@id":"https:\/\/womenhouse.cz\/#organization"},"potentialAction":[{"@type":"SearchAction","target":{"@type":"EntryPoint","urlTemplate":"https:\/\/womenhouse.cz\/?s={search_term_string}"},"query-input":"required name=search_term_string"}],"inLanguage":"cs"},{"@type":"Organization","@id":"https:\/\/womenhouse.cz\/#organization","name":"WOMENHOUSE.cz","url":"https:\/\/womenhouse.cz\/","logo":{"@type":"ImageObject","inLanguage":"cs","@id":"https:\/\/womenhouse.cz\/#\/schema\/logo\/image\/","url":"https:\/\/womenhouse.cz\/wp-content\/uploads\/2020\/06\/cropped-logo_Womenhouse_RGB-02-removebg-preview-1.png","contentUrl":"https:\/\/womenhouse.cz\/wp-content\/uploads\/2020\/06\/cropped-logo_Womenhouse_RGB-02-removebg-preview-1.png","width":561,"height":375,"caption":"WOMENHOUSE.cz"},"image":{"@id":"https:\/\/womenhouse.cz\/#\/schema\/logo\/image\/"},"sameAs":["https:\/\/www.facebook.com\/womenhousecz","https:\/\/www.instagram.com\/womenhousecz\/"]},{"@type":"Person","@id":"https:\/\/womenhouse.cz\/#\/schema\/person\/541326101f8d68c711e83e8fecc80738","name":"Jolana Hol\u00e1\u0148ov\u00e1","sameAs":["http:\/\/www.womenhouse.cz"],"url":"https:\/\/womenhouse.cz\/index.php\/author\/jolhol\/"}]}},"_links":{"self":[{"href":"https:\/\/womenhouse.cz\/index.php\/wp-json\/wp\/v2\/posts\/13012"}],"collection":[{"href":"https:\/\/womenhouse.cz\/index.php\/wp-json\/wp\/v2\/posts"}],"about":[{"href":"https:\/\/womenhouse.cz\/index.php\/wp-json\/wp\/v2\/types\/post"}],"author":[{"embeddable":true,"href":"https:\/\/womenhouse.cz\/index.php\/wp-json\/wp\/v2\/users\/2"}],"replies":[{"embeddable":true,"href":"https:\/\/womenhouse.cz\/index.php\/wp-json\/wp\/v2\/comments?post=13012"}],"version-history":[{"count":-4,"href":"https:\/\/womenhouse.cz\/index.php\/wp-json\/wp\/v2\/posts\/13012\/revisions"}],"wp:featuredmedia":[{"embeddable":true,"href":"https:\/\/womenhouse.cz\/index.php\/wp-json\/wp\/v2\/media\/13013"}],"wp:attachment":[{"href":"https:\/\/womenhouse.cz\/index.php\/wp-json\/wp\/v2\/media?parent=13012"}],"wp:term":[{"taxonomy":"category","embeddable":true,"href":"https:\/\/womenhouse.cz\/index.php\/wp-json\/wp\/v2\/categories?post=13012"},{"taxonomy":"post_tag","embeddable":true,"href":"https:\/\/womenhouse.cz\/index.php\/wp-json\/wp\/v2\/tags?post=13012"}],"curies":[{"name":"wp","href":"https:\/\/api.w.org\/{rel}","templated":true}]}}