{"id":1287,"date":"2019-11-01T00:01:19","date_gmt":"2019-10-31T23:01:19","guid":{"rendered":"http:\/\/womenhouse.cz\/?p=1287"},"modified":"2019-12-09T20:54:28","modified_gmt":"2019-12-09T19:54:28","slug":"otestovali-jsme-podzimni-novinky-dekorativni-kosmetiky-gabriella-salvete","status":"publish","type":"post","link":"https:\/\/womenhouse.cz\/index.php\/2019\/11\/01\/otestovali-jsme-podzimni-novinky-dekorativni-kosmetiky-gabriella-salvete\/","title":{"rendered":"Otestovali jsme podzimn\u00ed novinky dekorativn\u00ed kosmetiky Gabriella Salvete"},"content":{"rendered":"\n<p>Podzim je v\u017edy pln\u00fd barevn\u00fdch novinek a v&nbsp;dekorativn\u00ed kosmetice to plat\u00ed obzvl\u00e1\u0161\u0165. Je na \u010dase p\u0159ipravit se na chladn\u011bj\u0161\u00ed obdob\u00ed nejenom nov\u00fdmi m\u00f3dn\u00edmi kousky, ale zejm\u00e9na n\u00e1kupem nov\u00fdch kosmetick\u00fdch vychyt\u00e1vek.<\/p>\n\n\n\n<figure class=\"wp-block-image\"><img loading=\"lazy\" decoding=\"async\" width=\"1024\" height=\"768\" src=\"http:\/\/womenhouse.cz\/wp-content\/uploads\/2019\/10\/IMG_20191027_151449-1024x768.jpg\" alt=\"\" class=\"wp-image-1309\" srcset=\"https:\/\/womenhouse.cz\/wp-content\/uploads\/2019\/10\/IMG_20191027_151449-1024x768.jpg 1024w, https:\/\/womenhouse.cz\/wp-content\/uploads\/2019\/10\/IMG_20191027_151449-300x225.jpg 300w, https:\/\/womenhouse.cz\/wp-content\/uploads\/2019\/10\/IMG_20191027_151449-768x576.jpg 768w, https:\/\/womenhouse.cz\/wp-content\/uploads\/2019\/10\/IMG_20191027_151449.jpg 1950w\" sizes=\"(max-width: 1024px) 100vw, 1024px\" \/><\/figure>\n\n\n\n<p>My jsme otestovali bal\u00ed\u010dek pln\u00fd kosmetick\u00fdch trend\u016f od zna\u010dky Gabriella Salvete.<\/p>\n\n\n\n<figure class=\"wp-block-image\"><img loading=\"lazy\" decoding=\"async\" width=\"1024\" height=\"768\" src=\"http:\/\/womenhouse.cz\/wp-content\/uploads\/2019\/10\/IMG_20191027_152015-1024x768.jpg\" alt=\"\" class=\"wp-image-1316\" srcset=\"https:\/\/womenhouse.cz\/wp-content\/uploads\/2019\/10\/IMG_20191027_152015-1024x768.jpg 1024w, https:\/\/womenhouse.cz\/wp-content\/uploads\/2019\/10\/IMG_20191027_152015-300x225.jpg 300w, https:\/\/womenhouse.cz\/wp-content\/uploads\/2019\/10\/IMG_20191027_152015-768x576.jpg 768w, https:\/\/womenhouse.cz\/wp-content\/uploads\/2019\/10\/IMG_20191027_152015.jpg 1950w\" sizes=\"(max-width: 1024px) 100vw, 1024px\" \/><\/figure>\n\n\n\n<h3 class=\"wp-block-heading\"><strong>Magic Mascara<\/strong><\/h3>\n\n\n\n<p>Na \u0159asenku Magic Mascara jsem se hodn\u011b t\u011b\u0161ila. Sehnat dobrou \u0159asenku toti\u017e nen\u00ed v\u016fbec jednoduch\u00e9. \u0158asenka m\u00e1 decentn\u00ed zlat\u00fd obal a zaoblen\u00fd kart\u00e1\u010dek. Po nanesen\u00ed \u0159asy zv\u00fdraznila a&nbsp;p\u0159e\u017eila i celodenn\u00ed pracovn\u00ed re\u017eim zakon\u010den\u00fd sportovn\u00ed aktivitou. Po n\u00e1ro\u010dn\u00e9m tr\u00e9ninku nebyla nav\u00edc v\u016fbec rozmazan\u00e1 a p\u016fsobila jako pr\u00e1v\u011b aplikovan\u00e1. V&nbsp;pr\u016fb\u011bhu dne se nedrolila ani netvo\u0159ila \u017e\u00e1dn\u00e9 \u017emolky. Efekt um\u011bl\u00fdch \u0159as sice nezvl\u00e1dne, ale na ka\u017edodenn\u00ed no\u0161en\u00ed je prost\u011b skv\u011bl\u00e1.<\/p>\n\n\n\n<figure class=\"wp-block-image\"><img loading=\"lazy\" decoding=\"async\" width=\"1024\" height=\"768\" src=\"http:\/\/womenhouse.cz\/wp-content\/uploads\/2019\/10\/IMG_20191027_151936-1024x768.jpg\" alt=\"\" class=\"wp-image-1312\" srcset=\"https:\/\/womenhouse.cz\/wp-content\/uploads\/2019\/10\/IMG_20191027_151936-1024x768.jpg 1024w, https:\/\/womenhouse.cz\/wp-content\/uploads\/2019\/10\/IMG_20191027_151936-300x225.jpg 300w, https:\/\/womenhouse.cz\/wp-content\/uploads\/2019\/10\/IMG_20191027_151936-768x576.jpg 768w, https:\/\/womenhouse.cz\/wp-content\/uploads\/2019\/10\/IMG_20191027_151936.jpg 1950w\" sizes=\"(max-width: 1024px) 100vw, 1024px\" \/><\/figure>\n\n\n\n<h3 class=\"wp-block-heading\"><strong>Lak na nehty Long\nLasting Enamel<\/strong><\/h3>\n\n\n\n<p>Co se t\u00fd\u010de lak\u016f na nehty, mohla jsem si vybrat z&nbsp;osmi kr\u00e1sn\u00fdch m\u00f3dn\u00edch odst\u00edn\u016f. A nakonec jsem neodolala a vyzkou\u0161ela \u00fapln\u011b v\u0161echny. Barvy se mezi sebou daj\u00ed dob\u0159e kombinovat, z\u00e1le\u017e\u00ed, jak moc chcete b\u00fdt extravagantn\u00ed. Lak se v\u00fdborn\u011b nan\u00e1\u0161\u00ed i pom\u011brn\u011b rychle zasych\u00e1. To je jeho velk\u00e9 plus. Z\u00e1rove\u0148 m\u00e1 perfektn\u00ed kryc\u00ed schopnosti. V\u00fddr\u017e na nehtech je pr\u016fm\u011brn\u00e1, p\u00e1r dn\u00ed vydr\u017e\u00ed, jen se nesm\u00edte v\u011bnovat n\u00e1ro\u010dn\u011bj\u0161\u00edm \u010dinnostem. Ur\u010dit\u011b bych p\u0159\u00ed\u0161t\u011b pou\u017eila bezbarv\u00fd Top Coat, v\u011b\u0159\u00edm, \u017ee v\u00fddr\u017e se t\u00edm prodlou\u017e\u00ed.<\/p>\n\n\n\n<figure class=\"wp-block-image\"><img loading=\"lazy\" decoding=\"async\" width=\"1024\" height=\"768\" src=\"http:\/\/womenhouse.cz\/wp-content\/uploads\/2019\/10\/IMG_20191027_152058-1024x768.jpg\" alt=\"\" class=\"wp-image-1313\" srcset=\"https:\/\/womenhouse.cz\/wp-content\/uploads\/2019\/10\/IMG_20191027_152058-1024x768.jpg 1024w, https:\/\/womenhouse.cz\/wp-content\/uploads\/2019\/10\/IMG_20191027_152058-300x225.jpg 300w, https:\/\/womenhouse.cz\/wp-content\/uploads\/2019\/10\/IMG_20191027_152058-768x576.jpg 768w, https:\/\/womenhouse.cz\/wp-content\/uploads\/2019\/10\/IMG_20191027_152058.jpg 1950w\" sizes=\"(max-width: 1024px) 100vw, 1024px\" \/><\/figure>\n\n\n\n<h3 class=\"wp-block-heading\">Sypk\u00fd pudr Perfect Skin Matte Effect <\/h3>\n\n\n\n<p>Vybrala jsem si\nnejsv\u011btlej\u0161\u00ed odst\u00edn 01 \u2013 Loose Powder, kter\u00fd je v aktu\u00e1ln\u00ed nab\u00eddce, a byla\nzv\u011bdav\u00e1, jak moc mi sedne. Pudr je sypk\u00fd, tak\u017ee na aplikaci pot\u0159ebujete \u0161t\u011btec\n\u010di labut\u011bnku. D\u00edky konzistenci lehce popr\u00e1\u0161\u00edte leskl\u00e1 m\u00edsta a pou\u017eijete t\u00edm\nm\u00e9n\u011b produktu, ne\u017e v p\u0159\u00edpad\u011b kompaktn\u00edho pudru. To mi p\u0159i\u0161lo skv\u011bl\u00e9. Nem\u00e1m\nr\u00e1da, kdy\u017e se mi nos \u010di \u010delo leskne. Te\u010f mohu p\u0159idat extra d\u00e1vku na\nproblematick\u00e1 m\u00edsta a nen\u00ed to tolik vid\u011bt. V\u00fddr\u017e tak\u00e9 nebyla mal\u00e1, zmatn\u011bn\u00ed\njsem pozorovala i n\u011bkolik hodin po pou\u017eit\u00ed.<\/p>\n\n\n\n<p>Zna\u010dka Gabriella Salvete nab\u00edz\u00ed dva odst\u00edny sypk\u00fdch pudr\u016f, vybere si tak ka\u017ed\u00e1 z v\u00e1s. Tolik, co se t\u00fd\u010de informac\u00ed z na\u0161eho prvn\u00edho testov\u00e1n\u00ed t\u00e9to zna\u010dky.<\/p>\n\n\n\n<figure class=\"wp-block-image\"><img loading=\"lazy\" decoding=\"async\" width=\"1024\" height=\"739\" src=\"http:\/\/womenhouse.cz\/wp-content\/uploads\/2019\/10\/IMG_20191027_152427-e1572389351744-1024x739.jpg\" alt=\"\" class=\"wp-image-1314\" srcset=\"https:\/\/womenhouse.cz\/wp-content\/uploads\/2019\/10\/IMG_20191027_152427-e1572389351744-1024x739.jpg 1024w, https:\/\/womenhouse.cz\/wp-content\/uploads\/2019\/10\/IMG_20191027_152427-e1572389351744-300x217.jpg 300w, https:\/\/womenhouse.cz\/wp-content\/uploads\/2019\/10\/IMG_20191027_152427-e1572389351744-768x555.jpg 768w, https:\/\/womenhouse.cz\/wp-content\/uploads\/2019\/10\/IMG_20191027_152427-e1572389351744.jpg 1950w\" sizes=\"(max-width: 1024px) 100vw, 1024px\" \/><\/figure>\n\n\n\n<p>T\u00edm jsme ale se\nzna\u010dkou Gabriella Salvete rozhodn\u011b neskon\u010dili, redaktorky st\u00e1le testuj\u00ed nov\u00e9\nrt\u011bnky a&nbsp;barevn\u00e9 balz\u00e1my na rty. Produkty v\u00e1m p\u0159edstav\u00edme p\u0159\u00ed\u0161t\u011b.<\/p>\n\n\n\n<p>V\u00edce informac\u00ed na <a href=\"https:\/\/www.gabriellasalvete.com\/cs\/\"><strong>www.gabriellasalvete.cz<\/strong><\/a>, v\u00fdrobky jsou k&nbsp;sehn\u00e1n\u00ed v ka\u017ed\u00e9 lep\u0161\u00ed drogerii.<\/p>\n","protected":false},"excerpt":{"rendered":"<p>Podzim je v\u017edy pln\u00fd barevn\u00fdch novinek a v&nbsp;dekorativn\u00ed kosmetice to plat\u00ed obzvl\u00e1\u0161\u0165. Je na \u010dase p\u0159ipravit se na chladn\u011bj\u0161\u00ed obdob\u00ed nejenom nov\u00fdmi m\u00f3dn\u00edmi kousky, ale zejm\u00e9na n\u00e1kupem nov\u00fdch kosmetick\u00fdch vychyt\u00e1vek. My jsme otestovali bal\u00ed\u010dek pln\u00fd kosmetick\u00fdch trend\u016f od zna\u010dky Gabriella Salvete. Magic Mascara Na \u0159asenku Magic Mascara jsem se hodn\u011b t\u011b\u0161ila. Sehnat dobrou \u0159asenku toti\u017e [&hellip;]<\/p>\n","protected":false},"author":5,"featured_media":1316,"comment_status":"closed","ping_status":"closed","sticky":false,"template":"","format":"standard","meta":{"_mi_skip_tracking":false,"_monsterinsights_sitenote_active":false,"_monsterinsights_sitenote_note":"","_monsterinsights_sitenote_category":0,"footnotes":""},"categories":[9],"tags":[],"yoast_head":"<!-- This site is optimized with the Yoast SEO plugin v21.5 - https:\/\/yoast.com\/wordpress\/plugins\/seo\/ -->\n<title>Otestovali jsme podzimn\u00ed novinky dekorativn\u00ed kosmetiky Gabriella Salvete - WOMENHOUSE.cz<\/title>\n<meta name=\"robots\" content=\"index, follow, max-snippet:-1, max-image-preview:large, max-video-preview:-1\" \/>\n<link rel=\"canonical\" href=\"https:\/\/womenhouse.cz\/index.php\/2019\/11\/01\/otestovali-jsme-podzimni-novinky-dekorativni-kosmetiky-gabriella-salvete\/\" \/>\n<meta property=\"og:locale\" content=\"cs_CZ\" \/>\n<meta property=\"og:type\" content=\"article\" \/>\n<meta property=\"og:title\" content=\"Otestovali jsme podzimn\u00ed novinky dekorativn\u00ed kosmetiky Gabriella Salvete - WOMENHOUSE.cz\" \/>\n<meta property=\"og:description\" content=\"Podzim je v\u017edy pln\u00fd barevn\u00fdch novinek a v&nbsp;dekorativn\u00ed kosmetice to plat\u00ed obzvl\u00e1\u0161\u0165. Je na \u010dase p\u0159ipravit se na chladn\u011bj\u0161\u00ed obdob\u00ed nejenom nov\u00fdmi m\u00f3dn\u00edmi kousky, ale zejm\u00e9na n\u00e1kupem nov\u00fdch kosmetick\u00fdch vychyt\u00e1vek. My jsme otestovali bal\u00ed\u010dek pln\u00fd kosmetick\u00fdch trend\u016f od zna\u010dky Gabriella Salvete. Magic Mascara Na \u0159asenku Magic Mascara jsem se hodn\u011b t\u011b\u0161ila. Sehnat dobrou \u0159asenku toti\u017e [&hellip;]\" \/>\n<meta property=\"og:url\" content=\"https:\/\/womenhouse.cz\/index.php\/2019\/11\/01\/otestovali-jsme-podzimni-novinky-dekorativni-kosmetiky-gabriella-salvete\/\" \/>\n<meta property=\"og:site_name\" content=\"WOMENHOUSE.cz\" \/>\n<meta property=\"article:publisher\" content=\"https:\/\/www.facebook.com\/womenhousecz\" \/>\n<meta property=\"article:published_time\" content=\"2019-10-31T23:01:19+00:00\" \/>\n<meta property=\"article:modified_time\" content=\"2019-12-09T19:54:28+00:00\" \/>\n<meta property=\"og:image\" content=\"https:\/\/womenhouse.cz\/wp-content\/uploads\/2019\/10\/IMG_20191027_152015.jpg\" \/>\n\t<meta property=\"og:image:width\" content=\"1950\" \/>\n\t<meta property=\"og:image:height\" content=\"1463\" \/>\n\t<meta property=\"og:image:type\" content=\"image\/jpeg\" \/>\n<meta name=\"author\" content=\"Marcela Karafizievov\u00e1\" \/>\n<meta name=\"twitter:card\" content=\"summary_large_image\" \/>\n<meta name=\"twitter:label1\" content=\"Napsal(a)\" \/>\n\t<meta name=\"twitter:data1\" content=\"Marcela Karafizievov\u00e1\" \/>\n\t<meta name=\"twitter:label2\" content=\"Odhadovan\u00e1 doba \u010dten\u00ed\" \/>\n\t<meta name=\"twitter:data2\" content=\"2 minuty\" \/>\n<script type=\"application\/ld+json\" class=\"yoast-schema-graph\">{\"@context\":\"https:\/\/schema.org\",\"@graph\":[{\"@type\":\"Article\",\"@id\":\"https:\/\/womenhouse.cz\/index.php\/2019\/11\/01\/otestovali-jsme-podzimni-novinky-dekorativni-kosmetiky-gabriella-salvete\/#article\",\"isPartOf\":{\"@id\":\"https:\/\/womenhouse.cz\/index.php\/2019\/11\/01\/otestovali-jsme-podzimni-novinky-dekorativni-kosmetiky-gabriella-salvete\/\"},\"author\":{\"name\":\"Marcela Karafizievov\u00e1\",\"@id\":\"https:\/\/womenhouse.cz\/#\/schema\/person\/bb23de047f36ce228c1df3119aa23bff\"},\"headline\":\"Otestovali jsme podzimn\u00ed novinky dekorativn\u00ed kosmetiky Gabriella Salvete\",\"datePublished\":\"2019-10-31T23:01:19+00:00\",\"dateModified\":\"2019-12-09T19:54:28+00:00\",\"mainEntityOfPage\":{\"@id\":\"https:\/\/womenhouse.cz\/index.php\/2019\/11\/01\/otestovali-jsme-podzimni-novinky-dekorativni-kosmetiky-gabriella-salvete\/\"},\"wordCount\":491,\"publisher\":{\"@id\":\"https:\/\/womenhouse.cz\/#organization\"},\"articleSection\":[\"KOSMETIKA\"],\"inLanguage\":\"cs\"},{\"@type\":\"WebPage\",\"@id\":\"https:\/\/womenhouse.cz\/index.php\/2019\/11\/01\/otestovali-jsme-podzimni-novinky-dekorativni-kosmetiky-gabriella-salvete\/\",\"url\":\"https:\/\/womenhouse.cz\/index.php\/2019\/11\/01\/otestovali-jsme-podzimni-novinky-dekorativni-kosmetiky-gabriella-salvete\/\",\"name\":\"Otestovali jsme podzimn\u00ed novinky dekorativn\u00ed kosmetiky Gabriella Salvete - WOMENHOUSE.cz\",\"isPartOf\":{\"@id\":\"https:\/\/womenhouse.cz\/#website\"},\"datePublished\":\"2019-10-31T23:01:19+00:00\",\"dateModified\":\"2019-12-09T19:54:28+00:00\",\"breadcrumb\":{\"@id\":\"https:\/\/womenhouse.cz\/index.php\/2019\/11\/01\/otestovali-jsme-podzimni-novinky-dekorativni-kosmetiky-gabriella-salvete\/#breadcrumb\"},\"inLanguage\":\"cs\",\"potentialAction\":[{\"@type\":\"ReadAction\",\"target\":[\"https:\/\/womenhouse.cz\/index.php\/2019\/11\/01\/otestovali-jsme-podzimni-novinky-dekorativni-kosmetiky-gabriella-salvete\/\"]}]},{\"@type\":\"BreadcrumbList\",\"@id\":\"https:\/\/womenhouse.cz\/index.php\/2019\/11\/01\/otestovali-jsme-podzimni-novinky-dekorativni-kosmetiky-gabriella-salvete\/#breadcrumb\",\"itemListElement\":[{\"@type\":\"ListItem\",\"position\":1,\"name\":\"Dom\u016f\",\"item\":\"https:\/\/womenhouse.cz\/\"},{\"@type\":\"ListItem\",\"position\":2,\"name\":\"Otestovali jsme podzimn\u00ed novinky dekorativn\u00ed kosmetiky Gabriella Salvete\"}]},{\"@type\":\"WebSite\",\"@id\":\"https:\/\/womenhouse.cz\/#website\",\"url\":\"https:\/\/womenhouse.cz\/\",\"name\":\"WOMENHOUSE.cz\",\"description\":\"Port\u00e1l v\u00fdhradn\u011b jen pro \u017eeny...\",\"publisher\":{\"@id\":\"https:\/\/womenhouse.cz\/#organization\"},\"potentialAction\":[{\"@type\":\"SearchAction\",\"target\":{\"@type\":\"EntryPoint\",\"urlTemplate\":\"https:\/\/womenhouse.cz\/?s={search_term_string}\"},\"query-input\":\"required name=search_term_string\"}],\"inLanguage\":\"cs\"},{\"@type\":\"Organization\",\"@id\":\"https:\/\/womenhouse.cz\/#organization\",\"name\":\"WOMENHOUSE.cz\",\"url\":\"https:\/\/womenhouse.cz\/\",\"logo\":{\"@type\":\"ImageObject\",\"inLanguage\":\"cs\",\"@id\":\"https:\/\/womenhouse.cz\/#\/schema\/logo\/image\/\",\"url\":\"https:\/\/womenhouse.cz\/wp-content\/uploads\/2020\/06\/cropped-logo_Womenhouse_RGB-02-removebg-preview-1.png\",\"contentUrl\":\"https:\/\/womenhouse.cz\/wp-content\/uploads\/2020\/06\/cropped-logo_Womenhouse_RGB-02-removebg-preview-1.png\",\"width\":561,\"height\":375,\"caption\":\"WOMENHOUSE.cz\"},\"image\":{\"@id\":\"https:\/\/womenhouse.cz\/#\/schema\/logo\/image\/\"},\"sameAs\":[\"https:\/\/www.facebook.com\/womenhousecz\",\"https:\/\/www.instagram.com\/womenhousecz\/\"]},{\"@type\":\"Person\",\"@id\":\"https:\/\/womenhouse.cz\/#\/schema\/person\/bb23de047f36ce228c1df3119aa23bff\",\"name\":\"Marcela Karafizievov\u00e1\",\"sameAs\":[\"http:\/\/WOMENHOUSE.cz\"],\"url\":\"https:\/\/womenhouse.cz\/index.php\/author\/markar\/\"}]}<\/script>\n<!-- \/ Yoast SEO plugin. -->","yoast_head_json":{"title":"Otestovali jsme podzimn\u00ed novinky dekorativn\u00ed kosmetiky Gabriella Salvete - WOMENHOUSE.cz","robots":{"index":"index","follow":"follow","max-snippet":"max-snippet:-1","max-image-preview":"max-image-preview:large","max-video-preview":"max-video-preview:-1"},"canonical":"https:\/\/womenhouse.cz\/index.php\/2019\/11\/01\/otestovali-jsme-podzimni-novinky-dekorativni-kosmetiky-gabriella-salvete\/","og_locale":"cs_CZ","og_type":"article","og_title":"Otestovali jsme podzimn\u00ed novinky dekorativn\u00ed kosmetiky Gabriella Salvete - WOMENHOUSE.cz","og_description":"Podzim je v\u017edy pln\u00fd barevn\u00fdch novinek a v&nbsp;dekorativn\u00ed kosmetice to plat\u00ed obzvl\u00e1\u0161\u0165. Je na \u010dase p\u0159ipravit se na chladn\u011bj\u0161\u00ed obdob\u00ed nejenom nov\u00fdmi m\u00f3dn\u00edmi kousky, ale zejm\u00e9na n\u00e1kupem nov\u00fdch kosmetick\u00fdch vychyt\u00e1vek. My jsme otestovali bal\u00ed\u010dek pln\u00fd kosmetick\u00fdch trend\u016f od zna\u010dky Gabriella Salvete. Magic Mascara Na \u0159asenku Magic Mascara jsem se hodn\u011b t\u011b\u0161ila. Sehnat dobrou \u0159asenku toti\u017e [&hellip;]","og_url":"https:\/\/womenhouse.cz\/index.php\/2019\/11\/01\/otestovali-jsme-podzimni-novinky-dekorativni-kosmetiky-gabriella-salvete\/","og_site_name":"WOMENHOUSE.cz","article_publisher":"https:\/\/www.facebook.com\/womenhousecz","article_published_time":"2019-10-31T23:01:19+00:00","article_modified_time":"2019-12-09T19:54:28+00:00","og_image":[{"width":1950,"height":1463,"url":"https:\/\/womenhouse.cz\/wp-content\/uploads\/2019\/10\/IMG_20191027_152015.jpg","type":"image\/jpeg"}],"author":"Marcela Karafizievov\u00e1","twitter_card":"summary_large_image","twitter_misc":{"Napsal(a)":"Marcela Karafizievov\u00e1","Odhadovan\u00e1 doba \u010dten\u00ed":"2 minuty"},"schema":{"@context":"https:\/\/schema.org","@graph":[{"@type":"Article","@id":"https:\/\/womenhouse.cz\/index.php\/2019\/11\/01\/otestovali-jsme-podzimni-novinky-dekorativni-kosmetiky-gabriella-salvete\/#article","isPartOf":{"@id":"https:\/\/womenhouse.cz\/index.php\/2019\/11\/01\/otestovali-jsme-podzimni-novinky-dekorativni-kosmetiky-gabriella-salvete\/"},"author":{"name":"Marcela Karafizievov\u00e1","@id":"https:\/\/womenhouse.cz\/#\/schema\/person\/bb23de047f36ce228c1df3119aa23bff"},"headline":"Otestovali jsme podzimn\u00ed novinky dekorativn\u00ed kosmetiky Gabriella Salvete","datePublished":"2019-10-31T23:01:19+00:00","dateModified":"2019-12-09T19:54:28+00:00","mainEntityOfPage":{"@id":"https:\/\/womenhouse.cz\/index.php\/2019\/11\/01\/otestovali-jsme-podzimni-novinky-dekorativni-kosmetiky-gabriella-salvete\/"},"wordCount":491,"publisher":{"@id":"https:\/\/womenhouse.cz\/#organization"},"articleSection":["KOSMETIKA"],"inLanguage":"cs"},{"@type":"WebPage","@id":"https:\/\/womenhouse.cz\/index.php\/2019\/11\/01\/otestovali-jsme-podzimni-novinky-dekorativni-kosmetiky-gabriella-salvete\/","url":"https:\/\/womenhouse.cz\/index.php\/2019\/11\/01\/otestovali-jsme-podzimni-novinky-dekorativni-kosmetiky-gabriella-salvete\/","name":"Otestovali jsme podzimn\u00ed novinky dekorativn\u00ed kosmetiky Gabriella Salvete - WOMENHOUSE.cz","isPartOf":{"@id":"https:\/\/womenhouse.cz\/#website"},"datePublished":"2019-10-31T23:01:19+00:00","dateModified":"2019-12-09T19:54:28+00:00","breadcrumb":{"@id":"https:\/\/womenhouse.cz\/index.php\/2019\/11\/01\/otestovali-jsme-podzimni-novinky-dekorativni-kosmetiky-gabriella-salvete\/#breadcrumb"},"inLanguage":"cs","potentialAction":[{"@type":"ReadAction","target":["https:\/\/womenhouse.cz\/index.php\/2019\/11\/01\/otestovali-jsme-podzimni-novinky-dekorativni-kosmetiky-gabriella-salvete\/"]}]},{"@type":"BreadcrumbList","@id":"https:\/\/womenhouse.cz\/index.php\/2019\/11\/01\/otestovali-jsme-podzimni-novinky-dekorativni-kosmetiky-gabriella-salvete\/#breadcrumb","itemListElement":[{"@type":"ListItem","position":1,"name":"Dom\u016f","item":"https:\/\/womenhouse.cz\/"},{"@type":"ListItem","position":2,"name":"Otestovali jsme podzimn\u00ed novinky dekorativn\u00ed kosmetiky Gabriella Salvete"}]},{"@type":"WebSite","@id":"https:\/\/womenhouse.cz\/#website","url":"https:\/\/womenhouse.cz\/","name":"WOMENHOUSE.cz","description":"Port\u00e1l v\u00fdhradn\u011b jen pro \u017eeny...","publisher":{"@id":"https:\/\/womenhouse.cz\/#organization"},"potentialAction":[{"@type":"SearchAction","target":{"@type":"EntryPoint","urlTemplate":"https:\/\/womenhouse.cz\/?s={search_term_string}"},"query-input":"required name=search_term_string"}],"inLanguage":"cs"},{"@type":"Organization","@id":"https:\/\/womenhouse.cz\/#organization","name":"WOMENHOUSE.cz","url":"https:\/\/womenhouse.cz\/","logo":{"@type":"ImageObject","inLanguage":"cs","@id":"https:\/\/womenhouse.cz\/#\/schema\/logo\/image\/","url":"https:\/\/womenhouse.cz\/wp-content\/uploads\/2020\/06\/cropped-logo_Womenhouse_RGB-02-removebg-preview-1.png","contentUrl":"https:\/\/womenhouse.cz\/wp-content\/uploads\/2020\/06\/cropped-logo_Womenhouse_RGB-02-removebg-preview-1.png","width":561,"height":375,"caption":"WOMENHOUSE.cz"},"image":{"@id":"https:\/\/womenhouse.cz\/#\/schema\/logo\/image\/"},"sameAs":["https:\/\/www.facebook.com\/womenhousecz","https:\/\/www.instagram.com\/womenhousecz\/"]},{"@type":"Person","@id":"https:\/\/womenhouse.cz\/#\/schema\/person\/bb23de047f36ce228c1df3119aa23bff","name":"Marcela Karafizievov\u00e1","sameAs":["http:\/\/WOMENHOUSE.cz"],"url":"https:\/\/womenhouse.cz\/index.php\/author\/markar\/"}]}},"_links":{"self":[{"href":"https:\/\/womenhouse.cz\/index.php\/wp-json\/wp\/v2\/posts\/1287"}],"collection":[{"href":"https:\/\/womenhouse.cz\/index.php\/wp-json\/wp\/v2\/posts"}],"about":[{"href":"https:\/\/womenhouse.cz\/index.php\/wp-json\/wp\/v2\/types\/post"}],"author":[{"embeddable":true,"href":"https:\/\/womenhouse.cz\/index.php\/wp-json\/wp\/v2\/users\/5"}],"replies":[{"embeddable":true,"href":"https:\/\/womenhouse.cz\/index.php\/wp-json\/wp\/v2\/comments?post=1287"}],"version-history":[{"count":-1,"href":"https:\/\/womenhouse.cz\/index.php\/wp-json\/wp\/v2\/posts\/1287\/revisions"}],"wp:featuredmedia":[{"embeddable":true,"href":"https:\/\/womenhouse.cz\/index.php\/wp-json\/wp\/v2\/media\/1316"}],"wp:attachment":[{"href":"https:\/\/womenhouse.cz\/index.php\/wp-json\/wp\/v2\/media?parent=1287"}],"wp:term":[{"taxonomy":"category","embeddable":true,"href":"https:\/\/womenhouse.cz\/index.php\/wp-json\/wp\/v2\/categories?post=1287"},{"taxonomy":"post_tag","embeddable":true,"href":"https:\/\/womenhouse.cz\/index.php\/wp-json\/wp\/v2\/tags?post=1287"}],"curies":[{"name":"wp","href":"https:\/\/api.w.org\/{rel}","templated":true}]}}