{"id":11946,"date":"2023-12-09T00:01:00","date_gmt":"2023-12-08T23:01:00","guid":{"rendered":"https:\/\/womenhouse.cz\/?p=11946"},"modified":"2024-02-03T03:09:38","modified_gmt":"2024-02-03T02:09:38","slug":"rok-po-uspesnem-vstupu-na-cesky-trh-otevrelo-hebe-prvni-kamennou-prodejnu","status":"publish","type":"post","link":"https:\/\/womenhouse.cz\/index.php\/2023\/12\/09\/rok-po-uspesnem-vstupu-na-cesky-trh-otevrelo-hebe-prvni-kamennou-prodejnu\/","title":{"rendered":"Rok po \u00fasp\u011b\u0161n\u00e9m vstupu na \u010desk\u00fd trh, otev\u0159elo Hebe prvn\u00ed kamennou prodejnu"},"content":{"rendered":"\n<div style=\"height:39px\" aria-hidden=\"true\" class=\"wp-block-spacer\"><\/div>\n\n\n\n<p><strong>Internetov\u00fd obchod s\u00a0kosmetikou Hebe d\u00e1l expanduje na \u010desk\u00fd trh \u2013 v\u00a0obchodn\u00edm centru\u00a0Galerii Harfa v Praze otev\u0159el ve st\u0159edu 6. prosince 2023 svou prvn\u00ed kamennou prodejnu. Nov\u00fd hr\u00e1\u010d na trhu s\u00a0kosmetikou zah\u00e1jil vstup do \u010ceska loni na podzim, od t\u00e9 doby rozv\u00edj\u00ed sv\u016fj online kan\u00e1l a z\u00edsk\u00e1v\u00e1 st\u00e1le v\u00edce \u010desk\u00fdch z\u00e1kazn\u00edk\u016f. Klienti si tak od prosince budou moci vyzkou\u0161et exkluzivn\u00ed zna\u010dky kosmetiky p\u0159\u00edmo v obchod\u011b. Je\u0161t\u011b p\u0159ed V\u00e1noci bude otev\u0159ena druh\u00e1 prodejna v\u00a0obchodn\u00edm centru Westfield \u010cern\u00fd Most a v p\u0159\u00ed\u0161t\u00edm roce se obchody objev\u00ed i v dal\u0161\u00edch m\u011bstech.<\/strong><\/p>\n\n\n\n<div style=\"height:39px\" aria-hidden=\"true\" class=\"wp-block-spacer\"><\/div>\n\n\n<div class=\"wp-block-image\">\n<figure class=\"aligncenter size-large\"><img loading=\"lazy\" decoding=\"async\" width=\"1024\" height=\"576\" src=\"https:\/\/womenhouse.cz\/wp-content\/uploads\/2023\/12\/Hebe-store-in-Galeria-Harfa_1-1024x576.jpg\" alt=\"Rok po \u00fasp\u011b\u0161n\u00e9m vstupu na \u010desk\u00fd trh, otev\u0159elo Hebe prvn\u00ed kamennou prodejnu\" class=\"wp-image-11947\" srcset=\"https:\/\/womenhouse.cz\/wp-content\/uploads\/2023\/12\/Hebe-store-in-Galeria-Harfa_1-1024x576.jpg 1024w, https:\/\/womenhouse.cz\/wp-content\/uploads\/2023\/12\/Hebe-store-in-Galeria-Harfa_1-300x169.jpg 300w, https:\/\/womenhouse.cz\/wp-content\/uploads\/2023\/12\/Hebe-store-in-Galeria-Harfa_1-768x432.jpg 768w, https:\/\/womenhouse.cz\/wp-content\/uploads\/2023\/12\/Hebe-store-in-Galeria-Harfa_1-1536x865.jpg 1536w, https:\/\/womenhouse.cz\/wp-content\/uploads\/2023\/12\/Hebe-store-in-Galeria-Harfa_1-2048x1153.jpg 2048w\" sizes=\"(max-width: 1024px) 100vw, 1024px\" \/><\/figure><\/div>\n\n\n<div style=\"height:39px\" aria-hidden=\"true\" class=\"wp-block-spacer\"><\/div>\n\n\n\n<p>Hebe.com\/cz nab\u00edz\u00ed v&nbsp;\u010cesku u\u017e od minul\u00e9ho podzimu 20 tis\u00edc produkt\u016f r\u016fzn\u00fdch zna\u010dek na jednom m\u00edst\u011b. Sv\u00e9 p\u0159\u00edznivce si zna\u010dka osvojila u\u017e na webov\u00fdch str\u00e1nk\u00e1ch, nyn\u00ed je ale mo\u017en\u00e9 si v\u0161echny produkty prohl\u00e9dnout a vyzkou\u0161et. Nov\u00e1 prodejna disponuje plochou 350 metr\u016f \u010dtvere\u010dn\u00edch. Nakupuj\u00edc\u00ed se tak mohou t\u011b\u0161it na prostorn\u00e9 a poklidn\u00e9 nakupov\u00e1n\u00ed p\u0159i v\u00fdb\u011bru jejich obl\u00edben\u00fdch produkt\u016f.<\/p>\n\n\n\n<p>Sortiment zahrnuje \u0161irokou \u0161k\u00e1lu p\u00e9\u010de o ple\u0165, t\u011blo a vlasy. V&nbsp;nab\u00eddce nechyb\u00ed ani p\u0159\u00edrodn\u00ed, japonsk\u00e1, korejsk\u00e1 a profesion\u00e1ln\u00ed kosmetika, dermokosmetika, make-up nebo v\u016fn\u011b. V&nbsp;drogerii t\u00e9\u017e naleznete mnoho exkluzivn\u00edch zna\u010dek jako Claresa, CLIV \u010di Pure by Clochee. V&nbsp;reakci na z\u00e1jem o uv\u011bdom\u011blou p\u00e9\u010di produkuje Hebe vlastn\u00ed kosmetick\u00e9 \u0159ady s&nbsp;produkty na cel\u00e9 t\u011blo i ple\u0165. Pod zna\u010dkou Hebe Professional jsou na trhu nap\u0159\u00edklad l\u00ed\u010didla a kosmetick\u00e9 dopl\u0148ky jako jsou \u0161t\u011btce na make-up.<\/p>\n\n\n\n<div style=\"height:39px\" aria-hidden=\"true\" class=\"wp-block-spacer\"><\/div>\n\n\n\n<figure class=\"wp-block-image size-large\"><img loading=\"lazy\" decoding=\"async\" width=\"1024\" height=\"683\" src=\"https:\/\/womenhouse.cz\/wp-content\/uploads\/2023\/12\/Hebe-store-in-Galeria-Harfa_2-1024x683.jpg\" alt=\"Rok po \u00fasp\u011b\u0161n\u00e9m vstupu na \u010desk\u00fd trh, otev\u0159elo Hebe prvn\u00ed kamennou prodejnu\" class=\"wp-image-11948\" srcset=\"https:\/\/womenhouse.cz\/wp-content\/uploads\/2023\/12\/Hebe-store-in-Galeria-Harfa_2-1024x683.jpg 1024w, https:\/\/womenhouse.cz\/wp-content\/uploads\/2023\/12\/Hebe-store-in-Galeria-Harfa_2-300x200.jpg 300w, https:\/\/womenhouse.cz\/wp-content\/uploads\/2023\/12\/Hebe-store-in-Galeria-Harfa_2-768x512.jpg 768w, https:\/\/womenhouse.cz\/wp-content\/uploads\/2023\/12\/Hebe-store-in-Galeria-Harfa_2-1536x1024.jpg 1536w, https:\/\/womenhouse.cz\/wp-content\/uploads\/2023\/12\/Hebe-store-in-Galeria-Harfa_2-2048x1366.jpg 2048w\" sizes=\"(max-width: 1024px) 100vw, 1024px\" \/><\/figure>\n\n\n\n<div style=\"height:39px\" aria-hidden=\"true\" class=\"wp-block-spacer\"><\/div>\n\n\n\n<p>Koncept drogeri\u00ed Hebe je zalo\u017een na kombinaci kvalitn\u00edch slu\u017eeb a produkt\u016f dostupn\u00fdch za atraktivn\u00ed ceny. Nov\u00e9 prodejny se zam\u011b\u0159uj\u00ed p\u0159edev\u0161\u00edm na komfort spot\u0159ebitele a budou koncipov\u00e1ny tak, aby si z\u00e1kazn\u00edci mohli produkty zbl\u00edzka prohl\u00e9dnout a vyzkou\u0161et. Tuzem\u0161t\u00ed klienti se tak mohou t\u011b\u0161it na p\u0159edstaven\u00ed nov\u00fdch sv\u011btov\u011b proslul\u00fdch zna\u010dek, kosmetick\u00fdch trend\u016f, ale i na inovativn\u00ed slo\u017een\u00ed produkt\u016f. Kamenn\u00fd obchod Hebe v&nbsp;Galerii Harfa bude pro z\u00e1kazn\u00edky otev\u0159en v\u0161echny dny v&nbsp;t\u00fddnu od 9:00 do 21:00. P\u0159ij\u010fte prodejnu nav\u0161t\u00edvit!<\/p>\n\n\n\n<div style=\"height:39px\" aria-hidden=\"true\" class=\"wp-block-spacer\"><\/div>\n\n\n\n<figure class=\"wp-block-gallery has-nested-images columns-default is-cropped wp-block-gallery-1 is-layout-flex wp-block-gallery-is-layout-flex\">\n<figure class=\"wp-block-image size-large\"><img loading=\"lazy\" decoding=\"async\" width=\"1024\" height=\"576\" data-id=\"11947\" src=\"https:\/\/womenhouse.cz\/wp-content\/uploads\/2023\/12\/Hebe-store-in-Galeria-Harfa_1-1024x576.jpg\" alt=\"Rok po \u00fasp\u011b\u0161n\u00e9m vstupu na \u010desk\u00fd trh, otev\u0159elo Hebe prvn\u00ed kamennou prodejnu\" class=\"wp-image-11947\" srcset=\"https:\/\/womenhouse.cz\/wp-content\/uploads\/2023\/12\/Hebe-store-in-Galeria-Harfa_1-1024x576.jpg 1024w, https:\/\/womenhouse.cz\/wp-content\/uploads\/2023\/12\/Hebe-store-in-Galeria-Harfa_1-300x169.jpg 300w, https:\/\/womenhouse.cz\/wp-content\/uploads\/2023\/12\/Hebe-store-in-Galeria-Harfa_1-768x432.jpg 768w, https:\/\/womenhouse.cz\/wp-content\/uploads\/2023\/12\/Hebe-store-in-Galeria-Harfa_1-1536x865.jpg 1536w, https:\/\/womenhouse.cz\/wp-content\/uploads\/2023\/12\/Hebe-store-in-Galeria-Harfa_1-2048x1153.jpg 2048w\" sizes=\"(max-width: 1024px) 100vw, 1024px\" \/><\/figure>\n\n\n\n<figure class=\"wp-block-image size-large\"><img loading=\"lazy\" decoding=\"async\" width=\"1024\" height=\"683\" data-id=\"11948\" src=\"https:\/\/womenhouse.cz\/wp-content\/uploads\/2023\/12\/Hebe-store-in-Galeria-Harfa_2-1024x683.jpg\" alt=\"Rok po \u00fasp\u011b\u0161n\u00e9m vstupu na \u010desk\u00fd trh, otev\u0159elo Hebe prvn\u00ed kamennou prodejnu\" class=\"wp-image-11948\" srcset=\"https:\/\/womenhouse.cz\/wp-content\/uploads\/2023\/12\/Hebe-store-in-Galeria-Harfa_2-1024x683.jpg 1024w, https:\/\/womenhouse.cz\/wp-content\/uploads\/2023\/12\/Hebe-store-in-Galeria-Harfa_2-300x200.jpg 300w, https:\/\/womenhouse.cz\/wp-content\/uploads\/2023\/12\/Hebe-store-in-Galeria-Harfa_2-768x512.jpg 768w, https:\/\/womenhouse.cz\/wp-content\/uploads\/2023\/12\/Hebe-store-in-Galeria-Harfa_2-1536x1024.jpg 1536w, https:\/\/womenhouse.cz\/wp-content\/uploads\/2023\/12\/Hebe-store-in-Galeria-Harfa_2-2048x1366.jpg 2048w\" sizes=\"(max-width: 1024px) 100vw, 1024px\" \/><\/figure>\n<\/figure>\n\n\n\n<div style=\"height:39px\" aria-hidden=\"true\" class=\"wp-block-spacer\"><\/div>\n\n\n\n<p><strong>Zdroj foto: <\/strong>Hebe<\/p>\n\n\n\n<div style=\"height:100px\" aria-hidden=\"true\" class=\"wp-block-spacer\"><\/div>\n","protected":false},"excerpt":{"rendered":"<p>Internetov\u00fd obchod s\u00a0kosmetikou Hebe d\u00e1l expanduje na \u010desk\u00fd trh \u2013 v\u00a0obchodn\u00edm centru\u00a0Galerii Harfa v Praze otev\u0159el ve st\u0159edu 6. prosince 2023 svou prvn\u00ed kamennou prodejnu. Nov\u00fd hr\u00e1\u010d na trhu s\u00a0kosmetikou zah\u00e1jil vstup do \u010ceska loni na podzim, od t\u00e9 doby rozv\u00edj\u00ed sv\u016fj online kan\u00e1l a z\u00edsk\u00e1v\u00e1 st\u00e1le v\u00edce \u010desk\u00fdch z\u00e1kazn\u00edk\u016f. Klienti si tak od prosince [&hellip;]<\/p>\n","protected":false},"author":7,"featured_media":11949,"comment_status":"closed","ping_status":"closed","sticky":false,"template":"","format":"standard","meta":{"_mi_skip_tracking":false,"_monsterinsights_sitenote_active":false,"_monsterinsights_sitenote_note":"","_monsterinsights_sitenote_category":0,"footnotes":""},"categories":[9,2,12],"tags":[],"yoast_head":"<!-- This site is optimized with the Yoast SEO plugin v21.5 - https:\/\/yoast.com\/wordpress\/plugins\/seo\/ -->\n<title>Rok po \u00fasp\u011b\u0161n\u00e9m vstupu na \u010desk\u00fd trh, otev\u0159elo Hebe prvn\u00ed kamennou prodejnu - WOMENHOUSE.cz<\/title>\n<meta name=\"description\" content=\"Internetov\u00fd obchod s\u00a0kosmetikou Hebe d\u00e1l expanduje na \u010desk\u00fd trh \u2013 v\u00a0OC Galerii Harfa v Praze otev\u0159el svou prvn\u00ed kamennou prodejnu.\" \/>\n<meta name=\"robots\" content=\"index, follow, max-snippet:-1, max-image-preview:large, max-video-preview:-1\" \/>\n<link rel=\"canonical\" href=\"https:\/\/womenhouse.cz\/index.php\/2023\/12\/09\/rok-po-uspesnem-vstupu-na-cesky-trh-otevrelo-hebe-prvni-kamennou-prodejnu\/\" \/>\n<meta property=\"og:locale\" content=\"cs_CZ\" \/>\n<meta property=\"og:type\" content=\"article\" \/>\n<meta property=\"og:title\" content=\"Rok po \u00fasp\u011b\u0161n\u00e9m vstupu na \u010desk\u00fd trh, otev\u0159elo Hebe prvn\u00ed kamennou prodejnu - WOMENHOUSE.cz\" \/>\n<meta property=\"og:description\" content=\"Internetov\u00fd obchod s\u00a0kosmetikou Hebe d\u00e1l expanduje na \u010desk\u00fd trh \u2013 v\u00a0OC Galerii Harfa v Praze otev\u0159el svou prvn\u00ed kamennou prodejnu.\" \/>\n<meta property=\"og:url\" content=\"https:\/\/womenhouse.cz\/index.php\/2023\/12\/09\/rok-po-uspesnem-vstupu-na-cesky-trh-otevrelo-hebe-prvni-kamennou-prodejnu\/\" \/>\n<meta property=\"og:site_name\" content=\"WOMENHOUSE.cz\" \/>\n<meta property=\"article:publisher\" content=\"https:\/\/www.facebook.com\/womenhousecz\" \/>\n<meta property=\"article:published_time\" content=\"2023-12-08T23:01:00+00:00\" \/>\n<meta property=\"article:modified_time\" content=\"2024-02-03T02:09:38+00:00\" \/>\n<meta property=\"og:image\" content=\"https:\/\/womenhouse.cz\/wp-content\/uploads\/2023\/12\/Hebe-store-in-Galeria-Harfa_1-1.jpg\" \/>\n\t<meta property=\"og:image:width\" content=\"1341\" \/>\n\t<meta property=\"og:image:height\" content=\"1159\" \/>\n\t<meta property=\"og:image:type\" content=\"image\/jpeg\" \/>\n<meta name=\"author\" content=\"Jordana Pechov\u00e1\" \/>\n<meta name=\"twitter:card\" content=\"summary_large_image\" \/>\n<meta name=\"twitter:label1\" content=\"Napsal(a)\" \/>\n\t<meta name=\"twitter:data1\" content=\"Jordana Pechov\u00e1\" \/>\n\t<meta name=\"twitter:label2\" content=\"Odhadovan\u00e1 doba \u010dten\u00ed\" \/>\n\t<meta name=\"twitter:data2\" content=\"3 minuty\" \/>\n<script type=\"application\/ld+json\" class=\"yoast-schema-graph\">{\"@context\":\"https:\/\/schema.org\",\"@graph\":[{\"@type\":\"Article\",\"@id\":\"https:\/\/womenhouse.cz\/index.php\/2023\/12\/09\/rok-po-uspesnem-vstupu-na-cesky-trh-otevrelo-hebe-prvni-kamennou-prodejnu\/#article\",\"isPartOf\":{\"@id\":\"https:\/\/womenhouse.cz\/index.php\/2023\/12\/09\/rok-po-uspesnem-vstupu-na-cesky-trh-otevrelo-hebe-prvni-kamennou-prodejnu\/\"},\"author\":{\"name\":\"Jordana Pechov\u00e1\",\"@id\":\"https:\/\/womenhouse.cz\/#\/schema\/person\/98698d23e31293fb605f53065038675f\"},\"headline\":\"Rok po \u00fasp\u011b\u0161n\u00e9m vstupu na \u010desk\u00fd trh, otev\u0159elo Hebe prvn\u00ed kamennou prodejnu\",\"datePublished\":\"2023-12-08T23:01:00+00:00\",\"dateModified\":\"2024-02-03T02:09:38+00:00\",\"mainEntityOfPage\":{\"@id\":\"https:\/\/womenhouse.cz\/index.php\/2023\/12\/09\/rok-po-uspesnem-vstupu-na-cesky-trh-otevrelo-hebe-prvni-kamennou-prodejnu\/\"},\"wordCount\":424,\"publisher\":{\"@id\":\"https:\/\/womenhouse.cz\/#organization\"},\"articleSection\":[\"KOSMETIKA\",\"NEWS\",\"TIPY &amp; TRENDY\"],\"inLanguage\":\"cs\"},{\"@type\":\"WebPage\",\"@id\":\"https:\/\/womenhouse.cz\/index.php\/2023\/12\/09\/rok-po-uspesnem-vstupu-na-cesky-trh-otevrelo-hebe-prvni-kamennou-prodejnu\/\",\"url\":\"https:\/\/womenhouse.cz\/index.php\/2023\/12\/09\/rok-po-uspesnem-vstupu-na-cesky-trh-otevrelo-hebe-prvni-kamennou-prodejnu\/\",\"name\":\"Rok po \u00fasp\u011b\u0161n\u00e9m vstupu na \u010desk\u00fd trh, otev\u0159elo Hebe prvn\u00ed kamennou prodejnu - WOMENHOUSE.cz\",\"isPartOf\":{\"@id\":\"https:\/\/womenhouse.cz\/#website\"},\"datePublished\":\"2023-12-08T23:01:00+00:00\",\"dateModified\":\"2024-02-03T02:09:38+00:00\",\"description\":\"Internetov\u00fd obchod s\u00a0kosmetikou Hebe d\u00e1l expanduje na \u010desk\u00fd trh \u2013 v\u00a0OC Galerii Harfa v Praze otev\u0159el svou prvn\u00ed kamennou prodejnu.\",\"breadcrumb\":{\"@id\":\"https:\/\/womenhouse.cz\/index.php\/2023\/12\/09\/rok-po-uspesnem-vstupu-na-cesky-trh-otevrelo-hebe-prvni-kamennou-prodejnu\/#breadcrumb\"},\"inLanguage\":\"cs\",\"potentialAction\":[{\"@type\":\"ReadAction\",\"target\":[\"https:\/\/womenhouse.cz\/index.php\/2023\/12\/09\/rok-po-uspesnem-vstupu-na-cesky-trh-otevrelo-hebe-prvni-kamennou-prodejnu\/\"]}]},{\"@type\":\"BreadcrumbList\",\"@id\":\"https:\/\/womenhouse.cz\/index.php\/2023\/12\/09\/rok-po-uspesnem-vstupu-na-cesky-trh-otevrelo-hebe-prvni-kamennou-prodejnu\/#breadcrumb\",\"itemListElement\":[{\"@type\":\"ListItem\",\"position\":1,\"name\":\"Dom\u016f\",\"item\":\"https:\/\/womenhouse.cz\/\"},{\"@type\":\"ListItem\",\"position\":2,\"name\":\"Rok po \u00fasp\u011b\u0161n\u00e9m vstupu na \u010desk\u00fd trh, otev\u0159elo Hebe prvn\u00ed kamennou prodejnu\"}]},{\"@type\":\"WebSite\",\"@id\":\"https:\/\/womenhouse.cz\/#website\",\"url\":\"https:\/\/womenhouse.cz\/\",\"name\":\"WOMENHOUSE.cz\",\"description\":\"Port\u00e1l v\u00fdhradn\u011b jen pro \u017eeny...\",\"publisher\":{\"@id\":\"https:\/\/womenhouse.cz\/#organization\"},\"potentialAction\":[{\"@type\":\"SearchAction\",\"target\":{\"@type\":\"EntryPoint\",\"urlTemplate\":\"https:\/\/womenhouse.cz\/?s={search_term_string}\"},\"query-input\":\"required name=search_term_string\"}],\"inLanguage\":\"cs\"},{\"@type\":\"Organization\",\"@id\":\"https:\/\/womenhouse.cz\/#organization\",\"name\":\"WOMENHOUSE.cz\",\"url\":\"https:\/\/womenhouse.cz\/\",\"logo\":{\"@type\":\"ImageObject\",\"inLanguage\":\"cs\",\"@id\":\"https:\/\/womenhouse.cz\/#\/schema\/logo\/image\/\",\"url\":\"https:\/\/womenhouse.cz\/wp-content\/uploads\/2020\/06\/cropped-logo_Womenhouse_RGB-02-removebg-preview-1.png\",\"contentUrl\":\"https:\/\/womenhouse.cz\/wp-content\/uploads\/2020\/06\/cropped-logo_Womenhouse_RGB-02-removebg-preview-1.png\",\"width\":561,\"height\":375,\"caption\":\"WOMENHOUSE.cz\"},\"image\":{\"@id\":\"https:\/\/womenhouse.cz\/#\/schema\/logo\/image\/\"},\"sameAs\":[\"https:\/\/www.facebook.com\/womenhousecz\",\"https:\/\/www.instagram.com\/womenhousecz\/\"]},{\"@type\":\"Person\",\"@id\":\"https:\/\/womenhouse.cz\/#\/schema\/person\/98698d23e31293fb605f53065038675f\",\"name\":\"Jordana Pechov\u00e1\",\"sameAs\":[\"http:\/\/WOMENHOUSE.cz\"],\"url\":\"https:\/\/womenhouse.cz\/index.php\/author\/jorpech\/\"}]}<\/script>\n<!-- \/ Yoast SEO plugin. -->","yoast_head_json":{"title":"Rok po \u00fasp\u011b\u0161n\u00e9m vstupu na \u010desk\u00fd trh, otev\u0159elo Hebe prvn\u00ed kamennou prodejnu - WOMENHOUSE.cz","description":"Internetov\u00fd obchod s\u00a0kosmetikou Hebe d\u00e1l expanduje na \u010desk\u00fd trh \u2013 v\u00a0OC Galerii Harfa v Praze otev\u0159el svou prvn\u00ed kamennou prodejnu.","robots":{"index":"index","follow":"follow","max-snippet":"max-snippet:-1","max-image-preview":"max-image-preview:large","max-video-preview":"max-video-preview:-1"},"canonical":"https:\/\/womenhouse.cz\/index.php\/2023\/12\/09\/rok-po-uspesnem-vstupu-na-cesky-trh-otevrelo-hebe-prvni-kamennou-prodejnu\/","og_locale":"cs_CZ","og_type":"article","og_title":"Rok po \u00fasp\u011b\u0161n\u00e9m vstupu na \u010desk\u00fd trh, otev\u0159elo Hebe prvn\u00ed kamennou prodejnu - WOMENHOUSE.cz","og_description":"Internetov\u00fd obchod s\u00a0kosmetikou Hebe d\u00e1l expanduje na \u010desk\u00fd trh \u2013 v\u00a0OC Galerii Harfa v Praze otev\u0159el svou prvn\u00ed kamennou prodejnu.","og_url":"https:\/\/womenhouse.cz\/index.php\/2023\/12\/09\/rok-po-uspesnem-vstupu-na-cesky-trh-otevrelo-hebe-prvni-kamennou-prodejnu\/","og_site_name":"WOMENHOUSE.cz","article_publisher":"https:\/\/www.facebook.com\/womenhousecz","article_published_time":"2023-12-08T23:01:00+00:00","article_modified_time":"2024-02-03T02:09:38+00:00","og_image":[{"width":1341,"height":1159,"url":"https:\/\/womenhouse.cz\/wp-content\/uploads\/2023\/12\/Hebe-store-in-Galeria-Harfa_1-1.jpg","type":"image\/jpeg"}],"author":"Jordana Pechov\u00e1","twitter_card":"summary_large_image","twitter_misc":{"Napsal(a)":"Jordana Pechov\u00e1","Odhadovan\u00e1 doba \u010dten\u00ed":"3 minuty"},"schema":{"@context":"https:\/\/schema.org","@graph":[{"@type":"Article","@id":"https:\/\/womenhouse.cz\/index.php\/2023\/12\/09\/rok-po-uspesnem-vstupu-na-cesky-trh-otevrelo-hebe-prvni-kamennou-prodejnu\/#article","isPartOf":{"@id":"https:\/\/womenhouse.cz\/index.php\/2023\/12\/09\/rok-po-uspesnem-vstupu-na-cesky-trh-otevrelo-hebe-prvni-kamennou-prodejnu\/"},"author":{"name":"Jordana Pechov\u00e1","@id":"https:\/\/womenhouse.cz\/#\/schema\/person\/98698d23e31293fb605f53065038675f"},"headline":"Rok po \u00fasp\u011b\u0161n\u00e9m vstupu na \u010desk\u00fd trh, otev\u0159elo Hebe prvn\u00ed kamennou prodejnu","datePublished":"2023-12-08T23:01:00+00:00","dateModified":"2024-02-03T02:09:38+00:00","mainEntityOfPage":{"@id":"https:\/\/womenhouse.cz\/index.php\/2023\/12\/09\/rok-po-uspesnem-vstupu-na-cesky-trh-otevrelo-hebe-prvni-kamennou-prodejnu\/"},"wordCount":424,"publisher":{"@id":"https:\/\/womenhouse.cz\/#organization"},"articleSection":["KOSMETIKA","NEWS","TIPY &amp; TRENDY"],"inLanguage":"cs"},{"@type":"WebPage","@id":"https:\/\/womenhouse.cz\/index.php\/2023\/12\/09\/rok-po-uspesnem-vstupu-na-cesky-trh-otevrelo-hebe-prvni-kamennou-prodejnu\/","url":"https:\/\/womenhouse.cz\/index.php\/2023\/12\/09\/rok-po-uspesnem-vstupu-na-cesky-trh-otevrelo-hebe-prvni-kamennou-prodejnu\/","name":"Rok po \u00fasp\u011b\u0161n\u00e9m vstupu na \u010desk\u00fd trh, otev\u0159elo Hebe prvn\u00ed kamennou prodejnu - WOMENHOUSE.cz","isPartOf":{"@id":"https:\/\/womenhouse.cz\/#website"},"datePublished":"2023-12-08T23:01:00+00:00","dateModified":"2024-02-03T02:09:38+00:00","description":"Internetov\u00fd obchod s\u00a0kosmetikou Hebe d\u00e1l expanduje na \u010desk\u00fd trh \u2013 v\u00a0OC Galerii Harfa v Praze otev\u0159el svou prvn\u00ed kamennou prodejnu.","breadcrumb":{"@id":"https:\/\/womenhouse.cz\/index.php\/2023\/12\/09\/rok-po-uspesnem-vstupu-na-cesky-trh-otevrelo-hebe-prvni-kamennou-prodejnu\/#breadcrumb"},"inLanguage":"cs","potentialAction":[{"@type":"ReadAction","target":["https:\/\/womenhouse.cz\/index.php\/2023\/12\/09\/rok-po-uspesnem-vstupu-na-cesky-trh-otevrelo-hebe-prvni-kamennou-prodejnu\/"]}]},{"@type":"BreadcrumbList","@id":"https:\/\/womenhouse.cz\/index.php\/2023\/12\/09\/rok-po-uspesnem-vstupu-na-cesky-trh-otevrelo-hebe-prvni-kamennou-prodejnu\/#breadcrumb","itemListElement":[{"@type":"ListItem","position":1,"name":"Dom\u016f","item":"https:\/\/womenhouse.cz\/"},{"@type":"ListItem","position":2,"name":"Rok po \u00fasp\u011b\u0161n\u00e9m vstupu na \u010desk\u00fd trh, otev\u0159elo Hebe prvn\u00ed kamennou prodejnu"}]},{"@type":"WebSite","@id":"https:\/\/womenhouse.cz\/#website","url":"https:\/\/womenhouse.cz\/","name":"WOMENHOUSE.cz","description":"Port\u00e1l v\u00fdhradn\u011b jen pro \u017eeny...","publisher":{"@id":"https:\/\/womenhouse.cz\/#organization"},"potentialAction":[{"@type":"SearchAction","target":{"@type":"EntryPoint","urlTemplate":"https:\/\/womenhouse.cz\/?s={search_term_string}"},"query-input":"required name=search_term_string"}],"inLanguage":"cs"},{"@type":"Organization","@id":"https:\/\/womenhouse.cz\/#organization","name":"WOMENHOUSE.cz","url":"https:\/\/womenhouse.cz\/","logo":{"@type":"ImageObject","inLanguage":"cs","@id":"https:\/\/womenhouse.cz\/#\/schema\/logo\/image\/","url":"https:\/\/womenhouse.cz\/wp-content\/uploads\/2020\/06\/cropped-logo_Womenhouse_RGB-02-removebg-preview-1.png","contentUrl":"https:\/\/womenhouse.cz\/wp-content\/uploads\/2020\/06\/cropped-logo_Womenhouse_RGB-02-removebg-preview-1.png","width":561,"height":375,"caption":"WOMENHOUSE.cz"},"image":{"@id":"https:\/\/womenhouse.cz\/#\/schema\/logo\/image\/"},"sameAs":["https:\/\/www.facebook.com\/womenhousecz","https:\/\/www.instagram.com\/womenhousecz\/"]},{"@type":"Person","@id":"https:\/\/womenhouse.cz\/#\/schema\/person\/98698d23e31293fb605f53065038675f","name":"Jordana Pechov\u00e1","sameAs":["http:\/\/WOMENHOUSE.cz"],"url":"https:\/\/womenhouse.cz\/index.php\/author\/jorpech\/"}]}},"_links":{"self":[{"href":"https:\/\/womenhouse.cz\/index.php\/wp-json\/wp\/v2\/posts\/11946"}],"collection":[{"href":"https:\/\/womenhouse.cz\/index.php\/wp-json\/wp\/v2\/posts"}],"about":[{"href":"https:\/\/womenhouse.cz\/index.php\/wp-json\/wp\/v2\/types\/post"}],"author":[{"embeddable":true,"href":"https:\/\/womenhouse.cz\/index.php\/wp-json\/wp\/v2\/users\/7"}],"replies":[{"embeddable":true,"href":"https:\/\/womenhouse.cz\/index.php\/wp-json\/wp\/v2\/comments?post=11946"}],"version-history":[{"count":-4,"href":"https:\/\/womenhouse.cz\/index.php\/wp-json\/wp\/v2\/posts\/11946\/revisions"}],"wp:featuredmedia":[{"embeddable":true,"href":"https:\/\/womenhouse.cz\/index.php\/wp-json\/wp\/v2\/media\/11949"}],"wp:attachment":[{"href":"https:\/\/womenhouse.cz\/index.php\/wp-json\/wp\/v2\/media?parent=11946"}],"wp:term":[{"taxonomy":"category","embeddable":true,"href":"https:\/\/womenhouse.cz\/index.php\/wp-json\/wp\/v2\/categories?post=11946"},{"taxonomy":"post_tag","embeddable":true,"href":"https:\/\/womenhouse.cz\/index.php\/wp-json\/wp\/v2\/tags?post=11946"}],"curies":[{"name":"wp","href":"https:\/\/api.w.org\/{rel}","templated":true}]}}