{"id":11922,"date":"2023-12-06T15:10:57","date_gmt":"2023-12-06T14:10:57","guid":{"rendered":"https:\/\/womenhouse.cz\/?p=11922"},"modified":"2024-02-01T02:55:25","modified_gmt":"2024-02-01T01:55:25","slug":"co-dat-letos-mamince-ci-babicce-inspiraci-najdete-na-veletrhu-darku-dekoraci-a-spotrebniho-zbozi","status":"publish","type":"post","link":"https:\/\/womenhouse.cz\/index.php\/2023\/12\/06\/co-dat-letos-mamince-ci-babicce-inspiraci-najdete-na-veletrhu-darku-dekoraci-a-spotrebniho-zbozi\/","title":{"rendered":"Co d\u00e1t letos mamince \u010di babi\u010dce: Inspiraci najdete na veletrhu d\u00e1rk\u016f, dekorac\u00ed a spot\u0159ebn\u00edho zbo\u017e\u00ed"},"content":{"rendered":"\n<div style=\"height:44px\" aria-hidden=\"true\" class=\"wp-block-spacer\"><\/div>\n\n\n\n<p><strong>Veletrh d\u00e1rk\u016f, dekorac\u00ed a spot\u0159ebn\u00edho zbo\u017e\u00ed St\u0159\u00edbrn\u00e9 v\u00e1no\u010dn\u00ed dny prob\u011bhne ve dnech 7. a\u017e 10. prosince v PVA EXPO PRAHA. Tradi\u010dn\u00ed ud\u00e1lost pot\u011b\u0161\u00ed milovn\u00edky kreativity a tvo\u0159en\u00ed, lah\u016fdek i sv\u00e1te\u010dn\u00ed atmosf\u00e9ry. P\u0159ipraven je kreativn\u00ed doprovodn\u00fd program a dozv\u00edte se i to, jak\u00e9 barevn\u00e9 kombinace m\u016f\u017eete pou\u017e\u00edt na sv\u00e1te\u010dn\u00ed v\u00fdzdobu. Ofici\u00e1ln\u00edmi vozy veletrhu jsou automobily zna\u010dky Ford.<\/strong><\/p>\n\n\n\n<div style=\"height:41px\" aria-hidden=\"true\" class=\"wp-block-spacer\"><\/div>\n\n\n<div class=\"wp-block-image\">\n<figure class=\"aligncenter size-large\"><img decoding=\"async\" src=\"https:\/\/kidshouse.cz\/wp-content\/uploads\/2023\/12\/1701077505_DSC05795.jpg\" alt=\"Co d\u00e1t letos mamince \u010di babi\u010dce: Inspiraci najdete na veletrhu d\u00e1rk\u016f, dekorac\u00ed a spot\u0159ebn\u00edho zbo\u017e\u00ed\" class=\"wp-image-4841\"\/><\/figure><\/div>\n\n\n<div style=\"height:41px\" aria-hidden=\"true\" class=\"wp-block-spacer\"><\/div>\n\n\n\n<p>Let\u0148ansk\u00e9 v\u00fdstavi\u0161t\u011b ji\u017e brzy zapln\u00ed a\u017e deset tis\u00edc tip\u016f na d\u00e1rky od t\u00e9m\u011b\u0159 200 vystavovatel\u016f na tradi\u010dn\u00ed p\u0159edv\u00e1no\u010dn\u00ed ud\u00e1losti St\u0159\u00edbrn\u00e9 v\u00e1no\u010dn\u00ed dny.&nbsp;<em>\u201eV hal\u00e1ch let\u0148ansk\u00e9ho v\u00fdstavi\u0161t\u011b bude mo\u017en\u00e9 nakoupit dekorace, v\u00e1no\u010dn\u00ed ozdoby, hra\u010dky, m\u00f3du a dal\u0161\u00ed origin\u00e1ln\u00ed d\u00e1rky. Veletrh bude mimo\u0159\u00e1dn\u00fd i d\u00edky speci\u00e1ln\u00ed sekci, kter\u00e1 se zam\u011b\u0159\u00ed na kreativitu, je\u017e je u \u010cech\u016f st\u00e1le obl\u00edben\u011bj\u0161\u00ed,\u201c<\/em>&nbsp;\u0159ekla mana\u017eerka veletrhu Jindra Kone\u010dn\u00e1.<\/p>\n\n\n\n<p>V r\u00e1mci atraktivn\u00edho doprovodn\u00e9ho programu se n\u00e1v\u0161t\u011bvn\u00edk\u016fm ve dvou bloc\u00edch b\u011bhem soboty 9. prosince (11:00 a\u017e 13:00 a 15:00 a\u017e 17:00) p\u0159edstav\u00ed i interi\u00e9rov\u00e1 design\u00e9rka, floristka a kou\u010dka Mark\u00e9ta Fleischnerov\u00e1 z ateli\u00e9ru MF ART. Jakou podobu na sebe podle n\u00ed vezmou leto\u0161n\u00ed v\u00e1no\u010dn\u00ed sv\u00e1tky? Zahal\u00ed se do kr\u00e1sn\u00e9 karm\u00ednov\u00e9 barvy Viva Magenta. Chybou ale nebudou ani pastelov\u00e9 t\u00f3ny zelen\u00e9, modr\u00e9 a dal\u0161\u00edch barev. V\u00fdrazn\u00fdm trendem sou\u010dasn\u00e9 doby je udr\u017eitelnost, a to se t\u00fdk\u00e1 i V\u00e1noc.&nbsp;<em>\u201eM\u016f\u017eeme recyklovat a upcyklovat, neboli vytvo\u0159it ze star\u0161\u00edch v\u011bc\u00ed v\u011bci nov\u00e9 a jimi m\u016f\u017eeme obdarov\u00e1vat sv\u00e9 bl\u00edzk\u00e9,\u201c<\/em>&nbsp;rad\u00ed odbornice Mark\u00e9ta Fleischnerov\u00e1.<\/p>\n\n\n\n<div style=\"height:41px\" aria-hidden=\"true\" class=\"wp-block-spacer\"><\/div>\n\n\n<div class=\"wp-block-image\">\n<figure class=\"aligncenter size-full\"><img decoding=\"async\" src=\"https:\/\/kidshouse.cz\/wp-content\/uploads\/2023\/12\/1701077539_DSC05825.jpg\" alt=\"Co d\u00e1t letos mamince \u010di babi\u010dce: Inspiraci najdete na veletrhu d\u00e1rk\u016f, dekorac\u00ed a spot\u0159ebn\u00edho zbo\u017e\u00ed\" class=\"wp-image-4840\"\/><\/figure><\/div>\n\n\n<div style=\"height:41px\" aria-hidden=\"true\" class=\"wp-block-spacer\"><\/div>\n\n\n\n<h2 class=\"wp-block-heading\"><strong>Mo\u017enost vyrobit si d\u00e1rek<\/strong><\/h2>\n\n\n\n<div style=\"height:11px\" aria-hidden=\"true\" class=\"wp-block-spacer\"><\/div>\n\n\n\n<p>V\u00e1no\u010dn\u00ed sv\u00e1tky jsou tak\u00e9 o z\u00e1bav\u011b, proto organiz\u00e1to\u0159i veletrhu p\u0159ipravili tv\u016fr\u010d\u00ed program pro v\u0161echny \u010dleny rodiny. B\u011bhem workshop\u016f si n\u00e1v\u0161t\u011bvn\u00edci pod veden\u00edm odborn\u00edk\u016f budou moci vyrobit vlastn\u00ed v\u00e1no\u010dn\u00ed d\u00e1rek \u010di dekoraci. V&nbsp;<strong>sekci Kreativity<\/strong>&nbsp;v Hale 1 se b\u011bhem \u010dty\u0159 dn\u016f v r\u00e1mci programu Tvo\u0159en\u00ed na p\u00f3diu krom\u011b Mark\u00e9ty Fleischnerov\u00e9 p\u0159edstav\u00ed i nap\u0159\u00edklad v\u00fdtvarnice Kate\u0159ina Vodr\u00e1\u017ekov\u00e1 z KV FELTED DESIGNS s vln\u011bn\u00fdm tvo\u0159en\u00edm nebo studenti St\u0159edn\u00ed zahradnick\u00e9 \u0161koly v Hloub\u011bt\u00edn\u011b pod veden\u00edm sv\u00fdch lektor\u016f.<\/p>\n\n\n\n<p>V r\u00e1mci workshop\u016f se n\u00e1v\u0161t\u011bvn\u00edci nau\u010d\u00ed vyr\u00e1b\u011bt sv\u00ed\u010dky ze v\u010del\u00edho vosku, kabelky z plsti \u010di v\u00e1no\u010dn\u00ed ozdoby na strome\u010dek. Nebudou chyb\u011bt ani uk\u00e1zky \u0159emesel, nap\u0159\u00edklad sp\u0159\u00e1d\u00e1n\u00ed na kolovratu \u010di uk\u00e1zka ryt\u00ed skla.<\/p>\n\n\n\n<p>St\u0159\u00edbrn\u00e9 v\u00e1no\u010dn\u00ed dny zpest\u0159\u00ed tak\u00e9&nbsp;<strong>autogrami\u00e1da herce Pavla Tr\u00e1vn\u00ed\u010dka<\/strong>. Kn\u00ed\u017eku T\u0159i o\u0159\u00ed\u0161ky pro prince bude herec podepisovat v sobotu 9. 12. od 15:00 hodin u st\u00e1nku Charon Media.<\/p>\n\n\n\n<div style=\"height:41px\" aria-hidden=\"true\" class=\"wp-block-spacer\"><\/div>\n\n\n<div class=\"wp-block-image\">\n<figure class=\"aligncenter size-full\"><img decoding=\"async\" src=\"https:\/\/kidshouse.cz\/wp-content\/uploads\/2023\/12\/1701077563_DSC05838.jpg\" alt=\"Co d\u00e1t letos mamince \u010di babi\u010dce: Inspiraci najdete na veletrhu d\u00e1rk\u016f, dekorac\u00ed a spot\u0159ebn\u00edho zbo\u017e\u00ed\" class=\"wp-image-4839\"\/><\/figure><\/div>\n\n\n<div style=\"height:41px\" aria-hidden=\"true\" class=\"wp-block-spacer\"><\/div>\n\n\n\n<h2 class=\"wp-block-heading\"><strong>Nebudou chyb\u011bt koledy<\/strong><\/h2>\n\n\n\n<p>Nebyla by to prav\u00e1 v\u00e1no\u010dn\u00ed atmosf\u00e9ra bez v\u00e1no\u010dn\u00edho stromu a posezen\u00ed za zvuk\u016f koled. To naleznou n\u00e1v\u0161t\u011bvn\u00edci v centr\u00e1ln\u00ed \u010d\u00e1sti Haly 1 v prostor\u00e1ch odpo\u010dinkov\u00e9 z\u00f3ny. Pro gurm\u00e1ny bude p\u0159ipravena gastro z\u00f3na nazvan\u00e1 V\u00c1NO\u010cN\u00cd HODY, kter\u00e1 nab\u00eddne j\u00eddlo, pit\u00ed a nespo\u010det ochutn\u00e1vek v\u0161ech mo\u017en\u00fdch produkt\u016f souvisej\u00edc\u00edch s nadch\u00e1zej\u00edc\u00edmi sv\u00e1tky.<\/p>\n\n\n\n<p>Sobota 9. prosince p\u0159inese do PVA EXPO PRAHA obl\u00edben\u00fd V\u00e1no\u010dn\u00ed bezlepkov\u00fd trh Spole\u010dnosti pro bezlepkovou dietu v Hale 6. Sv\u00e9 v\u00fdrobky tu celiak\u016fm, ale i vyznava\u010d\u016fm zdrav\u00e9ho \u017eivotn\u00edho stylu nab\u00eddnou \u010dty\u0159i des\u00edtky vystavovatel\u016f z \u0159ad mal\u00fdch region\u00e1ln\u00edch v\u00fdrobc\u016f, ale i velk\u00fdch firem, \u0159et\u011bzc\u016f a dal\u0161\u00edch prodejc\u016f bezlepkov\u00e9ho sortimentu.<\/p>\n\n\n\n<p><strong>V\u00edce o veletrhu najdete na&nbsp;<\/strong><a href=\"http:\/\/www.vanocnidny.cz\/\"><strong>www.vanocnidny.cz<\/strong><\/a><strong>.<\/strong><\/p>\n\n\n\n<div style=\"height:41px\" aria-hidden=\"true\" class=\"wp-block-spacer\"><\/div>\n\n\n\n<figure class=\"wp-block-gallery has-nested-images columns-2 is-cropped wp-block-gallery-1 is-layout-flex wp-block-gallery-is-layout-flex\">\n<figure class=\"wp-block-image size-large\"><img decoding=\"async\" data-id=\"4840\" src=\"https:\/\/kidshouse.cz\/wp-content\/uploads\/2023\/12\/1701077539_DSC05825.jpg\" alt=\"Co d\u00e1t letos mamince \u010di babi\u010dce: Inspiraci najdete na veletrhu d\u00e1rk\u016f, dekorac\u00ed a spot\u0159ebn\u00edho zbo\u017e\u00ed\" class=\"wp-image-4840\"\/><\/figure>\n\n\n\n<figure class=\"wp-block-image size-large\"><img decoding=\"async\" data-id=\"4839\" src=\"https:\/\/kidshouse.cz\/wp-content\/uploads\/2023\/12\/1701077563_DSC05838.jpg\" alt=\"Co d\u00e1t letos mamince \u010di babi\u010dce: Inspiraci najdete na veletrhu d\u00e1rk\u016f, dekorac\u00ed a spot\u0159ebn\u00edho zbo\u017e\u00ed\" class=\"wp-image-4839\"\/><\/figure>\n\n\n\n<figure class=\"wp-block-image size-large\"><img decoding=\"async\" data-id=\"4841\" src=\"https:\/\/kidshouse.cz\/wp-content\/uploads\/2023\/12\/1701077505_DSC05795.jpg\" alt=\"Co d\u00e1t letos mamince \u010di babi\u010dce: Inspiraci najdete na veletrhu d\u00e1rk\u016f, dekorac\u00ed a spot\u0159ebn\u00edho zbo\u017e\u00ed\" class=\"wp-image-4841\"\/><\/figure>\n<\/figure>\n\n\n\n<div style=\"height:41px\" aria-hidden=\"true\" class=\"wp-block-spacer\"><\/div>\n\n\n\n<p><strong>Zdroj foto:<\/strong> PVA EXPO PRAHA<\/p>\n\n\n\n<div style=\"height:100px\" aria-hidden=\"true\" class=\"wp-block-spacer\"><\/div>\n","protected":false},"excerpt":{"rendered":"<p>Veletrh d\u00e1rk\u016f, dekorac\u00ed a spot\u0159ebn\u00edho zbo\u017e\u00ed St\u0159\u00edbrn\u00e9 v\u00e1no\u010dn\u00ed dny prob\u011bhne ve dnech 7. a\u017e 10. prosince v PVA EXPO PRAHA. Tradi\u010dn\u00ed ud\u00e1lost pot\u011b\u0161\u00ed milovn\u00edky kreativity a tvo\u0159en\u00ed, lah\u016fdek i sv\u00e1te\u010dn\u00ed atmosf\u00e9ry. P\u0159ipraven je kreativn\u00ed doprovodn\u00fd program a dozv\u00edte se i to, jak\u00e9 barevn\u00e9 kombinace m\u016f\u017eete pou\u017e\u00edt na sv\u00e1te\u010dn\u00ed v\u00fdzdobu. Ofici\u00e1ln\u00edmi vozy veletrhu jsou automobily zna\u010dky [&hellip;]<\/p>\n","protected":false},"author":2,"featured_media":11924,"comment_status":"closed","ping_status":"closed","sticky":false,"template":"","format":"standard","meta":{"_mi_skip_tracking":false,"_monsterinsights_sitenote_active":false,"_monsterinsights_sitenote_note":"","_monsterinsights_sitenote_category":0,"footnotes":""},"categories":[21,28,2,17,12],"tags":[],"yoast_head":"<!-- This site is optimized with the Yoast SEO plugin v21.5 - https:\/\/yoast.com\/wordpress\/plugins\/seo\/ -->\n<title>Co d\u00e1t letos mamince \u010di babi\u010dce: Inspiraci najdete na veletrhu d\u00e1rk\u016f, dekorac\u00ed a spot\u0159ebn\u00edho zbo\u017e\u00ed - WOMENHOUSE.cz<\/title>\n<meta name=\"description\" content=\"Veletrh d\u00e1rk\u016f, dekorac\u00ed a spot\u0159ebn\u00edho zbo\u017e\u00ed St\u0159\u00edbrn\u00e9 v\u00e1no\u010dn\u00ed dny prob\u011bhne ve dnech 7. a\u017e 10. prosince v PVA EXPO PRAHA.\" \/>\n<meta name=\"robots\" content=\"index, follow, max-snippet:-1, max-image-preview:large, max-video-preview:-1\" \/>\n<link rel=\"canonical\" href=\"https:\/\/womenhouse.cz\/index.php\/2023\/12\/06\/co-dat-letos-mamince-ci-babicce-inspiraci-najdete-na-veletrhu-darku-dekoraci-a-spotrebniho-zbozi\/\" \/>\n<meta property=\"og:locale\" content=\"cs_CZ\" \/>\n<meta property=\"og:type\" content=\"article\" \/>\n<meta property=\"og:title\" content=\"Co d\u00e1t letos mamince \u010di babi\u010dce: Inspiraci najdete na veletrhu d\u00e1rk\u016f, dekorac\u00ed a spot\u0159ebn\u00edho zbo\u017e\u00ed - WOMENHOUSE.cz\" \/>\n<meta property=\"og:description\" content=\"Veletrh d\u00e1rk\u016f, dekorac\u00ed a spot\u0159ebn\u00edho zbo\u017e\u00ed St\u0159\u00edbrn\u00e9 v\u00e1no\u010dn\u00ed dny prob\u011bhne ve dnech 7. a\u017e 10. prosince v PVA EXPO PRAHA.\" \/>\n<meta property=\"og:url\" content=\"https:\/\/womenhouse.cz\/index.php\/2023\/12\/06\/co-dat-letos-mamince-ci-babicce-inspiraci-najdete-na-veletrhu-darku-dekoraci-a-spotrebniho-zbozi\/\" \/>\n<meta property=\"og:site_name\" content=\"WOMENHOUSE.cz\" \/>\n<meta property=\"article:publisher\" content=\"https:\/\/www.facebook.com\/womenhousecz\" \/>\n<meta property=\"article:published_time\" content=\"2023-12-06T14:10:57+00:00\" \/>\n<meta property=\"article:modified_time\" content=\"2024-02-01T01:55:25+00:00\" \/>\n<meta property=\"og:image\" content=\"https:\/\/womenhouse.cz\/wp-content\/uploads\/2023\/12\/1701077505_DSC05795.jpg\" \/>\n\t<meta property=\"og:image:width\" content=\"800\" \/>\n\t<meta property=\"og:image:height\" content=\"450\" \/>\n\t<meta property=\"og:image:type\" content=\"image\/jpeg\" \/>\n<meta name=\"author\" content=\"Jolana Hol\u00e1\u0148ov\u00e1\" \/>\n<meta name=\"twitter:card\" content=\"summary_large_image\" \/>\n<meta name=\"twitter:label1\" content=\"Napsal(a)\" \/>\n\t<meta name=\"twitter:data1\" content=\"Jolana Hol\u00e1\u0148ov\u00e1\" \/>\n\t<meta name=\"twitter:label2\" content=\"Odhadovan\u00e1 doba \u010dten\u00ed\" \/>\n\t<meta name=\"twitter:data2\" content=\"4 minuty\" \/>\n<script type=\"application\/ld+json\" class=\"yoast-schema-graph\">{\"@context\":\"https:\/\/schema.org\",\"@graph\":[{\"@type\":\"Article\",\"@id\":\"https:\/\/womenhouse.cz\/index.php\/2023\/12\/06\/co-dat-letos-mamince-ci-babicce-inspiraci-najdete-na-veletrhu-darku-dekoraci-a-spotrebniho-zbozi\/#article\",\"isPartOf\":{\"@id\":\"https:\/\/womenhouse.cz\/index.php\/2023\/12\/06\/co-dat-letos-mamince-ci-babicce-inspiraci-najdete-na-veletrhu-darku-dekoraci-a-spotrebniho-zbozi\/\"},\"author\":{\"name\":\"Jolana Hol\u00e1\u0148ov\u00e1\",\"@id\":\"https:\/\/womenhouse.cz\/#\/schema\/person\/541326101f8d68c711e83e8fecc80738\"},\"headline\":\"Co d\u00e1t letos mamince \u010di babi\u010dce: Inspiraci najdete na veletrhu d\u00e1rk\u016f, dekorac\u00ed a spot\u0159ebn\u00edho zbo\u017e\u00ed\",\"datePublished\":\"2023-12-06T14:10:57+00:00\",\"dateModified\":\"2024-02-01T01:55:25+00:00\",\"mainEntityOfPage\":{\"@id\":\"https:\/\/womenhouse.cz\/index.php\/2023\/12\/06\/co-dat-letos-mamince-ci-babicce-inspiraci-najdete-na-veletrhu-darku-dekoraci-a-spotrebniho-zbozi\/\"},\"wordCount\":699,\"publisher\":{\"@id\":\"https:\/\/womenhouse.cz\/#organization\"},\"articleSection\":[\"AKCE &amp; KULTURA\",\"MAMINKY\",\"NEWS\",\"SPOLE\u010cNOST &amp; VZTAHY\",\"TIPY &amp; TRENDY\"],\"inLanguage\":\"cs\"},{\"@type\":\"WebPage\",\"@id\":\"https:\/\/womenhouse.cz\/index.php\/2023\/12\/06\/co-dat-letos-mamince-ci-babicce-inspiraci-najdete-na-veletrhu-darku-dekoraci-a-spotrebniho-zbozi\/\",\"url\":\"https:\/\/womenhouse.cz\/index.php\/2023\/12\/06\/co-dat-letos-mamince-ci-babicce-inspiraci-najdete-na-veletrhu-darku-dekoraci-a-spotrebniho-zbozi\/\",\"name\":\"Co d\u00e1t letos mamince \u010di babi\u010dce: Inspiraci najdete na veletrhu d\u00e1rk\u016f, dekorac\u00ed a spot\u0159ebn\u00edho zbo\u017e\u00ed - WOMENHOUSE.cz\",\"isPartOf\":{\"@id\":\"https:\/\/womenhouse.cz\/#website\"},\"datePublished\":\"2023-12-06T14:10:57+00:00\",\"dateModified\":\"2024-02-01T01:55:25+00:00\",\"description\":\"Veletrh d\u00e1rk\u016f, dekorac\u00ed a spot\u0159ebn\u00edho zbo\u017e\u00ed St\u0159\u00edbrn\u00e9 v\u00e1no\u010dn\u00ed dny prob\u011bhne ve dnech 7. a\u017e 10. prosince v PVA EXPO PRAHA.\",\"breadcrumb\":{\"@id\":\"https:\/\/womenhouse.cz\/index.php\/2023\/12\/06\/co-dat-letos-mamince-ci-babicce-inspiraci-najdete-na-veletrhu-darku-dekoraci-a-spotrebniho-zbozi\/#breadcrumb\"},\"inLanguage\":\"cs\",\"potentialAction\":[{\"@type\":\"ReadAction\",\"target\":[\"https:\/\/womenhouse.cz\/index.php\/2023\/12\/06\/co-dat-letos-mamince-ci-babicce-inspiraci-najdete-na-veletrhu-darku-dekoraci-a-spotrebniho-zbozi\/\"]}]},{\"@type\":\"BreadcrumbList\",\"@id\":\"https:\/\/womenhouse.cz\/index.php\/2023\/12\/06\/co-dat-letos-mamince-ci-babicce-inspiraci-najdete-na-veletrhu-darku-dekoraci-a-spotrebniho-zbozi\/#breadcrumb\",\"itemListElement\":[{\"@type\":\"ListItem\",\"position\":1,\"name\":\"Dom\u016f\",\"item\":\"https:\/\/womenhouse.cz\/\"},{\"@type\":\"ListItem\",\"position\":2,\"name\":\"Co d\u00e1t letos mamince \u010di babi\u010dce: Inspiraci najdete na veletrhu d\u00e1rk\u016f, dekorac\u00ed a spot\u0159ebn\u00edho zbo\u017e\u00ed\"}]},{\"@type\":\"WebSite\",\"@id\":\"https:\/\/womenhouse.cz\/#website\",\"url\":\"https:\/\/womenhouse.cz\/\",\"name\":\"WOMENHOUSE.cz\",\"description\":\"Port\u00e1l v\u00fdhradn\u011b jen pro \u017eeny...\",\"publisher\":{\"@id\":\"https:\/\/womenhouse.cz\/#organization\"},\"potentialAction\":[{\"@type\":\"SearchAction\",\"target\":{\"@type\":\"EntryPoint\",\"urlTemplate\":\"https:\/\/womenhouse.cz\/?s={search_term_string}\"},\"query-input\":\"required name=search_term_string\"}],\"inLanguage\":\"cs\"},{\"@type\":\"Organization\",\"@id\":\"https:\/\/womenhouse.cz\/#organization\",\"name\":\"WOMENHOUSE.cz\",\"url\":\"https:\/\/womenhouse.cz\/\",\"logo\":{\"@type\":\"ImageObject\",\"inLanguage\":\"cs\",\"@id\":\"https:\/\/womenhouse.cz\/#\/schema\/logo\/image\/\",\"url\":\"https:\/\/womenhouse.cz\/wp-content\/uploads\/2020\/06\/cropped-logo_Womenhouse_RGB-02-removebg-preview-1.png\",\"contentUrl\":\"https:\/\/womenhouse.cz\/wp-content\/uploads\/2020\/06\/cropped-logo_Womenhouse_RGB-02-removebg-preview-1.png\",\"width\":561,\"height\":375,\"caption\":\"WOMENHOUSE.cz\"},\"image\":{\"@id\":\"https:\/\/womenhouse.cz\/#\/schema\/logo\/image\/\"},\"sameAs\":[\"https:\/\/www.facebook.com\/womenhousecz\",\"https:\/\/www.instagram.com\/womenhousecz\/\"]},{\"@type\":\"Person\",\"@id\":\"https:\/\/womenhouse.cz\/#\/schema\/person\/541326101f8d68c711e83e8fecc80738\",\"name\":\"Jolana Hol\u00e1\u0148ov\u00e1\",\"sameAs\":[\"http:\/\/www.womenhouse.cz\"],\"url\":\"https:\/\/womenhouse.cz\/index.php\/author\/jolhol\/\"}]}<\/script>\n<!-- \/ Yoast SEO plugin. -->","yoast_head_json":{"title":"Co d\u00e1t letos mamince \u010di babi\u010dce: Inspiraci najdete na veletrhu d\u00e1rk\u016f, dekorac\u00ed a spot\u0159ebn\u00edho zbo\u017e\u00ed - WOMENHOUSE.cz","description":"Veletrh d\u00e1rk\u016f, dekorac\u00ed a spot\u0159ebn\u00edho zbo\u017e\u00ed St\u0159\u00edbrn\u00e9 v\u00e1no\u010dn\u00ed dny prob\u011bhne ve dnech 7. a\u017e 10. prosince v PVA EXPO PRAHA.","robots":{"index":"index","follow":"follow","max-snippet":"max-snippet:-1","max-image-preview":"max-image-preview:large","max-video-preview":"max-video-preview:-1"},"canonical":"https:\/\/womenhouse.cz\/index.php\/2023\/12\/06\/co-dat-letos-mamince-ci-babicce-inspiraci-najdete-na-veletrhu-darku-dekoraci-a-spotrebniho-zbozi\/","og_locale":"cs_CZ","og_type":"article","og_title":"Co d\u00e1t letos mamince \u010di babi\u010dce: Inspiraci najdete na veletrhu d\u00e1rk\u016f, dekorac\u00ed a spot\u0159ebn\u00edho zbo\u017e\u00ed - WOMENHOUSE.cz","og_description":"Veletrh d\u00e1rk\u016f, dekorac\u00ed a spot\u0159ebn\u00edho zbo\u017e\u00ed St\u0159\u00edbrn\u00e9 v\u00e1no\u010dn\u00ed dny prob\u011bhne ve dnech 7. a\u017e 10. prosince v PVA EXPO PRAHA.","og_url":"https:\/\/womenhouse.cz\/index.php\/2023\/12\/06\/co-dat-letos-mamince-ci-babicce-inspiraci-najdete-na-veletrhu-darku-dekoraci-a-spotrebniho-zbozi\/","og_site_name":"WOMENHOUSE.cz","article_publisher":"https:\/\/www.facebook.com\/womenhousecz","article_published_time":"2023-12-06T14:10:57+00:00","article_modified_time":"2024-02-01T01:55:25+00:00","og_image":[{"width":800,"height":450,"url":"https:\/\/womenhouse.cz\/wp-content\/uploads\/2023\/12\/1701077505_DSC05795.jpg","type":"image\/jpeg"}],"author":"Jolana Hol\u00e1\u0148ov\u00e1","twitter_card":"summary_large_image","twitter_misc":{"Napsal(a)":"Jolana Hol\u00e1\u0148ov\u00e1","Odhadovan\u00e1 doba \u010dten\u00ed":"4 minuty"},"schema":{"@context":"https:\/\/schema.org","@graph":[{"@type":"Article","@id":"https:\/\/womenhouse.cz\/index.php\/2023\/12\/06\/co-dat-letos-mamince-ci-babicce-inspiraci-najdete-na-veletrhu-darku-dekoraci-a-spotrebniho-zbozi\/#article","isPartOf":{"@id":"https:\/\/womenhouse.cz\/index.php\/2023\/12\/06\/co-dat-letos-mamince-ci-babicce-inspiraci-najdete-na-veletrhu-darku-dekoraci-a-spotrebniho-zbozi\/"},"author":{"name":"Jolana Hol\u00e1\u0148ov\u00e1","@id":"https:\/\/womenhouse.cz\/#\/schema\/person\/541326101f8d68c711e83e8fecc80738"},"headline":"Co d\u00e1t letos mamince \u010di babi\u010dce: Inspiraci najdete na veletrhu d\u00e1rk\u016f, dekorac\u00ed a spot\u0159ebn\u00edho zbo\u017e\u00ed","datePublished":"2023-12-06T14:10:57+00:00","dateModified":"2024-02-01T01:55:25+00:00","mainEntityOfPage":{"@id":"https:\/\/womenhouse.cz\/index.php\/2023\/12\/06\/co-dat-letos-mamince-ci-babicce-inspiraci-najdete-na-veletrhu-darku-dekoraci-a-spotrebniho-zbozi\/"},"wordCount":699,"publisher":{"@id":"https:\/\/womenhouse.cz\/#organization"},"articleSection":["AKCE &amp; KULTURA","MAMINKY","NEWS","SPOLE\u010cNOST &amp; VZTAHY","TIPY &amp; TRENDY"],"inLanguage":"cs"},{"@type":"WebPage","@id":"https:\/\/womenhouse.cz\/index.php\/2023\/12\/06\/co-dat-letos-mamince-ci-babicce-inspiraci-najdete-na-veletrhu-darku-dekoraci-a-spotrebniho-zbozi\/","url":"https:\/\/womenhouse.cz\/index.php\/2023\/12\/06\/co-dat-letos-mamince-ci-babicce-inspiraci-najdete-na-veletrhu-darku-dekoraci-a-spotrebniho-zbozi\/","name":"Co d\u00e1t letos mamince \u010di babi\u010dce: Inspiraci najdete na veletrhu d\u00e1rk\u016f, dekorac\u00ed a spot\u0159ebn\u00edho zbo\u017e\u00ed - WOMENHOUSE.cz","isPartOf":{"@id":"https:\/\/womenhouse.cz\/#website"},"datePublished":"2023-12-06T14:10:57+00:00","dateModified":"2024-02-01T01:55:25+00:00","description":"Veletrh d\u00e1rk\u016f, dekorac\u00ed a spot\u0159ebn\u00edho zbo\u017e\u00ed St\u0159\u00edbrn\u00e9 v\u00e1no\u010dn\u00ed dny prob\u011bhne ve dnech 7. a\u017e 10. prosince v PVA EXPO PRAHA.","breadcrumb":{"@id":"https:\/\/womenhouse.cz\/index.php\/2023\/12\/06\/co-dat-letos-mamince-ci-babicce-inspiraci-najdete-na-veletrhu-darku-dekoraci-a-spotrebniho-zbozi\/#breadcrumb"},"inLanguage":"cs","potentialAction":[{"@type":"ReadAction","target":["https:\/\/womenhouse.cz\/index.php\/2023\/12\/06\/co-dat-letos-mamince-ci-babicce-inspiraci-najdete-na-veletrhu-darku-dekoraci-a-spotrebniho-zbozi\/"]}]},{"@type":"BreadcrumbList","@id":"https:\/\/womenhouse.cz\/index.php\/2023\/12\/06\/co-dat-letos-mamince-ci-babicce-inspiraci-najdete-na-veletrhu-darku-dekoraci-a-spotrebniho-zbozi\/#breadcrumb","itemListElement":[{"@type":"ListItem","position":1,"name":"Dom\u016f","item":"https:\/\/womenhouse.cz\/"},{"@type":"ListItem","position":2,"name":"Co d\u00e1t letos mamince \u010di babi\u010dce: Inspiraci najdete na veletrhu d\u00e1rk\u016f, dekorac\u00ed a spot\u0159ebn\u00edho zbo\u017e\u00ed"}]},{"@type":"WebSite","@id":"https:\/\/womenhouse.cz\/#website","url":"https:\/\/womenhouse.cz\/","name":"WOMENHOUSE.cz","description":"Port\u00e1l v\u00fdhradn\u011b jen pro \u017eeny...","publisher":{"@id":"https:\/\/womenhouse.cz\/#organization"},"potentialAction":[{"@type":"SearchAction","target":{"@type":"EntryPoint","urlTemplate":"https:\/\/womenhouse.cz\/?s={search_term_string}"},"query-input":"required name=search_term_string"}],"inLanguage":"cs"},{"@type":"Organization","@id":"https:\/\/womenhouse.cz\/#organization","name":"WOMENHOUSE.cz","url":"https:\/\/womenhouse.cz\/","logo":{"@type":"ImageObject","inLanguage":"cs","@id":"https:\/\/womenhouse.cz\/#\/schema\/logo\/image\/","url":"https:\/\/womenhouse.cz\/wp-content\/uploads\/2020\/06\/cropped-logo_Womenhouse_RGB-02-removebg-preview-1.png","contentUrl":"https:\/\/womenhouse.cz\/wp-content\/uploads\/2020\/06\/cropped-logo_Womenhouse_RGB-02-removebg-preview-1.png","width":561,"height":375,"caption":"WOMENHOUSE.cz"},"image":{"@id":"https:\/\/womenhouse.cz\/#\/schema\/logo\/image\/"},"sameAs":["https:\/\/www.facebook.com\/womenhousecz","https:\/\/www.instagram.com\/womenhousecz\/"]},{"@type":"Person","@id":"https:\/\/womenhouse.cz\/#\/schema\/person\/541326101f8d68c711e83e8fecc80738","name":"Jolana Hol\u00e1\u0148ov\u00e1","sameAs":["http:\/\/www.womenhouse.cz"],"url":"https:\/\/womenhouse.cz\/index.php\/author\/jolhol\/"}]}},"_links":{"self":[{"href":"https:\/\/womenhouse.cz\/index.php\/wp-json\/wp\/v2\/posts\/11922"}],"collection":[{"href":"https:\/\/womenhouse.cz\/index.php\/wp-json\/wp\/v2\/posts"}],"about":[{"href":"https:\/\/womenhouse.cz\/index.php\/wp-json\/wp\/v2\/types\/post"}],"author":[{"embeddable":true,"href":"https:\/\/womenhouse.cz\/index.php\/wp-json\/wp\/v2\/users\/2"}],"replies":[{"embeddable":true,"href":"https:\/\/womenhouse.cz\/index.php\/wp-json\/wp\/v2\/comments?post=11922"}],"version-history":[{"count":-4,"href":"https:\/\/womenhouse.cz\/index.php\/wp-json\/wp\/v2\/posts\/11922\/revisions"}],"wp:featuredmedia":[{"embeddable":true,"href":"https:\/\/womenhouse.cz\/index.php\/wp-json\/wp\/v2\/media\/11924"}],"wp:attachment":[{"href":"https:\/\/womenhouse.cz\/index.php\/wp-json\/wp\/v2\/media?parent=11922"}],"wp:term":[{"taxonomy":"category","embeddable":true,"href":"https:\/\/womenhouse.cz\/index.php\/wp-json\/wp\/v2\/categories?post=11922"},{"taxonomy":"post_tag","embeddable":true,"href":"https:\/\/womenhouse.cz\/index.php\/wp-json\/wp\/v2\/tags?post=11922"}],"curies":[{"name":"wp","href":"https:\/\/api.w.org\/{rel}","templated":true}]}}