{"id":11170,"date":"2023-10-16T00:01:00","date_gmt":"2023-10-15T22:01:00","guid":{"rendered":"https:\/\/womenhouse.cz\/?p=11170"},"modified":"2023-11-12T14:41:26","modified_gmt":"2023-11-12T13:41:26","slug":"podzimni-veletrh-for-beauty-je-za-dvermi-na-co-se-muzete-tesit-jiz-za-par-dni","status":"publish","type":"post","link":"https:\/\/womenhouse.cz\/index.php\/2023\/10\/16\/podzimni-veletrh-for-beauty-je-za-dvermi-na-co-se-muzete-tesit-jiz-za-par-dni\/","title":{"rendered":"Podzimn\u00ed veletrh FOR BEAUTY je za dve\u0159mi! Na co se m\u016f\u017eete t\u011b\u0161it ji\u017e za p\u00e1r dn\u00ed?"},"content":{"rendered":"\n<div style=\"height:45px\" aria-hidden=\"true\" class=\"wp-block-spacer\"><\/div>\n\n\n\n<p><strong>Nekone\u010dn\u00e9 mno\u017estv\u00ed inspirace, rady odborn\u00edk\u016f i v\u00fdhodn\u00e9 slevy a n\u00e1kupy \u2013 to v\u0161e na jednom m\u00edst\u011b a b\u011bhem dvou dn\u00ed. Veletrh FOR BEAUTY se uskute\u010dn\u00ed ji\u017e 20.\u201321. 10. 2023 na v\u00fdstavi\u0161ti PVA EXPO PRAHA v Let\u0148anech.<\/strong><\/p>\n\n\n\n<div style=\"height:40px\" aria-hidden=\"true\" class=\"wp-block-spacer\"><\/div>\n\n\n\n<figure class=\"wp-block-gallery aligncenter has-nested-images columns-default is-cropped wp-block-gallery-1 is-layout-flex wp-block-gallery-is-layout-flex\">\n<figure class=\"wp-block-image size-large\"><img loading=\"lazy\" decoding=\"async\" width=\"1024\" height=\"683\" data-id=\"11174\" src=\"https:\/\/womenhouse.cz\/wp-content\/uploads\/2023\/10\/kosmetika_veletrh-1-1024x683.jpg\" alt=\"\" class=\"wp-image-11174\" srcset=\"https:\/\/womenhouse.cz\/wp-content\/uploads\/2023\/10\/kosmetika_veletrh-1-1024x683.jpg 1024w, https:\/\/womenhouse.cz\/wp-content\/uploads\/2023\/10\/kosmetika_veletrh-1-300x200.jpg 300w, https:\/\/womenhouse.cz\/wp-content\/uploads\/2023\/10\/kosmetika_veletrh-1-768x512.jpg 768w, https:\/\/womenhouse.cz\/wp-content\/uploads\/2023\/10\/kosmetika_veletrh-1.jpg 1450w\" sizes=\"(max-width: 1024px) 100vw, 1024px\" \/><\/figure>\n<\/figure>\n\n\n\n<div style=\"height:40px\" aria-hidden=\"true\" class=\"wp-block-spacer\"><\/div>\n\n\n\n<p>N\u00e1v\u0161t\u011bvn\u00edci se mohou t\u011b\u0161it na to nejlep\u0161\u00ed z&nbsp;beauty sv\u011bta. Sou\u010d\u00e1st\u00ed veletrhu FOR BEAUTY bude tak\u00e9 \u0159ada celebrit, nap\u0159\u00edklad Monika Bag\u00e1rov\u00e1, Ta\u0165\u00e1na Kucha\u0159ov\u00e1 \u010di Tom\u00e1\u0161 Arsov. A bohat\u00fd doprovodn\u00fd program. Tv\u00e1\u0159\u00ed veletrhu je zn\u00e1m\u00e1 modelka a \u010cesk\u00e1 Miss roku 2015 Nikol \u0160vantnerov\u00e1. Ofici\u00e1ln\u00edmi vozy veletrhu jsou automobily zna\u010dky FORD.<\/p>\n\n\n\n<p>N\u00e1v\u0161t\u011bvn\u00edk\u016fm porad\u00ed odborn\u00edci z profesion\u00e1ln\u00edch kosmetick\u00fdch zna\u010dek&nbsp;DermapenWorld, BEAUTY GROUP &#8211; GIGI, pHformula, Obagi, Totis Pharma, INGLOT, PROFI ESTETIKA, BTL, Esthemax, TASHA, UTSUKUSY JAPAN, AMBeauty\/Global Nutrition, Clevercare.cz, Depilujeme.cz, GLAMOUR LIFE \u2013 FR-HAUT, Oxynergy &amp; CO, Doelis, Onmacabim, Lidee, NOREL, Mesoestetic, Macon Cosmetic, Depiluj,s.r.o., Scimed Biotechnologies, Bionike&nbsp;a mnoha dal\u0161\u00edch, kter\u00e9 se p\u0159edstav\u00ed v Hale 1<\/p>\n\n\n\n<div style=\"height:40px\" aria-hidden=\"true\" class=\"wp-block-spacer\"><\/div>\n\n\n<div class=\"wp-block-image\">\n<figure class=\"aligncenter size-large\"><img loading=\"lazy\" decoding=\"async\" width=\"1024\" height=\"1024\" src=\"https:\/\/womenhouse.cz\/wp-content\/uploads\/2023\/10\/tatana_kucharova_ICONICMOROCCAN_SENSE-1024x1024.jpg\" alt=\"\" class=\"wp-image-11171\" srcset=\"https:\/\/womenhouse.cz\/wp-content\/uploads\/2023\/10\/tatana_kucharova_ICONICMOROCCAN_SENSE-1024x1024.jpg 1024w, https:\/\/womenhouse.cz\/wp-content\/uploads\/2023\/10\/tatana_kucharova_ICONICMOROCCAN_SENSE-300x300.jpg 300w, https:\/\/womenhouse.cz\/wp-content\/uploads\/2023\/10\/tatana_kucharova_ICONICMOROCCAN_SENSE-150x150.jpg 150w, https:\/\/womenhouse.cz\/wp-content\/uploads\/2023\/10\/tatana_kucharova_ICONICMOROCCAN_SENSE-768x768.jpg 768w, https:\/\/womenhouse.cz\/wp-content\/uploads\/2023\/10\/tatana_kucharova_ICONICMOROCCAN_SENSE.jpg 1450w\" sizes=\"(max-width: 1024px) 100vw, 1024px\" \/><\/figure><\/div>\n\n\n<div style=\"height:40px\" aria-hidden=\"true\" class=\"wp-block-spacer\"><\/div>\n\n\n\n<p>Nebudou chyb\u011bt ani obl\u00edben\u00e9 zna\u010dky&nbsp;Glamour Lashes, Beauty Store, JB Lashes, NuSkin, Make-up Institute Prague, Paese, Di Angelo Cosmetics, Herbai, Absolute Cosmetics&nbsp;a mnoho dal\u0161\u00edch.<\/p>\n\n\n\n<p>Sv\u00e9 kosmetick\u00e9 produkty v&nbsp;PVA EXPO PRAHA p\u0159edstav\u00ed i \u0159ada celebrit, mezi nimi nap\u0159\u00edklad modelka&nbsp;<strong>Ta\u0165\u00e1na Kucha\u0159ov\u00e1<\/strong>, kter\u00e1 poprv\u00e9 na veletrhu uvede svou Vlasovou p\u00e9\u010di ICONIC by Tatiana Kucha\u0159ov\u00e1 &amp; Moroccan Sense.&nbsp;<strong>Monika Bag\u00e1rov\u00e1<\/strong>&nbsp;bude znovu prezentovat svou pr\u00e9miovou p\u00e9\u010di o ple\u0165 zna\u010dky Rumyia Cosmetics by Monika Bag\u00e1rov\u00e1 a b\u011bhem prvn\u00edho dne veletrhu n\u00e1v\u0161t\u011bvn\u00edk\u016fm tak\u00e9 zazp\u00edv\u00e1 na hlavn\u00edm p\u00f3diu. Chyb\u011bt nebudou m\u00f3dn\u00ed p\u0159ehl\u00eddky, rozhovory s osobnostmi \u010di show zn\u00e1m\u00e9ho kade\u0159n\u00edka&nbsp;<strong>Tom\u00e1\u0161e Arsova.<\/strong><\/p>\n\n\n\n<div style=\"height:40px\" aria-hidden=\"true\" class=\"wp-block-spacer\"><\/div>\n\n\n<div class=\"wp-block-image\">\n<figure class=\"aligncenter size-large\"><img loading=\"lazy\" decoding=\"async\" width=\"755\" height=\"1024\" src=\"https:\/\/womenhouse.cz\/wp-content\/uploads\/2023\/10\/monika_bagarova_product-web_tonique-755x1024.jpg\" alt=\"\" class=\"wp-image-11175\" srcset=\"https:\/\/womenhouse.cz\/wp-content\/uploads\/2023\/10\/monika_bagarova_product-web_tonique-755x1024.jpg 755w, https:\/\/womenhouse.cz\/wp-content\/uploads\/2023\/10\/monika_bagarova_product-web_tonique-221x300.jpg 221w, https:\/\/womenhouse.cz\/wp-content\/uploads\/2023\/10\/monika_bagarova_product-web_tonique-768x1042.jpg 768w, https:\/\/womenhouse.cz\/wp-content\/uploads\/2023\/10\/monika_bagarova_product-web_tonique.jpg 1106w\" sizes=\"(max-width: 755px) 100vw, 755px\" \/><\/figure><\/div>\n\n\n<div style=\"height:40px\" aria-hidden=\"true\" class=\"wp-block-spacer\"><\/div>\n\n\n\n<p>Opomenuta nebude ani p\u0159\u00edrodn\u00ed kosmetika zastoupen\u00e1 nap\u0159. firmami imk organics, Weleda, biOrganica, Sallie Cosmetics, Havl\u00edkova p\u0159\u00edrodn\u00ed apot\u00e9ka, ATOK, Biomedica, Saloos, Hemnia&nbsp;a dal\u0161\u00edmi skv\u011bl\u00fdmi zna\u010dkami.<\/p>\n\n\n\n<p>V Hale 6 se p\u0159edstav\u00ed profesion\u00e1ln\u00ed nehtov\u00e9 zna\u010dky jako&nbsp;Orly, Sparitual, Enii Nails, E.Mi, BrillBird, Marily Nails, Indigo Nails, Nail Mix, Kinetics, Verin, Didier&nbsp;aj. Pro profesion\u00e1ln\u00ed p\u00e9\u010di o nohy se mohou n\u00e1v\u0161t\u011bvn\u00edci zastavit u st\u00e1nk\u016f&nbsp;Profi-pedikura.cz, CONETA, BIS BIS, Medicia, feetcalm&nbsp;a&nbsp;Allpresan. V sekci vlasov\u00e9 p\u00e9\u010de se p\u0159edstav\u00ed&nbsp;TOMAS ARSOV HAIR &amp; BEAUTY INSTITUTE, Alpo&nbsp;a&nbsp;FarmaVita. Jako v salonu se budou z\u00e1jemci c\u00edtit p\u0159i o\u0161et\u0159en\u00ed v expozici&nbsp;Vlasov\u00e9 kliniky, kter\u00e1 prov\u00e1d\u00ed tuto proceduru p\u0159\u00edmo na veletrhu. Je mo\u017en\u00e9 vz\u00edt i sv\u00e9 partnery, kte\u0159\u00ed se mohou zastavit u expozic s produkty zam\u011b\u0159en\u00fdmi na p\u00e9\u010di o vousy, a to u&nbsp;Slick Style, ProBarber, Bulldog Skincare, BARBERCO&nbsp;aj.<\/p>\n\n\n\n<p>D\u00edky pestr\u00e9 \u0161k\u00e1le vystavovatel\u016f nab\u00eddne FOR BEAUTY to nejlep\u0161\u00ed z&nbsp;\u010desk\u00e9 i evropsk\u00e9 beauty sf\u00e9ry. \u0158adu v\u00fdrobk\u016f a p\u0159\u00edstroj\u016f pro dom\u00e1c\u00ed \u010di sal\u00f3nn\u00ed p\u00e9\u010di bude mo\u017en\u00e9 zakoupit p\u0159\u00edmo na m\u00edst\u011b, a to za speci\u00e1ln\u00ed veletr\u017en\u00ed ceny trvaj\u00edc\u00ed pouze po dobu veletrhu.<\/p>\n\n\n\n<p>Krom\u011b v\u00fdhodn\u00fdch n\u00e1kup\u016f mohou n\u00e1v\u0161t\u011bvn\u00edci vyu\u017e\u00edt i \u0159adu profesion\u00e1ln\u00edch slu\u017eeb v&nbsp;tolik obl\u00edben\u00fdch beauty pointech. Zna\u010dka Make-Up Institute Prague nab\u00eddne l\u00ed\u010den\u00ed zdarma, profesion\u00e1lov\u00e9 z&nbsp;Glamour Lashes a Beauty Store zase r\u00e1di bezplatn\u011b prodlou\u017e\u00ed \u0159asy, uprav\u00ed obo\u010d\u00ed pomoc\u00ed laminace, a to v\u010detn\u011b barven\u00ed.<\/p>\n\n\n\n<div style=\"height:40px\" aria-hidden=\"true\" class=\"wp-block-spacer\"><\/div>\n\n\n<div class=\"wp-block-image\">\n<figure class=\"aligncenter size-large\"><img loading=\"lazy\" decoding=\"async\" width=\"1024\" height=\"683\" src=\"https:\/\/womenhouse.cz\/wp-content\/uploads\/2023\/10\/barber_veletrh-1-1024x683.jpg\" alt=\"\" class=\"wp-image-11179\" srcset=\"https:\/\/womenhouse.cz\/wp-content\/uploads\/2023\/10\/barber_veletrh-1-1024x683.jpg 1024w, https:\/\/womenhouse.cz\/wp-content\/uploads\/2023\/10\/barber_veletrh-1-300x200.jpg 300w, https:\/\/womenhouse.cz\/wp-content\/uploads\/2023\/10\/barber_veletrh-1-768x512.jpg 768w, https:\/\/womenhouse.cz\/wp-content\/uploads\/2023\/10\/barber_veletrh-1.jpg 1450w\" sizes=\"(max-width: 1024px) 100vw, 1024px\" \/><\/figure><\/div>\n\n\n<div style=\"height:40px\" aria-hidden=\"true\" class=\"wp-block-spacer\"><\/div>\n\n\n\n<h2 class=\"wp-block-heading\">Atraktivn\u00ed doprovodn\u00fd program<\/h2>\n\n\n\n<p>V&nbsp;p\u00e1tek zah\u00e1j\u00ed veletrh <strong>Monika Bag\u00e1rov\u00e1<\/strong> a <strong>RNB BAND<\/strong>, n\u00e1sledovat bude m\u00f3dn\u00ed p\u0159ehl\u00eddka luxusn\u00edho pr\u00e1dla a \u017eup\u00e1nk\u016f zna\u010dky<strong> Werso Ji\u0159iny Matou\u0161ov\u00e9, <\/strong>spole\u010densk\u00fdch \u0161at\u016f a extravagantn\u00ed<strong> Street STYLE n\u00e1vrh\u00e1\u0159ky Heleny Bedrnov\u00e9 <\/strong>ve spolupr\u00e1ci<strong> s Czech Fashion Week, <\/strong>m\u00f3dn\u00ed a z\u00e1bavn\u00e1 show <strong>K\u00e1ji Pavl\u00ed\u010dka<\/strong> tematicky zam\u011b\u0159en\u00e1 na fenom\u00e9n dne\u0161n\u00ed doby \u2013 um\u011blou inteligenci. V&nbsp;sobotu pak prob\u011bhne \u0159ada profesion\u00e1ln\u00edch sout\u011b\u017e\u00ed<strong>. <\/strong><em>\u201eSou\u010d\u00e1st\u00ed veletrhu FOR BEAUTY jsou, jako ji\u017e tradi\u010dn\u011b, profesion\u00e1ln\u00ed sout\u011b\u017ee, na kter\u00e9 se n\u00e1v\u0161t\u011bvn\u00edci v\u017edy velmi t\u011b\u0161\u00ed. Doporu\u010duji nap\u0159\u00edklad \u0161ampion\u00e1t v&nbsp;nail artu a designu <\/em><em><strong>NAILPRO CZECHIA<\/strong><\/em><em>, mistrovstv\u00ed \u010cR profesion\u00e1ln\u00edch pedik\u00e9r\u016f <\/em><em><strong>BEAUTY FOOT CUP<\/strong><\/em><em> \u010di fin\u00e1le mistrovstv\u00ed \u010cR v&nbsp;l\u00ed\u010den\u00ed <\/em><em><strong>MAKE-UP Mistrovstv\u00ed \u010cR<\/strong><\/em><em> na t\u00e9ma DANCING FLOWERS,\u201c <\/em>\u0159\u00edk\u00e1 \u0159editelka veletrhu FOR BEAUTY Janica Ciglianov\u00e1.<\/p>\n\n\n\n<p><strong>V\u00edce na <\/strong><a href=\"http:\/\/www.veletrhkosmetiky.cz\/\"><strong>www.veletrhkosmetiky.cz<\/strong><\/a><strong>.<\/strong><\/p>\n\n\n\n<div style=\"height:40px\" aria-hidden=\"true\" class=\"wp-block-spacer\"><\/div>\n\n\n\n<figure class=\"wp-block-gallery has-nested-images columns-2 is-cropped wp-block-gallery-2 is-layout-flex wp-block-gallery-is-layout-flex\">\n<figure class=\"wp-block-image size-large\"><img loading=\"lazy\" decoding=\"async\" width=\"1024\" height=\"1024\" data-id=\"11171\" src=\"https:\/\/womenhouse.cz\/wp-content\/uploads\/2023\/10\/tatana_kucharova_ICONICMOROCCAN_SENSE-1024x1024.jpg\" alt=\"\" class=\"wp-image-11171\" srcset=\"https:\/\/womenhouse.cz\/wp-content\/uploads\/2023\/10\/tatana_kucharova_ICONICMOROCCAN_SENSE-1024x1024.jpg 1024w, https:\/\/womenhouse.cz\/wp-content\/uploads\/2023\/10\/tatana_kucharova_ICONICMOROCCAN_SENSE-300x300.jpg 300w, https:\/\/womenhouse.cz\/wp-content\/uploads\/2023\/10\/tatana_kucharova_ICONICMOROCCAN_SENSE-150x150.jpg 150w, https:\/\/womenhouse.cz\/wp-content\/uploads\/2023\/10\/tatana_kucharova_ICONICMOROCCAN_SENSE-768x768.jpg 768w, https:\/\/womenhouse.cz\/wp-content\/uploads\/2023\/10\/tatana_kucharova_ICONICMOROCCAN_SENSE.jpg 1450w\" sizes=\"(max-width: 1024px) 100vw, 1024px\" \/><\/figure>\n\n\n\n<figure class=\"wp-block-image size-large\"><img loading=\"lazy\" decoding=\"async\" width=\"755\" height=\"1024\" data-id=\"11175\" src=\"https:\/\/womenhouse.cz\/wp-content\/uploads\/2023\/10\/monika_bagarova_product-web_tonique-755x1024.jpg\" alt=\"\" class=\"wp-image-11175\" srcset=\"https:\/\/womenhouse.cz\/wp-content\/uploads\/2023\/10\/monika_bagarova_product-web_tonique-755x1024.jpg 755w, https:\/\/womenhouse.cz\/wp-content\/uploads\/2023\/10\/monika_bagarova_product-web_tonique-221x300.jpg 221w, https:\/\/womenhouse.cz\/wp-content\/uploads\/2023\/10\/monika_bagarova_product-web_tonique-768x1042.jpg 768w, https:\/\/womenhouse.cz\/wp-content\/uploads\/2023\/10\/monika_bagarova_product-web_tonique.jpg 1106w\" sizes=\"(max-width: 755px) 100vw, 755px\" \/><\/figure>\n\n\n\n<figure class=\"wp-block-image size-large\"><img loading=\"lazy\" decoding=\"async\" width=\"840\" height=\"1024\" data-id=\"11173\" src=\"https:\/\/womenhouse.cz\/wp-content\/uploads\/2023\/10\/monika_bagarova-840x1024.jpg\" alt=\"\" class=\"wp-image-11173\" srcset=\"https:\/\/womenhouse.cz\/wp-content\/uploads\/2023\/10\/monika_bagarova-840x1024.jpg 840w, https:\/\/womenhouse.cz\/wp-content\/uploads\/2023\/10\/monika_bagarova-246x300.jpg 246w, https:\/\/womenhouse.cz\/wp-content\/uploads\/2023\/10\/monika_bagarova-768x936.jpg 768w, https:\/\/womenhouse.cz\/wp-content\/uploads\/2023\/10\/monika_bagarova.jpg 1231w\" sizes=\"(max-width: 840px) 100vw, 840px\" \/><\/figure>\n\n\n\n<figure class=\"wp-block-image size-large\"><img loading=\"lazy\" decoding=\"async\" width=\"1024\" height=\"683\" data-id=\"11177\" src=\"https:\/\/womenhouse.cz\/wp-content\/uploads\/2023\/10\/monika_bagarova_veletrh-1024x683.jpg\" alt=\"\" class=\"wp-image-11177\" srcset=\"https:\/\/womenhouse.cz\/wp-content\/uploads\/2023\/10\/monika_bagarova_veletrh-1024x683.jpg 1024w, https:\/\/womenhouse.cz\/wp-content\/uploads\/2023\/10\/monika_bagarova_veletrh-300x200.jpg 300w, https:\/\/womenhouse.cz\/wp-content\/uploads\/2023\/10\/monika_bagarova_veletrh-768x512.jpg 768w, https:\/\/womenhouse.cz\/wp-content\/uploads\/2023\/10\/monika_bagarova_veletrh.jpg 1450w\" sizes=\"(max-width: 1024px) 100vw, 1024px\" \/><\/figure>\n\n\n\n<figure class=\"wp-block-image size-large\"><img loading=\"lazy\" decoding=\"async\" width=\"1024\" height=\"683\" data-id=\"11179\" src=\"https:\/\/womenhouse.cz\/wp-content\/uploads\/2023\/10\/barber_veletrh-1-1024x683.jpg\" alt=\"\" class=\"wp-image-11179\" srcset=\"https:\/\/womenhouse.cz\/wp-content\/uploads\/2023\/10\/barber_veletrh-1-1024x683.jpg 1024w, https:\/\/womenhouse.cz\/wp-content\/uploads\/2023\/10\/barber_veletrh-1-300x200.jpg 300w, https:\/\/womenhouse.cz\/wp-content\/uploads\/2023\/10\/barber_veletrh-1-768x512.jpg 768w, https:\/\/womenhouse.cz\/wp-content\/uploads\/2023\/10\/barber_veletrh-1.jpg 1450w\" sizes=\"(max-width: 1024px) 100vw, 1024px\" \/><\/figure>\n\n\n\n<figure class=\"wp-block-image size-large\"><img loading=\"lazy\" decoding=\"async\" width=\"1024\" height=\"1024\" data-id=\"11178\" src=\"https:\/\/womenhouse.cz\/wp-content\/uploads\/2023\/10\/tomas_arsov-1-1024x1024.jpg\" alt=\"\" class=\"wp-image-11178\" srcset=\"https:\/\/womenhouse.cz\/wp-content\/uploads\/2023\/10\/tomas_arsov-1-1024x1024.jpg 1024w, https:\/\/womenhouse.cz\/wp-content\/uploads\/2023\/10\/tomas_arsov-1-300x300.jpg 300w, https:\/\/womenhouse.cz\/wp-content\/uploads\/2023\/10\/tomas_arsov-1-150x150.jpg 150w, https:\/\/womenhouse.cz\/wp-content\/uploads\/2023\/10\/tomas_arsov-1-768x768.jpg 768w, https:\/\/womenhouse.cz\/wp-content\/uploads\/2023\/10\/tomas_arsov-1.jpg 1450w\" sizes=\"(max-width: 1024px) 100vw, 1024px\" \/><\/figure>\n\n\n\n<figure class=\"wp-block-image size-large\"><img loading=\"lazy\" decoding=\"async\" width=\"1024\" height=\"683\" data-id=\"11174\" src=\"https:\/\/womenhouse.cz\/wp-content\/uploads\/2023\/10\/kosmetika_veletrh-1-1024x683.jpg\" alt=\"\" class=\"wp-image-11174\" srcset=\"https:\/\/womenhouse.cz\/wp-content\/uploads\/2023\/10\/kosmetika_veletrh-1-1024x683.jpg 1024w, https:\/\/womenhouse.cz\/wp-content\/uploads\/2023\/10\/kosmetika_veletrh-1-300x200.jpg 300w, https:\/\/womenhouse.cz\/wp-content\/uploads\/2023\/10\/kosmetika_veletrh-1-768x512.jpg 768w, https:\/\/womenhouse.cz\/wp-content\/uploads\/2023\/10\/kosmetika_veletrh-1.jpg 1450w\" sizes=\"(max-width: 1024px) 100vw, 1024px\" \/><\/figure>\n<\/figure>\n\n\n\n<p><strong>Zdroj foto: <\/strong>FOR BEAUTY<\/p>\n\n\n\n<div style=\"height:100px\" aria-hidden=\"true\" class=\"wp-block-spacer\"><\/div>\n","protected":false},"excerpt":{"rendered":"<p>Nekone\u010dn\u00e9 mno\u017estv\u00ed inspirace, rady odborn\u00edk\u016f i v\u00fdhodn\u00e9 slevy a n\u00e1kupy \u2013 to v\u0161e na jednom m\u00edst\u011b a b\u011bhem dvou dn\u00ed. Veletrh FOR BEAUTY se uskute\u010dn\u00ed ji\u017e 20.\u201321. 10. 2023 na v\u00fdstavi\u0161ti PVA EXPO PRAHA v Let\u0148anech. N\u00e1v\u0161t\u011bvn\u00edci se mohou t\u011b\u0161it na to nejlep\u0161\u00ed z&nbsp;beauty sv\u011bta. Sou\u010d\u00e1st\u00ed veletrhu FOR BEAUTY bude tak\u00e9 \u0159ada celebrit, nap\u0159\u00edklad Monika [&hellip;]<\/p>\n","protected":false},"author":7,"featured_media":11174,"comment_status":"closed","ping_status":"closed","sticky":false,"template":"","format":"standard","meta":{"_mi_skip_tracking":false,"_monsterinsights_sitenote_active":false,"_monsterinsights_sitenote_note":"","_monsterinsights_sitenote_category":0,"footnotes":""},"categories":[21,9,4,2,12],"tags":[],"yoast_head":"<!-- This site is optimized with the Yoast SEO plugin v21.5 - https:\/\/yoast.com\/wordpress\/plugins\/seo\/ -->\n<title>Podzimn\u00ed veletrh FOR BEAUTY je za dve\u0159mi! Na co se m\u016f\u017eete t\u011b\u0161it ji\u017e za p\u00e1r dn\u00ed? - WOMENHOUSE.cz<\/title>\n<meta name=\"description\" content=\"Podzimn\u00ed veletrh FOR BEAUTY je za dve\u0159mi! Veletrh FOR BEAUTY se uskute\u010dn\u00ed ji\u017e 20.\u201321. 10. 2023 na v\u00fdstavi\u0161ti PVA EXPO PRAHA v Let\u0148anech.\" \/>\n<meta name=\"robots\" content=\"index, follow, max-snippet:-1, max-image-preview:large, max-video-preview:-1\" \/>\n<link rel=\"canonical\" href=\"https:\/\/womenhouse.cz\/index.php\/2023\/10\/16\/podzimni-veletrh-for-beauty-je-za-dvermi-na-co-se-muzete-tesit-jiz-za-par-dni\/\" \/>\n<meta property=\"og:locale\" content=\"cs_CZ\" \/>\n<meta property=\"og:type\" content=\"article\" \/>\n<meta property=\"og:title\" content=\"Podzimn\u00ed veletrh FOR BEAUTY je za dve\u0159mi! Na co se m\u016f\u017eete t\u011b\u0161it ji\u017e za p\u00e1r dn\u00ed? - WOMENHOUSE.cz\" \/>\n<meta property=\"og:description\" content=\"Podzimn\u00ed veletrh FOR BEAUTY je za dve\u0159mi! Veletrh FOR BEAUTY se uskute\u010dn\u00ed ji\u017e 20.\u201321. 10. 2023 na v\u00fdstavi\u0161ti PVA EXPO PRAHA v Let\u0148anech.\" \/>\n<meta property=\"og:url\" content=\"https:\/\/womenhouse.cz\/index.php\/2023\/10\/16\/podzimni-veletrh-for-beauty-je-za-dvermi-na-co-se-muzete-tesit-jiz-za-par-dni\/\" \/>\n<meta property=\"og:site_name\" content=\"WOMENHOUSE.cz\" \/>\n<meta property=\"article:publisher\" content=\"https:\/\/www.facebook.com\/womenhousecz\" \/>\n<meta property=\"article:published_time\" content=\"2023-10-15T22:01:00+00:00\" \/>\n<meta property=\"article:modified_time\" content=\"2023-11-12T13:41:26+00:00\" \/>\n<meta property=\"og:image\" content=\"https:\/\/womenhouse.cz\/wp-content\/uploads\/2023\/10\/kosmetika_veletrh-1.jpg\" \/>\n\t<meta property=\"og:image:width\" content=\"1450\" \/>\n\t<meta property=\"og:image:height\" content=\"967\" \/>\n\t<meta property=\"og:image:type\" content=\"image\/jpeg\" \/>\n<meta name=\"author\" content=\"Jordana Pechov\u00e1\" \/>\n<meta name=\"twitter:card\" content=\"summary_large_image\" \/>\n<meta name=\"twitter:label1\" content=\"Napsal(a)\" \/>\n\t<meta name=\"twitter:data1\" content=\"Jordana Pechov\u00e1\" \/>\n\t<meta name=\"twitter:label2\" content=\"Odhadovan\u00e1 doba \u010dten\u00ed\" \/>\n\t<meta name=\"twitter:data2\" content=\"6 minut\" \/>\n<script type=\"application\/ld+json\" class=\"yoast-schema-graph\">{\"@context\":\"https:\/\/schema.org\",\"@graph\":[{\"@type\":\"Article\",\"@id\":\"https:\/\/womenhouse.cz\/index.php\/2023\/10\/16\/podzimni-veletrh-for-beauty-je-za-dvermi-na-co-se-muzete-tesit-jiz-za-par-dni\/#article\",\"isPartOf\":{\"@id\":\"https:\/\/womenhouse.cz\/index.php\/2023\/10\/16\/podzimni-veletrh-for-beauty-je-za-dvermi-na-co-se-muzete-tesit-jiz-za-par-dni\/\"},\"author\":{\"name\":\"Jordana Pechov\u00e1\",\"@id\":\"https:\/\/womenhouse.cz\/#\/schema\/person\/98698d23e31293fb605f53065038675f\"},\"headline\":\"Podzimn\u00ed veletrh FOR BEAUTY je za dve\u0159mi! Na co se m\u016f\u017eete t\u011b\u0161it ji\u017e za p\u00e1r dn\u00ed?\",\"datePublished\":\"2023-10-15T22:01:00+00:00\",\"dateModified\":\"2023-11-12T13:41:26+00:00\",\"mainEntityOfPage\":{\"@id\":\"https:\/\/womenhouse.cz\/index.php\/2023\/10\/16\/podzimni-veletrh-for-beauty-je-za-dvermi-na-co-se-muzete-tesit-jiz-za-par-dni\/\"},\"wordCount\":812,\"publisher\":{\"@id\":\"https:\/\/womenhouse.cz\/#organization\"},\"articleSection\":[\"AKCE &amp; KULTURA\",\"KOSMETIKA\",\"M\u00f3DA\",\"NEWS\",\"TIPY &amp; TRENDY\"],\"inLanguage\":\"cs\"},{\"@type\":\"WebPage\",\"@id\":\"https:\/\/womenhouse.cz\/index.php\/2023\/10\/16\/podzimni-veletrh-for-beauty-je-za-dvermi-na-co-se-muzete-tesit-jiz-za-par-dni\/\",\"url\":\"https:\/\/womenhouse.cz\/index.php\/2023\/10\/16\/podzimni-veletrh-for-beauty-je-za-dvermi-na-co-se-muzete-tesit-jiz-za-par-dni\/\",\"name\":\"Podzimn\u00ed veletrh FOR BEAUTY je za dve\u0159mi! Na co se m\u016f\u017eete t\u011b\u0161it ji\u017e za p\u00e1r dn\u00ed? - WOMENHOUSE.cz\",\"isPartOf\":{\"@id\":\"https:\/\/womenhouse.cz\/#website\"},\"datePublished\":\"2023-10-15T22:01:00+00:00\",\"dateModified\":\"2023-11-12T13:41:26+00:00\",\"description\":\"Podzimn\u00ed veletrh FOR BEAUTY je za dve\u0159mi! Veletrh FOR BEAUTY se uskute\u010dn\u00ed ji\u017e 20.\u201321. 10. 2023 na v\u00fdstavi\u0161ti PVA EXPO PRAHA v Let\u0148anech.\",\"breadcrumb\":{\"@id\":\"https:\/\/womenhouse.cz\/index.php\/2023\/10\/16\/podzimni-veletrh-for-beauty-je-za-dvermi-na-co-se-muzete-tesit-jiz-za-par-dni\/#breadcrumb\"},\"inLanguage\":\"cs\",\"potentialAction\":[{\"@type\":\"ReadAction\",\"target\":[\"https:\/\/womenhouse.cz\/index.php\/2023\/10\/16\/podzimni-veletrh-for-beauty-je-za-dvermi-na-co-se-muzete-tesit-jiz-za-par-dni\/\"]}]},{\"@type\":\"BreadcrumbList\",\"@id\":\"https:\/\/womenhouse.cz\/index.php\/2023\/10\/16\/podzimni-veletrh-for-beauty-je-za-dvermi-na-co-se-muzete-tesit-jiz-za-par-dni\/#breadcrumb\",\"itemListElement\":[{\"@type\":\"ListItem\",\"position\":1,\"name\":\"Dom\u016f\",\"item\":\"https:\/\/womenhouse.cz\/\"},{\"@type\":\"ListItem\",\"position\":2,\"name\":\"Podzimn\u00ed veletrh FOR BEAUTY je za dve\u0159mi! Na co se m\u016f\u017eete t\u011b\u0161it ji\u017e za p\u00e1r dn\u00ed?\"}]},{\"@type\":\"WebSite\",\"@id\":\"https:\/\/womenhouse.cz\/#website\",\"url\":\"https:\/\/womenhouse.cz\/\",\"name\":\"WOMENHOUSE.cz\",\"description\":\"Port\u00e1l v\u00fdhradn\u011b jen pro \u017eeny...\",\"publisher\":{\"@id\":\"https:\/\/womenhouse.cz\/#organization\"},\"potentialAction\":[{\"@type\":\"SearchAction\",\"target\":{\"@type\":\"EntryPoint\",\"urlTemplate\":\"https:\/\/womenhouse.cz\/?s={search_term_string}\"},\"query-input\":\"required name=search_term_string\"}],\"inLanguage\":\"cs\"},{\"@type\":\"Organization\",\"@id\":\"https:\/\/womenhouse.cz\/#organization\",\"name\":\"WOMENHOUSE.cz\",\"url\":\"https:\/\/womenhouse.cz\/\",\"logo\":{\"@type\":\"ImageObject\",\"inLanguage\":\"cs\",\"@id\":\"https:\/\/womenhouse.cz\/#\/schema\/logo\/image\/\",\"url\":\"https:\/\/womenhouse.cz\/wp-content\/uploads\/2020\/06\/cropped-logo_Womenhouse_RGB-02-removebg-preview-1.png\",\"contentUrl\":\"https:\/\/womenhouse.cz\/wp-content\/uploads\/2020\/06\/cropped-logo_Womenhouse_RGB-02-removebg-preview-1.png\",\"width\":561,\"height\":375,\"caption\":\"WOMENHOUSE.cz\"},\"image\":{\"@id\":\"https:\/\/womenhouse.cz\/#\/schema\/logo\/image\/\"},\"sameAs\":[\"https:\/\/www.facebook.com\/womenhousecz\",\"https:\/\/www.instagram.com\/womenhousecz\/\"]},{\"@type\":\"Person\",\"@id\":\"https:\/\/womenhouse.cz\/#\/schema\/person\/98698d23e31293fb605f53065038675f\",\"name\":\"Jordana Pechov\u00e1\",\"sameAs\":[\"http:\/\/WOMENHOUSE.cz\"],\"url\":\"https:\/\/womenhouse.cz\/index.php\/author\/jorpech\/\"}]}<\/script>\n<!-- \/ Yoast SEO plugin. -->","yoast_head_json":{"title":"Podzimn\u00ed veletrh FOR BEAUTY je za dve\u0159mi! Na co se m\u016f\u017eete t\u011b\u0161it ji\u017e za p\u00e1r dn\u00ed? - WOMENHOUSE.cz","description":"Podzimn\u00ed veletrh FOR BEAUTY je za dve\u0159mi! Veletrh FOR BEAUTY se uskute\u010dn\u00ed ji\u017e 20.\u201321. 10. 2023 na v\u00fdstavi\u0161ti PVA EXPO PRAHA v Let\u0148anech.","robots":{"index":"index","follow":"follow","max-snippet":"max-snippet:-1","max-image-preview":"max-image-preview:large","max-video-preview":"max-video-preview:-1"},"canonical":"https:\/\/womenhouse.cz\/index.php\/2023\/10\/16\/podzimni-veletrh-for-beauty-je-za-dvermi-na-co-se-muzete-tesit-jiz-za-par-dni\/","og_locale":"cs_CZ","og_type":"article","og_title":"Podzimn\u00ed veletrh FOR BEAUTY je za dve\u0159mi! Na co se m\u016f\u017eete t\u011b\u0161it ji\u017e za p\u00e1r dn\u00ed? - WOMENHOUSE.cz","og_description":"Podzimn\u00ed veletrh FOR BEAUTY je za dve\u0159mi! Veletrh FOR BEAUTY se uskute\u010dn\u00ed ji\u017e 20.\u201321. 10. 2023 na v\u00fdstavi\u0161ti PVA EXPO PRAHA v Let\u0148anech.","og_url":"https:\/\/womenhouse.cz\/index.php\/2023\/10\/16\/podzimni-veletrh-for-beauty-je-za-dvermi-na-co-se-muzete-tesit-jiz-za-par-dni\/","og_site_name":"WOMENHOUSE.cz","article_publisher":"https:\/\/www.facebook.com\/womenhousecz","article_published_time":"2023-10-15T22:01:00+00:00","article_modified_time":"2023-11-12T13:41:26+00:00","og_image":[{"width":1450,"height":967,"url":"https:\/\/womenhouse.cz\/wp-content\/uploads\/2023\/10\/kosmetika_veletrh-1.jpg","type":"image\/jpeg"}],"author":"Jordana Pechov\u00e1","twitter_card":"summary_large_image","twitter_misc":{"Napsal(a)":"Jordana Pechov\u00e1","Odhadovan\u00e1 doba \u010dten\u00ed":"6 minut"},"schema":{"@context":"https:\/\/schema.org","@graph":[{"@type":"Article","@id":"https:\/\/womenhouse.cz\/index.php\/2023\/10\/16\/podzimni-veletrh-for-beauty-je-za-dvermi-na-co-se-muzete-tesit-jiz-za-par-dni\/#article","isPartOf":{"@id":"https:\/\/womenhouse.cz\/index.php\/2023\/10\/16\/podzimni-veletrh-for-beauty-je-za-dvermi-na-co-se-muzete-tesit-jiz-za-par-dni\/"},"author":{"name":"Jordana Pechov\u00e1","@id":"https:\/\/womenhouse.cz\/#\/schema\/person\/98698d23e31293fb605f53065038675f"},"headline":"Podzimn\u00ed veletrh FOR BEAUTY je za dve\u0159mi! Na co se m\u016f\u017eete t\u011b\u0161it ji\u017e za p\u00e1r dn\u00ed?","datePublished":"2023-10-15T22:01:00+00:00","dateModified":"2023-11-12T13:41:26+00:00","mainEntityOfPage":{"@id":"https:\/\/womenhouse.cz\/index.php\/2023\/10\/16\/podzimni-veletrh-for-beauty-je-za-dvermi-na-co-se-muzete-tesit-jiz-za-par-dni\/"},"wordCount":812,"publisher":{"@id":"https:\/\/womenhouse.cz\/#organization"},"articleSection":["AKCE &amp; KULTURA","KOSMETIKA","M\u00f3DA","NEWS","TIPY &amp; TRENDY"],"inLanguage":"cs"},{"@type":"WebPage","@id":"https:\/\/womenhouse.cz\/index.php\/2023\/10\/16\/podzimni-veletrh-for-beauty-je-za-dvermi-na-co-se-muzete-tesit-jiz-za-par-dni\/","url":"https:\/\/womenhouse.cz\/index.php\/2023\/10\/16\/podzimni-veletrh-for-beauty-je-za-dvermi-na-co-se-muzete-tesit-jiz-za-par-dni\/","name":"Podzimn\u00ed veletrh FOR BEAUTY je za dve\u0159mi! Na co se m\u016f\u017eete t\u011b\u0161it ji\u017e za p\u00e1r dn\u00ed? - WOMENHOUSE.cz","isPartOf":{"@id":"https:\/\/womenhouse.cz\/#website"},"datePublished":"2023-10-15T22:01:00+00:00","dateModified":"2023-11-12T13:41:26+00:00","description":"Podzimn\u00ed veletrh FOR BEAUTY je za dve\u0159mi! Veletrh FOR BEAUTY se uskute\u010dn\u00ed ji\u017e 20.\u201321. 10. 2023 na v\u00fdstavi\u0161ti PVA EXPO PRAHA v Let\u0148anech.","breadcrumb":{"@id":"https:\/\/womenhouse.cz\/index.php\/2023\/10\/16\/podzimni-veletrh-for-beauty-je-za-dvermi-na-co-se-muzete-tesit-jiz-za-par-dni\/#breadcrumb"},"inLanguage":"cs","potentialAction":[{"@type":"ReadAction","target":["https:\/\/womenhouse.cz\/index.php\/2023\/10\/16\/podzimni-veletrh-for-beauty-je-za-dvermi-na-co-se-muzete-tesit-jiz-za-par-dni\/"]}]},{"@type":"BreadcrumbList","@id":"https:\/\/womenhouse.cz\/index.php\/2023\/10\/16\/podzimni-veletrh-for-beauty-je-za-dvermi-na-co-se-muzete-tesit-jiz-za-par-dni\/#breadcrumb","itemListElement":[{"@type":"ListItem","position":1,"name":"Dom\u016f","item":"https:\/\/womenhouse.cz\/"},{"@type":"ListItem","position":2,"name":"Podzimn\u00ed veletrh FOR BEAUTY je za dve\u0159mi! Na co se m\u016f\u017eete t\u011b\u0161it ji\u017e za p\u00e1r dn\u00ed?"}]},{"@type":"WebSite","@id":"https:\/\/womenhouse.cz\/#website","url":"https:\/\/womenhouse.cz\/","name":"WOMENHOUSE.cz","description":"Port\u00e1l v\u00fdhradn\u011b jen pro \u017eeny...","publisher":{"@id":"https:\/\/womenhouse.cz\/#organization"},"potentialAction":[{"@type":"SearchAction","target":{"@type":"EntryPoint","urlTemplate":"https:\/\/womenhouse.cz\/?s={search_term_string}"},"query-input":"required name=search_term_string"}],"inLanguage":"cs"},{"@type":"Organization","@id":"https:\/\/womenhouse.cz\/#organization","name":"WOMENHOUSE.cz","url":"https:\/\/womenhouse.cz\/","logo":{"@type":"ImageObject","inLanguage":"cs","@id":"https:\/\/womenhouse.cz\/#\/schema\/logo\/image\/","url":"https:\/\/womenhouse.cz\/wp-content\/uploads\/2020\/06\/cropped-logo_Womenhouse_RGB-02-removebg-preview-1.png","contentUrl":"https:\/\/womenhouse.cz\/wp-content\/uploads\/2020\/06\/cropped-logo_Womenhouse_RGB-02-removebg-preview-1.png","width":561,"height":375,"caption":"WOMENHOUSE.cz"},"image":{"@id":"https:\/\/womenhouse.cz\/#\/schema\/logo\/image\/"},"sameAs":["https:\/\/www.facebook.com\/womenhousecz","https:\/\/www.instagram.com\/womenhousecz\/"]},{"@type":"Person","@id":"https:\/\/womenhouse.cz\/#\/schema\/person\/98698d23e31293fb605f53065038675f","name":"Jordana Pechov\u00e1","sameAs":["http:\/\/WOMENHOUSE.cz"],"url":"https:\/\/womenhouse.cz\/index.php\/author\/jorpech\/"}]}},"_links":{"self":[{"href":"https:\/\/womenhouse.cz\/index.php\/wp-json\/wp\/v2\/posts\/11170"}],"collection":[{"href":"https:\/\/womenhouse.cz\/index.php\/wp-json\/wp\/v2\/posts"}],"about":[{"href":"https:\/\/womenhouse.cz\/index.php\/wp-json\/wp\/v2\/types\/post"}],"author":[{"embeddable":true,"href":"https:\/\/womenhouse.cz\/index.php\/wp-json\/wp\/v2\/users\/7"}],"replies":[{"embeddable":true,"href":"https:\/\/womenhouse.cz\/index.php\/wp-json\/wp\/v2\/comments?post=11170"}],"version-history":[{"count":-3,"href":"https:\/\/womenhouse.cz\/index.php\/wp-json\/wp\/v2\/posts\/11170\/revisions"}],"wp:featuredmedia":[{"embeddable":true,"href":"https:\/\/womenhouse.cz\/index.php\/wp-json\/wp\/v2\/media\/11174"}],"wp:attachment":[{"href":"https:\/\/womenhouse.cz\/index.php\/wp-json\/wp\/v2\/media?parent=11170"}],"wp:term":[{"taxonomy":"category","embeddable":true,"href":"https:\/\/womenhouse.cz\/index.php\/wp-json\/wp\/v2\/categories?post=11170"},{"taxonomy":"post_tag","embeddable":true,"href":"https:\/\/womenhouse.cz\/index.php\/wp-json\/wp\/v2\/tags?post=11170"}],"curies":[{"name":"wp","href":"https:\/\/api.w.org\/{rel}","templated":true}]}}