{"id":10791,"date":"2023-09-22T00:28:13","date_gmt":"2023-09-21T22:28:13","guid":{"rendered":"https:\/\/womenhouse.cz\/?p=10791"},"modified":"2024-02-06T16:13:09","modified_gmt":"2024-02-06T15:13:09","slug":"podcast-celistni-chirurgie-jako-primy-nastroj-pro-mladistvy-vzhled","status":"publish","type":"post","link":"https:\/\/womenhouse.cz\/index.php\/2023\/09\/22\/podcast-celistni-chirurgie-jako-primy-nastroj-pro-mladistvy-vzhled\/","title":{"rendered":"PODCAST: \u010celistn\u00ed chirurgie jako p\u0159\u00edm\u00fd n\u00e1stroj pro mladistv\u00fd vzhled"},"content":{"rendered":"\n<div style=\"height:35px\" aria-hidden=\"true\" class=\"wp-block-spacer\"><\/div>\n\n\n\n<p><strong>V dne\u0161n\u00edm \u010dl\u00e1nku a podcastu o kr\u00e1se a zdrav\u00ed se budeme v\u011bnovat m\u00e9n\u011b zn\u00e1m\u00e9mu typu plastick\u00e9 operace, kter\u00e1 v\u0161ak velmi v\u00fdrazn\u011b ovliv\u0148uje vzhled, kr\u00e1su a mladistvost vzhledu. Prim\u00e1rn\u011b tento z\u00e1krok slou\u017e\u00ed k&nbsp;\u00faprav\u011b skusu, ale p\u0159in\u00e1\u0161\u00ed i \u0159adu estetick\u00fdch benefit\u016f.<\/strong><\/p>\n\n\n\n<div style=\"height:33px\" aria-hidden=\"true\" class=\"wp-block-spacer\"><\/div>\n\n\n\n<figure class=\"wp-block-image size-large\"><img loading=\"lazy\" decoding=\"async\" width=\"1024\" height=\"575\" src=\"https:\/\/womenhouse.cz\/wp-content\/uploads\/2023\/09\/po01_TTL-1024x575.jpg\" alt=\"PODCAST: \u010celistn\u00ed chirurgie jako p\u0159\u00edm\u00fd n\u00e1stroj pro mladistv\u00fd vzhled\" class=\"wp-image-10792\" srcset=\"https:\/\/womenhouse.cz\/wp-content\/uploads\/2023\/09\/po01_TTL-1024x575.jpg 1024w, https:\/\/womenhouse.cz\/wp-content\/uploads\/2023\/09\/po01_TTL-300x168.jpg 300w, https:\/\/womenhouse.cz\/wp-content\/uploads\/2023\/09\/po01_TTL-768x431.jpg 768w, https:\/\/womenhouse.cz\/wp-content\/uploads\/2023\/09\/po01_TTL-1536x862.jpg 1536w, https:\/\/womenhouse.cz\/wp-content\/uploads\/2023\/09\/po01_TTL.jpg 2048w\" sizes=\"(max-width: 1024px) 100vw, 1024px\" \/><\/figure>\n\n\n\n<div style=\"height:33px\" aria-hidden=\"true\" class=\"wp-block-spacer\"><\/div>\n\n\n\n<p>Nejedn\u00e1 se o nic men\u0161\u00edho ne\u017e ortogn\u00e1tn\u00ed operaci (\u010delistn\u00ed operaci). Tento \u00fakon nen\u00ed \u00fapln\u011b b\u011b\u017enou operac\u00ed vzhledem k odborn\u00e9 n\u00e1ro\u010dnosti i n\u00e1ro\u010dnosti proveden\u00ed. Je to druh operace, kter\u00fd se \u010dasto prov\u00e1d\u00ed pouze ze zdravotn\u00edch d\u016fvod\u016f, ale moc se nev\u00ed o tom, \u017ee z&nbsp;estetick\u00e9ho hlediska je pro operovan\u00e9ho rovn\u011b\u017e velk\u00fdm p\u0159\u00ednosem: po vizu\u00e1ln\u00ed str\u00e1nce znamen\u00e1 vzestup o jednu a\u017e dv\u011b \u00farovn\u011b v\u00fd\u0161e.<\/p>\n\n\n\n<p>Nejv\u011bt\u0161\u00ed kapacitou v \u010cR v tomto oboru je <strong><a href=\"https:\/\/cs.wikipedia.org\/wiki\/Maxilofaci%C3%A1ln%C3%AD_chirurgie\">maxilofaci\u00e1ln\u00ed<\/a><\/strong> chirurg, prof. MUDr. et <strong><a href=\"https:\/\/cs.wikipedia.org\/wiki\/Ren%C3%A9_Folt%C3%A1n\">MUDr. Ren\u00e9 Folt\u00e1n<\/a><\/strong>, PhD. FEBOMFS, a proto jsme se za panem profesorem vydali, abychom mu polo\u017eili p\u00e1r ot\u00e1zek a p\u0159inesli jistou osv\u011btu v tomto nep\u0159\u00edli\u0161 ve\u0159ejnosti zn\u00e1m\u00e9m medic\u00ednsk\u00e9m oboru.<\/p>\n\n\n\n<p><strong>Poslechn\u011bte si rozhovor s maxilofaci\u00e1ln\u00edm chirurgem, profesorem MUDr. et MUDr. Ren\u00e9 Folt\u00e1nem, PhD. FEBOMFS.<\/strong><\/p>\n\n\n\n<div style=\"height:55px\" aria-hidden=\"true\" class=\"wp-block-spacer\"><\/div>\n\n\n\n<h3 class=\"wp-block-heading\"><strong>PODCAST: \u010celistn\u00ed chirurgie jako p\u0159\u00edm\u00fd n\u00e1stroj pro mladistv\u00fd vzhled<\/strong><\/h3>\n\n\n\n<div style=\"height:45px\" aria-hidden=\"true\" class=\"wp-block-spacer\"><\/div>\n\n\n<div class=\"wp-block-image\">\n<figure class=\"aligncenter size-large\"><img decoding=\"async\" src=\"https:\/\/podcasthouse.cz\/wp-content\/uploads\/2023\/09\/pexels-photo-PODCAST_V1-1024x207-1.jpg\" alt=\"\" class=\"wp-image-1141\"\/><\/figure><\/div>\n\n\n<div style=\"height:45px\" aria-hidden=\"true\" class=\"wp-block-spacer\"><\/div>\n\n\n\n<figure class=\"wp-block-audio\"><audio controls src=\"https:\/\/podcasthouse.cz\/wp-content\/uploads\/2023\/09\/PODCAST_prof_FOLTAN_1.mp3\"><\/audio><\/figure>\n\n\n\n<div style=\"height:50px\" aria-hidden=\"true\" class=\"wp-block-spacer\"><\/div>\n\n\n\n<p class=\"has-text-align-center\"><strong>Rozhovor s maxilofaci\u00e1ln\u00edm chirurgem profesorem MUDr. et MUDr. Ren\u00e9 Folt\u00e1nem, PhD. FEBOMFS.<\/strong><\/p>\n\n\n\n<div style=\"height:89px\" aria-hidden=\"true\" class=\"wp-block-spacer\"><\/div>\n\n\n\n<h2 class=\"wp-block-heading\"><strong>Ortogn\u00e1tn\u00ed operace (\u010delistn\u00ed operace) jako facelift naruby<\/strong><\/h2>\n\n\n\n<div style=\"height:22px\" aria-hidden=\"true\" class=\"wp-block-spacer\"><\/div>\n\n\n\n<p>M\u00e1lo se o tom v \u010cesk\u00e9 republice dosud v\u00ed, ale <a href=\"https:\/\/www.estheticon.cz\/novinky\/da-se-spocitat-jak-stvorit-krasny-oblicej\"><strong>ortogn\u00e1tn\u00ed operace<\/strong><\/a> (\u010delistn\u00ed operace) funguje tak\u00e9 jako nejdokonalej\u0161\u00ed liftingov\u00e1 plastick\u00e1 operace. Takzvan\u00fd lifting naruby m\u016f\u017ee va\u0161emu vzhledu ubrat 5\u20137 let v\u011bku, ani\u017e by zanechal viditeln\u00e9 stopy, tedy krom\u011b t\u011bch k mladistv\u00e9mu vzhledu p\u0159isp\u00edvaj\u00edc\u00edch.<\/p>\n\n\n\n<p>Pro\u010d? Proto\u017ee posunut\u00edm horn\u00ed i doln\u00ed \u010delisti m\u016f\u017eeme zm\u011bnit typ obli\u010deje (v\u00fdrazn\u011bj\u0161\u00ed brada, rty se opticky vypln\u00ed, ani\u017e by do\u0161lo k pou\u017eit\u00ed v\u00fdpl\u0148ov\u00e9ho materi\u00e1lu). Je to d\u00e1no t\u00edm, \u017ee p\u0159i klasick\u00e9m faceliftu se posouv\u00e1 jen k\u016f\u017ee, ale p\u0159i t\u00e9to plastick\u00e9 operaci je to \u00fapln\u011b obr\u00e1cen\u011b (\u201enaruby\u201c), proto\u017ee se posouv\u00e1 kost proti sval\u016fm a k\u016f\u017ei. V\u00fdsledek je tak esteti\u010dt\u011bj\u0161\u00ed, v\u00edce v\u00fdrazn\u00fd a hlavn\u011b trvalej\u0161\u00ed. Z\u00e1rove\u0148 je kone\u010dn\u00fd efekt tak dokonal\u00fd, \u017ee dle studi\u00ed je s v\u00fdsledkem spokojeno v\u00edce ne\u017e 97&nbsp;% pacient\u016f. Pro srovn\u00e1n\u00ed: v p\u0159\u00edpad\u011b augmentace prsou je s v\u00fdsledkem spokojeno \u201epouh\u00fdch\u201c 70&nbsp;% pacient\u016f, resp. pacientek.<\/p>\n\n\n\n<div style=\"height:22px\" aria-hidden=\"true\" class=\"wp-block-spacer\"><\/div>\n\n\n\n<h2 class=\"wp-block-heading\"><strong>Co v\u0161echno se d\u00e1 zlep\u0161it v r\u00e1mci \u010delistn\u00ed operace<\/strong><\/h2>\n\n\n\n<div style=\"height:22px\" aria-hidden=\"true\" class=\"wp-block-spacer\"><\/div>\n\n\n\n<p>Lze vylep\u0161it v\u0161e od doln\u00edch hran o\u010dnic p\u0159es o\u010dn\u00ed d\u016flky a\u017e po krk. Ve\u0161ker\u00e1 m\u00edsta v t\u00e9to \u010d\u00e1sti t\u011bla se daj\u00ed zmen\u0161it, zv\u011bt\u0161it, nebo r\u016fzn\u011b p\u0159izp\u016fsobit, dle pot\u0159eby dan\u00e9ho z\u00e1kroku.<\/p>\n\n\n\n<p>Nejv\u011bt\u0161\u00ed v\u00fdhodou t\u00e9to plastick\u00e9 operace je, \u017ee v\u00fdsledek s velkou m\u00edrou pravd\u011bpodobnosti vid\u00edte na 2D a 3D modelu je\u0161t\u011b p\u0159ed proveden\u00edm samotn\u00e9ho z\u00e1kroku, a tento model se dle studie s&nbsp;kone\u010dnou verz\u00ed shoduje na 94&nbsp;%.<\/p>\n\n\n\n<p>I p\u0159esto, \u017ee tato operace nen\u00ed z nejlevn\u011bj\u0161\u00edch a je celkem n\u00e1ro\u010dn\u00e1 i na rekonvalescenci (tzv. st\u0159edn\u011b t\u011b\u017ek\u00e1 operace), je v\u00fdsledek natolik ohromuj\u00edc\u00ed, \u017ee v zahrani\u010d\u00ed se t\u011b\u0161\u00ed velk\u00e9 oblib\u011b (hlavn\u011b u&nbsp;hollywoodsk\u00fdch hv\u011bzd).<\/p>\n\n\n\n<p>V \u010cR tento z\u00e1krok z estetick\u00e9ho hlediska m\u016f\u017eete popt\u00e1vat u stomatochirurgick\u00e9 ordinace <strong><a href=\"https:\/\/www.facevision.cz\/\">FACEVISION<\/a><\/strong>.<\/p>\n\n\n\n<div style=\"height:48px\" aria-hidden=\"true\" class=\"wp-block-spacer\"><\/div>\n\n\n\n<h3 class=\"wp-block-heading\"><strong>Facevision (Identity &#8211; obli\u010dejov\u00e1 chirurgie)<\/strong><\/h3>\n\n\n\n<div style=\"height:23px\" aria-hidden=\"true\" class=\"wp-block-spacer\"><\/div>\n\n\n\n<p>Stomatochirurgick\u00e1 ordinace nab\u00edzej\u00edc\u00ed \u0161irok\u00e9 spektrum z\u00e1krok\u016f od zav\u00e1d\u011bn\u00ed dent\u00e1ln\u00edch implant\u00e1t\u016f, p\u0159es n\u00e1ro\u010dn\u00e9 dopln\u011bn\u00ed kost\u00ed p\u0159ed implantac\u00ed a\u017e po kosmetick\u00e9 z\u00e1kroky na obli\u010deji v\u010detn\u011b korek\u010dn\u00edch operac\u00ed \u010delist\u00ed.<\/p>\n\n\n\n<div style=\"height:19px\" aria-hidden=\"true\" class=\"wp-block-spacer\"><\/div>\n\n\n\n<h3 class=\"wp-block-heading\"><strong>Identity \u2013 obli\u010dejov\u00e1 chirurgie s.r.o.<\/strong><\/h3>\n\n\n\n<div style=\"height:23px\" aria-hidden=\"true\" class=\"wp-block-spacer\"><\/div>\n\n\n\n<p><strong>Sob\u011bslavsk\u00e1 2062\/44<\/strong><\/p>\n\n\n\n<p>Praha 3<\/p>\n\n\n\n<p>130 00<\/p>\n\n\n\n<h4 class=\"wp-block-heading\"><strong>Ordina\u010dn\u00ed hodiny<\/strong><\/h4>\n\n\n\n<p>Po \u2013 P\u00e1: 15:00 \u2013 20:00 hod.<\/p>\n\n\n\n<p><strong>Telefon:<\/strong> +420 271 750 826, +420 777 273 777<\/p>\n\n\n\n<p>recepce@facevision.cz<\/p>\n\n\n\n<p><strong>V\u00edce informac\u00ed naleznete na <\/strong><a href=\"http:\/\/www.facevision.cz\/\"><strong>www.facevision.cz<\/strong><\/a><strong>.<\/strong><\/p>\n\n\n\n<div style=\"height:76px\" aria-hidden=\"true\" class=\"wp-block-spacer\"><\/div>\n\n\n<div class=\"wp-block-image\">\n<figure class=\"aligncenter size-large\"><img decoding=\"async\" src=\"https:\/\/podcasthouse.cz\/wp-content\/uploads\/2023\/09\/ordinace-1024x375.jpg\" alt=\"\" class=\"wp-image-1160\"\/><\/figure><\/div>\n\n\n<div style=\"height:22px\" aria-hidden=\"true\" class=\"wp-block-spacer\"><\/div>\n\n\n\n<h2 class=\"wp-block-heading\"><strong>BIO<\/strong><\/h2>\n\n\n\n<h3 class=\"wp-block-heading\"><strong>prof. MUDr. et MUDr. Ren\u00e9 Folt\u00e1nem, PhD. FEBOMFS<\/strong><\/h3>\n\n\n\n<div style=\"height:22px\" aria-hidden=\"true\" class=\"wp-block-spacer\"><\/div>\n\n\n\n<p><strong>Absolvoval obor Stomatologie na LF UK v Hradci Kr\u00e1lov\u00e9 v roce 1993 a obor V\u0161eobecn\u00e9 l\u00e9ka\u0159stv\u00ed na t\u00e9\u017ee fakult\u011b v roce 1998, proto titul MUDr. et MUDr.<\/strong><\/p>\n\n\n\n<p>Od roku 1994 pracuje na pln\u00fd \u00favazek na Stomatologick\u00e9 klinice 1. LF UK a VFN v Praze, kde je p\u0159ednostou.<\/p>\n\n\n\n<p>Soukrom\u00e9 praxi v oboru \u00fastn\u00ed, \u010delistn\u00ed a obli\u010dejov\u00e9 chirurgie se v\u011bnuje od roku 1996. Implantologii se aktivn\u011b zab\u00fdv\u00e1 od roku 1997 a zav\u00e1d\u011bn\u00ed \u0161v\u00e9dsk\u00fdch implant\u00e1t\u016f Branemark od roku 1998 \u2013 jako jeden z prvn\u00edch v \u010cR.<\/p>\n\n\n\n<p>Pracoval na Univerzitn\u00edch klinice ve \u0161v\u00fdcarsk\u00e9m Curychu a na Dep. Oral and Maxillofacial Surgery v anglick\u00e9m Guildfordu.<\/p>\n\n\n\n<p>Usilovn\u011b se tak\u00e9 v\u011bnuje v\u00fdzkumu , \u010deho\u017e d\u016fkazem jsou \u00fasp\u011b\u0161n\u011b obh\u00e1jen\u00e9 granty na MZ \u010cR a objem a kvalita jeho publika\u010dn\u00ed \u010dinnosti s mnoha \u010dl\u00e1nky ve v\u00fdznamn\u00fdch zahrani\u010dn\u00edch \u010dasopisech. A tak\u00e9 jeho rozs\u00e1hl\u00e1 p\u0159edn\u00e1\u0161kov\u00e1 \u010dinnost nejen v \u010cech\u00e1ch , ale i v zahrani\u010d\u00ed.<\/p>\n\n\n\n<p>Aktivn\u011b se pod\u00edl\u00ed na pregradu\u00e1ln\u00ed v\u00fduce jak stomatologie tak i v\u0161eobecn\u00e9ho l\u00e9ka\u0159stv\u00ed na 1. l\u00e9ka\u0159sk\u00e9 fakult\u011b Univerzity Karlovy v Praze. Je zapojen tak\u00e9 do postgradu\u00e1ln\u00ed v\u00fduky v oboru \u00fastn\u00ed, \u010delistn\u00ed a obli\u010dejov\u00e9 chirurgie v r\u00e1mci Univerzity Karlovy a Institutu pro dal\u0161\u00ed vzd\u011bl\u00e1v\u00e1n\u00ed l\u00e9ka\u0159\u016f a farmaceut\u016f.<\/p>\n\n\n\n<p>I p\u0159esto se st\u00e1le neust\u00e1le aktivn\u011b vzd\u011bl\u00e1v\u00e1 pro co\u017e sv\u011bd\u010d\u00ed tak\u00e9 velk\u00e9 mno\u017estv\u00ed kongres\u016f, kter\u00e9 ka\u017edoro\u010dn\u011b nav\u0161t\u011bvuje a na kter\u00fdch aktivn\u011b vystupuje.<\/p>\n\n\n\n<div style=\"height:100px\" aria-hidden=\"true\" class=\"wp-block-spacer\"><\/div>\n\n\n\n<figure class=\"wp-block-gallery has-nested-images columns-2 is-cropped wp-block-gallery-1 is-layout-flex wp-block-gallery-is-layout-flex\">\n<figure class=\"wp-block-image size-large\"><img loading=\"lazy\" decoding=\"async\" width=\"1024\" height=\"625\" data-id=\"10901\" src=\"https:\/\/womenhouse.cz\/wp-content\/uploads\/2023\/09\/pred01-1024x625.jpg\" alt=\"PODCAST: \u010celistn\u00ed chirurgie jako p\u0159\u00edm\u00fd n\u00e1stroj pro mladistv\u00fd vzhled\" class=\"wp-image-10901\" srcset=\"https:\/\/womenhouse.cz\/wp-content\/uploads\/2023\/09\/pred01-1024x625.jpg 1024w, https:\/\/womenhouse.cz\/wp-content\/uploads\/2023\/09\/pred01-300x183.jpg 300w, https:\/\/womenhouse.cz\/wp-content\/uploads\/2023\/09\/pred01-768x469.jpg 768w, https:\/\/womenhouse.cz\/wp-content\/uploads\/2023\/09\/pred01-1536x938.jpg 1536w, https:\/\/womenhouse.cz\/wp-content\/uploads\/2023\/09\/pred01.jpg 2048w\" sizes=\"(max-width: 1024px) 100vw, 1024px\" \/><\/figure>\n\n\n\n<figure class=\"wp-block-image size-large\"><img loading=\"lazy\" decoding=\"async\" width=\"1024\" height=\"625\" data-id=\"10902\" src=\"https:\/\/womenhouse.cz\/wp-content\/uploads\/2023\/09\/po01-1024x625.jpg\" alt=\"PODCAST: \u010celistn\u00ed chirurgie jako p\u0159\u00edm\u00fd n\u00e1stroj pro mladistv\u00fd vzhled\" class=\"wp-image-10902\" srcset=\"https:\/\/womenhouse.cz\/wp-content\/uploads\/2023\/09\/po01-1024x625.jpg 1024w, https:\/\/womenhouse.cz\/wp-content\/uploads\/2023\/09\/po01-300x183.jpg 300w, https:\/\/womenhouse.cz\/wp-content\/uploads\/2023\/09\/po01-768x469.jpg 768w, https:\/\/womenhouse.cz\/wp-content\/uploads\/2023\/09\/po01-1536x938.jpg 1536w, https:\/\/womenhouse.cz\/wp-content\/uploads\/2023\/09\/po01.jpg 2048w\" sizes=\"(max-width: 1024px) 100vw, 1024px\" \/><\/figure>\n\n\n\n<figure class=\"wp-block-image size-large\"><img loading=\"lazy\" decoding=\"async\" width=\"1024\" height=\"625\" data-id=\"10905\" src=\"https:\/\/womenhouse.cz\/wp-content\/uploads\/2023\/09\/pred02-1024x625.jpg\" alt=\"PODCAST: \u010celistn\u00ed chirurgie jako p\u0159\u00edm\u00fd n\u00e1stroj pro mladistv\u00fd vzhled\" class=\"wp-image-10905\" srcset=\"https:\/\/womenhouse.cz\/wp-content\/uploads\/2023\/09\/pred02-1024x625.jpg 1024w, https:\/\/womenhouse.cz\/wp-content\/uploads\/2023\/09\/pred02-300x183.jpg 300w, https:\/\/womenhouse.cz\/wp-content\/uploads\/2023\/09\/pred02-768x469.jpg 768w, https:\/\/womenhouse.cz\/wp-content\/uploads\/2023\/09\/pred02-1536x938.jpg 1536w, https:\/\/womenhouse.cz\/wp-content\/uploads\/2023\/09\/pred02.jpg 2048w\" sizes=\"(max-width: 1024px) 100vw, 1024px\" \/><\/figure>\n\n\n\n<figure class=\"wp-block-image size-large\"><img loading=\"lazy\" decoding=\"async\" width=\"1024\" height=\"625\" data-id=\"10903\" src=\"https:\/\/womenhouse.cz\/wp-content\/uploads\/2023\/09\/po02-1024x625.jpg\" alt=\"PODCAST: \u010celistn\u00ed chirurgie jako p\u0159\u00edm\u00fd n\u00e1stroj pro mladistv\u00fd vzhled\" class=\"wp-image-10903\" srcset=\"https:\/\/womenhouse.cz\/wp-content\/uploads\/2023\/09\/po02-1024x625.jpg 1024w, https:\/\/womenhouse.cz\/wp-content\/uploads\/2023\/09\/po02-300x183.jpg 300w, https:\/\/womenhouse.cz\/wp-content\/uploads\/2023\/09\/po02-768x469.jpg 768w, https:\/\/womenhouse.cz\/wp-content\/uploads\/2023\/09\/po02-1536x938.jpg 1536w, https:\/\/womenhouse.cz\/wp-content\/uploads\/2023\/09\/po02.jpg 2048w\" sizes=\"(max-width: 1024px) 100vw, 1024px\" \/><\/figure>\n\n\n\n<figure class=\"wp-block-image size-large\"><img loading=\"lazy\" decoding=\"async\" width=\"1024\" height=\"623\" data-id=\"10906\" src=\"https:\/\/womenhouse.cz\/wp-content\/uploads\/2023\/09\/po03-1024x623.jpg\" alt=\"PODCAST: \u010celistn\u00ed chirurgie jako p\u0159\u00edm\u00fd n\u00e1stroj pro mladistv\u00fd vzhled\" class=\"wp-image-10906\" srcset=\"https:\/\/womenhouse.cz\/wp-content\/uploads\/2023\/09\/po03-1024x623.jpg 1024w, https:\/\/womenhouse.cz\/wp-content\/uploads\/2023\/09\/po03-300x183.jpg 300w, https:\/\/womenhouse.cz\/wp-content\/uploads\/2023\/09\/po03-768x467.jpg 768w, https:\/\/womenhouse.cz\/wp-content\/uploads\/2023\/09\/po03-1536x935.jpg 1536w, https:\/\/womenhouse.cz\/wp-content\/uploads\/2023\/09\/po03.jpg 2048w\" sizes=\"(max-width: 1024px) 100vw, 1024px\" \/><\/figure>\n<\/figure>\n\n\n\n<p><strong>Zdroj foto: <\/strong>Facevision, Identity \u2013 obli\u010dejov\u00e1 chirurgie s.r.o<\/p>\n\n\n\n<p><strong>Zdroj audio:&nbsp;Medi\u00e1ln\u00ed skupina HMG&nbsp;(<a href=\"https:\/\/podcasthouse.cz\/\">PODCASTHOUSE.cz<\/a>)<\/strong><\/p>\n\n\n\n<div style=\"height:100px\" aria-hidden=\"true\" class=\"wp-block-spacer\"><\/div>\n","protected":false},"excerpt":{"rendered":"<p>V dne\u0161n\u00edm \u010dl\u00e1nku a podcastu o kr\u00e1se a zdrav\u00ed se budeme v\u011bnovat m\u00e9n\u011b zn\u00e1m\u00e9mu typu plastick\u00e9 operace, kter\u00e1 v\u0161ak velmi v\u00fdrazn\u011b ovliv\u0148uje vzhled, kr\u00e1su a mladistvost vzhledu. Prim\u00e1rn\u011b tento z\u00e1krok slou\u017e\u00ed k&nbsp;\u00faprav\u011b skusu, ale p\u0159in\u00e1\u0161\u00ed i \u0159adu estetick\u00fdch benefit\u016f. Nejedn\u00e1 se o nic men\u0161\u00edho ne\u017e ortogn\u00e1tn\u00ed operaci (\u010delistn\u00ed operaci). Tento \u00fakon nen\u00ed \u00fapln\u011b b\u011b\u017enou operac\u00ed [&hellip;]<\/p>\n","protected":false},"author":1,"featured_media":10792,"comment_status":"closed","ping_status":"closed","sticky":false,"template":"","format":"standard","meta":{"_mi_skip_tracking":false,"_monsterinsights_sitenote_active":false,"_monsterinsights_sitenote_note":"","_monsterinsights_sitenote_category":0,"footnotes":""},"categories":[23,18,2,13,12,10],"tags":[],"yoast_head":"<!-- This site is optimized with the Yoast SEO plugin v21.5 - https:\/\/yoast.com\/wordpress\/plugins\/seo\/ -->\n<title>PODCAST: \u010celistn\u00ed chirurgie jako p\u0159\u00edm\u00fd n\u00e1stroj pro mladistv\u00fd vzhled - WOMENHOUSE.cz<\/title>\n<meta name=\"description\" content=\"Poslechn\u011bte si rozhovor s maxilofaci\u00e1ln\u00edm chirurgem, profesorem MUDr. et MUDr. Ren\u00e9 Folt\u00e1nem, PhD. FEBOMFS.\" \/>\n<meta name=\"robots\" content=\"index, follow, max-snippet:-1, max-image-preview:large, max-video-preview:-1\" \/>\n<link rel=\"canonical\" href=\"https:\/\/womenhouse.cz\/index.php\/2023\/09\/22\/podcast-celistni-chirurgie-jako-primy-nastroj-pro-mladistvy-vzhled\/\" \/>\n<meta property=\"og:locale\" content=\"cs_CZ\" \/>\n<meta property=\"og:type\" content=\"article\" \/>\n<meta property=\"og:title\" content=\"PODCAST: \u010celistn\u00ed chirurgie jako p\u0159\u00edm\u00fd n\u00e1stroj pro mladistv\u00fd vzhled - WOMENHOUSE.cz\" \/>\n<meta property=\"og:description\" content=\"Poslechn\u011bte si rozhovor s maxilofaci\u00e1ln\u00edm chirurgem, profesorem MUDr. et MUDr. Ren\u00e9 Folt\u00e1nem, PhD. FEBOMFS.\" \/>\n<meta property=\"og:url\" content=\"https:\/\/womenhouse.cz\/index.php\/2023\/09\/22\/podcast-celistni-chirurgie-jako-primy-nastroj-pro-mladistvy-vzhled\/\" \/>\n<meta property=\"og:site_name\" content=\"WOMENHOUSE.cz\" \/>\n<meta property=\"article:publisher\" content=\"https:\/\/www.facebook.com\/womenhousecz\" \/>\n<meta property=\"article:published_time\" content=\"2023-09-21T22:28:13+00:00\" \/>\n<meta property=\"article:modified_time\" content=\"2024-02-06T15:13:09+00:00\" \/>\n<meta property=\"og:image\" content=\"https:\/\/womenhouse.cz\/wp-content\/uploads\/2023\/09\/po01_TTL.jpg\" \/>\n\t<meta property=\"og:image:width\" content=\"2048\" \/>\n\t<meta property=\"og:image:height\" content=\"1149\" \/>\n\t<meta property=\"og:image:type\" content=\"image\/jpeg\" \/>\n<meta name=\"author\" content=\"Ivomik\" \/>\n<meta name=\"twitter:card\" content=\"summary_large_image\" \/>\n<meta name=\"twitter:label1\" content=\"Napsal(a)\" \/>\n\t<meta name=\"twitter:data1\" content=\"Ivomik\" \/>\n\t<meta name=\"twitter:label2\" content=\"Odhadovan\u00e1 doba \u010dten\u00ed\" \/>\n\t<meta name=\"twitter:data2\" content=\"6 minut\" \/>\n<script type=\"application\/ld+json\" class=\"yoast-schema-graph\">{\"@context\":\"https:\/\/schema.org\",\"@graph\":[{\"@type\":\"Article\",\"@id\":\"https:\/\/womenhouse.cz\/index.php\/2023\/09\/22\/podcast-celistni-chirurgie-jako-primy-nastroj-pro-mladistvy-vzhled\/#article\",\"isPartOf\":{\"@id\":\"https:\/\/womenhouse.cz\/index.php\/2023\/09\/22\/podcast-celistni-chirurgie-jako-primy-nastroj-pro-mladistvy-vzhled\/\"},\"author\":{\"name\":\"Ivomik\",\"@id\":\"https:\/\/womenhouse.cz\/#\/schema\/person\/b307df8d81e61893cd451a29106d7498\"},\"headline\":\"PODCAST: \u010celistn\u00ed chirurgie jako p\u0159\u00edm\u00fd n\u00e1stroj pro mladistv\u00fd vzhled\",\"datePublished\":\"2023-09-21T22:28:13+00:00\",\"dateModified\":\"2024-02-06T15:13:09+00:00\",\"mainEntityOfPage\":{\"@id\":\"https:\/\/womenhouse.cz\/index.php\/2023\/09\/22\/podcast-celistni-chirurgie-jako-primy-nastroj-pro-mladistvy-vzhled\/\"},\"wordCount\":985,\"publisher\":{\"@id\":\"https:\/\/womenhouse.cz\/#organization\"},\"articleSection\":[\"CELEBRITY\",\"FOTOREPORTY\",\"NEWS\",\"ROZHOVORY\",\"TIPY &amp; TRENDY\",\"ZDRAV\u00cd\"],\"inLanguage\":\"cs\"},{\"@type\":\"WebPage\",\"@id\":\"https:\/\/womenhouse.cz\/index.php\/2023\/09\/22\/podcast-celistni-chirurgie-jako-primy-nastroj-pro-mladistvy-vzhled\/\",\"url\":\"https:\/\/womenhouse.cz\/index.php\/2023\/09\/22\/podcast-celistni-chirurgie-jako-primy-nastroj-pro-mladistvy-vzhled\/\",\"name\":\"PODCAST: \u010celistn\u00ed chirurgie jako p\u0159\u00edm\u00fd n\u00e1stroj pro mladistv\u00fd vzhled - WOMENHOUSE.cz\",\"isPartOf\":{\"@id\":\"https:\/\/womenhouse.cz\/#website\"},\"datePublished\":\"2023-09-21T22:28:13+00:00\",\"dateModified\":\"2024-02-06T15:13:09+00:00\",\"description\":\"Poslechn\u011bte si rozhovor s maxilofaci\u00e1ln\u00edm chirurgem, profesorem MUDr. et MUDr. Ren\u00e9 Folt\u00e1nem, PhD. FEBOMFS.\",\"breadcrumb\":{\"@id\":\"https:\/\/womenhouse.cz\/index.php\/2023\/09\/22\/podcast-celistni-chirurgie-jako-primy-nastroj-pro-mladistvy-vzhled\/#breadcrumb\"},\"inLanguage\":\"cs\",\"potentialAction\":[{\"@type\":\"ReadAction\",\"target\":[\"https:\/\/womenhouse.cz\/index.php\/2023\/09\/22\/podcast-celistni-chirurgie-jako-primy-nastroj-pro-mladistvy-vzhled\/\"]}]},{\"@type\":\"BreadcrumbList\",\"@id\":\"https:\/\/womenhouse.cz\/index.php\/2023\/09\/22\/podcast-celistni-chirurgie-jako-primy-nastroj-pro-mladistvy-vzhled\/#breadcrumb\",\"itemListElement\":[{\"@type\":\"ListItem\",\"position\":1,\"name\":\"Dom\u016f\",\"item\":\"https:\/\/womenhouse.cz\/\"},{\"@type\":\"ListItem\",\"position\":2,\"name\":\"PODCAST: \u010celistn\u00ed chirurgie jako p\u0159\u00edm\u00fd n\u00e1stroj pro mladistv\u00fd vzhled\"}]},{\"@type\":\"WebSite\",\"@id\":\"https:\/\/womenhouse.cz\/#website\",\"url\":\"https:\/\/womenhouse.cz\/\",\"name\":\"WOMENHOUSE.cz\",\"description\":\"Port\u00e1l v\u00fdhradn\u011b jen pro \u017eeny...\",\"publisher\":{\"@id\":\"https:\/\/womenhouse.cz\/#organization\"},\"potentialAction\":[{\"@type\":\"SearchAction\",\"target\":{\"@type\":\"EntryPoint\",\"urlTemplate\":\"https:\/\/womenhouse.cz\/?s={search_term_string}\"},\"query-input\":\"required name=search_term_string\"}],\"inLanguage\":\"cs\"},{\"@type\":\"Organization\",\"@id\":\"https:\/\/womenhouse.cz\/#organization\",\"name\":\"WOMENHOUSE.cz\",\"url\":\"https:\/\/womenhouse.cz\/\",\"logo\":{\"@type\":\"ImageObject\",\"inLanguage\":\"cs\",\"@id\":\"https:\/\/womenhouse.cz\/#\/schema\/logo\/image\/\",\"url\":\"https:\/\/womenhouse.cz\/wp-content\/uploads\/2020\/06\/cropped-logo_Womenhouse_RGB-02-removebg-preview-1.png\",\"contentUrl\":\"https:\/\/womenhouse.cz\/wp-content\/uploads\/2020\/06\/cropped-logo_Womenhouse_RGB-02-removebg-preview-1.png\",\"width\":561,\"height\":375,\"caption\":\"WOMENHOUSE.cz\"},\"image\":{\"@id\":\"https:\/\/womenhouse.cz\/#\/schema\/logo\/image\/\"},\"sameAs\":[\"https:\/\/www.facebook.com\/womenhousecz\",\"https:\/\/www.instagram.com\/womenhousecz\/\"]},{\"@type\":\"Person\",\"@id\":\"https:\/\/womenhouse.cz\/#\/schema\/person\/b307df8d81e61893cd451a29106d7498\",\"name\":\"Ivomik\",\"url\":\"https:\/\/womenhouse.cz\/index.php\/author\/ivomik\/\"}]}<\/script>\n<!-- \/ Yoast SEO plugin. -->","yoast_head_json":{"title":"PODCAST: \u010celistn\u00ed chirurgie jako p\u0159\u00edm\u00fd n\u00e1stroj pro mladistv\u00fd vzhled - WOMENHOUSE.cz","description":"Poslechn\u011bte si rozhovor s maxilofaci\u00e1ln\u00edm chirurgem, profesorem MUDr. et MUDr. Ren\u00e9 Folt\u00e1nem, PhD. FEBOMFS.","robots":{"index":"index","follow":"follow","max-snippet":"max-snippet:-1","max-image-preview":"max-image-preview:large","max-video-preview":"max-video-preview:-1"},"canonical":"https:\/\/womenhouse.cz\/index.php\/2023\/09\/22\/podcast-celistni-chirurgie-jako-primy-nastroj-pro-mladistvy-vzhled\/","og_locale":"cs_CZ","og_type":"article","og_title":"PODCAST: \u010celistn\u00ed chirurgie jako p\u0159\u00edm\u00fd n\u00e1stroj pro mladistv\u00fd vzhled - WOMENHOUSE.cz","og_description":"Poslechn\u011bte si rozhovor s maxilofaci\u00e1ln\u00edm chirurgem, profesorem MUDr. et MUDr. Ren\u00e9 Folt\u00e1nem, PhD. FEBOMFS.","og_url":"https:\/\/womenhouse.cz\/index.php\/2023\/09\/22\/podcast-celistni-chirurgie-jako-primy-nastroj-pro-mladistvy-vzhled\/","og_site_name":"WOMENHOUSE.cz","article_publisher":"https:\/\/www.facebook.com\/womenhousecz","article_published_time":"2023-09-21T22:28:13+00:00","article_modified_time":"2024-02-06T15:13:09+00:00","og_image":[{"width":2048,"height":1149,"url":"https:\/\/womenhouse.cz\/wp-content\/uploads\/2023\/09\/po01_TTL.jpg","type":"image\/jpeg"}],"author":"Ivomik","twitter_card":"summary_large_image","twitter_misc":{"Napsal(a)":"Ivomik","Odhadovan\u00e1 doba \u010dten\u00ed":"6 minut"},"schema":{"@context":"https:\/\/schema.org","@graph":[{"@type":"Article","@id":"https:\/\/womenhouse.cz\/index.php\/2023\/09\/22\/podcast-celistni-chirurgie-jako-primy-nastroj-pro-mladistvy-vzhled\/#article","isPartOf":{"@id":"https:\/\/womenhouse.cz\/index.php\/2023\/09\/22\/podcast-celistni-chirurgie-jako-primy-nastroj-pro-mladistvy-vzhled\/"},"author":{"name":"Ivomik","@id":"https:\/\/womenhouse.cz\/#\/schema\/person\/b307df8d81e61893cd451a29106d7498"},"headline":"PODCAST: \u010celistn\u00ed chirurgie jako p\u0159\u00edm\u00fd n\u00e1stroj pro mladistv\u00fd vzhled","datePublished":"2023-09-21T22:28:13+00:00","dateModified":"2024-02-06T15:13:09+00:00","mainEntityOfPage":{"@id":"https:\/\/womenhouse.cz\/index.php\/2023\/09\/22\/podcast-celistni-chirurgie-jako-primy-nastroj-pro-mladistvy-vzhled\/"},"wordCount":985,"publisher":{"@id":"https:\/\/womenhouse.cz\/#organization"},"articleSection":["CELEBRITY","FOTOREPORTY","NEWS","ROZHOVORY","TIPY &amp; TRENDY","ZDRAV\u00cd"],"inLanguage":"cs"},{"@type":"WebPage","@id":"https:\/\/womenhouse.cz\/index.php\/2023\/09\/22\/podcast-celistni-chirurgie-jako-primy-nastroj-pro-mladistvy-vzhled\/","url":"https:\/\/womenhouse.cz\/index.php\/2023\/09\/22\/podcast-celistni-chirurgie-jako-primy-nastroj-pro-mladistvy-vzhled\/","name":"PODCAST: \u010celistn\u00ed chirurgie jako p\u0159\u00edm\u00fd n\u00e1stroj pro mladistv\u00fd vzhled - WOMENHOUSE.cz","isPartOf":{"@id":"https:\/\/womenhouse.cz\/#website"},"datePublished":"2023-09-21T22:28:13+00:00","dateModified":"2024-02-06T15:13:09+00:00","description":"Poslechn\u011bte si rozhovor s maxilofaci\u00e1ln\u00edm chirurgem, profesorem MUDr. et MUDr. Ren\u00e9 Folt\u00e1nem, PhD. FEBOMFS.","breadcrumb":{"@id":"https:\/\/womenhouse.cz\/index.php\/2023\/09\/22\/podcast-celistni-chirurgie-jako-primy-nastroj-pro-mladistvy-vzhled\/#breadcrumb"},"inLanguage":"cs","potentialAction":[{"@type":"ReadAction","target":["https:\/\/womenhouse.cz\/index.php\/2023\/09\/22\/podcast-celistni-chirurgie-jako-primy-nastroj-pro-mladistvy-vzhled\/"]}]},{"@type":"BreadcrumbList","@id":"https:\/\/womenhouse.cz\/index.php\/2023\/09\/22\/podcast-celistni-chirurgie-jako-primy-nastroj-pro-mladistvy-vzhled\/#breadcrumb","itemListElement":[{"@type":"ListItem","position":1,"name":"Dom\u016f","item":"https:\/\/womenhouse.cz\/"},{"@type":"ListItem","position":2,"name":"PODCAST: \u010celistn\u00ed chirurgie jako p\u0159\u00edm\u00fd n\u00e1stroj pro mladistv\u00fd vzhled"}]},{"@type":"WebSite","@id":"https:\/\/womenhouse.cz\/#website","url":"https:\/\/womenhouse.cz\/","name":"WOMENHOUSE.cz","description":"Port\u00e1l v\u00fdhradn\u011b jen pro \u017eeny...","publisher":{"@id":"https:\/\/womenhouse.cz\/#organization"},"potentialAction":[{"@type":"SearchAction","target":{"@type":"EntryPoint","urlTemplate":"https:\/\/womenhouse.cz\/?s={search_term_string}"},"query-input":"required name=search_term_string"}],"inLanguage":"cs"},{"@type":"Organization","@id":"https:\/\/womenhouse.cz\/#organization","name":"WOMENHOUSE.cz","url":"https:\/\/womenhouse.cz\/","logo":{"@type":"ImageObject","inLanguage":"cs","@id":"https:\/\/womenhouse.cz\/#\/schema\/logo\/image\/","url":"https:\/\/womenhouse.cz\/wp-content\/uploads\/2020\/06\/cropped-logo_Womenhouse_RGB-02-removebg-preview-1.png","contentUrl":"https:\/\/womenhouse.cz\/wp-content\/uploads\/2020\/06\/cropped-logo_Womenhouse_RGB-02-removebg-preview-1.png","width":561,"height":375,"caption":"WOMENHOUSE.cz"},"image":{"@id":"https:\/\/womenhouse.cz\/#\/schema\/logo\/image\/"},"sameAs":["https:\/\/www.facebook.com\/womenhousecz","https:\/\/www.instagram.com\/womenhousecz\/"]},{"@type":"Person","@id":"https:\/\/womenhouse.cz\/#\/schema\/person\/b307df8d81e61893cd451a29106d7498","name":"Ivomik","url":"https:\/\/womenhouse.cz\/index.php\/author\/ivomik\/"}]}},"_links":{"self":[{"href":"https:\/\/womenhouse.cz\/index.php\/wp-json\/wp\/v2\/posts\/10791"}],"collection":[{"href":"https:\/\/womenhouse.cz\/index.php\/wp-json\/wp\/v2\/posts"}],"about":[{"href":"https:\/\/womenhouse.cz\/index.php\/wp-json\/wp\/v2\/types\/post"}],"author":[{"embeddable":true,"href":"https:\/\/womenhouse.cz\/index.php\/wp-json\/wp\/v2\/users\/1"}],"replies":[{"embeddable":true,"href":"https:\/\/womenhouse.cz\/index.php\/wp-json\/wp\/v2\/comments?post=10791"}],"version-history":[{"count":1,"href":"https:\/\/womenhouse.cz\/index.php\/wp-json\/wp\/v2\/posts\/10791\/revisions"}],"predecessor-version":[{"id":11765,"href":"https:\/\/womenhouse.cz\/index.php\/wp-json\/wp\/v2\/posts\/10791\/revisions\/11765"}],"wp:featuredmedia":[{"embeddable":true,"href":"https:\/\/womenhouse.cz\/index.php\/wp-json\/wp\/v2\/media\/10792"}],"wp:attachment":[{"href":"https:\/\/womenhouse.cz\/index.php\/wp-json\/wp\/v2\/media?parent=10791"}],"wp:term":[{"taxonomy":"category","embeddable":true,"href":"https:\/\/womenhouse.cz\/index.php\/wp-json\/wp\/v2\/categories?post=10791"},{"taxonomy":"post_tag","embeddable":true,"href":"https:\/\/womenhouse.cz\/index.php\/wp-json\/wp\/v2\/tags?post=10791"}],"curies":[{"name":"wp","href":"https:\/\/api.w.org\/{rel}","templated":true}]}}